{"id":946,"date":"2020-12-10T13:17:35","date_gmt":"2020-12-10T12:17:35","guid":{"rendered":"https:\/\/blogs.santosochoa.es\/salamanca\/?p=946"},"modified":"2020-12-10T13:17:37","modified_gmt":"2020-12-10T12:17:37","slug":"gonzalo-giner","status":"publish","type":"post","link":"https:\/\/blogs.santosochoa.es\/salamanca\/gonzalo-giner\/","title":{"rendered":"Gonzalo Giner"},"content":{"rendered":"\n<h2 class=\"wp-block-heading\">Encuentro virtual con<strong> Gonzalo Giner <\/strong>y su novela<strong> <em>La bruma verde.<\/em> <\/strong>Una historia de amor y lucha por un mundo mejor<\/h2>\n\n\n\n<h3 class=\"wp-block-heading\"><strong>Mi\u00e9rcoles\u00a016\u00a0de diciembre, a las 19 h.<\/strong><\/h3>\n\n\n\n<h3 class=\"wp-block-heading\">\ud83d\udc49\u00a0<a href=\"https:\/\/www.instagram.com\/santosochoalog\/\" target=\"_blank\" rel=\"noreferrer noopener\"><strong>En directo<\/strong>\u00a0en Instagram @santosochoalog<\/a><\/h3>\n\n\n\n<h3 class=\"wp-block-heading\">\ud83d\udc49\u00a0<a href=\"https:\/\/www.youtube.com\/c\/SantosOchoaLibros\" target=\"_blank\" rel=\"noreferrer noopener\"><strong>En diferido<\/strong>\u00a0en YouTube<\/a><\/h3>\n\n\n\n<div class=\"wp-block-image\"><figure class=\"alignleft is-resized\"><img decoding=\"async\" src=\"https:\/\/blogs.santosochoa.es\/logrono\/wp-content\/uploads\/sites\/2\/2020\/11\/la-bruma-verde_gonzalo-giner.jpg\" alt=\"\" class=\"wp-image-2254\" width=\"200\" \/><\/figure><\/div>\n\n\n\n<p><strong>Premio de Novela Fernando Lara 2020. Una gran aventura en el coraz\u00f3n de \u00c1frica. Una historia de amor y lucha por un mundo mejor. &nbsp;Vuelve el autor de&nbsp;<em>El sanador de caballos<\/em>&nbsp;con una emocionante novela que te robar\u00e1 el alma.<\/strong><\/p>\n\n\n\n<h5 class=\"wp-block-heading\"><strong>Bineka, nacida en la profundidad de uno de los \u00faltimos pulmones verdes del planeta, es apresada por Maxime y sus hombres, que han arrasado su aldea. Pero, tras sufrir un accidente, la madre selva la protege y es adoptada por un clan de chimpanc\u00e9s, con los que convivir\u00e1 varios meses.<\/strong><\/h5>\n\n\n\n<p>Al mismo tiempo, Lola Freixido, una exitosa directiva, viaja al Congo para rescatar a su mejor amiga, Beatriz Arriondas, una cooperante medioambiental que ha sido secuestrada.<\/p>\n\n\n\n<p>Bineka y Lola se enfrentar\u00e1n a una compleja trama de corrupci\u00f3n y se ver\u00e1n abocadas a una huida llena de aventuras que correr\u00e1n en compa\u00f1\u00eda de Colin Blackhill, un cooperante brit\u00e1nico que se cruza en su camino y que ayudar\u00e1 a la joven congole\u00f1a a luchar por la conservaci\u00f3n de su mundo.<\/p>\n\n\n\n<p><strong>Un vertiginoso thriller. Un conmovedor alegato ecologista. Un canto al conservacionismo y una gran historia de amor en la legendaria selva africana.<\/strong><\/p>\n\n\n\n<p><strong>Gonzalo Giner<\/strong>&nbsp;logr\u00f3 un gran \u00e9xito literario con&nbsp;<em>El sanador de caballos<\/em>&nbsp;(2008), que lo convirti\u00f3 en un autor de renombre y en un referente de la literatura popular. Veterinario de profesi\u00f3n, con aquel t\u00edtulo quiso investigar el inicio de su oficio. En su siguiente novela,&nbsp;<em>El jinete del silencio<\/em>&nbsp;(2011), nos descubri\u00f3 los or\u00edgenes de la creaci\u00f3n de la raza espa\u00f1ola de caballos durante el siglo XVI.&nbsp;<em>En Pacto de lealtad<\/em>&nbsp;(2014), el autor dio un salto en su producci\u00f3n literaria: una novela minuciosamente documentada que narr\u00f3, por vez primera, la participaci\u00f3n de los perros en dos de las guerras m\u00e1s sangrientas del pasado siglo XX, la guerra civil espa\u00f1ola y la segunda guerra mundial. En el a\u00f1o 2017 public\u00f3&nbsp;<em>Las ventanas de cielo<\/em>, una maravillosa novela hist\u00f3rica sobre la creaci\u00f3n de las vidrieras g\u00f3ticas.<\/p>\n","protected":false},"excerpt":{"rendered":"<p>Encuentro virtual con Gonzalo Giner y su novela La bruma verde. Una historia de amor y lucha por un mundo mejor Mi\u00e9rcoles\u00a016\u00a0de diciembre, a las 19 h. \ud83d\udc49\u00a0En directo\u00a0en Instagram @santosochoalog \ud83d\udc49\u00a0En diferido\u00a0en YouTube Premio de Novela Fernando Lara 2020. Una gran aventura en el coraz\u00f3n de \u00c1frica. Una historia de amor y lucha por [&hellip;]<\/p>\n","protected":false},"author":2,"featured_media":947,"comment_status":"closed","ping_status":"closed","sticky":false,"template":"","format":"standard","meta":{"footnotes":""},"categories":[18,9],"tags":[],"class_list":["post-946","post","type-post","status-publish","format-standard","has-post-thumbnail","hentry","category-contigoencasa","category-libros"],"yoast_head":"<!-- This site is optimized with the Yoast SEO plugin v27.2 - https:\/\/yoast.com\/product\/yoast-seo-wordpress\/ -->\n<title>Gonzalo Giner - Santos Ochoa Salamanca<\/title>\n<meta name=\"description\" content=\"Agenda Cultural. Encuentro virtual con Gonzalo Giner y &quot;La bruma verde&quot;. Una historia de amor y lucha por un mundo mejor\" \/>\n<meta name=\"robots\" content=\"index, follow, max-snippet:-1, max-image-preview:large, max-video-preview:-1\" \/>\n<link rel=\"canonical\" href=\"https:\/\/blogs.santosochoa.es\/salamanca\/gonzalo-giner\/\" \/>\n<meta property=\"og:locale\" content=\"es_ES\" \/>\n<meta property=\"og:type\" content=\"article\" \/>\n<meta property=\"og:title\" content=\"Gonzalo Giner - Santos Ochoa Salamanca\" \/>\n<meta property=\"og:description\" content=\"Agenda Cultural. Encuentro virtual con Gonzalo Giner y &quot;La bruma verde&quot;. Una historia de amor y lucha por un mundo mejor\" \/>\n<meta property=\"og:url\" content=\"https:\/\/blogs.santosochoa.es\/salamanca\/gonzalo-giner\/\" \/>\n<meta property=\"og:site_name\" content=\"Santos Ochoa Salamanca\" \/>\n<meta property=\"article:published_time\" content=\"2020-12-10T12:17:35+00:00\" \/>\n<meta property=\"article:modified_time\" content=\"2020-12-10T12:17:37+00:00\" \/>\n<meta property=\"og:image\" content=\"https:\/\/blogs.santosochoa.es\/salamanca\/wp-content\/uploads\/sites\/3\/2020\/12\/la-bruma-verde_gonzalo-giner.jpg\" \/>\n\t<meta property=\"og:image:width\" content=\"591\" \/>\n\t<meta property=\"og:image:height\" content=\"910\" \/>\n\t<meta property=\"og:image:type\" content=\"image\/jpeg\" \/>\n<meta name=\"author\" content=\"Santos Ochoa Salamanca\" \/>\n<meta name=\"twitter:card\" content=\"summary_large_image\" \/>\n<meta name=\"twitter:label1\" content=\"Written by\" \/>\n\t<meta name=\"twitter:data1\" content=\"Santos Ochoa Salamanca\" \/>\n\t<meta name=\"twitter:label2\" content=\"Est. reading time\" \/>\n\t<meta name=\"twitter:data2\" content=\"2 minutos\" \/>\n<script type=\"application\/ld+json\" class=\"yoast-schema-graph\">{\"@context\":\"https:\/\/schema.org\",\"@graph\":[{\"@type\":\"Article\",\"@id\":\"https:\/\/blogs.santosochoa.es\/salamanca\/gonzalo-giner\/#article\",\"isPartOf\":{\"@id\":\"https:\/\/blogs.santosochoa.es\/salamanca\/gonzalo-giner\/\"},\"author\":{\"name\":\"Santos Ochoa Salamanca\",\"@id\":\"https:\/\/blogs.santosochoa.es\/salamanca\/#\/schema\/person\/a125e75c96c8702907b25e61f1c0b772\"},\"headline\":\"Gonzalo Giner\",\"datePublished\":\"2020-12-10T12:17:35+00:00\",\"dateModified\":\"2020-12-10T12:17:37+00:00\",\"mainEntityOfPage\":{\"@id\":\"https:\/\/blogs.santosochoa.es\/salamanca\/gonzalo-giner\/\"},\"wordCount\":395,\"image\":{\"@id\":\"https:\/\/blogs.santosochoa.es\/salamanca\/gonzalo-giner\/#primaryimage\"},\"thumbnailUrl\":\"https:\/\/blogs.santosochoa.es\/salamanca\/wp-content\/uploads\/sites\/3\/2020\/12\/la-bruma-verde_gonzalo-giner.jpg\",\"articleSection\":[\"contigoencasa\",\"libros\"],\"inLanguage\":\"es\"},{\"@type\":\"WebPage\",\"@id\":\"https:\/\/blogs.santosochoa.es\/salamanca\/gonzalo-giner\/\",\"url\":\"https:\/\/blogs.santosochoa.es\/salamanca\/gonzalo-giner\/\",\"name\":\"Gonzalo Giner - Santos Ochoa Salamanca\",\"isPartOf\":{\"@id\":\"https:\/\/blogs.santosochoa.es\/salamanca\/#website\"},\"primaryImageOfPage\":{\"@id\":\"https:\/\/blogs.santosochoa.es\/salamanca\/gonzalo-giner\/#primaryimage\"},\"image\":{\"@id\":\"https:\/\/blogs.santosochoa.es\/salamanca\/gonzalo-giner\/#primaryimage\"},\"thumbnailUrl\":\"https:\/\/blogs.santosochoa.es\/salamanca\/wp-content\/uploads\/sites\/3\/2020\/12\/la-bruma-verde_gonzalo-giner.jpg\",\"datePublished\":\"2020-12-10T12:17:35+00:00\",\"dateModified\":\"2020-12-10T12:17:37+00:00\",\"author\":{\"@id\":\"https:\/\/blogs.santosochoa.es\/salamanca\/#\/schema\/person\/a125e75c96c8702907b25e61f1c0b772\"},\"description\":\"Agenda Cultural. Encuentro virtual con Gonzalo Giner y \\\"La bruma verde\\\". Una historia de amor y lucha por un mundo mejor\",\"breadcrumb\":{\"@id\":\"https:\/\/blogs.santosochoa.es\/salamanca\/gonzalo-giner\/#breadcrumb\"},\"inLanguage\":\"es\",\"potentialAction\":[{\"@type\":\"ReadAction\",\"target\":[\"https:\/\/blogs.santosochoa.es\/salamanca\/gonzalo-giner\/\"]}]},{\"@type\":\"ImageObject\",\"inLanguage\":\"es\",\"@id\":\"https:\/\/blogs.santosochoa.es\/salamanca\/gonzalo-giner\/#primaryimage\",\"url\":\"https:\/\/blogs.santosochoa.es\/salamanca\/wp-content\/uploads\/sites\/3\/2020\/12\/la-bruma-verde_gonzalo-giner.jpg\",\"contentUrl\":\"https:\/\/blogs.santosochoa.es\/salamanca\/wp-content\/uploads\/sites\/3\/2020\/12\/la-bruma-verde_gonzalo-giner.jpg\",\"width\":591,\"height\":910},{\"@type\":\"BreadcrumbList\",\"@id\":\"https:\/\/blogs.santosochoa.es\/salamanca\/gonzalo-giner\/#breadcrumb\",\"itemListElement\":[{\"@type\":\"ListItem\",\"position\":1,\"name\":\"Home\",\"item\":\"https:\/\/blogs.santosochoa.es\/salamanca\/\"},{\"@type\":\"ListItem\",\"position\":2,\"name\":\"Gonzalo Giner\"}]},{\"@type\":\"WebSite\",\"@id\":\"https:\/\/blogs.santosochoa.es\/salamanca\/#website\",\"url\":\"https:\/\/blogs.santosochoa.es\/salamanca\/\",\"name\":\"Santos Ochoa Salamanca\",\"description\":\"Tu Librer\u00eda Online\",\"potentialAction\":[{\"@type\":\"SearchAction\",\"target\":{\"@type\":\"EntryPoint\",\"urlTemplate\":\"https:\/\/blogs.santosochoa.es\/salamanca\/?s={search_term_string}\"},\"query-input\":{\"@type\":\"PropertyValueSpecification\",\"valueRequired\":true,\"valueName\":\"search_term_string\"}}],\"inLanguage\":\"es\"},{\"@type\":\"Person\",\"@id\":\"https:\/\/blogs.santosochoa.es\/salamanca\/#\/schema\/person\/a125e75c96c8702907b25e61f1c0b772\",\"name\":\"Santos Ochoa Salamanca\"}]}<\/script>\n<!-- \/ Yoast SEO plugin. -->","yoast_head_json":{"title":"Gonzalo Giner - Santos Ochoa Salamanca","description":"Agenda Cultural. Encuentro virtual con Gonzalo Giner y \"La bruma verde\". Una historia de amor y lucha por un mundo mejor","robots":{"index":"index","follow":"follow","max-snippet":"max-snippet:-1","max-image-preview":"max-image-preview:large","max-video-preview":"max-video-preview:-1"},"canonical":"https:\/\/blogs.santosochoa.es\/salamanca\/gonzalo-giner\/","og_locale":"es_ES","og_type":"article","og_title":"Gonzalo Giner - Santos Ochoa Salamanca","og_description":"Agenda Cultural. Encuentro virtual con Gonzalo Giner y \"La bruma verde\". Una historia de amor y lucha por un mundo mejor","og_url":"https:\/\/blogs.santosochoa.es\/salamanca\/gonzalo-giner\/","og_site_name":"Santos Ochoa Salamanca","article_published_time":"2020-12-10T12:17:35+00:00","article_modified_time":"2020-12-10T12:17:37+00:00","og_image":[{"width":591,"height":910,"url":"https:\/\/blogs.santosochoa.es\/salamanca\/wp-content\/uploads\/sites\/3\/2020\/12\/la-bruma-verde_gonzalo-giner.jpg","type":"image\/jpeg"}],"author":"Santos Ochoa Salamanca","twitter_card":"summary_large_image","twitter_misc":{"Written by":"Santos Ochoa Salamanca","Est. reading time":"2 minutos"},"schema":{"@context":"https:\/\/schema.org","@graph":[{"@type":"Article","@id":"https:\/\/blogs.santosochoa.es\/salamanca\/gonzalo-giner\/#article","isPartOf":{"@id":"https:\/\/blogs.santosochoa.es\/salamanca\/gonzalo-giner\/"},"author":{"name":"Santos Ochoa Salamanca","@id":"https:\/\/blogs.santosochoa.es\/salamanca\/#\/schema\/person\/a125e75c96c8702907b25e61f1c0b772"},"headline":"Gonzalo Giner","datePublished":"2020-12-10T12:17:35+00:00","dateModified":"2020-12-10T12:17:37+00:00","mainEntityOfPage":{"@id":"https:\/\/blogs.santosochoa.es\/salamanca\/gonzalo-giner\/"},"wordCount":395,"image":{"@id":"https:\/\/blogs.santosochoa.es\/salamanca\/gonzalo-giner\/#primaryimage"},"thumbnailUrl":"https:\/\/blogs.santosochoa.es\/salamanca\/wp-content\/uploads\/sites\/3\/2020\/12\/la-bruma-verde_gonzalo-giner.jpg","articleSection":["contigoencasa","libros"],"inLanguage":"es"},{"@type":"WebPage","@id":"https:\/\/blogs.santosochoa.es\/salamanca\/gonzalo-giner\/","url":"https:\/\/blogs.santosochoa.es\/salamanca\/gonzalo-giner\/","name":"Gonzalo Giner - Santos Ochoa Salamanca","isPartOf":{"@id":"https:\/\/blogs.santosochoa.es\/salamanca\/#website"},"primaryImageOfPage":{"@id":"https:\/\/blogs.santosochoa.es\/salamanca\/gonzalo-giner\/#primaryimage"},"image":{"@id":"https:\/\/blogs.santosochoa.es\/salamanca\/gonzalo-giner\/#primaryimage"},"thumbnailUrl":"https:\/\/blogs.santosochoa.es\/salamanca\/wp-content\/uploads\/sites\/3\/2020\/12\/la-bruma-verde_gonzalo-giner.jpg","datePublished":"2020-12-10T12:17:35+00:00","dateModified":"2020-12-10T12:17:37+00:00","author":{"@id":"https:\/\/blogs.santosochoa.es\/salamanca\/#\/schema\/person\/a125e75c96c8702907b25e61f1c0b772"},"description":"Agenda Cultural. Encuentro virtual con Gonzalo Giner y \"La bruma verde\". Una historia de amor y lucha por un mundo mejor","breadcrumb":{"@id":"https:\/\/blogs.santosochoa.es\/salamanca\/gonzalo-giner\/#breadcrumb"},"inLanguage":"es","potentialAction":[{"@type":"ReadAction","target":["https:\/\/blogs.santosochoa.es\/salamanca\/gonzalo-giner\/"]}]},{"@type":"ImageObject","inLanguage":"es","@id":"https:\/\/blogs.santosochoa.es\/salamanca\/gonzalo-giner\/#primaryimage","url":"https:\/\/blogs.santosochoa.es\/salamanca\/wp-content\/uploads\/sites\/3\/2020\/12\/la-bruma-verde_gonzalo-giner.jpg","contentUrl":"https:\/\/blogs.santosochoa.es\/salamanca\/wp-content\/uploads\/sites\/3\/2020\/12\/la-bruma-verde_gonzalo-giner.jpg","width":591,"height":910},{"@type":"BreadcrumbList","@id":"https:\/\/blogs.santosochoa.es\/salamanca\/gonzalo-giner\/#breadcrumb","itemListElement":[{"@type":"ListItem","position":1,"name":"Home","item":"https:\/\/blogs.santosochoa.es\/salamanca\/"},{"@type":"ListItem","position":2,"name":"Gonzalo Giner"}]},{"@type":"WebSite","@id":"https:\/\/blogs.santosochoa.es\/salamanca\/#website","url":"https:\/\/blogs.santosochoa.es\/salamanca\/","name":"Santos Ochoa Salamanca","description":"Tu Librer\u00eda Online","potentialAction":[{"@type":"SearchAction","target":{"@type":"EntryPoint","urlTemplate":"https:\/\/blogs.santosochoa.es\/salamanca\/?s={search_term_string}"},"query-input":{"@type":"PropertyValueSpecification","valueRequired":true,"valueName":"search_term_string"}}],"inLanguage":"es"},{"@type":"Person","@id":"https:\/\/blogs.santosochoa.es\/salamanca\/#\/schema\/person\/a125e75c96c8702907b25e61f1c0b772","name":"Santos Ochoa Salamanca"}]}},"_links":{"self":[{"href":"https:\/\/blogs.santosochoa.es\/salamanca\/wp-json\/wp\/v2\/posts\/946","targetHints":{"allow":["GET"]}}],"collection":[{"href":"https:\/\/blogs.santosochoa.es\/salamanca\/wp-json\/wp\/v2\/posts"}],"about":[{"href":"https:\/\/blogs.santosochoa.es\/salamanca\/wp-json\/wp\/v2\/types\/post"}],"author":[{"embeddable":true,"href":"https:\/\/blogs.santosochoa.es\/salamanca\/wp-json\/wp\/v2\/users\/2"}],"replies":[{"embeddable":true,"href":"https:\/\/blogs.santosochoa.es\/salamanca\/wp-json\/wp\/v2\/comments?post=946"}],"version-history":[{"count":7,"href":"https:\/\/blogs.santosochoa.es\/salamanca\/wp-json\/wp\/v2\/posts\/946\/revisions"}],"predecessor-version":[{"id":954,"href":"https:\/\/blogs.santosochoa.es\/salamanca\/wp-json\/wp\/v2\/posts\/946\/revisions\/954"}],"wp:featuredmedia":[{"embeddable":true,"href":"https:\/\/blogs.santosochoa.es\/salamanca\/wp-json\/wp\/v2\/media\/947"}],"wp:attachment":[{"href":"https:\/\/blogs.santosochoa.es\/salamanca\/wp-json\/wp\/v2\/media?parent=946"}],"wp:term":[{"taxonomy":"category","embeddable":true,"href":"https:\/\/blogs.santosochoa.es\/salamanca\/wp-json\/wp\/v2\/categories?post=946"},{"taxonomy":"post_tag","embeddable":true,"href":"https:\/\/blogs.santosochoa.es\/salamanca\/wp-json\/wp\/v2\/tags?post=946"}],"curies":[{"name":"wp","href":"https:\/\/api.w.org\/{rel}","templated":true}]}}