{"id":943,"date":"2020-12-03T10:56:24","date_gmt":"2020-12-03T09:56:24","guid":{"rendered":"https:\/\/blogs.santosochoa.es\/salamanca\/?p=943"},"modified":"2020-12-03T10:56:26","modified_gmt":"2020-12-03T09:56:26","slug":"carlos-de-tomas-y-jorge-garcia","status":"publish","type":"post","link":"https:\/\/blogs.santosochoa.es\/salamanca\/carlos-de-tomas-y-jorge-garcia\/","title":{"rendered":"Carlos de Tom\u00e1s y Jorge Garc\u00eda"},"content":{"rendered":"\n<h2 class=\"wp-block-heading\"><strong>Firma de libros de Carlos de Tom\u00e1s. <em>Las mujeres del C\u00e9sar<\/em><\/strong><\/h2>\n\n\n\n<h3 class=\"wp-block-heading\"><strong>Viernes 11 de diciembre, de 19:00 a 20:30 h.<\/strong><\/h3>\n\n\n\n<h4 class=\"wp-block-heading\">Librer\u00eda Santos Ochoa. Gran V\u00eda, 12. Salamanca<\/h4>\n\n\n\n<div class=\"wp-block-image\"><figure class=\"alignleft size-large is-resized\"><img decoding=\"async\" src=\"https:\/\/blogs.santosochoa.es\/salamanca\/wp-content\/uploads\/sites\/3\/2020\/11\/las-mujeres-del-cesar_carlos-de-tomas.jpg\" alt=\"\" class=\"wp-image-938\" width=\"200\" srcset=\"https:\/\/blogs.santosochoa.es\/salamanca\/wp-content\/uploads\/sites\/3\/2020\/11\/las-mujeres-del-cesar_carlos-de-tomas.jpg 591w, https:\/\/blogs.santosochoa.es\/salamanca\/wp-content\/uploads\/sites\/3\/2020\/11\/las-mujeres-del-cesar_carlos-de-tomas-200x300.jpg 200w\" sizes=\"(max-width: 591px) 100vw, 591px\" \/><\/figure><\/div>\n\n\n\n<h5 class=\"wp-block-heading\"><strong>Un siglo de burgues\u00eda espa\u00f1ola o el siglo de una familia o el siglo de la barbarie o el siglo al que le cuesta trabajo asimilar los inventos y avances sociales de finales del diecinueve, como si todo ese tiempo (el Siglo XX) hubiera sido un periodo de adaptaci\u00f3n. Estamos ante una obra dif\u00edcil de encuadrar, novela hist\u00f3rica, biograf\u00eda, o acaso un thriller enmascarado en una trama llena de trampantojos. Pero es indudable que desde la voz del protagonista escuchamos los latidos amargos de una clase social que con su pa\u00eds nunca adquiri\u00f3 el compromiso suficiente para ser respetada.<\/strong><\/h5>\n\n\n\n<p>\u00ab&#8230;el recorrido familiar, geneal\u00f3gico incluso, es el recorrido a la Historia de Espa\u00f1a desde finales del XIX hasta nuestros d\u00edas, y nos dejamos envolver por acontecimientos en los que encontraremos al m\u00fasico Tom\u00e1s Bret\u00f3n, al escritor P\u00edo Baroja, a Unamuno y a un buen ramillete de personalidades que interactuaron con esa familia.<\/p>\n\n\n\n<p>Una novela altamente recomendable, que nos adentra a comprender el verdadero significado del posmodernismo, un an\u00e1lisis alejado de sesudos libros te\u00f3ricos y monograf\u00edas cuajadas de dif\u00edcil comprensi\u00f3n sobre la verdadera evoluci\u00f3n del arte y la cultura. La sociedad como el verdadero motor que provoca el cambio de paradigma. En definitiva, nosotros; y la novela: el espejo de un tiempo \u00abmoderno\u00bb, que ya no lo es.\u00bb (ACALANDA MAGAZINE)<\/p>\n\n\n\n<p><strong>Carlos de Tomas<\/strong>, Navalmoral de la Mata (C\u00e1ceres) 1960, es poeta, novelista y bi\u00f3grafo. De su bibliograf\u00eda po\u00e9tica destaca: <em>Atardecer, Antolog\u00eda Nov\u00edsimos Extreme\u00f1os, Repetici\u00f3n de la Palabra, En la soledad del escriba<\/em> (Antolog\u00eda 1986-2006), <em>Viaje Astral, Dementia Inmaculata<\/em> y <em>Levitaciones<\/em>. Sus relatos est\u00e1n compendiados en las antolog\u00edas personales <em>La ciudad gris y otros relatos<\/em> y <em>Hotel<\/em>. Es autor de las novelas: <em>Paisajes de Ceniza, El cuaderno veintiuno, Caf\u00e9 Bramante, La confesi\u00f3n del Libio, La vida de Frank<\/em> (dentro del volumen <em>Hotel<\/em>), <em>Las Chimeneas de Mosc\u00fa, Vidas en el margen<\/em>, y <em>Zapatos en la estrada<\/em>. Como bi\u00f3grafo ha publicado: <em>L\u00e1zaro L\u00f3pez (1856-1903)<\/em> y <em>El anfitri\u00f3n de Lord Wellington.<\/em><\/p>\n\n\n\n<div style=\"height:50px\" aria-hidden=\"true\" class=\"wp-block-spacer\"><\/div>\n\n\n\n<h2 class=\"wp-block-heading\"><strong>Firma de libros de Jorge Garc\u00eda. <em>Croata<\/em><\/strong><\/h2>\n\n\n\n<h3 class=\"wp-block-heading\"><strong>S\u00e1bado 12 de diciembre, de 12:00 a 13:30 h.<\/strong><\/h3>\n\n\n\n<h4 class=\"wp-block-heading\">Librer\u00eda Santos Ochoa. Gran V\u00eda, 12. Salamanca<\/h4>\n\n\n\n<div class=\"wp-block-image\"><figure class=\"alignright size-large is-resized\"><img decoding=\"async\" src=\"https:\/\/blogs.santosochoa.es\/salamanca\/wp-content\/uploads\/sites\/3\/2020\/11\/croata_jorge-garcia-garcia.jpg\" alt=\"\" class=\"wp-image-940\" width=\"200\" srcset=\"https:\/\/blogs.santosochoa.es\/salamanca\/wp-content\/uploads\/sites\/3\/2020\/11\/croata_jorge-garcia-garcia.jpg 591w, https:\/\/blogs.santosochoa.es\/salamanca\/wp-content\/uploads\/sites\/3\/2020\/11\/croata_jorge-garcia-garcia-188x300.jpg 188w\" sizes=\"(max-width: 591px) 100vw, 591px\" \/><\/figure><\/div>\n\n\n\n<p><strong>Finalista del Premio Azor\u00edn de Novela 2019 (Diputaci\u00f3n de Alicante y Editorial Planeta)<\/strong><\/p>\n\n\n\n<h5 class=\"wp-block-heading\"><strong><em>Croata<\/em>, utilizando la arrolladora fuerza de sus personajes, sube a las m\u00e1s altas esferas de la sociedad para mostrarnos las mayores bajezas del ser humano. Lo hace en una \u00e9poca, la actual, y en un mundo rid\u00edculo y corrupto donde los conceptos bueno y malo se muestran a menudo solapados. Asesinatos, violencia, infidelidades, lealtad, intereses particulares y, sobre todo, venganza, se dan cita en esta descarada y cruda historia donde todos los protagonistas tienen mucho que perder.<\/strong><\/h5>\n\n\n\n<p>Fabio Milhanas, comandante del ej\u00e9rcito portugu\u00e9s y futuro diplom\u00e1tico en Espa\u00f1a, contempla at\u00f3nito el crimen de un compa\u00f1ero de armas a manos de un mendigo. Asombrado por su impasible reacci\u00f3n, persigue al asesino por el casco hist\u00f3rico de Oporto para entablar con \u00e9l una \u00edntima relaci\u00f3n de la cual ambos saldr\u00e1n favorecidos: el militar sacar\u00e1 a relucir sus instintos m\u00e1s psic\u00f3patas, mientras que el criminal obtendr\u00e1 a cambio un puesto de trabajo en la embajada lusa de Madrid.<\/p>\n\n\n\n<p>Homicidio tras homicidio, cuyos cad\u00e1veres son depositados misteriosamente en Salamanca, el subinspector de la Polic\u00eda Nacional Sergio Gir\u00f3 y la detective privada Eva Santana, antigua agente de la Guardia Civil, se sentir\u00e1n impotentes para detener a los sospechosos por dos motivos an\u00e1logos: la estrecha relaci\u00f3n del agregado portugu\u00e9s con la alta sociedad espa\u00f1ola y los problemas burocr\u00e1ticos que conlleva la Convenci\u00f3n diplom\u00e1tica de Viena.<\/p>\n\n\n\n<p>En su intento por llevarlos ante la justicia, la pareja de investigadores tan solo recibir\u00e1 la ayuda de Gloria Hangares, subdirectora del CNI, y Max Bad\u00eda, excompa\u00f1ero de Eva Santana en la Benem\u00e9rita. Ellos dos, utilizando todos los instrumentos a su alcance, trazar\u00e1n un plan clandestino para que Sandra Vitezic, paracaidista del Ej\u00e9rcito del Aire y esposa del diplom\u00e1tico portugu\u00e9s, ponga contra las cuerdas a los asesinos.<\/p>\n\n\n\n<p><strong>Jorge Garc\u00eda Garc\u00eda<\/strong> (1981) es escritor e historiador formado en la Universidad de Salamanca, adem\u00e1s de miembro de las Fuerzas Armadas. Autor de las obras: <em>El origen del deporte femenino en Espa\u00f1a<\/em>, un extenso ensayo sobre las pioneras del deporte. <em>Damas del Aire<\/em>, una novela hist\u00f3rica sobre las primeras aviadoras espa\u00f1olas; finalista de los Premios Ej\u00e9rcito del Aire. Ha escrito la biograf\u00eda titulada <em>H\u00e9rcules Ol\u00edmpico<\/em>, que narra la vida de Fabi\u00e1n Vicente del Valle, el mejor y m\u00e1s olvidado deportista que ha dado Salamanca. Su \u00faltimo libro, <em>Croata<\/em>, es una novela negra que result\u00f3 finalista del Premio Azor\u00edn de Novela 2019.<\/p>\n","protected":false},"excerpt":{"rendered":"<p>Agenda cultural. Firmas de libros de Carlos de Tom\u00e1s, \u00abLas mujeres del C\u00e9sar\u00bb, y Jorge Garc\u00eda, \u00abCroata\u00bb.<\/p>\n","protected":false},"author":2,"featured_media":938,"comment_status":"closed","ping_status":"closed","sticky":false,"template":"","format":"standard","meta":{"footnotes":""},"categories":[9,14],"tags":[],"class_list":["post-943","post","type-post","status-publish","format-standard","has-post-thumbnail","hentry","category-libros","category-libros-salamanca"],"yoast_head":"<!-- This site is optimized with the Yoast SEO plugin v27.2 - https:\/\/yoast.com\/product\/yoast-seo-wordpress\/ -->\n<title>Carlos de Tom\u00e1s y Jorge Garc\u00eda - Santos Ochoa Salamanca<\/title>\n<meta name=\"description\" content=\"Agenda cultural. Firmas de libros de Carlos de Tom\u00e1s, &quot;Las mujeres del C\u00e9sar&quot;, y Jorge Garc\u00eda, &quot;Croata&quot;.\" \/>\n<meta name=\"robots\" content=\"index, follow, max-snippet:-1, max-image-preview:large, max-video-preview:-1\" \/>\n<link rel=\"canonical\" href=\"https:\/\/blogs.santosochoa.es\/salamanca\/carlos-de-tomas-y-jorge-garcia\/\" \/>\n<meta property=\"og:locale\" content=\"es_ES\" \/>\n<meta property=\"og:type\" content=\"article\" \/>\n<meta property=\"og:title\" content=\"Carlos de Tom\u00e1s y Jorge Garc\u00eda - Santos Ochoa Salamanca\" \/>\n<meta property=\"og:description\" content=\"Agenda cultural. Firmas de libros de Carlos de Tom\u00e1s, &quot;Las mujeres del C\u00e9sar&quot;, y Jorge Garc\u00eda, &quot;Croata&quot;.\" \/>\n<meta property=\"og:url\" content=\"https:\/\/blogs.santosochoa.es\/salamanca\/carlos-de-tomas-y-jorge-garcia\/\" \/>\n<meta property=\"og:site_name\" content=\"Santos Ochoa Salamanca\" \/>\n<meta property=\"article:published_time\" content=\"2020-12-03T09:56:24+00:00\" \/>\n<meta property=\"article:modified_time\" content=\"2020-12-03T09:56:26+00:00\" \/>\n<meta property=\"og:image\" content=\"https:\/\/blogs.santosochoa.es\/salamanca\/wp-content\/uploads\/sites\/3\/2020\/11\/las-mujeres-del-cesar_carlos-de-tomas.jpg\" \/>\n\t<meta property=\"og:image:width\" content=\"591\" \/>\n\t<meta property=\"og:image:height\" content=\"885\" \/>\n\t<meta property=\"og:image:type\" content=\"image\/jpeg\" \/>\n<meta name=\"author\" content=\"Santos Ochoa Salamanca\" \/>\n<meta name=\"twitter:card\" content=\"summary_large_image\" \/>\n<meta name=\"twitter:label1\" content=\"Written by\" \/>\n\t<meta name=\"twitter:data1\" content=\"Santos Ochoa Salamanca\" \/>\n\t<meta name=\"twitter:label2\" content=\"Est. reading time\" \/>\n\t<meta name=\"twitter:data2\" content=\"4 minutos\" \/>\n<script type=\"application\/ld+json\" class=\"yoast-schema-graph\">{\"@context\":\"https:\/\/schema.org\",\"@graph\":[{\"@type\":\"Article\",\"@id\":\"https:\/\/blogs.santosochoa.es\/salamanca\/carlos-de-tomas-y-jorge-garcia\/#article\",\"isPartOf\":{\"@id\":\"https:\/\/blogs.santosochoa.es\/salamanca\/carlos-de-tomas-y-jorge-garcia\/\"},\"author\":{\"name\":\"Santos Ochoa Salamanca\",\"@id\":\"https:\/\/blogs.santosochoa.es\/salamanca\/#\/schema\/person\/a125e75c96c8702907b25e61f1c0b772\"},\"headline\":\"Carlos de Tom\u00e1s y Jorge Garc\u00eda\",\"datePublished\":\"2020-12-03T09:56:24+00:00\",\"dateModified\":\"2020-12-03T09:56:26+00:00\",\"mainEntityOfPage\":{\"@id\":\"https:\/\/blogs.santosochoa.es\/salamanca\/carlos-de-tomas-y-jorge-garcia\/\"},\"wordCount\":861,\"image\":{\"@id\":\"https:\/\/blogs.santosochoa.es\/salamanca\/carlos-de-tomas-y-jorge-garcia\/#primaryimage\"},\"thumbnailUrl\":\"https:\/\/blogs.santosochoa.es\/salamanca\/wp-content\/uploads\/sites\/3\/2020\/11\/las-mujeres-del-cesar_carlos-de-tomas.jpg\",\"articleSection\":[\"libros\",\"libros salamanca\"],\"inLanguage\":\"es\"},{\"@type\":\"WebPage\",\"@id\":\"https:\/\/blogs.santosochoa.es\/salamanca\/carlos-de-tomas-y-jorge-garcia\/\",\"url\":\"https:\/\/blogs.santosochoa.es\/salamanca\/carlos-de-tomas-y-jorge-garcia\/\",\"name\":\"Carlos de Tom\u00e1s y Jorge Garc\u00eda - Santos Ochoa Salamanca\",\"isPartOf\":{\"@id\":\"https:\/\/blogs.santosochoa.es\/salamanca\/#website\"},\"primaryImageOfPage\":{\"@id\":\"https:\/\/blogs.santosochoa.es\/salamanca\/carlos-de-tomas-y-jorge-garcia\/#primaryimage\"},\"image\":{\"@id\":\"https:\/\/blogs.santosochoa.es\/salamanca\/carlos-de-tomas-y-jorge-garcia\/#primaryimage\"},\"thumbnailUrl\":\"https:\/\/blogs.santosochoa.es\/salamanca\/wp-content\/uploads\/sites\/3\/2020\/11\/las-mujeres-del-cesar_carlos-de-tomas.jpg\",\"datePublished\":\"2020-12-03T09:56:24+00:00\",\"dateModified\":\"2020-12-03T09:56:26+00:00\",\"author\":{\"@id\":\"https:\/\/blogs.santosochoa.es\/salamanca\/#\/schema\/person\/a125e75c96c8702907b25e61f1c0b772\"},\"description\":\"Agenda cultural. Firmas de libros de Carlos de Tom\u00e1s, \\\"Las mujeres del C\u00e9sar\\\", y Jorge Garc\u00eda, \\\"Croata\\\".\",\"breadcrumb\":{\"@id\":\"https:\/\/blogs.santosochoa.es\/salamanca\/carlos-de-tomas-y-jorge-garcia\/#breadcrumb\"},\"inLanguage\":\"es\",\"potentialAction\":[{\"@type\":\"ReadAction\",\"target\":[\"https:\/\/blogs.santosochoa.es\/salamanca\/carlos-de-tomas-y-jorge-garcia\/\"]}]},{\"@type\":\"ImageObject\",\"inLanguage\":\"es\",\"@id\":\"https:\/\/blogs.santosochoa.es\/salamanca\/carlos-de-tomas-y-jorge-garcia\/#primaryimage\",\"url\":\"https:\/\/blogs.santosochoa.es\/salamanca\/wp-content\/uploads\/sites\/3\/2020\/11\/las-mujeres-del-cesar_carlos-de-tomas.jpg\",\"contentUrl\":\"https:\/\/blogs.santosochoa.es\/salamanca\/wp-content\/uploads\/sites\/3\/2020\/11\/las-mujeres-del-cesar_carlos-de-tomas.jpg\",\"width\":591,\"height\":885},{\"@type\":\"BreadcrumbList\",\"@id\":\"https:\/\/blogs.santosochoa.es\/salamanca\/carlos-de-tomas-y-jorge-garcia\/#breadcrumb\",\"itemListElement\":[{\"@type\":\"ListItem\",\"position\":1,\"name\":\"Home\",\"item\":\"https:\/\/blogs.santosochoa.es\/salamanca\/\"},{\"@type\":\"ListItem\",\"position\":2,\"name\":\"Carlos de Tom\u00e1s y Jorge Garc\u00eda\"}]},{\"@type\":\"WebSite\",\"@id\":\"https:\/\/blogs.santosochoa.es\/salamanca\/#website\",\"url\":\"https:\/\/blogs.santosochoa.es\/salamanca\/\",\"name\":\"Santos Ochoa Salamanca\",\"description\":\"Tu Librer\u00eda Online\",\"potentialAction\":[{\"@type\":\"SearchAction\",\"target\":{\"@type\":\"EntryPoint\",\"urlTemplate\":\"https:\/\/blogs.santosochoa.es\/salamanca\/?s={search_term_string}\"},\"query-input\":{\"@type\":\"PropertyValueSpecification\",\"valueRequired\":true,\"valueName\":\"search_term_string\"}}],\"inLanguage\":\"es\"},{\"@type\":\"Person\",\"@id\":\"https:\/\/blogs.santosochoa.es\/salamanca\/#\/schema\/person\/a125e75c96c8702907b25e61f1c0b772\",\"name\":\"Santos Ochoa Salamanca\"}]}<\/script>\n<!-- \/ Yoast SEO plugin. -->","yoast_head_json":{"title":"Carlos de Tom\u00e1s y Jorge Garc\u00eda - Santos Ochoa Salamanca","description":"Agenda cultural. Firmas de libros de Carlos de Tom\u00e1s, \"Las mujeres del C\u00e9sar\", y Jorge Garc\u00eda, \"Croata\".","robots":{"index":"index","follow":"follow","max-snippet":"max-snippet:-1","max-image-preview":"max-image-preview:large","max-video-preview":"max-video-preview:-1"},"canonical":"https:\/\/blogs.santosochoa.es\/salamanca\/carlos-de-tomas-y-jorge-garcia\/","og_locale":"es_ES","og_type":"article","og_title":"Carlos de Tom\u00e1s y Jorge Garc\u00eda - Santos Ochoa Salamanca","og_description":"Agenda cultural. Firmas de libros de Carlos de Tom\u00e1s, \"Las mujeres del C\u00e9sar\", y Jorge Garc\u00eda, \"Croata\".","og_url":"https:\/\/blogs.santosochoa.es\/salamanca\/carlos-de-tomas-y-jorge-garcia\/","og_site_name":"Santos Ochoa Salamanca","article_published_time":"2020-12-03T09:56:24+00:00","article_modified_time":"2020-12-03T09:56:26+00:00","og_image":[{"width":591,"height":885,"url":"https:\/\/blogs.santosochoa.es\/salamanca\/wp-content\/uploads\/sites\/3\/2020\/11\/las-mujeres-del-cesar_carlos-de-tomas.jpg","type":"image\/jpeg"}],"author":"Santos Ochoa Salamanca","twitter_card":"summary_large_image","twitter_misc":{"Written by":"Santos Ochoa Salamanca","Est. reading time":"4 minutos"},"schema":{"@context":"https:\/\/schema.org","@graph":[{"@type":"Article","@id":"https:\/\/blogs.santosochoa.es\/salamanca\/carlos-de-tomas-y-jorge-garcia\/#article","isPartOf":{"@id":"https:\/\/blogs.santosochoa.es\/salamanca\/carlos-de-tomas-y-jorge-garcia\/"},"author":{"name":"Santos Ochoa Salamanca","@id":"https:\/\/blogs.santosochoa.es\/salamanca\/#\/schema\/person\/a125e75c96c8702907b25e61f1c0b772"},"headline":"Carlos de Tom\u00e1s y Jorge Garc\u00eda","datePublished":"2020-12-03T09:56:24+00:00","dateModified":"2020-12-03T09:56:26+00:00","mainEntityOfPage":{"@id":"https:\/\/blogs.santosochoa.es\/salamanca\/carlos-de-tomas-y-jorge-garcia\/"},"wordCount":861,"image":{"@id":"https:\/\/blogs.santosochoa.es\/salamanca\/carlos-de-tomas-y-jorge-garcia\/#primaryimage"},"thumbnailUrl":"https:\/\/blogs.santosochoa.es\/salamanca\/wp-content\/uploads\/sites\/3\/2020\/11\/las-mujeres-del-cesar_carlos-de-tomas.jpg","articleSection":["libros","libros salamanca"],"inLanguage":"es"},{"@type":"WebPage","@id":"https:\/\/blogs.santosochoa.es\/salamanca\/carlos-de-tomas-y-jorge-garcia\/","url":"https:\/\/blogs.santosochoa.es\/salamanca\/carlos-de-tomas-y-jorge-garcia\/","name":"Carlos de Tom\u00e1s y Jorge Garc\u00eda - Santos Ochoa Salamanca","isPartOf":{"@id":"https:\/\/blogs.santosochoa.es\/salamanca\/#website"},"primaryImageOfPage":{"@id":"https:\/\/blogs.santosochoa.es\/salamanca\/carlos-de-tomas-y-jorge-garcia\/#primaryimage"},"image":{"@id":"https:\/\/blogs.santosochoa.es\/salamanca\/carlos-de-tomas-y-jorge-garcia\/#primaryimage"},"thumbnailUrl":"https:\/\/blogs.santosochoa.es\/salamanca\/wp-content\/uploads\/sites\/3\/2020\/11\/las-mujeres-del-cesar_carlos-de-tomas.jpg","datePublished":"2020-12-03T09:56:24+00:00","dateModified":"2020-12-03T09:56:26+00:00","author":{"@id":"https:\/\/blogs.santosochoa.es\/salamanca\/#\/schema\/person\/a125e75c96c8702907b25e61f1c0b772"},"description":"Agenda cultural. Firmas de libros de Carlos de Tom\u00e1s, \"Las mujeres del C\u00e9sar\", y Jorge Garc\u00eda, \"Croata\".","breadcrumb":{"@id":"https:\/\/blogs.santosochoa.es\/salamanca\/carlos-de-tomas-y-jorge-garcia\/#breadcrumb"},"inLanguage":"es","potentialAction":[{"@type":"ReadAction","target":["https:\/\/blogs.santosochoa.es\/salamanca\/carlos-de-tomas-y-jorge-garcia\/"]}]},{"@type":"ImageObject","inLanguage":"es","@id":"https:\/\/blogs.santosochoa.es\/salamanca\/carlos-de-tomas-y-jorge-garcia\/#primaryimage","url":"https:\/\/blogs.santosochoa.es\/salamanca\/wp-content\/uploads\/sites\/3\/2020\/11\/las-mujeres-del-cesar_carlos-de-tomas.jpg","contentUrl":"https:\/\/blogs.santosochoa.es\/salamanca\/wp-content\/uploads\/sites\/3\/2020\/11\/las-mujeres-del-cesar_carlos-de-tomas.jpg","width":591,"height":885},{"@type":"BreadcrumbList","@id":"https:\/\/blogs.santosochoa.es\/salamanca\/carlos-de-tomas-y-jorge-garcia\/#breadcrumb","itemListElement":[{"@type":"ListItem","position":1,"name":"Home","item":"https:\/\/blogs.santosochoa.es\/salamanca\/"},{"@type":"ListItem","position":2,"name":"Carlos de Tom\u00e1s y Jorge Garc\u00eda"}]},{"@type":"WebSite","@id":"https:\/\/blogs.santosochoa.es\/salamanca\/#website","url":"https:\/\/blogs.santosochoa.es\/salamanca\/","name":"Santos Ochoa Salamanca","description":"Tu Librer\u00eda Online","potentialAction":[{"@type":"SearchAction","target":{"@type":"EntryPoint","urlTemplate":"https:\/\/blogs.santosochoa.es\/salamanca\/?s={search_term_string}"},"query-input":{"@type":"PropertyValueSpecification","valueRequired":true,"valueName":"search_term_string"}}],"inLanguage":"es"},{"@type":"Person","@id":"https:\/\/blogs.santosochoa.es\/salamanca\/#\/schema\/person\/a125e75c96c8702907b25e61f1c0b772","name":"Santos Ochoa Salamanca"}]}},"_links":{"self":[{"href":"https:\/\/blogs.santosochoa.es\/salamanca\/wp-json\/wp\/v2\/posts\/943","targetHints":{"allow":["GET"]}}],"collection":[{"href":"https:\/\/blogs.santosochoa.es\/salamanca\/wp-json\/wp\/v2\/posts"}],"about":[{"href":"https:\/\/blogs.santosochoa.es\/salamanca\/wp-json\/wp\/v2\/types\/post"}],"author":[{"embeddable":true,"href":"https:\/\/blogs.santosochoa.es\/salamanca\/wp-json\/wp\/v2\/users\/2"}],"replies":[{"embeddable":true,"href":"https:\/\/blogs.santosochoa.es\/salamanca\/wp-json\/wp\/v2\/comments?post=943"}],"version-history":[{"count":1,"href":"https:\/\/blogs.santosochoa.es\/salamanca\/wp-json\/wp\/v2\/posts\/943\/revisions"}],"predecessor-version":[{"id":944,"href":"https:\/\/blogs.santosochoa.es\/salamanca\/wp-json\/wp\/v2\/posts\/943\/revisions\/944"}],"wp:featuredmedia":[{"embeddable":true,"href":"https:\/\/blogs.santosochoa.es\/salamanca\/wp-json\/wp\/v2\/media\/938"}],"wp:attachment":[{"href":"https:\/\/blogs.santosochoa.es\/salamanca\/wp-json\/wp\/v2\/media?parent=943"}],"wp:term":[{"taxonomy":"category","embeddable":true,"href":"https:\/\/blogs.santosochoa.es\/salamanca\/wp-json\/wp\/v2\/categories?post=943"},{"taxonomy":"post_tag","embeddable":true,"href":"https:\/\/blogs.santosochoa.es\/salamanca\/wp-json\/wp\/v2\/tags?post=943"}],"curies":[{"name":"wp","href":"https:\/\/api.w.org\/{rel}","templated":true}]}}