{"id":918,"date":"2020-11-19T11:21:29","date_gmt":"2020-11-19T10:21:29","guid":{"rendered":"https:\/\/blogs.santosochoa.es\/salamanca\/?p=918"},"modified":"2020-11-20T11:25:36","modified_gmt":"2020-11-20T10:25:36","slug":"manel-loureiro-luis-melero-y-gustavo-hernandez","status":"publish","type":"post","link":"https:\/\/blogs.santosochoa.es\/salamanca\/manel-loureiro-luis-melero-y-gustavo-hernandez\/","title":{"rendered":"Manel Loureiro, Luis Melero y Gustavo Hern\u00e1ndez"},"content":{"rendered":"\n<h2 class=\"wp-block-heading\"><strong>Encuentro virtual con Manel Loureiro y <em>La puerta<\/em>, un thriller sorprendente lleno de leyenda y misterio<\/strong><\/h2>\n\n\n\n<h3 class=\"wp-block-heading\"><strong>Martes <\/strong><strong>24 <\/strong><strong>de noviembre, a las 19 h.<\/strong><\/h3>\n\n\n\n<h3 class=\"wp-block-heading\">En directo en Instagram \ud83d\udc49\ud83c\udffc <a href=\"https:\/\/www.instagram.com\/santosochoalog\/\" target=\"_blank\" rel=\"noreferrer noopener\">@santosochoalog<\/a><\/h3>\n\n\n\n<h3 class=\"wp-block-heading\">En diferido en \ud83d\udc49\ud83c\udffc <a href=\"http:\/\/youtube.com\/c\/SantosOchoaLibros\" target=\"_blank\" rel=\"noreferrer noopener\">YouTube<\/a><\/h3>\n\n\n\n<div class=\"wp-block-image\"><figure class=\"alignright size-large is-resized\"><img decoding=\"async\" src=\"https:\/\/blogs.santosochoa.es\/salamanca\/wp-content\/uploads\/sites\/3\/2020\/11\/la-puerta_manel-loureiro.jpg\" alt=\"\" class=\"wp-image-907\" width=\"200\" srcset=\"https:\/\/blogs.santosochoa.es\/salamanca\/wp-content\/uploads\/sites\/3\/2020\/11\/la-puerta_manel-loureiro.jpg 591w, https:\/\/blogs.santosochoa.es\/salamanca\/wp-content\/uploads\/sites\/3\/2020\/11\/la-puerta_manel-loureiro-197x300.jpg 197w\" sizes=\"(max-width: 591px) 100vw, 591px\" \/><\/figure><\/div>\n\n\n\n<p><strong>Un crimen ritual. Una mujer desesperada por salvar a su hijo. Manel Loureiro sorprende con un thriller ambientado en la misteriosa y legendaria Galicia.<\/strong><\/p>\n\n\n\n<h5 class=\"wp-block-heading\"><strong>El hallazgo del cad\u00e1ver de una joven, asesinada mediante una antigua forma ritual a los pies de la m\u00edtica Puerta de Al\u00e9n, desconcierta a sus investigadores. La agente Raquel Colina es una reci\u00e9n llegada a ese rinc\u00f3n perdido de Galicia para tratar de salvar a su hijo, al que la medicina ya no puede curar. Sin otra alternativa, y llena de dudas, Raquel hab\u00eda recurrido a una menci\u00f1eira local, que promet\u00eda su sanaci\u00f3n.<\/strong><\/h5>\n\n\n\n<p>Sin embargo, la misteriosa desaparici\u00f3n de la curandera y el descubrimiento de la v\u00edctima de la Puerta hacen sospechar a Raquel que ambos casos pueden estar relacionados. Con la complicidad de su compa\u00f1ero, en un ambiente m\u00e1gico y rural que no acaba de comprender y donde todo el mundo parece guardar un secreto, la agente comenzar\u00e1 una desesperada cuenta atr\u00e1s para resolver el caso y as\u00ed hallar la \u00faltima tabla de salvaci\u00f3n que le queda a su hijo.<\/p>\n\n\n\n<p><strong>Manel Loureiro<\/strong> (Pontevedra, 1975) es un escritor y abogado que ha trabajado como presentador en la Televisi\u00f3n de Galicia y como guionista de diversos proyectos. En la actualidad colabora en los peri\u00f3dicos La Voz de Galicia y El Mundo, as\u00ed como en la Cadena Ser y Onda Cero.<\/p>\n\n\n\n<p>Su primera novela, <em>Apocalipsis Z. El principio del fin<\/em>, comenz\u00f3 como un blog en Internet que escrib\u00eda en sus ratos libres. Debido al gran \u00e9xito que alcanz\u00f3 (se transform\u00f3 en un fen\u00f3meno viral con m\u00e1s de un mill\u00f3n y medio de lectores on line), fue publicado en 2007, convirti\u00e9ndose en un best seller. Sus siguientes obras, <em>Los d\u00edas oscuros, La ira de los justos, El \u00faltimo pasajero, Fulgor <\/em>y<em> Veinte<\/em>, han sido un \u00e9xito de ventas no solo en Espa\u00f1a, sino en otros muchos pa\u00edses del mundo. Manel Loureiro es uno de los pocos autores espa\u00f1oles contempor\u00e1neos que ha conseguido situar sus libros en la lista de los m\u00e1s vendidos de Estados Unidos.<\/p>\n\n\n\n<div style=\"height:50px\" aria-hidden=\"true\" class=\"wp-block-spacer\"><\/div>\n\n\n\n<h2 class=\"wp-block-heading\"><strong>Firma de libros de Luis Melero Marcos. <em>El silencio de la lengua<\/em><\/strong><\/h2>\n\n\n\n<h3 class=\"wp-block-heading\"><strong>Martes 24 de noviembre, de 19:00 a 20:30 h.<\/strong><\/h3>\n\n\n\n<h4 class=\"wp-block-heading\">Librer\u00eda Santos Ochoa. Gran V\u00eda, 12. Salamanca<\/h4>\n\n\n\n<div class=\"wp-block-image\"><figure class=\"alignleft size-large is-resized\"><img decoding=\"async\" src=\"https:\/\/blogs.santosochoa.es\/salamanca\/wp-content\/uploads\/sites\/3\/2020\/11\/el-silencio-de-la-lengua_luis-melero-marcos.jpg\" alt=\"\" class=\"wp-image-905\" width=\"200\" srcset=\"https:\/\/blogs.santosochoa.es\/salamanca\/wp-content\/uploads\/sites\/3\/2020\/11\/el-silencio-de-la-lengua_luis-melero-marcos.jpg 600w, https:\/\/blogs.santosochoa.es\/salamanca\/wp-content\/uploads\/sites\/3\/2020\/11\/el-silencio-de-la-lengua_luis-melero-marcos-188x300.jpg 188w\" sizes=\"(max-width: 600px) 100vw, 600px\" \/><\/figure><\/div>\n\n\n\n<p>La \u00faltima obra del poeta y escritor Luis Melero Marcos, ilustrado por Tom\u00e1s Criado y publicado por Editorial Amarante.<\/p>\n\n\n\n<h5 class=\"wp-block-heading\"><strong>Transitar por los angostos espacios de la poes\u00eda, es como mirar al abismo donde el caminante puede despe\u00f1ar su realidad, urgir el abandono y hundirse, siempre con dolor, en lo m\u00e1s profundo del ser. Vaciarse para descubrir, en la ausencia, toda la inmediatez de su agon\u00eda, todo el miedo a la nada que duerme.<\/strong><\/h5>\n\n\n\n<p>Un poeta es \u201cun laberinto de cristal\u201d y su circunloquio es, a la vez, un lugar oscuro y transparente. En su exilio interior, camina sin control \u201ccon los pies dormidos\u201d. Todas las pulsiones, todas las heridas, todos los gritos de auxilio, buscan traspasar lugares que no le corresponden, para morir y nacer y volver a morir mil veces en cada verso y, entre cada muerte y resurrecci\u00f3n, alimentarse de palabras que encienden el aura, arrojando a su rostro motivos de lucha, de compromiso, de b\u00fasqueda de lo eterno.<\/p>\n\n\n\n<p>Un poeta nunca elige el momento ni conoce el final de su andadura. Solo es el instrumento de todos los afanes que nunca le pertenecen, pero que \u00e9l hace suyos y solo frente a su memoria, enmudece alargando su destino.<\/p>\n\n\n\n<p><strong>Luis Melero Marcos<\/strong> es autor de un buen n\u00famero de libros, cap\u00edtulos y art\u00edculos profesionales; adem\u00e1s de un destacado poeta que ha publicado una decena de poemarios, entre los que cabe destacar: <em>Recuerdos de pasado ma\u00f1ana<\/em>, <em>El viento que nos aleja<\/em>, <em>Cuadernos de silencio<\/em>, <em>Dibujo Inexorable<\/em>, <em>El cielo velado<\/em> y <em>Espacio Vac\u00edo<\/em>, ambos incluidos en <em>Trazado sin rumbo<\/em>. En 2017 Editorial Amarante public\u00f3 una antolog\u00eda personal con el t\u00edtulo: <em>Retazos de ayer<\/em> que inclu\u00eda su \u00faltimo poemario de igual t\u00edtulo. <em>El silencio de la lengua<\/em> es su \u00faltima obra po\u00e9tica.<\/p>\n\n\n\n<div style=\"height:50px\" aria-hidden=\"true\" class=\"wp-block-spacer\"><\/div>\n\n\n\n<h2 class=\"wp-block-heading\"><strong>Firma de libros de Gustavo Hern\u00e1ndez S\u00e1nchez. <\/strong><em><strong>Espacios olvidados de la era de la globalizaci\u00f3n. <\/strong><\/em><strong><em>Una historia del barrio de los Pizarrales<\/em><\/strong><\/h2>\n\n\n\n<h3 class=\"wp-block-heading\"><strong>S\u00e1bado 28 de noviembre, de 12:00 a 13:30 h.<\/strong><\/h3>\n\n\n\n<h4 class=\"wp-block-heading\">Librer\u00eda Santos Ochoa. Gran V\u00eda, 12. Salamanca<\/h4>\n\n\n\n<div class=\"wp-block-image\"><figure class=\"alignright size-large is-resized\"><img decoding=\"async\" src=\"https:\/\/blogs.santosochoa.es\/salamanca\/wp-content\/uploads\/sites\/3\/2020\/11\/espacios-olvidados-en-la-era-de-la-globalizacion_gustavo-hernandez-sanchez.jpg\" alt=\"\" class=\"wp-image-909\" width=\"200\" srcset=\"https:\/\/blogs.santosochoa.es\/salamanca\/wp-content\/uploads\/sites\/3\/2020\/11\/espacios-olvidados-en-la-era-de-la-globalizacion_gustavo-hernandez-sanchez.jpg 600w, https:\/\/blogs.santosochoa.es\/salamanca\/wp-content\/uploads\/sites\/3\/2020\/11\/espacios-olvidados-en-la-era-de-la-globalizacion_gustavo-hernandez-sanchez-188x300.jpg 188w\" sizes=\"(max-width: 600px) 100vw, 600px\" \/><\/figure><\/div>\n\n\n\n<h5 class=\"wp-block-heading\"><em><strong>Espacios olvidados de la era de la globalizaci\u00f3n<\/strong><\/em><strong> es una aproximaci\u00f3n a la historia de un barrio de clase trabajadora, ubicado en Salamanca: \u201cLos Pizarrales\u201d, a trav\u00e9s del estudio de tres generaciones, desde que este comenzase a ser poblado a principios del siglo XX, en forma de asentamientos \u201cilegales\u201d de chabolas, hasta la actualidad. M\u00e1s all\u00e1 de configurarse como un estudio de car\u00e1cter local, la obra tiene la intenci\u00f3n de conectar la sociog\u00e9nesis de este espacio urbano aparentemente sin importancia, con procesos de car\u00e1cter global m\u00e1s amplios, para tratar de explicar c\u00f3mo estos son capaces de influir sobre la vida cotidiana de su vecindario.<\/strong><\/h5>\n\n\n\n<p>Se trata, por tanto, de una historia desde abajo, o m\u00e1s bien, de una memoria de las clases subalternas, puesto que la fuente de informaci\u00f3n principal empleada es el testimonio oral de los vecinos y de las vecinas de este barrio, acompa\u00f1ado de un riguroso aparato cr\u00edtico, documental y bibliogr\u00e1fico. La intenci\u00f3n, en definitiva, del autor, el historiador Gustavo Hern\u00e1ndez S\u00e1nchez, es trazar una historia geneal\u00f3gica de los condicionantes hist\u00f3ricos que configuran el presente de los espacios olvidados de la era de la globalizaci\u00f3n, en este caso, del barrio de \u201cLos Pizarrales\u201d.<\/p>\n\n\n\n<p><strong>Gustavo Hern\u00e1ndez S\u00e1nchez<\/strong> es Doctor en Historia por la Universidad de Salamanca. Premio Extraordinario 2018. Desde 2019, profesor de Secundaria en la Escuela P\u00fablica. Entre sus numerosas publicaciones destacan los libros <em>Ser estudiante en el periodo Barroco<\/em> (Fundaci\u00f3n Espa\u00f1ola de Historia Moderna, 2018) y <em>El marxismo frente a la encrucijada postmoderna<\/em> (Visi\u00f3n Libros, 2017), as\u00ed como la edici\u00f3n de la revista \u201cCon-Ciencia Social\u201d. Sus l\u00edneas de investigaci\u00f3n principales son la historia de las universidades en la temprana Edad Moderna, la teor\u00eda de la historia y la did\u00e1ctica cr\u00edtica de las Ciencias Sociales.<\/p>\n\n\n\n<div style=\"height:50px\" aria-hidden=\"true\" class=\"wp-block-spacer\"><\/div>\n\n\n\n<p><strong>Por favor, ay\u00fadanos proteger la salud de todos siguiendo estas sencillas normas:<\/strong><\/p>\n\n\n\n<ul class=\"wp-block-list\"><li>L\u00e1vate las manos con gel al entrar en la librer\u00eda<\/li><li>Lleva mascarilla en todo momento<\/li><li>Mant\u00e9n la distancia de seguridad mientras esperas tu turno<\/li><\/ul>\n\n\n\n<p><\/p>\n","protected":false},"excerpt":{"rendered":"<p>Firmas de libros. Luis Melero Marcos, \u00abEl silencio de la lengua\u00bb. Gustavo Hern\u00e1ndez S\u00e1nchez, \u00abEspacios olvidados de la era de la globalizaci\u00f3n\u00bb<\/p>\n","protected":false},"author":2,"featured_media":929,"comment_status":"closed","ping_status":"closed","sticky":false,"template":"","format":"standard","meta":{"footnotes":""},"categories":[9,14],"tags":[],"class_list":["post-918","post","type-post","status-publish","format-standard","has-post-thumbnail","hentry","category-libros","category-libros-salamanca"],"yoast_head":"<!-- This site is optimized with the Yoast SEO plugin v27.2 - https:\/\/yoast.com\/product\/yoast-seo-wordpress\/ -->\n<title>Manel Loureiro, Luis Melero y Gustavo Hern\u00e1ndez - Santos Ochoa Salamanca<\/title>\n<meta name=\"description\" content=\"Firmas de libros. Luis Melero Marcos, &quot;El silencio de la lengua&quot;. Gustavo Hern\u00e1ndez S\u00e1nchez, &quot;Espacios olvidados de la era de la globalizaci\u00f3n&quot;\" \/>\n<meta name=\"robots\" content=\"index, follow, max-snippet:-1, max-image-preview:large, max-video-preview:-1\" \/>\n<link rel=\"canonical\" href=\"https:\/\/blogs.santosochoa.es\/salamanca\/manel-loureiro-luis-melero-y-gustavo-hernandez\/\" \/>\n<meta property=\"og:locale\" content=\"es_ES\" \/>\n<meta property=\"og:type\" content=\"article\" \/>\n<meta property=\"og:title\" content=\"Manel Loureiro, Luis Melero y Gustavo Hern\u00e1ndez - Santos Ochoa Salamanca\" \/>\n<meta property=\"og:description\" content=\"Firmas de libros. Luis Melero Marcos, &quot;El silencio de la lengua&quot;. Gustavo Hern\u00e1ndez S\u00e1nchez, &quot;Espacios olvidados de la era de la globalizaci\u00f3n&quot;\" \/>\n<meta property=\"og:url\" content=\"https:\/\/blogs.santosochoa.es\/salamanca\/manel-loureiro-luis-melero-y-gustavo-hernandez\/\" \/>\n<meta property=\"og:site_name\" content=\"Santos Ochoa Salamanca\" \/>\n<meta property=\"article:published_time\" content=\"2020-11-19T10:21:29+00:00\" \/>\n<meta property=\"article:modified_time\" content=\"2020-11-20T10:25:36+00:00\" \/>\n<meta property=\"og:image\" content=\"https:\/\/blogs.santosochoa.es\/salamanca\/wp-content\/uploads\/sites\/3\/2020\/11\/loureiro-melero-hernandez.jpg\" \/>\n\t<meta property=\"og:image:width\" content=\"1164\" \/>\n\t<meta property=\"og:image:height\" content=\"591\" \/>\n\t<meta property=\"og:image:type\" content=\"image\/jpeg\" \/>\n<meta name=\"author\" content=\"Santos Ochoa Salamanca\" \/>\n<meta name=\"twitter:card\" content=\"summary_large_image\" \/>\n<meta name=\"twitter:label1\" content=\"Written by\" \/>\n\t<meta name=\"twitter:data1\" content=\"Santos Ochoa Salamanca\" \/>\n\t<meta name=\"twitter:label2\" content=\"Est. reading time\" \/>\n\t<meta name=\"twitter:data2\" content=\"6 minutos\" \/>\n<script type=\"application\/ld+json\" class=\"yoast-schema-graph\">{\"@context\":\"https:\/\/schema.org\",\"@graph\":[{\"@type\":\"Article\",\"@id\":\"https:\/\/blogs.santosochoa.es\/salamanca\/manel-loureiro-luis-melero-y-gustavo-hernandez\/#article\",\"isPartOf\":{\"@id\":\"https:\/\/blogs.santosochoa.es\/salamanca\/manel-loureiro-luis-melero-y-gustavo-hernandez\/\"},\"author\":{\"name\":\"Santos Ochoa Salamanca\",\"@id\":\"https:\/\/blogs.santosochoa.es\/salamanca\/#\/schema\/person\/a125e75c96c8702907b25e61f1c0b772\"},\"headline\":\"Manel Loureiro, Luis Melero y Gustavo Hern\u00e1ndez\",\"datePublished\":\"2020-11-19T10:21:29+00:00\",\"dateModified\":\"2020-11-20T10:25:36+00:00\",\"mainEntityOfPage\":{\"@id\":\"https:\/\/blogs.santosochoa.es\/salamanca\/manel-loureiro-luis-melero-y-gustavo-hernandez\/\"},\"wordCount\":1132,\"image\":{\"@id\":\"https:\/\/blogs.santosochoa.es\/salamanca\/manel-loureiro-luis-melero-y-gustavo-hernandez\/#primaryimage\"},\"thumbnailUrl\":\"https:\/\/blogs.santosochoa.es\/salamanca\/wp-content\/uploads\/sites\/3\/2020\/11\/loureiro-melero-hernandez.jpg\",\"articleSection\":[\"libros\",\"libros salamanca\"],\"inLanguage\":\"es\"},{\"@type\":\"WebPage\",\"@id\":\"https:\/\/blogs.santosochoa.es\/salamanca\/manel-loureiro-luis-melero-y-gustavo-hernandez\/\",\"url\":\"https:\/\/blogs.santosochoa.es\/salamanca\/manel-loureiro-luis-melero-y-gustavo-hernandez\/\",\"name\":\"Manel Loureiro, Luis Melero y Gustavo Hern\u00e1ndez - Santos Ochoa Salamanca\",\"isPartOf\":{\"@id\":\"https:\/\/blogs.santosochoa.es\/salamanca\/#website\"},\"primaryImageOfPage\":{\"@id\":\"https:\/\/blogs.santosochoa.es\/salamanca\/manel-loureiro-luis-melero-y-gustavo-hernandez\/#primaryimage\"},\"image\":{\"@id\":\"https:\/\/blogs.santosochoa.es\/salamanca\/manel-loureiro-luis-melero-y-gustavo-hernandez\/#primaryimage\"},\"thumbnailUrl\":\"https:\/\/blogs.santosochoa.es\/salamanca\/wp-content\/uploads\/sites\/3\/2020\/11\/loureiro-melero-hernandez.jpg\",\"datePublished\":\"2020-11-19T10:21:29+00:00\",\"dateModified\":\"2020-11-20T10:25:36+00:00\",\"author\":{\"@id\":\"https:\/\/blogs.santosochoa.es\/salamanca\/#\/schema\/person\/a125e75c96c8702907b25e61f1c0b772\"},\"description\":\"Firmas de libros. Luis Melero Marcos, \\\"El silencio de la lengua\\\". Gustavo Hern\u00e1ndez S\u00e1nchez, \\\"Espacios olvidados de la era de la globalizaci\u00f3n\\\"\",\"breadcrumb\":{\"@id\":\"https:\/\/blogs.santosochoa.es\/salamanca\/manel-loureiro-luis-melero-y-gustavo-hernandez\/#breadcrumb\"},\"inLanguage\":\"es\",\"potentialAction\":[{\"@type\":\"ReadAction\",\"target\":[\"https:\/\/blogs.santosochoa.es\/salamanca\/manel-loureiro-luis-melero-y-gustavo-hernandez\/\"]}]},{\"@type\":\"ImageObject\",\"inLanguage\":\"es\",\"@id\":\"https:\/\/blogs.santosochoa.es\/salamanca\/manel-loureiro-luis-melero-y-gustavo-hernandez\/#primaryimage\",\"url\":\"https:\/\/blogs.santosochoa.es\/salamanca\/wp-content\/uploads\/sites\/3\/2020\/11\/loureiro-melero-hernandez.jpg\",\"contentUrl\":\"https:\/\/blogs.santosochoa.es\/salamanca\/wp-content\/uploads\/sites\/3\/2020\/11\/loureiro-melero-hernandez.jpg\",\"width\":1164,\"height\":591},{\"@type\":\"BreadcrumbList\",\"@id\":\"https:\/\/blogs.santosochoa.es\/salamanca\/manel-loureiro-luis-melero-y-gustavo-hernandez\/#breadcrumb\",\"itemListElement\":[{\"@type\":\"ListItem\",\"position\":1,\"name\":\"Home\",\"item\":\"https:\/\/blogs.santosochoa.es\/salamanca\/\"},{\"@type\":\"ListItem\",\"position\":2,\"name\":\"Manel Loureiro, Luis Melero y Gustavo Hern\u00e1ndez\"}]},{\"@type\":\"WebSite\",\"@id\":\"https:\/\/blogs.santosochoa.es\/salamanca\/#website\",\"url\":\"https:\/\/blogs.santosochoa.es\/salamanca\/\",\"name\":\"Santos Ochoa Salamanca\",\"description\":\"Tu Librer\u00eda Online\",\"potentialAction\":[{\"@type\":\"SearchAction\",\"target\":{\"@type\":\"EntryPoint\",\"urlTemplate\":\"https:\/\/blogs.santosochoa.es\/salamanca\/?s={search_term_string}\"},\"query-input\":{\"@type\":\"PropertyValueSpecification\",\"valueRequired\":true,\"valueName\":\"search_term_string\"}}],\"inLanguage\":\"es\"},{\"@type\":\"Person\",\"@id\":\"https:\/\/blogs.santosochoa.es\/salamanca\/#\/schema\/person\/a125e75c96c8702907b25e61f1c0b772\",\"name\":\"Santos Ochoa Salamanca\"}]}<\/script>\n<!-- \/ Yoast SEO plugin. -->","yoast_head_json":{"title":"Manel Loureiro, Luis Melero y Gustavo Hern\u00e1ndez - Santos Ochoa Salamanca","description":"Firmas de libros. Luis Melero Marcos, \"El silencio de la lengua\". Gustavo Hern\u00e1ndez S\u00e1nchez, \"Espacios olvidados de la era de la globalizaci\u00f3n\"","robots":{"index":"index","follow":"follow","max-snippet":"max-snippet:-1","max-image-preview":"max-image-preview:large","max-video-preview":"max-video-preview:-1"},"canonical":"https:\/\/blogs.santosochoa.es\/salamanca\/manel-loureiro-luis-melero-y-gustavo-hernandez\/","og_locale":"es_ES","og_type":"article","og_title":"Manel Loureiro, Luis Melero y Gustavo Hern\u00e1ndez - Santos Ochoa Salamanca","og_description":"Firmas de libros. Luis Melero Marcos, \"El silencio de la lengua\". Gustavo Hern\u00e1ndez S\u00e1nchez, \"Espacios olvidados de la era de la globalizaci\u00f3n\"","og_url":"https:\/\/blogs.santosochoa.es\/salamanca\/manel-loureiro-luis-melero-y-gustavo-hernandez\/","og_site_name":"Santos Ochoa Salamanca","article_published_time":"2020-11-19T10:21:29+00:00","article_modified_time":"2020-11-20T10:25:36+00:00","og_image":[{"width":1164,"height":591,"url":"https:\/\/blogs.santosochoa.es\/salamanca\/wp-content\/uploads\/sites\/3\/2020\/11\/loureiro-melero-hernandez.jpg","type":"image\/jpeg"}],"author":"Santos Ochoa Salamanca","twitter_card":"summary_large_image","twitter_misc":{"Written by":"Santos Ochoa Salamanca","Est. reading time":"6 minutos"},"schema":{"@context":"https:\/\/schema.org","@graph":[{"@type":"Article","@id":"https:\/\/blogs.santosochoa.es\/salamanca\/manel-loureiro-luis-melero-y-gustavo-hernandez\/#article","isPartOf":{"@id":"https:\/\/blogs.santosochoa.es\/salamanca\/manel-loureiro-luis-melero-y-gustavo-hernandez\/"},"author":{"name":"Santos Ochoa Salamanca","@id":"https:\/\/blogs.santosochoa.es\/salamanca\/#\/schema\/person\/a125e75c96c8702907b25e61f1c0b772"},"headline":"Manel Loureiro, Luis Melero y Gustavo Hern\u00e1ndez","datePublished":"2020-11-19T10:21:29+00:00","dateModified":"2020-11-20T10:25:36+00:00","mainEntityOfPage":{"@id":"https:\/\/blogs.santosochoa.es\/salamanca\/manel-loureiro-luis-melero-y-gustavo-hernandez\/"},"wordCount":1132,"image":{"@id":"https:\/\/blogs.santosochoa.es\/salamanca\/manel-loureiro-luis-melero-y-gustavo-hernandez\/#primaryimage"},"thumbnailUrl":"https:\/\/blogs.santosochoa.es\/salamanca\/wp-content\/uploads\/sites\/3\/2020\/11\/loureiro-melero-hernandez.jpg","articleSection":["libros","libros salamanca"],"inLanguage":"es"},{"@type":"WebPage","@id":"https:\/\/blogs.santosochoa.es\/salamanca\/manel-loureiro-luis-melero-y-gustavo-hernandez\/","url":"https:\/\/blogs.santosochoa.es\/salamanca\/manel-loureiro-luis-melero-y-gustavo-hernandez\/","name":"Manel Loureiro, Luis Melero y Gustavo Hern\u00e1ndez - Santos Ochoa Salamanca","isPartOf":{"@id":"https:\/\/blogs.santosochoa.es\/salamanca\/#website"},"primaryImageOfPage":{"@id":"https:\/\/blogs.santosochoa.es\/salamanca\/manel-loureiro-luis-melero-y-gustavo-hernandez\/#primaryimage"},"image":{"@id":"https:\/\/blogs.santosochoa.es\/salamanca\/manel-loureiro-luis-melero-y-gustavo-hernandez\/#primaryimage"},"thumbnailUrl":"https:\/\/blogs.santosochoa.es\/salamanca\/wp-content\/uploads\/sites\/3\/2020\/11\/loureiro-melero-hernandez.jpg","datePublished":"2020-11-19T10:21:29+00:00","dateModified":"2020-11-20T10:25:36+00:00","author":{"@id":"https:\/\/blogs.santosochoa.es\/salamanca\/#\/schema\/person\/a125e75c96c8702907b25e61f1c0b772"},"description":"Firmas de libros. Luis Melero Marcos, \"El silencio de la lengua\". Gustavo Hern\u00e1ndez S\u00e1nchez, \"Espacios olvidados de la era de la globalizaci\u00f3n\"","breadcrumb":{"@id":"https:\/\/blogs.santosochoa.es\/salamanca\/manel-loureiro-luis-melero-y-gustavo-hernandez\/#breadcrumb"},"inLanguage":"es","potentialAction":[{"@type":"ReadAction","target":["https:\/\/blogs.santosochoa.es\/salamanca\/manel-loureiro-luis-melero-y-gustavo-hernandez\/"]}]},{"@type":"ImageObject","inLanguage":"es","@id":"https:\/\/blogs.santosochoa.es\/salamanca\/manel-loureiro-luis-melero-y-gustavo-hernandez\/#primaryimage","url":"https:\/\/blogs.santosochoa.es\/salamanca\/wp-content\/uploads\/sites\/3\/2020\/11\/loureiro-melero-hernandez.jpg","contentUrl":"https:\/\/blogs.santosochoa.es\/salamanca\/wp-content\/uploads\/sites\/3\/2020\/11\/loureiro-melero-hernandez.jpg","width":1164,"height":591},{"@type":"BreadcrumbList","@id":"https:\/\/blogs.santosochoa.es\/salamanca\/manel-loureiro-luis-melero-y-gustavo-hernandez\/#breadcrumb","itemListElement":[{"@type":"ListItem","position":1,"name":"Home","item":"https:\/\/blogs.santosochoa.es\/salamanca\/"},{"@type":"ListItem","position":2,"name":"Manel Loureiro, Luis Melero y Gustavo Hern\u00e1ndez"}]},{"@type":"WebSite","@id":"https:\/\/blogs.santosochoa.es\/salamanca\/#website","url":"https:\/\/blogs.santosochoa.es\/salamanca\/","name":"Santos Ochoa Salamanca","description":"Tu Librer\u00eda Online","potentialAction":[{"@type":"SearchAction","target":{"@type":"EntryPoint","urlTemplate":"https:\/\/blogs.santosochoa.es\/salamanca\/?s={search_term_string}"},"query-input":{"@type":"PropertyValueSpecification","valueRequired":true,"valueName":"search_term_string"}}],"inLanguage":"es"},{"@type":"Person","@id":"https:\/\/blogs.santosochoa.es\/salamanca\/#\/schema\/person\/a125e75c96c8702907b25e61f1c0b772","name":"Santos Ochoa Salamanca"}]}},"_links":{"self":[{"href":"https:\/\/blogs.santosochoa.es\/salamanca\/wp-json\/wp\/v2\/posts\/918","targetHints":{"allow":["GET"]}}],"collection":[{"href":"https:\/\/blogs.santosochoa.es\/salamanca\/wp-json\/wp\/v2\/posts"}],"about":[{"href":"https:\/\/blogs.santosochoa.es\/salamanca\/wp-json\/wp\/v2\/types\/post"}],"author":[{"embeddable":true,"href":"https:\/\/blogs.santosochoa.es\/salamanca\/wp-json\/wp\/v2\/users\/2"}],"replies":[{"embeddable":true,"href":"https:\/\/blogs.santosochoa.es\/salamanca\/wp-json\/wp\/v2\/comments?post=918"}],"version-history":[{"count":9,"href":"https:\/\/blogs.santosochoa.es\/salamanca\/wp-json\/wp\/v2\/posts\/918\/revisions"}],"predecessor-version":[{"id":928,"href":"https:\/\/blogs.santosochoa.es\/salamanca\/wp-json\/wp\/v2\/posts\/918\/revisions\/928"}],"wp:featuredmedia":[{"embeddable":true,"href":"https:\/\/blogs.santosochoa.es\/salamanca\/wp-json\/wp\/v2\/media\/929"}],"wp:attachment":[{"href":"https:\/\/blogs.santosochoa.es\/salamanca\/wp-json\/wp\/v2\/media?parent=918"}],"wp:term":[{"taxonomy":"category","embeddable":true,"href":"https:\/\/blogs.santosochoa.es\/salamanca\/wp-json\/wp\/v2\/categories?post=918"},{"taxonomy":"post_tag","embeddable":true,"href":"https:\/\/blogs.santosochoa.es\/salamanca\/wp-json\/wp\/v2\/tags?post=918"}],"curies":[{"name":"wp","href":"https:\/\/api.w.org\/{rel}","templated":true}]}}