{"id":890,"date":"2020-10-10T10:02:52","date_gmt":"2020-10-10T08:02:52","guid":{"rendered":"https:\/\/blogs.santosochoa.es\/salamanca\/?p=890"},"modified":"2020-10-10T10:16:06","modified_gmt":"2020-10-10T08:16:06","slug":"estetica-del-viaje","status":"publish","type":"post","link":"https:\/\/blogs.santosochoa.es\/salamanca\/estetica-del-viaje\/","title":{"rendered":"Est\u00e9tica del viaje"},"content":{"rendered":"\n<h2 class=\"wp-block-heading\"><strong>Firma de libros de Rafael L\u00f3pez Borrego. <em>Est\u00e9tica del viaje<\/em><\/strong><\/h2>\n\n\n\n<h3 class=\"wp-block-heading\"><strong>Jueves 15 de octubre, de 19:30 a 20:30 h.<\/strong><\/h3>\n\n\n\n<h4 class=\"wp-block-heading\">Librer\u00eda Santos Ochoa. Gran V\u00eda, 12. Salamanca<\/h4>\n\n\n\n<div class=\"wp-block-image\"><figure class=\"alignleft size-large is-resized\"><img decoding=\"async\" src=\"https:\/\/blogs.santosochoa.es\/salamanca\/wp-content\/uploads\/sites\/3\/2020\/10\/estetica-del-viaje_rafael-lopez-borrego.jpg\" alt=\"\" class=\"wp-image-887\" width=\"200\" srcset=\"https:\/\/blogs.santosochoa.es\/salamanca\/wp-content\/uploads\/sites\/3\/2020\/10\/estetica-del-viaje_rafael-lopez-borrego.jpg 600w, https:\/\/blogs.santosochoa.es\/salamanca\/wp-content\/uploads\/sites\/3\/2020\/10\/estetica-del-viaje_rafael-lopez-borrego-200x300.jpg 200w\" sizes=\"(max-width: 600px) 100vw, 600px\" \/><\/figure><\/div>\n\n\n\n<h5 class=\"wp-block-heading\"><strong>Nomadismo, movimientos de poblaci\u00f3n, la din\u00e1mica de la frontera, viaje, sensaci\u00f3n y recuerdo, son algunos de los temas que se tratan en este ensayo.<\/strong><\/h5>\n\n\n\n<h5 class=\"wp-block-heading\"><strong>El viaje ha estado presente en el devenir del ser humano desde hace miles de a\u00f1os. La b\u00fasqueda de nuevos y mejores asentamientos ha dado lugar a diferentes civilizaciones, con sus particularidades y su propia cultura. Este movimiento no ha cesado hasta la actualidad.<\/strong><\/h5>\n\n\n\n<p>Ahora el trasvase de poblaci\u00f3n se hace de dos maneras distintas. Por un lado, tenemos a los n\u00f3madas que escapan de sus pa\u00edses para buscar un futuro mejor. Huyen de la guerra, persecuci\u00f3n o pobreza. En ese tr\u00e1nsito encuentran todo tipo de obst\u00e1culos para llegar a su destino final. Se trata de las m\u00faltiples barreras que la sociedad contempor\u00e1nea coloca para evitar la consecuci\u00f3n de ese fin.<\/p>\n\n\n\n<p>Por otro lado, tratando de escapar de la rutina y el aburrimiento, las personas que viven en los pa\u00edses ricos, visitan otros lugares para disfrutar de su tiempo de ocio. Cada grupo que emprende este viaje se comporta de una manera peculiar. El grupo organizado, la actitud n\u00f3mada, el tratamiento que damos al recuerdo y a la imagen, las nuevas tecnolog\u00edas, la influencia del recuerdo y el suvenir, el museo, que, en palabras de Theodor Adorno, ha pasado a convertirse en un mausoleo.<\/p>\n\n\n\n<p>Todas estas actitudes se analizan en este texto donde las obras de arte contempor\u00e1neo sirven de contrapunto para contrastar la actitud de diferentes autores frente a algunos de los problemas que aquejan a la sociedad contempor\u00e1nea.<\/p>\n\n\n\n<p><strong>Rafael L\u00f3pez Borrego<\/strong> (Salamanca, 1969). Profesor de arte y cultura espa\u00f1ola en escuelas de espa\u00f1ol para extranjeros, en la Universidad de Salamanca y en International Studies Abroad en Sevilla. Ha sido coordinador de exposiciones y actividades en el centro de arte contempor\u00e1neo de Salamanca DA2. Dirige un canal dedicado al arte, est\u00e9tica y teor\u00eda del arte en YouTube, con actualizaciones semanales y m\u00e1s de 19.200 seguidores y 175.000 visualizaciones mensuales. www.youtube.com\/rafaellopezborrego<\/p>\n\n\n\n<p>Ha publicado gran n\u00famero de art\u00edculos y es autor, entre otras obras, de los libros: \u00abEl Sistema del Arte Contempor\u00e1neo\u00bb, \u00abDiez artistas imprescindibles para ni\u00f1os\u00bb, \u00abDiez obras de arte imprescindibles para ni\u00f1os\u00bb, \u00abLa obra de arte en el siglo XXI\u00bb, y \u00abArte, est\u00e9tica freak y medios de comunicaci\u00f3n\u00bb.<\/p>\n\n\n\n<div style=\"height:50px\" aria-hidden=\"true\" class=\"wp-block-spacer\"><\/div>\n\n\n\n<p class=\"has-text-color\" style=\"color:#126a9c\"><strong>Por favor, ay\u00fadanos proteger la salud de todos siguiendo estas sencillas normas:<\/strong><\/p>\n\n\n\n<ul class=\"wp-block-list\"><li>L\u00e1vate las manos con gel hidroalcoh\u00f3lico al entrar en la librer\u00eda<\/li><li>Lleva mascarilla en todo momento<\/li><li>Mant\u00e9n la distancia de seguridad mientras esperas tu turno para la firma<\/li><\/ul>\n","protected":false},"excerpt":{"rendered":"<p>Firma de libros de Rafael L\u00f3pez Borrego. Est\u00e9tica del viaje Jueves 15 de octubre, de 19:30 a 20:30 h. Librer\u00eda Santos Ochoa. Gran V\u00eda, 12. Salamanca Nomadismo, movimientos de poblaci\u00f3n, la din\u00e1mica de la frontera, viaje, sensaci\u00f3n y recuerdo, son algunos de los temas que se tratan en este ensayo. El viaje ha estado presente [&hellip;]<\/p>\n","protected":false},"author":2,"featured_media":0,"comment_status":"closed","ping_status":"closed","sticky":false,"template":"","format":"standard","meta":{"footnotes":""},"categories":[9,14],"tags":[],"class_list":["post-890","post","type-post","status-publish","format-standard","hentry","category-libros","category-libros-salamanca"],"yoast_head":"<!-- This site is optimized with the Yoast SEO plugin v27.2 - https:\/\/yoast.com\/product\/yoast-seo-wordpress\/ -->\n<title>Est\u00e9tica del viaje - Santos Ochoa Salamanca<\/title>\n<meta name=\"description\" content=\"Firma de libros de Rafael L\u00f3pez Borrego. &quot;Est\u00e9tica del viaje&quot;. Jueves 15 de octubre, de 19:30 a 20:30 h.Librer\u00eda Santos Ochoa. Gran V\u00eda, 12. Salamanca\" \/>\n<meta name=\"robots\" content=\"index, follow, max-snippet:-1, max-image-preview:large, max-video-preview:-1\" \/>\n<link rel=\"canonical\" href=\"https:\/\/blogs.santosochoa.es\/salamanca\/estetica-del-viaje\/\" \/>\n<meta property=\"og:locale\" content=\"es_ES\" \/>\n<meta property=\"og:type\" content=\"article\" \/>\n<meta property=\"og:title\" content=\"Est\u00e9tica del viaje - Santos Ochoa Salamanca\" \/>\n<meta property=\"og:description\" content=\"Firma de libros de Rafael L\u00f3pez Borrego. &quot;Est\u00e9tica del viaje&quot;. Jueves 15 de octubre, de 19:30 a 20:30 h.Librer\u00eda Santos Ochoa. Gran V\u00eda, 12. Salamanca\" \/>\n<meta property=\"og:url\" content=\"https:\/\/blogs.santosochoa.es\/salamanca\/estetica-del-viaje\/\" \/>\n<meta property=\"og:site_name\" content=\"Santos Ochoa Salamanca\" \/>\n<meta property=\"article:published_time\" content=\"2020-10-10T08:02:52+00:00\" \/>\n<meta property=\"article:modified_time\" content=\"2020-10-10T08:16:06+00:00\" \/>\n<meta property=\"og:image\" content=\"https:\/\/blogs.santosochoa.es\/salamanca\/wp-content\/uploads\/sites\/3\/2020\/10\/estetica-del-viaje_rafael-lopez-borrego.jpg\" \/>\n<meta name=\"author\" content=\"Santos Ochoa Salamanca\" \/>\n<meta name=\"twitter:card\" content=\"summary_large_image\" \/>\n<meta name=\"twitter:label1\" content=\"Written by\" \/>\n\t<meta name=\"twitter:data1\" content=\"Santos Ochoa Salamanca\" \/>\n\t<meta name=\"twitter:label2\" content=\"Est. reading time\" \/>\n\t<meta name=\"twitter:data2\" content=\"2 minutos\" \/>\n<script type=\"application\/ld+json\" class=\"yoast-schema-graph\">{\"@context\":\"https:\/\/schema.org\",\"@graph\":[{\"@type\":\"Article\",\"@id\":\"https:\/\/blogs.santosochoa.es\/salamanca\/estetica-del-viaje\/#article\",\"isPartOf\":{\"@id\":\"https:\/\/blogs.santosochoa.es\/salamanca\/estetica-del-viaje\/\"},\"author\":{\"name\":\"Santos Ochoa Salamanca\",\"@id\":\"https:\/\/blogs.santosochoa.es\/salamanca\/#\/schema\/person\/a125e75c96c8702907b25e61f1c0b772\"},\"headline\":\"Est\u00e9tica del viaje\",\"datePublished\":\"2020-10-10T08:02:52+00:00\",\"dateModified\":\"2020-10-10T08:16:06+00:00\",\"mainEntityOfPage\":{\"@id\":\"https:\/\/blogs.santosochoa.es\/salamanca\/estetica-del-viaje\/\"},\"wordCount\":481,\"image\":{\"@id\":\"https:\/\/blogs.santosochoa.es\/salamanca\/estetica-del-viaje\/#primaryimage\"},\"thumbnailUrl\":\"https:\/\/blogs.santosochoa.es\/salamanca\/wp-content\/uploads\/sites\/3\/2020\/10\/estetica-del-viaje_rafael-lopez-borrego.jpg\",\"articleSection\":[\"libros\",\"libros salamanca\"],\"inLanguage\":\"es\"},{\"@type\":\"WebPage\",\"@id\":\"https:\/\/blogs.santosochoa.es\/salamanca\/estetica-del-viaje\/\",\"url\":\"https:\/\/blogs.santosochoa.es\/salamanca\/estetica-del-viaje\/\",\"name\":\"Est\u00e9tica del viaje - Santos Ochoa Salamanca\",\"isPartOf\":{\"@id\":\"https:\/\/blogs.santosochoa.es\/salamanca\/#website\"},\"primaryImageOfPage\":{\"@id\":\"https:\/\/blogs.santosochoa.es\/salamanca\/estetica-del-viaje\/#primaryimage\"},\"image\":{\"@id\":\"https:\/\/blogs.santosochoa.es\/salamanca\/estetica-del-viaje\/#primaryimage\"},\"thumbnailUrl\":\"https:\/\/blogs.santosochoa.es\/salamanca\/wp-content\/uploads\/sites\/3\/2020\/10\/estetica-del-viaje_rafael-lopez-borrego.jpg\",\"datePublished\":\"2020-10-10T08:02:52+00:00\",\"dateModified\":\"2020-10-10T08:16:06+00:00\",\"author\":{\"@id\":\"https:\/\/blogs.santosochoa.es\/salamanca\/#\/schema\/person\/a125e75c96c8702907b25e61f1c0b772\"},\"description\":\"Firma de libros de Rafael L\u00f3pez Borrego. \\\"Est\u00e9tica del viaje\\\". Jueves 15 de octubre, de 19:30 a 20:30 h.Librer\u00eda Santos Ochoa. Gran V\u00eda, 12. Salamanca\",\"breadcrumb\":{\"@id\":\"https:\/\/blogs.santosochoa.es\/salamanca\/estetica-del-viaje\/#breadcrumb\"},\"inLanguage\":\"es\",\"potentialAction\":[{\"@type\":\"ReadAction\",\"target\":[\"https:\/\/blogs.santosochoa.es\/salamanca\/estetica-del-viaje\/\"]}]},{\"@type\":\"ImageObject\",\"inLanguage\":\"es\",\"@id\":\"https:\/\/blogs.santosochoa.es\/salamanca\/estetica-del-viaje\/#primaryimage\",\"url\":\"https:\/\/blogs.santosochoa.es\/salamanca\/wp-content\/uploads\/sites\/3\/2020\/10\/estetica-del-viaje_rafael-lopez-borrego.jpg\",\"contentUrl\":\"https:\/\/blogs.santosochoa.es\/salamanca\/wp-content\/uploads\/sites\/3\/2020\/10\/estetica-del-viaje_rafael-lopez-borrego.jpg\",\"width\":600,\"height\":899},{\"@type\":\"BreadcrumbList\",\"@id\":\"https:\/\/blogs.santosochoa.es\/salamanca\/estetica-del-viaje\/#breadcrumb\",\"itemListElement\":[{\"@type\":\"ListItem\",\"position\":1,\"name\":\"Home\",\"item\":\"https:\/\/blogs.santosochoa.es\/salamanca\/\"},{\"@type\":\"ListItem\",\"position\":2,\"name\":\"Est\u00e9tica del viaje\"}]},{\"@type\":\"WebSite\",\"@id\":\"https:\/\/blogs.santosochoa.es\/salamanca\/#website\",\"url\":\"https:\/\/blogs.santosochoa.es\/salamanca\/\",\"name\":\"Santos Ochoa Salamanca\",\"description\":\"Tu Librer\u00eda Online\",\"potentialAction\":[{\"@type\":\"SearchAction\",\"target\":{\"@type\":\"EntryPoint\",\"urlTemplate\":\"https:\/\/blogs.santosochoa.es\/salamanca\/?s={search_term_string}\"},\"query-input\":{\"@type\":\"PropertyValueSpecification\",\"valueRequired\":true,\"valueName\":\"search_term_string\"}}],\"inLanguage\":\"es\"},{\"@type\":\"Person\",\"@id\":\"https:\/\/blogs.santosochoa.es\/salamanca\/#\/schema\/person\/a125e75c96c8702907b25e61f1c0b772\",\"name\":\"Santos Ochoa Salamanca\"}]}<\/script>\n<!-- \/ Yoast SEO plugin. -->","yoast_head_json":{"title":"Est\u00e9tica del viaje - Santos Ochoa Salamanca","description":"Firma de libros de Rafael L\u00f3pez Borrego. \"Est\u00e9tica del viaje\". Jueves 15 de octubre, de 19:30 a 20:30 h.Librer\u00eda Santos Ochoa. Gran V\u00eda, 12. Salamanca","robots":{"index":"index","follow":"follow","max-snippet":"max-snippet:-1","max-image-preview":"max-image-preview:large","max-video-preview":"max-video-preview:-1"},"canonical":"https:\/\/blogs.santosochoa.es\/salamanca\/estetica-del-viaje\/","og_locale":"es_ES","og_type":"article","og_title":"Est\u00e9tica del viaje - Santos Ochoa Salamanca","og_description":"Firma de libros de Rafael L\u00f3pez Borrego. \"Est\u00e9tica del viaje\". Jueves 15 de octubre, de 19:30 a 20:30 h.Librer\u00eda Santos Ochoa. Gran V\u00eda, 12. Salamanca","og_url":"https:\/\/blogs.santosochoa.es\/salamanca\/estetica-del-viaje\/","og_site_name":"Santos Ochoa Salamanca","article_published_time":"2020-10-10T08:02:52+00:00","article_modified_time":"2020-10-10T08:16:06+00:00","og_image":[{"url":"https:\/\/blogs.santosochoa.es\/salamanca\/wp-content\/uploads\/sites\/3\/2020\/10\/estetica-del-viaje_rafael-lopez-borrego.jpg","type":"","width":"","height":""}],"author":"Santos Ochoa Salamanca","twitter_card":"summary_large_image","twitter_misc":{"Written by":"Santos Ochoa Salamanca","Est. reading time":"2 minutos"},"schema":{"@context":"https:\/\/schema.org","@graph":[{"@type":"Article","@id":"https:\/\/blogs.santosochoa.es\/salamanca\/estetica-del-viaje\/#article","isPartOf":{"@id":"https:\/\/blogs.santosochoa.es\/salamanca\/estetica-del-viaje\/"},"author":{"name":"Santos Ochoa Salamanca","@id":"https:\/\/blogs.santosochoa.es\/salamanca\/#\/schema\/person\/a125e75c96c8702907b25e61f1c0b772"},"headline":"Est\u00e9tica del viaje","datePublished":"2020-10-10T08:02:52+00:00","dateModified":"2020-10-10T08:16:06+00:00","mainEntityOfPage":{"@id":"https:\/\/blogs.santosochoa.es\/salamanca\/estetica-del-viaje\/"},"wordCount":481,"image":{"@id":"https:\/\/blogs.santosochoa.es\/salamanca\/estetica-del-viaje\/#primaryimage"},"thumbnailUrl":"https:\/\/blogs.santosochoa.es\/salamanca\/wp-content\/uploads\/sites\/3\/2020\/10\/estetica-del-viaje_rafael-lopez-borrego.jpg","articleSection":["libros","libros salamanca"],"inLanguage":"es"},{"@type":"WebPage","@id":"https:\/\/blogs.santosochoa.es\/salamanca\/estetica-del-viaje\/","url":"https:\/\/blogs.santosochoa.es\/salamanca\/estetica-del-viaje\/","name":"Est\u00e9tica del viaje - Santos Ochoa Salamanca","isPartOf":{"@id":"https:\/\/blogs.santosochoa.es\/salamanca\/#website"},"primaryImageOfPage":{"@id":"https:\/\/blogs.santosochoa.es\/salamanca\/estetica-del-viaje\/#primaryimage"},"image":{"@id":"https:\/\/blogs.santosochoa.es\/salamanca\/estetica-del-viaje\/#primaryimage"},"thumbnailUrl":"https:\/\/blogs.santosochoa.es\/salamanca\/wp-content\/uploads\/sites\/3\/2020\/10\/estetica-del-viaje_rafael-lopez-borrego.jpg","datePublished":"2020-10-10T08:02:52+00:00","dateModified":"2020-10-10T08:16:06+00:00","author":{"@id":"https:\/\/blogs.santosochoa.es\/salamanca\/#\/schema\/person\/a125e75c96c8702907b25e61f1c0b772"},"description":"Firma de libros de Rafael L\u00f3pez Borrego. \"Est\u00e9tica del viaje\". Jueves 15 de octubre, de 19:30 a 20:30 h.Librer\u00eda Santos Ochoa. Gran V\u00eda, 12. Salamanca","breadcrumb":{"@id":"https:\/\/blogs.santosochoa.es\/salamanca\/estetica-del-viaje\/#breadcrumb"},"inLanguage":"es","potentialAction":[{"@type":"ReadAction","target":["https:\/\/blogs.santosochoa.es\/salamanca\/estetica-del-viaje\/"]}]},{"@type":"ImageObject","inLanguage":"es","@id":"https:\/\/blogs.santosochoa.es\/salamanca\/estetica-del-viaje\/#primaryimage","url":"https:\/\/blogs.santosochoa.es\/salamanca\/wp-content\/uploads\/sites\/3\/2020\/10\/estetica-del-viaje_rafael-lopez-borrego.jpg","contentUrl":"https:\/\/blogs.santosochoa.es\/salamanca\/wp-content\/uploads\/sites\/3\/2020\/10\/estetica-del-viaje_rafael-lopez-borrego.jpg","width":600,"height":899},{"@type":"BreadcrumbList","@id":"https:\/\/blogs.santosochoa.es\/salamanca\/estetica-del-viaje\/#breadcrumb","itemListElement":[{"@type":"ListItem","position":1,"name":"Home","item":"https:\/\/blogs.santosochoa.es\/salamanca\/"},{"@type":"ListItem","position":2,"name":"Est\u00e9tica del viaje"}]},{"@type":"WebSite","@id":"https:\/\/blogs.santosochoa.es\/salamanca\/#website","url":"https:\/\/blogs.santosochoa.es\/salamanca\/","name":"Santos Ochoa Salamanca","description":"Tu Librer\u00eda Online","potentialAction":[{"@type":"SearchAction","target":{"@type":"EntryPoint","urlTemplate":"https:\/\/blogs.santosochoa.es\/salamanca\/?s={search_term_string}"},"query-input":{"@type":"PropertyValueSpecification","valueRequired":true,"valueName":"search_term_string"}}],"inLanguage":"es"},{"@type":"Person","@id":"https:\/\/blogs.santosochoa.es\/salamanca\/#\/schema\/person\/a125e75c96c8702907b25e61f1c0b772","name":"Santos Ochoa Salamanca"}]}},"_links":{"self":[{"href":"https:\/\/blogs.santosochoa.es\/salamanca\/wp-json\/wp\/v2\/posts\/890","targetHints":{"allow":["GET"]}}],"collection":[{"href":"https:\/\/blogs.santosochoa.es\/salamanca\/wp-json\/wp\/v2\/posts"}],"about":[{"href":"https:\/\/blogs.santosochoa.es\/salamanca\/wp-json\/wp\/v2\/types\/post"}],"author":[{"embeddable":true,"href":"https:\/\/blogs.santosochoa.es\/salamanca\/wp-json\/wp\/v2\/users\/2"}],"replies":[{"embeddable":true,"href":"https:\/\/blogs.santosochoa.es\/salamanca\/wp-json\/wp\/v2\/comments?post=890"}],"version-history":[{"count":1,"href":"https:\/\/blogs.santosochoa.es\/salamanca\/wp-json\/wp\/v2\/posts\/890\/revisions"}],"predecessor-version":[{"id":891,"href":"https:\/\/blogs.santosochoa.es\/salamanca\/wp-json\/wp\/v2\/posts\/890\/revisions\/891"}],"wp:attachment":[{"href":"https:\/\/blogs.santosochoa.es\/salamanca\/wp-json\/wp\/v2\/media?parent=890"}],"wp:term":[{"taxonomy":"category","embeddable":true,"href":"https:\/\/blogs.santosochoa.es\/salamanca\/wp-json\/wp\/v2\/categories?post=890"},{"taxonomy":"post_tag","embeddable":true,"href":"https:\/\/blogs.santosochoa.es\/salamanca\/wp-json\/wp\/v2\/tags?post=890"}],"curies":[{"name":"wp","href":"https:\/\/api.w.org\/{rel}","templated":true}]}}