{"id":871,"date":"2020-06-17T12:57:04","date_gmt":"2020-06-17T10:57:04","guid":{"rendered":"https:\/\/blogs.santosochoa.es\/salamanca\/?p=871"},"modified":"2020-06-17T12:57:05","modified_gmt":"2020-06-17T10:57:05","slug":"encuentro-virtual-con-santiago-posteguillo","status":"publish","type":"post","link":"https:\/\/blogs.santosochoa.es\/salamanca\/encuentro-virtual-con-santiago-posteguillo\/","title":{"rendered":"Encuentro virtual con Santiago Posteguillo"},"content":{"rendered":"\n<h2 class=\"wp-block-heading\"><strong>Santiago Posteguillo presenta&nbsp;<em>Y Julia ret\u00f3 a los dioses<\/em>, el desenlace de la saga de Julia Domna<\/strong><\/h2>\n\n\n\n<figure class=\"wp-block-image is-resized\"><img decoding=\"async\" src=\"https:\/\/blogs.santosochoa.es\/logrono\/wp-content\/uploads\/sites\/2\/2020\/06\/20200625-Banner-Santiago-Posteguillo-1024x635.jpg\" alt=\"\" class=\"wp-image-1928\" width=\"650\" \/><\/figure>\n\n\n\n<div style=\"height:30px\" aria-hidden=\"true\" class=\"wp-block-spacer\"><\/div>\n\n\n\n<h3 class=\"wp-block-heading\"><strong>Jueves 25\u00a0de junio, a las 18:30 h.<\/strong><\/h3>\n\n\n\n<h4 class=\"wp-block-heading\">En Instagram Live&nbsp;<a rel=\"noreferrer noopener\" href=\"https:\/\/www.instagram.com\/santosochoalog\/\" target=\"_blank\">@santosochoalog.&nbsp;<strong>Para conectarte, pincha aqu\u00ed<\/strong><\/a><\/h4>\n\n\n\n<div class=\"wp-block-image\"><figure class=\"alignleft is-resized\"><img decoding=\"async\" src=\"https:\/\/blogs.santosochoa.es\/logrono\/wp-content\/uploads\/sites\/2\/2020\/06\/y-julia-reto-a-los-dioses_santiago-posteguillo-674x1024.jpg\" alt=\"\" class=\"wp-image-1878\" width=\"200\" \/><\/figure><\/div>\n\n\n\n<p><strong>Cuando el enemigo es tu propio hijo\u2026 \u00bfexiste la victoria?<\/strong><\/p>\n\n\n\n<h5 class=\"wp-block-heading\"><strong>Mantenerse en lo alto es mucho m\u00e1s dif\u00edcil que llegar. Julia est\u00e1 en la c\u00faspide de su poder, pero la traici\u00f3n y la divisi\u00f3n familiar amenazan con echarlo todo a perder. Para colmo de males, el m\u00e9dico Galeno diagnostica que la emperatriz padece lo que \u00e9l, en griego, llama karkinos, y que los romanos, en lat\u00edn, denominan c\u00e1ncer. El enfrentamiento brutal entre sus dos hijos aboca la dinast\u00eda de Julia al colapso.<\/strong><\/h5>\n\n\n\n<p>En medio del dolor f\u00edsico y moral que padece la augusta, cualquiera se hubiera rendido. Se acumulan tantos desastres que Julia siente que es como si luchara contra los dioses de Roma. Pero, en medio del caos, una historia de amor m\u00e1s fuerte que la muerte, una pasi\u00f3n capaz de superar pruebas imposibles emerge al rescate de Julia. Nada est\u00e1 perdido. La partida por el control del imperio contin\u00faa.<\/p>\n\n\n\n<p><strong>Santiago Posteguillo<\/strong>&nbsp;es profesor de lengua y literatura en la Universidad Jaume I de Castell\u00f3n. Estudi\u00f3 literatura creativa en Estados Unidos y ling\u00fc\u00edstica, an\u00e1lisis del discurso y traducci\u00f3n en el Reino Unido. De 2006 a 2009 public\u00f3 su trilog\u00eda&nbsp;<em>Africanus<\/em>&nbsp;sobre Escipi\u00f3n y An\u00edbal y de 2011 a 2016 la trilog\u00eda sobre el emperador de origen hispano Marco Ulpio Trajano.&nbsp;<em>Yo, Julia<\/em>, Premio Planeta 2018, rescata del olvido la vida y la memoria de la emperatriz m\u00e1s poderosa de la antigua Roma, una mujer que transform\u00f3 su entorno y cambi\u00f3 el curso de la historia para siempre.<\/p>\n\n\n\n<p>Ha sido galardonado por la semana de novela hist\u00f3rica de Cartagena, obtuvo el Premio de las Letras de la Comunidad Valenciana en 2010 y el Premio Internacional de Novela Hist\u00f3rica de Barcelona en 2014. En 2015 fue proclamado escritor del a\u00f1o por la Generalitat\u00a0 Valenciana. Entre 2012 y 2017 public\u00f3 tambi\u00e9n tres vol\u00famenes de relatos sobre la historia de la literatura muy elogiados por cr\u00edtica y p\u00fablico. Santiago Posteguillo es Doctor por la Universidad de Valencia y ha impartido seminarios sobre ficci\u00f3n hist\u00f3rica en diversas universidades europeas y de Am\u00e9rica Latina. En 2018 ha sido profesor invitado del Sidney Sussex College de la Universidad de Cambridge.<\/p>\n\n\n\n<div style=\"height:50px\" aria-hidden=\"true\" class=\"wp-block-spacer\"><\/div>\n\n\n\n<h2 class=\"wp-block-heading\"><strong>Pr\u00f3ximo encuentro<\/strong><\/h2>\n\n\n\n<div class=\"wp-block-image\"><figure class=\"alignleft is-resized\"><img decoding=\"async\" src=\"https:\/\/blogs.santosochoa.es\/logrono\/wp-content\/uploads\/sites\/2\/2020\/06\/el-mentiroso_mikel-santiago.jpg\" alt=\"\" class=\"wp-image-1880\" width=\"100\" \/><\/figure><\/div>\n\n\n\n<h3 class=\"wp-block-heading\"><a href=\"https:\/\/blogs.santosochoa.es\/logrono\/eventos\/mikel-santiago-presenta-el-mentiroso\/\" target=\"_blank\" rel=\"noreferrer noopener\"><strong>Mikel Santiago presenta&nbsp;<em>El mentiroso<\/em>, un thriller que te enga\u00f1a hasta la \u00faltima p\u00e1gina<\/strong><\/a><\/h3>\n\n\n\n<h4 class=\"wp-block-heading\">Jueves 2 de julio, a las 18:30 h.<\/h4>\n\n\n\n<p><a rel=\"noreferrer noopener\" href=\"https:\/\/blogs.santosochoa.es\/logrono\/eventos\/mikel-santiago-presenta-el-mentiroso\/\" target=\"_blank\">M\u00e1s info\u2026<\/a><\/p>\n\n\n\n<div style=\"height:30px\" aria-hidden=\"true\" class=\"wp-block-spacer\"><\/div>\n\n\n\n<h2 class=\"wp-block-heading\"><strong>Encuentros anteriores<\/strong><\/h2>\n\n\n\n<div class=\"wp-block-image\"><figure class=\"alignright is-resized\"><img decoding=\"async\" src=\"https:\/\/blogs.santosochoa.es\/logrono\/wp-content\/uploads\/sites\/2\/2020\/05\/postales-del-este_reyes-monforte-659x1024.jpg\" alt=\"\" class=\"wp-image-1784\" width=\"100\" \/><\/figure><\/div>\n\n\n\n<h3 class=\"wp-block-heading\"><strong><a rel=\"noreferrer noopener\" href=\"https:\/\/www.instagram.com\/santosochoalog\/channel\/\" target=\"_blank\">Reyes Monforte, Sonsoles \u00d3nega, Care Santos, Santiago Castellanos, Andr\u00e9s Pascual, El\u00edsabet Benavent<\/a><\/strong><\/h3>\n\n\n\n<h4 class=\"wp-block-heading\">Si no pudiste verlos en directo, puedes disfrutar todos los v\u00eddeos en el canal de Instagram TV de @santosochoalog<\/h4>\n\n\n\n<p><a rel=\"noreferrer noopener\" href=\"https:\/\/www.instagram.com\/santosochoalog\/channel\/\" target=\"_blank\">Pincha aqu\u00ed<\/a><\/p>\n","protected":false},"excerpt":{"rendered":"<p>Agenda cultural. Santigago Posteguillo presenta \u00abY Julia ret\u00f3 a los dioses\u00bb, el desenlace de la saga de Julia Domna. Jueves 2 de julio a las 18:30 h.<\/p>\n","protected":false},"author":2,"featured_media":872,"comment_status":"closed","ping_status":"closed","sticky":false,"template":"","format":"standard","meta":{"footnotes":""},"categories":[18,9],"tags":[],"class_list":["post-871","post","type-post","status-publish","format-standard","has-post-thumbnail","hentry","category-contigoencasa","category-libros"],"yoast_head":"<!-- This site is optimized with the Yoast SEO plugin v27.2 - https:\/\/yoast.com\/product\/yoast-seo-wordpress\/ -->\n<title>Encuentro virtual con Santiago Posteguillo - Santos Ochoa Salamanca<\/title>\n<meta name=\"description\" content=\"Agenda cultural. Santigago Posteguillo presenta &quot;Y Julia ret\u00f3 a los dioses&quot;, el desenlace de la saga de Julia Domna. Jueves 2 de julio a las 18:30 h.\" \/>\n<meta name=\"robots\" content=\"index, follow, max-snippet:-1, max-image-preview:large, max-video-preview:-1\" \/>\n<link rel=\"canonical\" href=\"https:\/\/blogs.santosochoa.es\/salamanca\/encuentro-virtual-con-santiago-posteguillo\/\" \/>\n<meta property=\"og:locale\" content=\"es_ES\" \/>\n<meta property=\"og:type\" content=\"article\" \/>\n<meta property=\"og:title\" content=\"Encuentro virtual con Santiago Posteguillo - Santos Ochoa Salamanca\" \/>\n<meta property=\"og:description\" content=\"Agenda cultural. Santigago Posteguillo presenta &quot;Y Julia ret\u00f3 a los dioses&quot;, el desenlace de la saga de Julia Domna. Jueves 2 de julio a las 18:30 h.\" \/>\n<meta property=\"og:url\" content=\"https:\/\/blogs.santosochoa.es\/salamanca\/encuentro-virtual-con-santiago-posteguillo\/\" \/>\n<meta property=\"og:site_name\" content=\"Santos Ochoa Salamanca\" \/>\n<meta property=\"article:published_time\" content=\"2020-06-17T10:57:04+00:00\" \/>\n<meta property=\"article:modified_time\" content=\"2020-06-17T10:57:05+00:00\" \/>\n<meta property=\"og:image\" content=\"https:\/\/blogs.santosochoa.es\/salamanca\/wp-content\/uploads\/sites\/3\/2020\/06\/20200625-Banner-Santiago-Posteguillo.jpg\" \/>\n\t<meta property=\"og:image:width\" content=\"1144\" \/>\n\t<meta property=\"og:image:height\" content=\"709\" \/>\n\t<meta property=\"og:image:type\" content=\"image\/jpeg\" \/>\n<meta name=\"author\" content=\"Santos Ochoa Salamanca\" \/>\n<meta name=\"twitter:card\" content=\"summary_large_image\" \/>\n<meta name=\"twitter:label1\" content=\"Written by\" \/>\n\t<meta name=\"twitter:data1\" content=\"Santos Ochoa Salamanca\" \/>\n\t<meta name=\"twitter:label2\" content=\"Est. reading time\" \/>\n\t<meta name=\"twitter:data2\" content=\"2 minutos\" \/>\n<script type=\"application\/ld+json\" class=\"yoast-schema-graph\">{\"@context\":\"https:\/\/schema.org\",\"@graph\":[{\"@type\":\"Article\",\"@id\":\"https:\/\/blogs.santosochoa.es\/salamanca\/encuentro-virtual-con-santiago-posteguillo\/#article\",\"isPartOf\":{\"@id\":\"https:\/\/blogs.santosochoa.es\/salamanca\/encuentro-virtual-con-santiago-posteguillo\/\"},\"author\":{\"name\":\"Santos Ochoa Salamanca\",\"@id\":\"https:\/\/blogs.santosochoa.es\/salamanca\/#\/schema\/person\/a125e75c96c8702907b25e61f1c0b772\"},\"headline\":\"Encuentro virtual con Santiago Posteguillo\",\"datePublished\":\"2020-06-17T10:57:04+00:00\",\"dateModified\":\"2020-06-17T10:57:05+00:00\",\"mainEntityOfPage\":{\"@id\":\"https:\/\/blogs.santosochoa.es\/salamanca\/encuentro-virtual-con-santiago-posteguillo\/\"},\"wordCount\":485,\"image\":{\"@id\":\"https:\/\/blogs.santosochoa.es\/salamanca\/encuentro-virtual-con-santiago-posteguillo\/#primaryimage\"},\"thumbnailUrl\":\"https:\/\/blogs.santosochoa.es\/salamanca\/wp-content\/uploads\/sites\/3\/2020\/06\/20200625-Banner-Santiago-Posteguillo.jpg\",\"articleSection\":[\"contigoencasa\",\"libros\"],\"inLanguage\":\"es\"},{\"@type\":\"WebPage\",\"@id\":\"https:\/\/blogs.santosochoa.es\/salamanca\/encuentro-virtual-con-santiago-posteguillo\/\",\"url\":\"https:\/\/blogs.santosochoa.es\/salamanca\/encuentro-virtual-con-santiago-posteguillo\/\",\"name\":\"Encuentro virtual con Santiago Posteguillo - Santos Ochoa Salamanca\",\"isPartOf\":{\"@id\":\"https:\/\/blogs.santosochoa.es\/salamanca\/#website\"},\"primaryImageOfPage\":{\"@id\":\"https:\/\/blogs.santosochoa.es\/salamanca\/encuentro-virtual-con-santiago-posteguillo\/#primaryimage\"},\"image\":{\"@id\":\"https:\/\/blogs.santosochoa.es\/salamanca\/encuentro-virtual-con-santiago-posteguillo\/#primaryimage\"},\"thumbnailUrl\":\"https:\/\/blogs.santosochoa.es\/salamanca\/wp-content\/uploads\/sites\/3\/2020\/06\/20200625-Banner-Santiago-Posteguillo.jpg\",\"datePublished\":\"2020-06-17T10:57:04+00:00\",\"dateModified\":\"2020-06-17T10:57:05+00:00\",\"author\":{\"@id\":\"https:\/\/blogs.santosochoa.es\/salamanca\/#\/schema\/person\/a125e75c96c8702907b25e61f1c0b772\"},\"description\":\"Agenda cultural. Santigago Posteguillo presenta \\\"Y Julia ret\u00f3 a los dioses\\\", el desenlace de la saga de Julia Domna. Jueves 2 de julio a las 18:30 h.\",\"breadcrumb\":{\"@id\":\"https:\/\/blogs.santosochoa.es\/salamanca\/encuentro-virtual-con-santiago-posteguillo\/#breadcrumb\"},\"inLanguage\":\"es\",\"potentialAction\":[{\"@type\":\"ReadAction\",\"target\":[\"https:\/\/blogs.santosochoa.es\/salamanca\/encuentro-virtual-con-santiago-posteguillo\/\"]}]},{\"@type\":\"ImageObject\",\"inLanguage\":\"es\",\"@id\":\"https:\/\/blogs.santosochoa.es\/salamanca\/encuentro-virtual-con-santiago-posteguillo\/#primaryimage\",\"url\":\"https:\/\/blogs.santosochoa.es\/salamanca\/wp-content\/uploads\/sites\/3\/2020\/06\/20200625-Banner-Santiago-Posteguillo.jpg\",\"contentUrl\":\"https:\/\/blogs.santosochoa.es\/salamanca\/wp-content\/uploads\/sites\/3\/2020\/06\/20200625-Banner-Santiago-Posteguillo.jpg\",\"width\":1144,\"height\":709},{\"@type\":\"BreadcrumbList\",\"@id\":\"https:\/\/blogs.santosochoa.es\/salamanca\/encuentro-virtual-con-santiago-posteguillo\/#breadcrumb\",\"itemListElement\":[{\"@type\":\"ListItem\",\"position\":1,\"name\":\"Home\",\"item\":\"https:\/\/blogs.santosochoa.es\/salamanca\/\"},{\"@type\":\"ListItem\",\"position\":2,\"name\":\"Encuentro virtual con Santiago Posteguillo\"}]},{\"@type\":\"WebSite\",\"@id\":\"https:\/\/blogs.santosochoa.es\/salamanca\/#website\",\"url\":\"https:\/\/blogs.santosochoa.es\/salamanca\/\",\"name\":\"Santos Ochoa Salamanca\",\"description\":\"Tu Librer\u00eda Online\",\"potentialAction\":[{\"@type\":\"SearchAction\",\"target\":{\"@type\":\"EntryPoint\",\"urlTemplate\":\"https:\/\/blogs.santosochoa.es\/salamanca\/?s={search_term_string}\"},\"query-input\":{\"@type\":\"PropertyValueSpecification\",\"valueRequired\":true,\"valueName\":\"search_term_string\"}}],\"inLanguage\":\"es\"},{\"@type\":\"Person\",\"@id\":\"https:\/\/blogs.santosochoa.es\/salamanca\/#\/schema\/person\/a125e75c96c8702907b25e61f1c0b772\",\"name\":\"Santos Ochoa Salamanca\"}]}<\/script>\n<!-- \/ Yoast SEO plugin. -->","yoast_head_json":{"title":"Encuentro virtual con Santiago Posteguillo - Santos Ochoa Salamanca","description":"Agenda cultural. Santigago Posteguillo presenta \"Y Julia ret\u00f3 a los dioses\", el desenlace de la saga de Julia Domna. Jueves 2 de julio a las 18:30 h.","robots":{"index":"index","follow":"follow","max-snippet":"max-snippet:-1","max-image-preview":"max-image-preview:large","max-video-preview":"max-video-preview:-1"},"canonical":"https:\/\/blogs.santosochoa.es\/salamanca\/encuentro-virtual-con-santiago-posteguillo\/","og_locale":"es_ES","og_type":"article","og_title":"Encuentro virtual con Santiago Posteguillo - Santos Ochoa Salamanca","og_description":"Agenda cultural. Santigago Posteguillo presenta \"Y Julia ret\u00f3 a los dioses\", el desenlace de la saga de Julia Domna. Jueves 2 de julio a las 18:30 h.","og_url":"https:\/\/blogs.santosochoa.es\/salamanca\/encuentro-virtual-con-santiago-posteguillo\/","og_site_name":"Santos Ochoa Salamanca","article_published_time":"2020-06-17T10:57:04+00:00","article_modified_time":"2020-06-17T10:57:05+00:00","og_image":[{"width":1144,"height":709,"url":"https:\/\/blogs.santosochoa.es\/salamanca\/wp-content\/uploads\/sites\/3\/2020\/06\/20200625-Banner-Santiago-Posteguillo.jpg","type":"image\/jpeg"}],"author":"Santos Ochoa Salamanca","twitter_card":"summary_large_image","twitter_misc":{"Written by":"Santos Ochoa Salamanca","Est. reading time":"2 minutos"},"schema":{"@context":"https:\/\/schema.org","@graph":[{"@type":"Article","@id":"https:\/\/blogs.santosochoa.es\/salamanca\/encuentro-virtual-con-santiago-posteguillo\/#article","isPartOf":{"@id":"https:\/\/blogs.santosochoa.es\/salamanca\/encuentro-virtual-con-santiago-posteguillo\/"},"author":{"name":"Santos Ochoa Salamanca","@id":"https:\/\/blogs.santosochoa.es\/salamanca\/#\/schema\/person\/a125e75c96c8702907b25e61f1c0b772"},"headline":"Encuentro virtual con Santiago Posteguillo","datePublished":"2020-06-17T10:57:04+00:00","dateModified":"2020-06-17T10:57:05+00:00","mainEntityOfPage":{"@id":"https:\/\/blogs.santosochoa.es\/salamanca\/encuentro-virtual-con-santiago-posteguillo\/"},"wordCount":485,"image":{"@id":"https:\/\/blogs.santosochoa.es\/salamanca\/encuentro-virtual-con-santiago-posteguillo\/#primaryimage"},"thumbnailUrl":"https:\/\/blogs.santosochoa.es\/salamanca\/wp-content\/uploads\/sites\/3\/2020\/06\/20200625-Banner-Santiago-Posteguillo.jpg","articleSection":["contigoencasa","libros"],"inLanguage":"es"},{"@type":"WebPage","@id":"https:\/\/blogs.santosochoa.es\/salamanca\/encuentro-virtual-con-santiago-posteguillo\/","url":"https:\/\/blogs.santosochoa.es\/salamanca\/encuentro-virtual-con-santiago-posteguillo\/","name":"Encuentro virtual con Santiago Posteguillo - Santos Ochoa Salamanca","isPartOf":{"@id":"https:\/\/blogs.santosochoa.es\/salamanca\/#website"},"primaryImageOfPage":{"@id":"https:\/\/blogs.santosochoa.es\/salamanca\/encuentro-virtual-con-santiago-posteguillo\/#primaryimage"},"image":{"@id":"https:\/\/blogs.santosochoa.es\/salamanca\/encuentro-virtual-con-santiago-posteguillo\/#primaryimage"},"thumbnailUrl":"https:\/\/blogs.santosochoa.es\/salamanca\/wp-content\/uploads\/sites\/3\/2020\/06\/20200625-Banner-Santiago-Posteguillo.jpg","datePublished":"2020-06-17T10:57:04+00:00","dateModified":"2020-06-17T10:57:05+00:00","author":{"@id":"https:\/\/blogs.santosochoa.es\/salamanca\/#\/schema\/person\/a125e75c96c8702907b25e61f1c0b772"},"description":"Agenda cultural. Santigago Posteguillo presenta \"Y Julia ret\u00f3 a los dioses\", el desenlace de la saga de Julia Domna. Jueves 2 de julio a las 18:30 h.","breadcrumb":{"@id":"https:\/\/blogs.santosochoa.es\/salamanca\/encuentro-virtual-con-santiago-posteguillo\/#breadcrumb"},"inLanguage":"es","potentialAction":[{"@type":"ReadAction","target":["https:\/\/blogs.santosochoa.es\/salamanca\/encuentro-virtual-con-santiago-posteguillo\/"]}]},{"@type":"ImageObject","inLanguage":"es","@id":"https:\/\/blogs.santosochoa.es\/salamanca\/encuentro-virtual-con-santiago-posteguillo\/#primaryimage","url":"https:\/\/blogs.santosochoa.es\/salamanca\/wp-content\/uploads\/sites\/3\/2020\/06\/20200625-Banner-Santiago-Posteguillo.jpg","contentUrl":"https:\/\/blogs.santosochoa.es\/salamanca\/wp-content\/uploads\/sites\/3\/2020\/06\/20200625-Banner-Santiago-Posteguillo.jpg","width":1144,"height":709},{"@type":"BreadcrumbList","@id":"https:\/\/blogs.santosochoa.es\/salamanca\/encuentro-virtual-con-santiago-posteguillo\/#breadcrumb","itemListElement":[{"@type":"ListItem","position":1,"name":"Home","item":"https:\/\/blogs.santosochoa.es\/salamanca\/"},{"@type":"ListItem","position":2,"name":"Encuentro virtual con Santiago Posteguillo"}]},{"@type":"WebSite","@id":"https:\/\/blogs.santosochoa.es\/salamanca\/#website","url":"https:\/\/blogs.santosochoa.es\/salamanca\/","name":"Santos Ochoa Salamanca","description":"Tu Librer\u00eda Online","potentialAction":[{"@type":"SearchAction","target":{"@type":"EntryPoint","urlTemplate":"https:\/\/blogs.santosochoa.es\/salamanca\/?s={search_term_string}"},"query-input":{"@type":"PropertyValueSpecification","valueRequired":true,"valueName":"search_term_string"}}],"inLanguage":"es"},{"@type":"Person","@id":"https:\/\/blogs.santosochoa.es\/salamanca\/#\/schema\/person\/a125e75c96c8702907b25e61f1c0b772","name":"Santos Ochoa Salamanca"}]}},"_links":{"self":[{"href":"https:\/\/blogs.santosochoa.es\/salamanca\/wp-json\/wp\/v2\/posts\/871","targetHints":{"allow":["GET"]}}],"collection":[{"href":"https:\/\/blogs.santosochoa.es\/salamanca\/wp-json\/wp\/v2\/posts"}],"about":[{"href":"https:\/\/blogs.santosochoa.es\/salamanca\/wp-json\/wp\/v2\/types\/post"}],"author":[{"embeddable":true,"href":"https:\/\/blogs.santosochoa.es\/salamanca\/wp-json\/wp\/v2\/users\/2"}],"replies":[{"embeddable":true,"href":"https:\/\/blogs.santosochoa.es\/salamanca\/wp-json\/wp\/v2\/comments?post=871"}],"version-history":[{"count":2,"href":"https:\/\/blogs.santosochoa.es\/salamanca\/wp-json\/wp\/v2\/posts\/871\/revisions"}],"predecessor-version":[{"id":874,"href":"https:\/\/blogs.santosochoa.es\/salamanca\/wp-json\/wp\/v2\/posts\/871\/revisions\/874"}],"wp:featuredmedia":[{"embeddable":true,"href":"https:\/\/blogs.santosochoa.es\/salamanca\/wp-json\/wp\/v2\/media\/872"}],"wp:attachment":[{"href":"https:\/\/blogs.santosochoa.es\/salamanca\/wp-json\/wp\/v2\/media?parent=871"}],"wp:term":[{"taxonomy":"category","embeddable":true,"href":"https:\/\/blogs.santosochoa.es\/salamanca\/wp-json\/wp\/v2\/categories?post=871"},{"taxonomy":"post_tag","embeddable":true,"href":"https:\/\/blogs.santosochoa.es\/salamanca\/wp-json\/wp\/v2\/tags?post=871"}],"curies":[{"name":"wp","href":"https:\/\/api.w.org\/{rel}","templated":true}]}}