{"id":852,"date":"2020-05-28T12:16:39","date_gmt":"2020-05-28T10:16:39","guid":{"rendered":"https:\/\/blogs.santosochoa.es\/salamanca\/?p=852"},"modified":"2020-05-28T12:16:41","modified_gmt":"2020-05-28T10:16:41","slug":"seguire-tus-pasos","status":"publish","type":"post","link":"https:\/\/blogs.santosochoa.es\/salamanca\/seguire-tus-pasos\/","title":{"rendered":"Seguir\u00e9 tus pasos"},"content":{"rendered":"\n<h2 class=\"wp-block-heading\"><strong>Care Santos presenta&nbsp;<em>Seguir\u00e9 tus pasos<\/em>, una novela sobre las verdades que se esconden en el pasado<\/strong><\/h2>\n\n\n\n<figure class=\"wp-block-image\"><img decoding=\"async\" src=\"https:\/\/blogs.santosochoa.es\/logrono\/wp-content\/uploads\/sites\/2\/2020\/05\/20200604-Banner-Care-Santos.jpg\" alt=\"\" class=\"wp-image-1805\" \/><\/figure>\n\n\n\n<div style=\"height:30px\" aria-hidden=\"true\" class=\"wp-block-spacer\"><\/div>\n\n\n\n<h3 class=\"wp-block-heading\"><strong>Jueves 4\u00a0de junio, a las 18:30 h.<\/strong><\/h3>\n\n\n\n<h4 class=\"wp-block-heading\">En Instagram Live&nbsp;<a rel=\"noreferrer noopener\" href=\"https:\/\/www.instagram.com\/santosochoalog\/\" target=\"_blank\"><strong>@santosochoalog. Para conectarte, pincha aqu\u00ed<\/strong><\/a><\/h4>\n\n\n\n<div class=\"wp-block-image\"><figure class=\"alignright is-resized\"><img decoding=\"async\" src=\"https:\/\/blogs.santosochoa.es\/logrono\/wp-content\/uploads\/sites\/2\/2020\/05\/seguire-tus-pasos_care-santos-600x1024.jpg\" alt=\"\" class=\"wp-image-1734\" width=\"200\" \/><\/figure><\/div>\n\n\n\n<p><strong>Nunca estamos preparados para saberlo todo\u2026<\/strong><\/p>\n\n\n\n<h5 class=\"wp-block-heading\"><strong>Reina, una mujer acostumbrada a tomar sus propias decisiones, recibe una llamada inesperada que puede cambiarlo todo: ha aparecido una carta repleta de secretos que su destinataria nunca ley\u00f3 y que revela una nueva verdad. Al mismo tiempo, alguien pretende abrir la tumba de su padre, Jos\u00e9 Gen\u00e9, muerto en extra\u00f1as circunstancias hace m\u00e1s de cuarenta y cuatro a\u00f1os en un pueblo de los Pirineos.<\/strong><\/h5>\n\n\n\n<p>La historia de su padre, y de aquellos que lo rodearon, llevar\u00e1 a la protagonista hasta Conques, una peque\u00f1a localidad de la provincia de Lleida, pero tambi\u00e9n a un d\u00eda de un pasado lejano, el 26 de enero de 1939, cuando las tropas de Franco tomaron Barcelona. Un d\u00eda de vencedores y vencidos despu\u00e9s del cual nada volvi\u00f3 a ser como antes.<\/p>\n\n\n\n<p>Care Santos reflexiona sobre la necesidad de conocer la aut\u00e9ntica verdad que esconde nuestro pasado en una novela absolutamente fascinante.<\/p>\n\n\n\n<p><strong>Care Santos<\/strong>\u00a0(Matar\u00f3, 1970) es autora de doce novelas, entre las que destacan\u00a0<em>Habitaciones cerradas<\/em>\u00a0(2011), adaptada a la televisi\u00f3n en 2014,\u00a0<em>El aire que respiras<\/em>\u00a0(2013),\u00a0<em>Deseo de chocolate<\/em>\u00a0(Premio Ramon Llull 2014),\u00a0<em>Diamante azul<\/em>\u00a0(2015),\u00a0<em>Media vida<\/em>\u00a0(Premio Nadal 2017) y\u00a0<em>Todo el bien y todo el mal<\/em>\u00a0(2018). Su obra ha sido traducida a m\u00e1s de veinte idiomas, entre ellos el ingl\u00e9s, el alem\u00e1n, el franc\u00e9s, el sueco, el italiano y el holand\u00e9s. Es colaboradora habitual de El Peri\u00f3dico de Catalunya.<\/p>\n\n\n\n<div style=\"height:50px\" aria-hidden=\"true\" class=\"wp-block-spacer\"><\/div>\n\n\n\n<h2 class=\"wp-block-heading\"><strong>M\u00e1s encuentros virtuales\u2026<\/strong><\/h2>\n\n\n\n<div class=\"wp-block-image\"><figure class=\"alignleft is-resized\"><img loading=\"lazy\" decoding=\"async\" src=\"https:\/\/blogs.santosochoa.es\/logrono\/wp-content\/uploads\/sites\/2\/2020\/05\/tic-tac-miranda_mikel-alvira.jpg\" alt=\"\" class=\"wp-image-1801\" width=\"100\" height=\"165\" \/><\/figure><\/div>\n\n\n\n<h3 class=\"wp-block-heading\"><strong>Mikel Alvira presenta&nbsp;<em>Tic tac Miranda<\/em>, una novela repleta de drama, humor y vitalismo<\/strong><\/h3>\n\n\n\n<h4 class=\"wp-block-heading\">Mi\u00e9rcoles 10 de junio, a las 18:30 h.<\/h4>\n\n\n\n<p><a rel=\"noreferrer noopener\" href=\"https:\/\/blogs.santosochoa.es\/logrono\/eventos\/mikel-alvira-presenta-tic-tac-miranda\/\" target=\"_blank\">M\u00e1s info\u2026<\/a><\/p>\n\n\n\n<div style=\"height:30px\" aria-hidden=\"true\" class=\"wp-block-spacer\"><\/div>\n\n\n\n<div class=\"wp-block-image\"><figure class=\"alignright is-resized\"><img loading=\"lazy\" decoding=\"async\" src=\"https:\/\/blogs.santosochoa.es\/logrono\/wp-content\/uploads\/sites\/2\/2020\/05\/mil-besos-prohibidos_sonsoles-onega-669x1024.jpg\" alt=\"\" class=\"wp-image-1803\" width=\"100\" height=\"152\" \/><\/figure><\/div>\n\n\n\n<h3 class=\"wp-block-heading\"><strong>Sonsoles \u00d3nega presenta&nbsp;<em>Mil besos prohibidos<\/em>, una historia de pasiones y luchas internas<\/strong><\/h3>\n\n\n\n<h4 class=\"wp-block-heading\">Jueves 11 de junio, a las 18:30 h.<\/h4>\n\n\n\n<p><a href=\"https:\/\/blogs.santosochoa.es\/logrono\/eventos\/sonsoles-onega-presenta-mil-besos-prohibidos\/\" target=\"_blank\" rel=\"noreferrer noopener\">M\u00e1s info\u2026<\/a><\/p>\n","protected":false},"excerpt":{"rendered":"<p>Care Santos presenta&nbsp;Seguir\u00e9 tus pasos, una novela sobre las verdades que se esconden en el pasado Jueves 4\u00a0de junio, a las 18:30 h. En Instagram Live&nbsp;@santosochoalog. Para conectarte, pincha aqu\u00ed Nunca estamos preparados para saberlo todo\u2026 Reina, una mujer acostumbrada a tomar sus propias decisiones, recibe una llamada inesperada que puede cambiarlo todo: ha aparecido [&hellip;]<\/p>\n","protected":false},"author":2,"featured_media":853,"comment_status":"closed","ping_status":"closed","sticky":false,"template":"","format":"standard","meta":{"footnotes":""},"categories":[18,9],"tags":[],"class_list":["post-852","post","type-post","status-publish","format-standard","has-post-thumbnail","hentry","category-contigoencasa","category-libros"],"yoast_head":"<!-- This site is optimized with the Yoast SEO plugin v27.2 - https:\/\/yoast.com\/product\/yoast-seo-wordpress\/ -->\n<title>Seguir\u00e9 tus pasos - Santos Ochoa Salamanca<\/title>\n<meta name=\"description\" content=\"Agenda cultural. Care Santos presenta &quot;Seguir\u00e9 tus pasos&quot;, una novela sobre las verdades que se esconden en el pasado. Jueves 4 de junio de 2020\" \/>\n<meta name=\"robots\" content=\"index, follow, max-snippet:-1, max-image-preview:large, max-video-preview:-1\" \/>\n<link rel=\"canonical\" href=\"https:\/\/blogs.santosochoa.es\/salamanca\/seguire-tus-pasos\/\" \/>\n<meta property=\"og:locale\" content=\"es_ES\" \/>\n<meta property=\"og:type\" content=\"article\" \/>\n<meta property=\"og:title\" content=\"Seguir\u00e9 tus pasos - Santos Ochoa Salamanca\" \/>\n<meta property=\"og:description\" content=\"Agenda cultural. Care Santos presenta &quot;Seguir\u00e9 tus pasos&quot;, una novela sobre las verdades que se esconden en el pasado. Jueves 4 de junio de 2020\" \/>\n<meta property=\"og:url\" content=\"https:\/\/blogs.santosochoa.es\/salamanca\/seguire-tus-pasos\/\" \/>\n<meta property=\"og:site_name\" content=\"Santos Ochoa Salamanca\" \/>\n<meta property=\"article:published_time\" content=\"2020-05-28T10:16:39+00:00\" \/>\n<meta property=\"article:modified_time\" content=\"2020-05-28T10:16:41+00:00\" \/>\n<meta property=\"og:image\" content=\"https:\/\/blogs.santosochoa.es\/salamanca\/wp-content\/uploads\/sites\/3\/2020\/05\/20200604-Banner-Care-Santos.jpg\" \/>\n\t<meta property=\"og:image:width\" content=\"790\" \/>\n\t<meta property=\"og:image:height\" content=\"472\" \/>\n\t<meta property=\"og:image:type\" content=\"image\/jpeg\" \/>\n<meta name=\"author\" content=\"Santos Ochoa Salamanca\" \/>\n<meta name=\"twitter:card\" content=\"summary_large_image\" \/>\n<meta name=\"twitter:label1\" content=\"Written by\" \/>\n\t<meta name=\"twitter:data1\" content=\"Santos Ochoa Salamanca\" \/>\n\t<meta name=\"twitter:label2\" content=\"Est. reading time\" \/>\n\t<meta name=\"twitter:data2\" content=\"2 minutos\" \/>\n<script type=\"application\/ld+json\" class=\"yoast-schema-graph\">{\"@context\":\"https:\/\/schema.org\",\"@graph\":[{\"@type\":\"Article\",\"@id\":\"https:\/\/blogs.santosochoa.es\/salamanca\/seguire-tus-pasos\/#article\",\"isPartOf\":{\"@id\":\"https:\/\/blogs.santosochoa.es\/salamanca\/seguire-tus-pasos\/\"},\"author\":{\"name\":\"Santos Ochoa Salamanca\",\"@id\":\"https:\/\/blogs.santosochoa.es\/salamanca\/#\/schema\/person\/a125e75c96c8702907b25e61f1c0b772\"},\"headline\":\"Seguir\u00e9 tus pasos\",\"datePublished\":\"2020-05-28T10:16:39+00:00\",\"dateModified\":\"2020-05-28T10:16:41+00:00\",\"mainEntityOfPage\":{\"@id\":\"https:\/\/blogs.santosochoa.es\/salamanca\/seguire-tus-pasos\/\"},\"wordCount\":331,\"image\":{\"@id\":\"https:\/\/blogs.santosochoa.es\/salamanca\/seguire-tus-pasos\/#primaryimage\"},\"thumbnailUrl\":\"https:\/\/blogs.santosochoa.es\/salamanca\/wp-content\/uploads\/sites\/3\/2020\/05\/20200604-Banner-Care-Santos.jpg\",\"articleSection\":[\"contigoencasa\",\"libros\"],\"inLanguage\":\"es\"},{\"@type\":\"WebPage\",\"@id\":\"https:\/\/blogs.santosochoa.es\/salamanca\/seguire-tus-pasos\/\",\"url\":\"https:\/\/blogs.santosochoa.es\/salamanca\/seguire-tus-pasos\/\",\"name\":\"Seguir\u00e9 tus pasos - Santos Ochoa Salamanca\",\"isPartOf\":{\"@id\":\"https:\/\/blogs.santosochoa.es\/salamanca\/#website\"},\"primaryImageOfPage\":{\"@id\":\"https:\/\/blogs.santosochoa.es\/salamanca\/seguire-tus-pasos\/#primaryimage\"},\"image\":{\"@id\":\"https:\/\/blogs.santosochoa.es\/salamanca\/seguire-tus-pasos\/#primaryimage\"},\"thumbnailUrl\":\"https:\/\/blogs.santosochoa.es\/salamanca\/wp-content\/uploads\/sites\/3\/2020\/05\/20200604-Banner-Care-Santos.jpg\",\"datePublished\":\"2020-05-28T10:16:39+00:00\",\"dateModified\":\"2020-05-28T10:16:41+00:00\",\"author\":{\"@id\":\"https:\/\/blogs.santosochoa.es\/salamanca\/#\/schema\/person\/a125e75c96c8702907b25e61f1c0b772\"},\"description\":\"Agenda cultural. Care Santos presenta \\\"Seguir\u00e9 tus pasos\\\", una novela sobre las verdades que se esconden en el pasado. Jueves 4 de junio de 2020\",\"breadcrumb\":{\"@id\":\"https:\/\/blogs.santosochoa.es\/salamanca\/seguire-tus-pasos\/#breadcrumb\"},\"inLanguage\":\"es\",\"potentialAction\":[{\"@type\":\"ReadAction\",\"target\":[\"https:\/\/blogs.santosochoa.es\/salamanca\/seguire-tus-pasos\/\"]}]},{\"@type\":\"ImageObject\",\"inLanguage\":\"es\",\"@id\":\"https:\/\/blogs.santosochoa.es\/salamanca\/seguire-tus-pasos\/#primaryimage\",\"url\":\"https:\/\/blogs.santosochoa.es\/salamanca\/wp-content\/uploads\/sites\/3\/2020\/05\/20200604-Banner-Care-Santos.jpg\",\"contentUrl\":\"https:\/\/blogs.santosochoa.es\/salamanca\/wp-content\/uploads\/sites\/3\/2020\/05\/20200604-Banner-Care-Santos.jpg\",\"width\":790,\"height\":472},{\"@type\":\"BreadcrumbList\",\"@id\":\"https:\/\/blogs.santosochoa.es\/salamanca\/seguire-tus-pasos\/#breadcrumb\",\"itemListElement\":[{\"@type\":\"ListItem\",\"position\":1,\"name\":\"Home\",\"item\":\"https:\/\/blogs.santosochoa.es\/salamanca\/\"},{\"@type\":\"ListItem\",\"position\":2,\"name\":\"Seguir\u00e9 tus pasos\"}]},{\"@type\":\"WebSite\",\"@id\":\"https:\/\/blogs.santosochoa.es\/salamanca\/#website\",\"url\":\"https:\/\/blogs.santosochoa.es\/salamanca\/\",\"name\":\"Santos Ochoa Salamanca\",\"description\":\"Tu Librer\u00eda Online\",\"potentialAction\":[{\"@type\":\"SearchAction\",\"target\":{\"@type\":\"EntryPoint\",\"urlTemplate\":\"https:\/\/blogs.santosochoa.es\/salamanca\/?s={search_term_string}\"},\"query-input\":{\"@type\":\"PropertyValueSpecification\",\"valueRequired\":true,\"valueName\":\"search_term_string\"}}],\"inLanguage\":\"es\"},{\"@type\":\"Person\",\"@id\":\"https:\/\/blogs.santosochoa.es\/salamanca\/#\/schema\/person\/a125e75c96c8702907b25e61f1c0b772\",\"name\":\"Santos Ochoa Salamanca\"}]}<\/script>\n<!-- \/ Yoast SEO plugin. -->","yoast_head_json":{"title":"Seguir\u00e9 tus pasos - Santos Ochoa Salamanca","description":"Agenda cultural. Care Santos presenta \"Seguir\u00e9 tus pasos\", una novela sobre las verdades que se esconden en el pasado. Jueves 4 de junio de 2020","robots":{"index":"index","follow":"follow","max-snippet":"max-snippet:-1","max-image-preview":"max-image-preview:large","max-video-preview":"max-video-preview:-1"},"canonical":"https:\/\/blogs.santosochoa.es\/salamanca\/seguire-tus-pasos\/","og_locale":"es_ES","og_type":"article","og_title":"Seguir\u00e9 tus pasos - Santos Ochoa Salamanca","og_description":"Agenda cultural. Care Santos presenta \"Seguir\u00e9 tus pasos\", una novela sobre las verdades que se esconden en el pasado. Jueves 4 de junio de 2020","og_url":"https:\/\/blogs.santosochoa.es\/salamanca\/seguire-tus-pasos\/","og_site_name":"Santos Ochoa Salamanca","article_published_time":"2020-05-28T10:16:39+00:00","article_modified_time":"2020-05-28T10:16:41+00:00","og_image":[{"width":790,"height":472,"url":"https:\/\/blogs.santosochoa.es\/salamanca\/wp-content\/uploads\/sites\/3\/2020\/05\/20200604-Banner-Care-Santos.jpg","type":"image\/jpeg"}],"author":"Santos Ochoa Salamanca","twitter_card":"summary_large_image","twitter_misc":{"Written by":"Santos Ochoa Salamanca","Est. reading time":"2 minutos"},"schema":{"@context":"https:\/\/schema.org","@graph":[{"@type":"Article","@id":"https:\/\/blogs.santosochoa.es\/salamanca\/seguire-tus-pasos\/#article","isPartOf":{"@id":"https:\/\/blogs.santosochoa.es\/salamanca\/seguire-tus-pasos\/"},"author":{"name":"Santos Ochoa Salamanca","@id":"https:\/\/blogs.santosochoa.es\/salamanca\/#\/schema\/person\/a125e75c96c8702907b25e61f1c0b772"},"headline":"Seguir\u00e9 tus pasos","datePublished":"2020-05-28T10:16:39+00:00","dateModified":"2020-05-28T10:16:41+00:00","mainEntityOfPage":{"@id":"https:\/\/blogs.santosochoa.es\/salamanca\/seguire-tus-pasos\/"},"wordCount":331,"image":{"@id":"https:\/\/blogs.santosochoa.es\/salamanca\/seguire-tus-pasos\/#primaryimage"},"thumbnailUrl":"https:\/\/blogs.santosochoa.es\/salamanca\/wp-content\/uploads\/sites\/3\/2020\/05\/20200604-Banner-Care-Santos.jpg","articleSection":["contigoencasa","libros"],"inLanguage":"es"},{"@type":"WebPage","@id":"https:\/\/blogs.santosochoa.es\/salamanca\/seguire-tus-pasos\/","url":"https:\/\/blogs.santosochoa.es\/salamanca\/seguire-tus-pasos\/","name":"Seguir\u00e9 tus pasos - Santos Ochoa Salamanca","isPartOf":{"@id":"https:\/\/blogs.santosochoa.es\/salamanca\/#website"},"primaryImageOfPage":{"@id":"https:\/\/blogs.santosochoa.es\/salamanca\/seguire-tus-pasos\/#primaryimage"},"image":{"@id":"https:\/\/blogs.santosochoa.es\/salamanca\/seguire-tus-pasos\/#primaryimage"},"thumbnailUrl":"https:\/\/blogs.santosochoa.es\/salamanca\/wp-content\/uploads\/sites\/3\/2020\/05\/20200604-Banner-Care-Santos.jpg","datePublished":"2020-05-28T10:16:39+00:00","dateModified":"2020-05-28T10:16:41+00:00","author":{"@id":"https:\/\/blogs.santosochoa.es\/salamanca\/#\/schema\/person\/a125e75c96c8702907b25e61f1c0b772"},"description":"Agenda cultural. Care Santos presenta \"Seguir\u00e9 tus pasos\", una novela sobre las verdades que se esconden en el pasado. Jueves 4 de junio de 2020","breadcrumb":{"@id":"https:\/\/blogs.santosochoa.es\/salamanca\/seguire-tus-pasos\/#breadcrumb"},"inLanguage":"es","potentialAction":[{"@type":"ReadAction","target":["https:\/\/blogs.santosochoa.es\/salamanca\/seguire-tus-pasos\/"]}]},{"@type":"ImageObject","inLanguage":"es","@id":"https:\/\/blogs.santosochoa.es\/salamanca\/seguire-tus-pasos\/#primaryimage","url":"https:\/\/blogs.santosochoa.es\/salamanca\/wp-content\/uploads\/sites\/3\/2020\/05\/20200604-Banner-Care-Santos.jpg","contentUrl":"https:\/\/blogs.santosochoa.es\/salamanca\/wp-content\/uploads\/sites\/3\/2020\/05\/20200604-Banner-Care-Santos.jpg","width":790,"height":472},{"@type":"BreadcrumbList","@id":"https:\/\/blogs.santosochoa.es\/salamanca\/seguire-tus-pasos\/#breadcrumb","itemListElement":[{"@type":"ListItem","position":1,"name":"Home","item":"https:\/\/blogs.santosochoa.es\/salamanca\/"},{"@type":"ListItem","position":2,"name":"Seguir\u00e9 tus pasos"}]},{"@type":"WebSite","@id":"https:\/\/blogs.santosochoa.es\/salamanca\/#website","url":"https:\/\/blogs.santosochoa.es\/salamanca\/","name":"Santos Ochoa Salamanca","description":"Tu Librer\u00eda Online","potentialAction":[{"@type":"SearchAction","target":{"@type":"EntryPoint","urlTemplate":"https:\/\/blogs.santosochoa.es\/salamanca\/?s={search_term_string}"},"query-input":{"@type":"PropertyValueSpecification","valueRequired":true,"valueName":"search_term_string"}}],"inLanguage":"es"},{"@type":"Person","@id":"https:\/\/blogs.santosochoa.es\/salamanca\/#\/schema\/person\/a125e75c96c8702907b25e61f1c0b772","name":"Santos Ochoa Salamanca"}]}},"_links":{"self":[{"href":"https:\/\/blogs.santosochoa.es\/salamanca\/wp-json\/wp\/v2\/posts\/852","targetHints":{"allow":["GET"]}}],"collection":[{"href":"https:\/\/blogs.santosochoa.es\/salamanca\/wp-json\/wp\/v2\/posts"}],"about":[{"href":"https:\/\/blogs.santosochoa.es\/salamanca\/wp-json\/wp\/v2\/types\/post"}],"author":[{"embeddable":true,"href":"https:\/\/blogs.santosochoa.es\/salamanca\/wp-json\/wp\/v2\/users\/2"}],"replies":[{"embeddable":true,"href":"https:\/\/blogs.santosochoa.es\/salamanca\/wp-json\/wp\/v2\/comments?post=852"}],"version-history":[{"count":1,"href":"https:\/\/blogs.santosochoa.es\/salamanca\/wp-json\/wp\/v2\/posts\/852\/revisions"}],"predecessor-version":[{"id":854,"href":"https:\/\/blogs.santosochoa.es\/salamanca\/wp-json\/wp\/v2\/posts\/852\/revisions\/854"}],"wp:featuredmedia":[{"embeddable":true,"href":"https:\/\/blogs.santosochoa.es\/salamanca\/wp-json\/wp\/v2\/media\/853"}],"wp:attachment":[{"href":"https:\/\/blogs.santosochoa.es\/salamanca\/wp-json\/wp\/v2\/media?parent=852"}],"wp:term":[{"taxonomy":"category","embeddable":true,"href":"https:\/\/blogs.santosochoa.es\/salamanca\/wp-json\/wp\/v2\/categories?post=852"},{"taxonomy":"post_tag","embeddable":true,"href":"https:\/\/blogs.santosochoa.es\/salamanca\/wp-json\/wp\/v2\/tags?post=852"}],"curies":[{"name":"wp","href":"https:\/\/api.w.org\/{rel}","templated":true}]}}