{"id":827,"date":"2020-05-14T13:58:45","date_gmt":"2020-05-14T11:58:45","guid":{"rendered":"https:\/\/blogs.santosochoa.es\/salamanca\/?p=827"},"modified":"2020-05-15T13:26:44","modified_gmt":"2020-05-15T11:26:44","slug":"el-beso-del-angel","status":"publish","type":"post","link":"https:\/\/blogs.santosochoa.es\/salamanca\/el-beso-del-angel\/","title":{"rendered":"El beso del \u00e1ngel"},"content":{"rendered":"\n<h2 class=\"wp-block-heading\"><strong>Andr\u00e9s Pascual presenta\u00a0<em>El beso del \u00e1ngel<\/em>, una nueva novela ambientada en La Rioja<\/strong><\/h2>\n\n\n\n<figure class=\"wp-block-image size-large\"><img loading=\"lazy\" decoding=\"async\" width=\"1024\" height=\"569\" src=\"https:\/\/blogs.santosochoa.es\/salamanca\/wp-content\/uploads\/sites\/3\/2020\/05\/Andres-Pascual_Cartel_El-beso-del-angel-1024x569.jpg\" alt=\"\" class=\"wp-image-831\" srcset=\"https:\/\/blogs.santosochoa.es\/salamanca\/wp-content\/uploads\/sites\/3\/2020\/05\/Andres-Pascual_Cartel_El-beso-del-angel-1024x569.jpg 1024w, https:\/\/blogs.santosochoa.es\/salamanca\/wp-content\/uploads\/sites\/3\/2020\/05\/Andres-Pascual_Cartel_El-beso-del-angel-300x167.jpg 300w, https:\/\/blogs.santosochoa.es\/salamanca\/wp-content\/uploads\/sites\/3\/2020\/05\/Andres-Pascual_Cartel_El-beso-del-angel-768x427.jpg 768w, https:\/\/blogs.santosochoa.es\/salamanca\/wp-content\/uploads\/sites\/3\/2020\/05\/Andres-Pascual_Cartel_El-beso-del-angel-1080x600.jpg 1080w, https:\/\/blogs.santosochoa.es\/salamanca\/wp-content\/uploads\/sites\/3\/2020\/05\/Andres-Pascual_Cartel_El-beso-del-angel.jpg 1488w\" sizes=\"auto, (max-width: 1024px) 100vw, 1024px\" \/><\/figure>\n\n\n\n<div style=\"height:40px\" aria-hidden=\"true\" class=\"wp-block-spacer\"><\/div>\n\n\n\n<h3 class=\"wp-block-heading\"><strong>Jueves 21\u00a0de mayo, a las 18:30 h.<\/strong><\/h3>\n\n\n\n<h4 class=\"wp-block-heading\">En Instagram Live&nbsp;<strong><a href=\"https:\/\/www.instagram.com\/santosochoalog\/\" target=\"_blank\" rel=\"noreferrer noopener\">@santosochoalog. Para conectarte, pincha aqu\u00ed<\/a><\/strong><\/h4>\n\n\n\n<p><strong>\u00abVoy a borrarte el beso del \u00e1ngel, tu marca de nacimiento. Voy a arrancarte la piel\u00bb<\/strong><\/p>\n\n\n\n<div class=\"wp-block-image\"><figure class=\"alignright is-resized\"><img loading=\"lazy\" decoding=\"async\" src=\"https:\/\/blogs.santosochoa.es\/logrono\/wp-content\/uploads\/sites\/2\/2020\/05\/el-beso-del-angel_andres-pascual-668x1024.jpg\" alt=\"\" class=\"wp-image-1694\" width=\"201\" height=\"308\" \/><\/figure><\/div>\n\n\n\n<h5 class=\"wp-block-heading\"><strong>Camino, hija de un afamado chef, lo ten\u00eda todo: riqueza, belleza, inteligencia y el convencimiento de que estaba destinada a brillar. Mientras forjaba una carrera de periodista en el extranjero se vio obligada a volver a su ciudad natal, donde nada era como recordaba. Su madre pasaba los d\u00edas cuidando a su padre, en estado vegetal tras un ataque sufrido despu\u00e9s de que su otro hijo, Lucas, arruinara a la familia.<\/strong><\/h5>\n\n\n\n<p>Mientras Camino se viene abajo, incapaz de encontrar su sitio, su hermano reaparece para pedirle un favor que hace aflorar un secreto enterrado hace mucho tiempo. Todo se complica cuando una jovenc\u00edsima celebrity local es brutalmente asesinada en el evento de inauguraci\u00f3n de una bodega y la investigaci\u00f3n apunta a Lucas como autor de la carnicer\u00eda. Si ese dram\u00e1tico hecho es el tren al que Camino ha de subirse para relanzar su carrera, est\u00e1 m\u00e1s que dispuesta a no dejarlo pasar\u2026 aunque le conduzca al mism\u00edsimo infierno.<\/p>\n\n\n\n<p><strong>Andr\u00e9s Pascual<\/strong>&nbsp;(Logro\u00f1o, 1969) ha ejercido durante veinte a\u00f1os como abogado. Tras una larga temporada en Londres y Lisboa, actualmente vive en Madrid, donde se dedica a escribir, a impartir conferencias y a crear contenido emocional para empresas. Ha recorrido m\u00e1s de cincuenta pa\u00edses buscando escenarios para sus libros, que han vendido medio mill\u00f3n de ejemplares y han sido traducidos a nueve idiomas. Su novela&nbsp;<em>Taj<\/em>&nbsp;(Espasa, 2016) fue distinguida con el Premio de Novela Hist\u00f3rica Alfonso X el Sabio.<\/p>\n\n\n\n<div style=\"height:50px\" aria-hidden=\"true\" class=\"wp-block-spacer\"><\/div>\n\n\n\n<h2 class=\"wp-block-heading\"><strong>M\u00e1s encuentros virtuales\u2026<\/strong><\/h2>\n\n\n\n<div class=\"wp-block-image\"><figure class=\"alignleft is-resized\"><img loading=\"lazy\" decoding=\"async\" src=\"https:\/\/blogs.santosochoa.es\/logrono\/wp-content\/uploads\/sites\/2\/2020\/05\/gothia_santiago-castellanos.jpg\" alt=\"\" class=\"wp-image-1731\" width=\"99\" height=\"152\" \/><\/figure><\/div>\n\n\n\n<h3 class=\"wp-block-heading\"><strong>El escritor logro\u00f1\u00e9s Santiago Castellanos presenta la novela hist\u00f3rica&nbsp;<em>Gothia. Muerte en Barcinona<\/em><\/strong><\/h3>\n\n\n\n<h4 class=\"wp-block-heading\">Jueves 28 de mayo, a las 18:30 h.<\/h4>\n\n\n\n<p><a rel=\"noreferrer noopener\" href=\"https:\/\/blogs.santosochoa.es\/logrono\/eventos\/santiago-castellanos-presenta-gothia-muerte-en-barcinona\/\" target=\"_blank\">M\u00e1s info\u2026<\/a><\/p>\n\n\n\n<div style=\"height:30px\" aria-hidden=\"true\" class=\"wp-block-spacer\"><\/div>\n\n\n\n<div class=\"wp-block-image\"><figure class=\"alignleft is-resized\"><img loading=\"lazy\" decoding=\"async\" src=\"https:\/\/blogs.santosochoa.es\/logrono\/wp-content\/uploads\/sites\/2\/2020\/05\/seguire-tus-pasos_care-santos-600x1024.jpg\" alt=\"\" class=\"wp-image-1734\" width=\"99\" height=\"168\" \/><\/figure><\/div>\n\n\n\n<h3 class=\"wp-block-heading\"><strong>Care Santos presenta&nbsp;<em>Seguir\u00e9 tus pasos<\/em>, una fascinante novela sobre las verdades que esconde el pasado<\/strong><\/h3>\n\n\n\n<h4 class=\"wp-block-heading\">Jueves 4 de junio, a las 18:30 h.<\/h4>\n\n\n\n<p><a href=\"https:\/\/blogs.santosochoa.es\/logrono\/eventos\/care-santos-presenta-seguire-tus-pasos\/\" target=\"_blank\" rel=\"noreferrer noopener\">M\u00e1s info\u2026<\/a><\/p>\n","protected":false},"excerpt":{"rendered":"<p>Agenda Cultural. Andr\u00e9s Pascual presenta \u00abEl beso del \u00e1ngel\u00bb, su nueva novela ambientada en La Rioja. El jueves 21 de mayo, a las 18:30 h. en Insagram<\/p>\n","protected":false},"author":2,"featured_media":831,"comment_status":"closed","ping_status":"closed","sticky":false,"template":"","format":"standard","meta":{"footnotes":""},"categories":[18,9],"tags":[],"class_list":["post-827","post","type-post","status-publish","format-standard","has-post-thumbnail","hentry","category-contigoencasa","category-libros"],"yoast_head":"<!-- This site is optimized with the Yoast SEO plugin v27.2 - https:\/\/yoast.com\/product\/yoast-seo-wordpress\/ -->\n<title>El beso del \u00e1ngel - Santos Ochoa Salamanca<\/title>\n<meta name=\"description\" content=\"Agenda Cultural. Andr\u00e9s Pascual presenta &quot;El beso del \u00e1ngel&quot;, su nueva novela ambientada en La Rioja. El jueves 21 de mayo, a las 18:30 h. en Insagram\" \/>\n<meta name=\"robots\" content=\"index, follow, max-snippet:-1, max-image-preview:large, max-video-preview:-1\" \/>\n<link rel=\"canonical\" href=\"https:\/\/blogs.santosochoa.es\/salamanca\/el-beso-del-angel\/\" \/>\n<meta property=\"og:locale\" content=\"es_ES\" \/>\n<meta property=\"og:type\" content=\"article\" \/>\n<meta property=\"og:title\" content=\"El beso del \u00e1ngel - Santos Ochoa Salamanca\" \/>\n<meta property=\"og:description\" content=\"Agenda Cultural. Andr\u00e9s Pascual presenta &quot;El beso del \u00e1ngel&quot;, su nueva novela ambientada en La Rioja. El jueves 21 de mayo, a las 18:30 h. en Insagram\" \/>\n<meta property=\"og:url\" content=\"https:\/\/blogs.santosochoa.es\/salamanca\/el-beso-del-angel\/\" \/>\n<meta property=\"og:site_name\" content=\"Santos Ochoa Salamanca\" \/>\n<meta property=\"article:published_time\" content=\"2020-05-14T11:58:45+00:00\" \/>\n<meta property=\"article:modified_time\" content=\"2020-05-15T11:26:44+00:00\" \/>\n<meta property=\"og:image\" content=\"https:\/\/blogs.santosochoa.es\/salamanca\/wp-content\/uploads\/sites\/3\/2020\/05\/Andres-Pascual_Cartel_El-beso-del-angel.jpg\" \/>\n\t<meta property=\"og:image:width\" content=\"1488\" \/>\n\t<meta property=\"og:image:height\" content=\"827\" \/>\n\t<meta property=\"og:image:type\" content=\"image\/jpeg\" \/>\n<meta name=\"author\" content=\"Santos Ochoa Salamanca\" \/>\n<meta name=\"twitter:card\" content=\"summary_large_image\" \/>\n<meta name=\"twitter:label1\" content=\"Written by\" \/>\n\t<meta name=\"twitter:data1\" content=\"Santos Ochoa Salamanca\" \/>\n\t<meta name=\"twitter:label2\" content=\"Est. reading time\" \/>\n\t<meta name=\"twitter:data2\" content=\"2 minutos\" \/>\n<script type=\"application\/ld+json\" class=\"yoast-schema-graph\">{\"@context\":\"https:\/\/schema.org\",\"@graph\":[{\"@type\":\"Article\",\"@id\":\"https:\/\/blogs.santosochoa.es\/salamanca\/el-beso-del-angel\/#article\",\"isPartOf\":{\"@id\":\"https:\/\/blogs.santosochoa.es\/salamanca\/el-beso-del-angel\/\"},\"author\":{\"name\":\"Santos Ochoa Salamanca\",\"@id\":\"https:\/\/blogs.santosochoa.es\/salamanca\/#\/schema\/person\/a125e75c96c8702907b25e61f1c0b772\"},\"headline\":\"El beso del \u00e1ngel\",\"datePublished\":\"2020-05-14T11:58:45+00:00\",\"dateModified\":\"2020-05-15T11:26:44+00:00\",\"mainEntityOfPage\":{\"@id\":\"https:\/\/blogs.santosochoa.es\/salamanca\/el-beso-del-angel\/\"},\"wordCount\":361,\"image\":{\"@id\":\"https:\/\/blogs.santosochoa.es\/salamanca\/el-beso-del-angel\/#primaryimage\"},\"thumbnailUrl\":\"https:\/\/blogs.santosochoa.es\/salamanca\/wp-content\/uploads\/sites\/3\/2020\/05\/Andres-Pascual_Cartel_El-beso-del-angel.jpg\",\"articleSection\":[\"contigoencasa\",\"libros\"],\"inLanguage\":\"es\"},{\"@type\":\"WebPage\",\"@id\":\"https:\/\/blogs.santosochoa.es\/salamanca\/el-beso-del-angel\/\",\"url\":\"https:\/\/blogs.santosochoa.es\/salamanca\/el-beso-del-angel\/\",\"name\":\"El beso del \u00e1ngel - Santos Ochoa Salamanca\",\"isPartOf\":{\"@id\":\"https:\/\/blogs.santosochoa.es\/salamanca\/#website\"},\"primaryImageOfPage\":{\"@id\":\"https:\/\/blogs.santosochoa.es\/salamanca\/el-beso-del-angel\/#primaryimage\"},\"image\":{\"@id\":\"https:\/\/blogs.santosochoa.es\/salamanca\/el-beso-del-angel\/#primaryimage\"},\"thumbnailUrl\":\"https:\/\/blogs.santosochoa.es\/salamanca\/wp-content\/uploads\/sites\/3\/2020\/05\/Andres-Pascual_Cartel_El-beso-del-angel.jpg\",\"datePublished\":\"2020-05-14T11:58:45+00:00\",\"dateModified\":\"2020-05-15T11:26:44+00:00\",\"author\":{\"@id\":\"https:\/\/blogs.santosochoa.es\/salamanca\/#\/schema\/person\/a125e75c96c8702907b25e61f1c0b772\"},\"description\":\"Agenda Cultural. Andr\u00e9s Pascual presenta \\\"El beso del \u00e1ngel\\\", su nueva novela ambientada en La Rioja. El jueves 21 de mayo, a las 18:30 h. en Insagram\",\"breadcrumb\":{\"@id\":\"https:\/\/blogs.santosochoa.es\/salamanca\/el-beso-del-angel\/#breadcrumb\"},\"inLanguage\":\"es\",\"potentialAction\":[{\"@type\":\"ReadAction\",\"target\":[\"https:\/\/blogs.santosochoa.es\/salamanca\/el-beso-del-angel\/\"]}]},{\"@type\":\"ImageObject\",\"inLanguage\":\"es\",\"@id\":\"https:\/\/blogs.santosochoa.es\/salamanca\/el-beso-del-angel\/#primaryimage\",\"url\":\"https:\/\/blogs.santosochoa.es\/salamanca\/wp-content\/uploads\/sites\/3\/2020\/05\/Andres-Pascual_Cartel_El-beso-del-angel.jpg\",\"contentUrl\":\"https:\/\/blogs.santosochoa.es\/salamanca\/wp-content\/uploads\/sites\/3\/2020\/05\/Andres-Pascual_Cartel_El-beso-del-angel.jpg\",\"width\":1488,\"height\":827},{\"@type\":\"BreadcrumbList\",\"@id\":\"https:\/\/blogs.santosochoa.es\/salamanca\/el-beso-del-angel\/#breadcrumb\",\"itemListElement\":[{\"@type\":\"ListItem\",\"position\":1,\"name\":\"Home\",\"item\":\"https:\/\/blogs.santosochoa.es\/salamanca\/\"},{\"@type\":\"ListItem\",\"position\":2,\"name\":\"El beso del \u00e1ngel\"}]},{\"@type\":\"WebSite\",\"@id\":\"https:\/\/blogs.santosochoa.es\/salamanca\/#website\",\"url\":\"https:\/\/blogs.santosochoa.es\/salamanca\/\",\"name\":\"Santos Ochoa Salamanca\",\"description\":\"Tu Librer\u00eda Online\",\"potentialAction\":[{\"@type\":\"SearchAction\",\"target\":{\"@type\":\"EntryPoint\",\"urlTemplate\":\"https:\/\/blogs.santosochoa.es\/salamanca\/?s={search_term_string}\"},\"query-input\":{\"@type\":\"PropertyValueSpecification\",\"valueRequired\":true,\"valueName\":\"search_term_string\"}}],\"inLanguage\":\"es\"},{\"@type\":\"Person\",\"@id\":\"https:\/\/blogs.santosochoa.es\/salamanca\/#\/schema\/person\/a125e75c96c8702907b25e61f1c0b772\",\"name\":\"Santos Ochoa Salamanca\"}]}<\/script>\n<!-- \/ Yoast SEO plugin. -->","yoast_head_json":{"title":"El beso del \u00e1ngel - Santos Ochoa Salamanca","description":"Agenda Cultural. Andr\u00e9s Pascual presenta \"El beso del \u00e1ngel\", su nueva novela ambientada en La Rioja. El jueves 21 de mayo, a las 18:30 h. en Insagram","robots":{"index":"index","follow":"follow","max-snippet":"max-snippet:-1","max-image-preview":"max-image-preview:large","max-video-preview":"max-video-preview:-1"},"canonical":"https:\/\/blogs.santosochoa.es\/salamanca\/el-beso-del-angel\/","og_locale":"es_ES","og_type":"article","og_title":"El beso del \u00e1ngel - Santos Ochoa Salamanca","og_description":"Agenda Cultural. Andr\u00e9s Pascual presenta \"El beso del \u00e1ngel\", su nueva novela ambientada en La Rioja. El jueves 21 de mayo, a las 18:30 h. en Insagram","og_url":"https:\/\/blogs.santosochoa.es\/salamanca\/el-beso-del-angel\/","og_site_name":"Santos Ochoa Salamanca","article_published_time":"2020-05-14T11:58:45+00:00","article_modified_time":"2020-05-15T11:26:44+00:00","og_image":[{"width":1488,"height":827,"url":"https:\/\/blogs.santosochoa.es\/salamanca\/wp-content\/uploads\/sites\/3\/2020\/05\/Andres-Pascual_Cartel_El-beso-del-angel.jpg","type":"image\/jpeg"}],"author":"Santos Ochoa Salamanca","twitter_card":"summary_large_image","twitter_misc":{"Written by":"Santos Ochoa Salamanca","Est. reading time":"2 minutos"},"schema":{"@context":"https:\/\/schema.org","@graph":[{"@type":"Article","@id":"https:\/\/blogs.santosochoa.es\/salamanca\/el-beso-del-angel\/#article","isPartOf":{"@id":"https:\/\/blogs.santosochoa.es\/salamanca\/el-beso-del-angel\/"},"author":{"name":"Santos Ochoa Salamanca","@id":"https:\/\/blogs.santosochoa.es\/salamanca\/#\/schema\/person\/a125e75c96c8702907b25e61f1c0b772"},"headline":"El beso del \u00e1ngel","datePublished":"2020-05-14T11:58:45+00:00","dateModified":"2020-05-15T11:26:44+00:00","mainEntityOfPage":{"@id":"https:\/\/blogs.santosochoa.es\/salamanca\/el-beso-del-angel\/"},"wordCount":361,"image":{"@id":"https:\/\/blogs.santosochoa.es\/salamanca\/el-beso-del-angel\/#primaryimage"},"thumbnailUrl":"https:\/\/blogs.santosochoa.es\/salamanca\/wp-content\/uploads\/sites\/3\/2020\/05\/Andres-Pascual_Cartel_El-beso-del-angel.jpg","articleSection":["contigoencasa","libros"],"inLanguage":"es"},{"@type":"WebPage","@id":"https:\/\/blogs.santosochoa.es\/salamanca\/el-beso-del-angel\/","url":"https:\/\/blogs.santosochoa.es\/salamanca\/el-beso-del-angel\/","name":"El beso del \u00e1ngel - Santos Ochoa Salamanca","isPartOf":{"@id":"https:\/\/blogs.santosochoa.es\/salamanca\/#website"},"primaryImageOfPage":{"@id":"https:\/\/blogs.santosochoa.es\/salamanca\/el-beso-del-angel\/#primaryimage"},"image":{"@id":"https:\/\/blogs.santosochoa.es\/salamanca\/el-beso-del-angel\/#primaryimage"},"thumbnailUrl":"https:\/\/blogs.santosochoa.es\/salamanca\/wp-content\/uploads\/sites\/3\/2020\/05\/Andres-Pascual_Cartel_El-beso-del-angel.jpg","datePublished":"2020-05-14T11:58:45+00:00","dateModified":"2020-05-15T11:26:44+00:00","author":{"@id":"https:\/\/blogs.santosochoa.es\/salamanca\/#\/schema\/person\/a125e75c96c8702907b25e61f1c0b772"},"description":"Agenda Cultural. Andr\u00e9s Pascual presenta \"El beso del \u00e1ngel\", su nueva novela ambientada en La Rioja. El jueves 21 de mayo, a las 18:30 h. en Insagram","breadcrumb":{"@id":"https:\/\/blogs.santosochoa.es\/salamanca\/el-beso-del-angel\/#breadcrumb"},"inLanguage":"es","potentialAction":[{"@type":"ReadAction","target":["https:\/\/blogs.santosochoa.es\/salamanca\/el-beso-del-angel\/"]}]},{"@type":"ImageObject","inLanguage":"es","@id":"https:\/\/blogs.santosochoa.es\/salamanca\/el-beso-del-angel\/#primaryimage","url":"https:\/\/blogs.santosochoa.es\/salamanca\/wp-content\/uploads\/sites\/3\/2020\/05\/Andres-Pascual_Cartel_El-beso-del-angel.jpg","contentUrl":"https:\/\/blogs.santosochoa.es\/salamanca\/wp-content\/uploads\/sites\/3\/2020\/05\/Andres-Pascual_Cartel_El-beso-del-angel.jpg","width":1488,"height":827},{"@type":"BreadcrumbList","@id":"https:\/\/blogs.santosochoa.es\/salamanca\/el-beso-del-angel\/#breadcrumb","itemListElement":[{"@type":"ListItem","position":1,"name":"Home","item":"https:\/\/blogs.santosochoa.es\/salamanca\/"},{"@type":"ListItem","position":2,"name":"El beso del \u00e1ngel"}]},{"@type":"WebSite","@id":"https:\/\/blogs.santosochoa.es\/salamanca\/#website","url":"https:\/\/blogs.santosochoa.es\/salamanca\/","name":"Santos Ochoa Salamanca","description":"Tu Librer\u00eda Online","potentialAction":[{"@type":"SearchAction","target":{"@type":"EntryPoint","urlTemplate":"https:\/\/blogs.santosochoa.es\/salamanca\/?s={search_term_string}"},"query-input":{"@type":"PropertyValueSpecification","valueRequired":true,"valueName":"search_term_string"}}],"inLanguage":"es"},{"@type":"Person","@id":"https:\/\/blogs.santosochoa.es\/salamanca\/#\/schema\/person\/a125e75c96c8702907b25e61f1c0b772","name":"Santos Ochoa Salamanca"}]}},"_links":{"self":[{"href":"https:\/\/blogs.santosochoa.es\/salamanca\/wp-json\/wp\/v2\/posts\/827","targetHints":{"allow":["GET"]}}],"collection":[{"href":"https:\/\/blogs.santosochoa.es\/salamanca\/wp-json\/wp\/v2\/posts"}],"about":[{"href":"https:\/\/blogs.santosochoa.es\/salamanca\/wp-json\/wp\/v2\/types\/post"}],"author":[{"embeddable":true,"href":"https:\/\/blogs.santosochoa.es\/salamanca\/wp-json\/wp\/v2\/users\/2"}],"replies":[{"embeddable":true,"href":"https:\/\/blogs.santosochoa.es\/salamanca\/wp-json\/wp\/v2\/comments?post=827"}],"version-history":[{"count":6,"href":"https:\/\/blogs.santosochoa.es\/salamanca\/wp-json\/wp\/v2\/posts\/827\/revisions"}],"predecessor-version":[{"id":838,"href":"https:\/\/blogs.santosochoa.es\/salamanca\/wp-json\/wp\/v2\/posts\/827\/revisions\/838"}],"wp:featuredmedia":[{"embeddable":true,"href":"https:\/\/blogs.santosochoa.es\/salamanca\/wp-json\/wp\/v2\/media\/831"}],"wp:attachment":[{"href":"https:\/\/blogs.santosochoa.es\/salamanca\/wp-json\/wp\/v2\/media?parent=827"}],"wp:term":[{"taxonomy":"category","embeddable":true,"href":"https:\/\/blogs.santosochoa.es\/salamanca\/wp-json\/wp\/v2\/categories?post=827"},{"taxonomy":"post_tag","embeddable":true,"href":"https:\/\/blogs.santosochoa.es\/salamanca\/wp-json\/wp\/v2\/tags?post=827"}],"curies":[{"name":"wp","href":"https:\/\/api.w.org\/{rel}","templated":true}]}}