{"id":802,"date":"2020-05-02T11:03:23","date_gmt":"2020-05-02T09:03:23","guid":{"rendered":"https:\/\/blogs.santosochoa.es\/salamanca\/?p=802"},"modified":"2020-05-08T13:16:47","modified_gmt":"2020-05-08T11:16:47","slug":"charlamos-con-elisabet-benavent-y-luis-zueco","status":"publish","type":"post","link":"https:\/\/blogs.santosochoa.es\/salamanca\/charlamos-con-elisabet-benavent-y-luis-zueco\/","title":{"rendered":"Charlamos con El\u00edsabet Benavent y Luis Zueco sobre novela rom\u00e1ntica e hist\u00f3rica #YoMeQuedoEnCasaLeyendo"},"content":{"rendered":"\n<figure class=\"wp-block-image\"><img loading=\"lazy\" decoding=\"async\" width=\"1024\" height=\"517\" src=\"https:\/\/blogs.santosochoa.es\/salamanca\/wp-content\/uploads\/sites\/3\/2020\/05\/Luis-Zueco_ElisabetBenavent-1024x517.jpg\" alt=\"\" class=\"wp-image-803\" srcset=\"https:\/\/blogs.santosochoa.es\/salamanca\/wp-content\/uploads\/sites\/3\/2020\/05\/Luis-Zueco_ElisabetBenavent-1024x517.jpg 1024w, https:\/\/blogs.santosochoa.es\/salamanca\/wp-content\/uploads\/sites\/3\/2020\/05\/Luis-Zueco_ElisabetBenavent-300x152.jpg 300w, https:\/\/blogs.santosochoa.es\/salamanca\/wp-content\/uploads\/sites\/3\/2020\/05\/Luis-Zueco_ElisabetBenavent-768x388.jpg 768w, https:\/\/blogs.santosochoa.es\/salamanca\/wp-content\/uploads\/sites\/3\/2020\/05\/Luis-Zueco_ElisabetBenavent-1080x546.jpg 1080w\" sizes=\"auto, (max-width: 1024px) 100vw, 1024px\" \/><\/figure>\n\n\n\n<div style=\"height:50px\" aria-hidden=\"true\" class=\"wp-block-spacer\"><\/div>\n\n\n\n<h2 class=\"wp-block-heading\"><strong>Encuentro virtual con El\u00edsabet Benavent y su nuevo \u00e9xito,&nbsp;<\/strong><em><strong>Un cuento perfecto<\/strong><\/em><\/h2>\n\n\n\n<h3 class=\"wp-block-heading\"><strong>Jueves 14 de mayo, a las 18:30 h.<\/strong><\/h3>\n\n\n\n<h4 class=\"wp-block-heading\">En Instagram Live.&nbsp;<a rel=\"noreferrer noopener\" href=\"https:\/\/www.instagram.com\/santosochoalog\/\" target=\"_blank\"><strong>Para conectarte, pincha aqu\u00ed &gt;&gt; @santosochoalog<\/strong><\/a><\/h4>\n\n\n\n<div class=\"wp-block-image\"><figure class=\"alignright is-resized\"><img loading=\"lazy\" decoding=\"async\" src=\"https:\/\/blogs.santosochoa.es\/salamanca\/wp-content\/uploads\/sites\/3\/2020\/05\/un-cuento-perfecto_elisabet-benavent.jpg\" alt=\"\" class=\"wp-image-805\" width=\"198\" height=\"302\" \/><\/figure><\/div>\n\n\n\n<h5 class=\"wp-block-heading\"><strong>\u00c9rase una vez una mujer que lo ten\u00eda todo y un chico que no ten\u00eda nada. \u00c9rase una vez una historia de amor entre el \u00e9xito y la duda. \u00c9rase una vez un cuento perfecto.<\/strong><\/h5>\n\n\n\n<p>El\u00edsabet Benavent, @BetaCoqueta, regresa a la literatura con una novela que explora el significado del \u00e9xito en la vida y reflexiona con iron\u00eda y humor acerca de las imposiciones sociales, la presi\u00f3n del grupo y la autoexigencia que, aunque cueste creerlo, no es sin\u00f3nimo de felicidad.<\/p>\n\n\n\n<p><strong>Los lectores han dicho\u2026<\/strong><\/p>\n\n\n\n<p><em>\u00ab\u00a1Un libro magn\u00edfico, adictivo! Una historia real, bien escrita. He re\u00eddo, llorado, suspirado. El\u00edsabet, he le\u00eddo todos tus libros y, aunque parezca imposible, sigues sorprendi\u00e9ndome\u00bb.<\/em><\/p>\n\n\n\n<p><em>\u00abUna historia madura que nos hace reflexionar. No es una novela al uso centrada en el amor de pareja, es eso y mucho m\u00e1s\u00bb.<\/em><\/p>\n\n\n\n<p><em>\u00abLeer a El\u00edsabet es entrar en la historia, sentirla y vivirla. Su pluma te atrapa\u00bb.<\/em><\/p>\n\n\n\n<p><em>\u00abTe puede gustar un libro m\u00e1s que otro. Amar a un personaje y odiar a otros\u2026 pero siempre tienen algo que te marca y que se queda incrustado en el coraz\u00f3n. \u00a1Gracias, BetaCoqueta!\u00bb.<\/em><\/p>\n\n\n\n<p><strong>El\u00edsabet Benavent<\/strong>&nbsp;(Valencia, 1984) es licenciada en Comunicaci\u00f3n Audiovisual y m\u00e1ster en Comunicaci\u00f3n y Arte. Su pasi\u00f3n es la escritura. La publicaci\u00f3n de sus libros&nbsp;<em>En los zapatos de Valeria<\/em>,&nbsp;<em>Valeria en el espejo, Valeria en blanco y negro, Valeria al desnudo, Persiguiendo a Silvia, Encontrando a Silvia, Alguien que no soy, Alguien como t\u00fa, Alguien como yo, El diario de Lola, Martina con vistas al mar, Martina en tierra firme, Mi isla, La magia de ser Sof\u00eda, La magia de ser nosotros, Este cuaderno es para m\u00ed, Fuimos canciones, Seremos recuerdos, Toda la verdad de mis mentiras&nbsp;<\/em>y<em>&nbsp;Un cuento perfecto<\/em>&nbsp;se ha convertido en un \u00e9xito total de cr\u00edtica y ventas con m\u00e1s de 2.000.000 de ejemplares vendidos.<\/p>\n\n\n\n<p>Sus novelas se venden en 10 pa\u00edses y los derechos audiovisuales de la \u00abSaga Valeria\u00bb han sido adaptados por Netflix, que en la primavera de 2020 emitir\u00e1 la serie en m\u00e1s de 190 pa\u00edses.<\/p>\n\n\n\n<div style=\"height:50px\" aria-hidden=\"true\" class=\"wp-block-spacer\"><\/div>\n\n\n\n<h2 class=\"wp-block-heading\"><strong>Encuentro virtual con Luis Zueco y su \u00faltima novela,&nbsp;<\/strong><em><strong>El mercader de libros<\/strong><\/em><\/h2>\n\n\n\n<h3 class=\"wp-block-heading\"><strong>Jueves 7 de mayo, a las 18:30 h.<\/strong><\/h3>\n\n\n\n<h4 class=\"wp-block-heading\">En Instagram Live.&nbsp;<a rel=\"noreferrer noopener\" href=\"https:\/\/www.instagram.com\/luiszueco\/\" target=\"_blank\"><strong>Para conectarte, pincha aqu\u00ed &gt;&gt; @luiszueco<\/strong><\/a><\/h4>\n\n\n\n<div class=\"wp-block-image\"><figure class=\"alignleft is-resized\"><img loading=\"lazy\" decoding=\"async\" src=\"https:\/\/blogs.santosochoa.es\/salamanca\/wp-content\/uploads\/sites\/3\/2020\/05\/el-mercader-de-libors_luis-zueco.jpg\" alt=\"\" class=\"wp-image-804\" width=\"195\" height=\"297\" \/><\/figure><\/div>\n\n\n\n<h5 class=\"wp-block-heading\"><strong>Hubo un tiempo en que los libros pod\u00edan descubrir nuevos mundos, tambalear los dogmas m\u00e1s sagrados y cambiar el curso de la Historia.<\/strong><\/h5>\n\n\n\n<h5 class=\"wp-block-heading\"><strong>Esta novela es un viaje a los a\u00f1os siguientes a la invenci\u00f3n de la imprenta, cuando un mercader de libros emprende la b\u00fasqueda de un misterioso ejemplar que ha sido robado de la mayor biblioteca de Occidente, creada en Sevilla por el hijo de Crist\u00f3bal Col\u00f3n.<\/strong><\/h5>\n\n\n\n<p>A\u00f1o 1517. El joven Thomas atraviesa la incipiente Europa renacentista huyendo de su pasado. Son los a\u00f1os siguientes al descubrimiento de Am\u00e9rica y la invenci\u00f3n de la imprenta, un periodo de profundos cambios que han supuesto el fin de la Edad Media. La curiosidad que siente por el Nuevo Mundo, cosechada en sus m\u00faltiples lecturas, le llevar\u00e1 hasta Espa\u00f1a, donde comenzar\u00e1 a trabajar con un mercader de libros.<\/p>\n\n\n\n<p>El encargo de localizar un ejemplar envuelto en un halo misterioso le conduce hasta Sevilla, una pr\u00f3spera ciudad que sirve como enlace en el comercio con las Indias y que alberga, entre sus murallas, la biblioteca m\u00e1s importante de Occidente, creada por el hijo de Crist\u00f3bal Col\u00f3n y llamada la Colombina. Ser\u00e1 precisamente all\u00ed donde Thomas descubra que alguien ha robado el libro que \u00e9l busca y, por alguna raz\u00f3n, tiene mucho inter\u00e9s en que nadie lo encuentre.<\/p>\n\n\n\n<p>Hubo un tiempo en que los libros permit\u00edan descubrir nuevos mundos, tambalear los dogmas m\u00e1s sagrados y cambiar el curso de la Historia. Luis Zueco nos sumerge en los albores de la bibliofilia y nos traslada, en una perfecta uni\u00f3n de rigor hist\u00f3rico y trama trepidante, a una \u00e9poca en la que la palabra impresa pod\u00eda ser el arma m\u00e1s peligrosa.<\/p>\n\n\n\n<p><em>\u00abEn la estela de Los pilares de la Tierra y La catedral del mar.\u00bb&nbsp;<\/em>La Vanguardia<\/p>\n\n\n\n<p><strong>Luis Zueco<\/strong>&nbsp;(Borja, Zaragoza, 1979) es director de los Castillos de Grisel y de Bulbuente, dos fortalezas restauradas y habilitadas como alojamientos con encanto y para la realizaci\u00f3n de eventos. Adem\u00e1s, es ingeniero industrial, licenciado en Historia y m\u00e1ster en Investigaci\u00f3n Art\u00edstica e Hist\u00f3rica, miembro de la Asociaci\u00f3n Espa\u00f1ola de Amigos de los Castillos y colaborador, como experto en patrimonio y cultura, en diversos medios de comunicaci\u00f3n.<\/p>\n\n\n\n<p>Ha logrado un \u00e9xito internacional de cr\u00edtica y p\u00fablico con su fascinante \u00abTrilog\u00eda Medieval\u00bb:&nbsp;<em>El castillo<\/em>&nbsp;(Mejor Novela Hist\u00f3rica 2015 por la web Novelas Hist\u00f3ricas),&nbsp;<em>La ciudad<\/em>&nbsp;y&nbsp;<em>El monasterio<\/em>, tres novelas con las que accedemos, a trav\u00e9s de adictivas tramas de intriga ambientadas en los escenarios arquitect\u00f3nicos m\u00e1s importantes de la \u00e9poca, a aspectos fundamentales de la Edad Media.<\/p>\n","protected":false},"excerpt":{"rendered":"<p>Agenda Cultural. Encuentros virtuales. \u00abEl mercader de libros\u00bb y \u00abUn cuento perfecto\u00bb. Novela hist\u00f3rica y rom\u00e1ntica. En directo en Instagram<\/p>\n","protected":false},"author":2,"featured_media":803,"comment_status":"closed","ping_status":"closed","sticky":false,"template":"","format":"standard","meta":{"footnotes":""},"categories":[9],"tags":[],"class_list":["post-802","post","type-post","status-publish","format-standard","has-post-thumbnail","hentry","category-libros"],"yoast_head":"<!-- This site is optimized with the Yoast SEO plugin v27.2 - https:\/\/yoast.com\/product\/yoast-seo-wordpress\/ -->\n<title>Charlamos con El\u00edsabet Benavent y Luis Zueco sobre novela rom\u00e1ntica e hist\u00f3rica #YoMeQuedoEnCasaLeyendo - Santos Ochoa Salamanca<\/title>\n<meta name=\"description\" content=\"Agenda Cultural. Encuentros virtuales. &quot;El mercader de libros&quot; y &quot;Un cuento perfecto&quot;. Novela hist\u00f3rica y rom\u00e1ntica. En directo en Instagram\" \/>\n<meta name=\"robots\" content=\"index, follow, max-snippet:-1, max-image-preview:large, max-video-preview:-1\" \/>\n<link rel=\"canonical\" href=\"https:\/\/blogs.santosochoa.es\/salamanca\/charlamos-con-elisabet-benavent-y-luis-zueco\/\" \/>\n<meta property=\"og:locale\" content=\"es_ES\" \/>\n<meta property=\"og:type\" content=\"article\" \/>\n<meta property=\"og:title\" content=\"Charlamos con El\u00edsabet Benavent y Luis Zueco sobre novela rom\u00e1ntica e hist\u00f3rica #YoMeQuedoEnCasaLeyendo - Santos Ochoa Salamanca\" \/>\n<meta property=\"og:description\" content=\"Agenda Cultural. Encuentros virtuales. &quot;El mercader de libros&quot; y &quot;Un cuento perfecto&quot;. Novela hist\u00f3rica y rom\u00e1ntica. En directo en Instagram\" \/>\n<meta property=\"og:url\" content=\"https:\/\/blogs.santosochoa.es\/salamanca\/charlamos-con-elisabet-benavent-y-luis-zueco\/\" \/>\n<meta property=\"og:site_name\" content=\"Santos Ochoa Salamanca\" \/>\n<meta property=\"article:published_time\" content=\"2020-05-02T09:03:23+00:00\" \/>\n<meta property=\"article:modified_time\" content=\"2020-05-08T11:16:47+00:00\" \/>\n<meta property=\"og:image\" content=\"https:\/\/blogs.santosochoa.es\/salamanca\/wp-content\/uploads\/sites\/3\/2020\/05\/Luis-Zueco_ElisabetBenavent.jpg\" \/>\n\t<meta property=\"og:image:width\" content=\"2156\" \/>\n\t<meta property=\"og:image:height\" content=\"1089\" \/>\n\t<meta property=\"og:image:type\" content=\"image\/jpeg\" \/>\n<meta name=\"author\" content=\"Santos Ochoa Salamanca\" \/>\n<meta name=\"twitter:card\" content=\"summary_large_image\" \/>\n<meta name=\"twitter:label1\" content=\"Written by\" \/>\n\t<meta name=\"twitter:data1\" content=\"Santos Ochoa Salamanca\" \/>\n\t<meta name=\"twitter:label2\" content=\"Est. reading time\" \/>\n\t<meta name=\"twitter:data2\" content=\"4 minutos\" \/>\n<script type=\"application\/ld+json\" class=\"yoast-schema-graph\">{\"@context\":\"https:\/\/schema.org\",\"@graph\":[{\"@type\":\"Article\",\"@id\":\"https:\/\/blogs.santosochoa.es\/salamanca\/charlamos-con-elisabet-benavent-y-luis-zueco\/#article\",\"isPartOf\":{\"@id\":\"https:\/\/blogs.santosochoa.es\/salamanca\/charlamos-con-elisabet-benavent-y-luis-zueco\/\"},\"author\":{\"name\":\"Santos Ochoa Salamanca\",\"@id\":\"https:\/\/blogs.santosochoa.es\/salamanca\/#\/schema\/person\/a125e75c96c8702907b25e61f1c0b772\"},\"headline\":\"Charlamos con El\u00edsabet Benavent y Luis Zueco sobre novela rom\u00e1ntica e hist\u00f3rica #YoMeQuedoEnCasaLeyendo\",\"datePublished\":\"2020-05-02T09:03:23+00:00\",\"dateModified\":\"2020-05-08T11:16:47+00:00\",\"mainEntityOfPage\":{\"@id\":\"https:\/\/blogs.santosochoa.es\/salamanca\/charlamos-con-elisabet-benavent-y-luis-zueco\/\"},\"wordCount\":907,\"image\":{\"@id\":\"https:\/\/blogs.santosochoa.es\/salamanca\/charlamos-con-elisabet-benavent-y-luis-zueco\/#primaryimage\"},\"thumbnailUrl\":\"https:\/\/blogs.santosochoa.es\/salamanca\/wp-content\/uploads\/sites\/3\/2020\/05\/Luis-Zueco_ElisabetBenavent.jpg\",\"articleSection\":[\"libros\"],\"inLanguage\":\"es\"},{\"@type\":\"WebPage\",\"@id\":\"https:\/\/blogs.santosochoa.es\/salamanca\/charlamos-con-elisabet-benavent-y-luis-zueco\/\",\"url\":\"https:\/\/blogs.santosochoa.es\/salamanca\/charlamos-con-elisabet-benavent-y-luis-zueco\/\",\"name\":\"Charlamos con El\u00edsabet Benavent y Luis Zueco sobre novela rom\u00e1ntica e hist\u00f3rica #YoMeQuedoEnCasaLeyendo - Santos Ochoa Salamanca\",\"isPartOf\":{\"@id\":\"https:\/\/blogs.santosochoa.es\/salamanca\/#website\"},\"primaryImageOfPage\":{\"@id\":\"https:\/\/blogs.santosochoa.es\/salamanca\/charlamos-con-elisabet-benavent-y-luis-zueco\/#primaryimage\"},\"image\":{\"@id\":\"https:\/\/blogs.santosochoa.es\/salamanca\/charlamos-con-elisabet-benavent-y-luis-zueco\/#primaryimage\"},\"thumbnailUrl\":\"https:\/\/blogs.santosochoa.es\/salamanca\/wp-content\/uploads\/sites\/3\/2020\/05\/Luis-Zueco_ElisabetBenavent.jpg\",\"datePublished\":\"2020-05-02T09:03:23+00:00\",\"dateModified\":\"2020-05-08T11:16:47+00:00\",\"author\":{\"@id\":\"https:\/\/blogs.santosochoa.es\/salamanca\/#\/schema\/person\/a125e75c96c8702907b25e61f1c0b772\"},\"description\":\"Agenda Cultural. Encuentros virtuales. \\\"El mercader de libros\\\" y \\\"Un cuento perfecto\\\". Novela hist\u00f3rica y rom\u00e1ntica. En directo en Instagram\",\"breadcrumb\":{\"@id\":\"https:\/\/blogs.santosochoa.es\/salamanca\/charlamos-con-elisabet-benavent-y-luis-zueco\/#breadcrumb\"},\"inLanguage\":\"es\",\"potentialAction\":[{\"@type\":\"ReadAction\",\"target\":[\"https:\/\/blogs.santosochoa.es\/salamanca\/charlamos-con-elisabet-benavent-y-luis-zueco\/\"]}]},{\"@type\":\"ImageObject\",\"inLanguage\":\"es\",\"@id\":\"https:\/\/blogs.santosochoa.es\/salamanca\/charlamos-con-elisabet-benavent-y-luis-zueco\/#primaryimage\",\"url\":\"https:\/\/blogs.santosochoa.es\/salamanca\/wp-content\/uploads\/sites\/3\/2020\/05\/Luis-Zueco_ElisabetBenavent.jpg\",\"contentUrl\":\"https:\/\/blogs.santosochoa.es\/salamanca\/wp-content\/uploads\/sites\/3\/2020\/05\/Luis-Zueco_ElisabetBenavent.jpg\",\"width\":2156,\"height\":1089},{\"@type\":\"BreadcrumbList\",\"@id\":\"https:\/\/blogs.santosochoa.es\/salamanca\/charlamos-con-elisabet-benavent-y-luis-zueco\/#breadcrumb\",\"itemListElement\":[{\"@type\":\"ListItem\",\"position\":1,\"name\":\"Home\",\"item\":\"https:\/\/blogs.santosochoa.es\/salamanca\/\"},{\"@type\":\"ListItem\",\"position\":2,\"name\":\"Charlamos con El\u00edsabet Benavent y Luis Zueco sobre novela rom\u00e1ntica e hist\u00f3rica #YoMeQuedoEnCasaLeyendo\"}]},{\"@type\":\"WebSite\",\"@id\":\"https:\/\/blogs.santosochoa.es\/salamanca\/#website\",\"url\":\"https:\/\/blogs.santosochoa.es\/salamanca\/\",\"name\":\"Santos Ochoa Salamanca\",\"description\":\"Tu Librer\u00eda Online\",\"potentialAction\":[{\"@type\":\"SearchAction\",\"target\":{\"@type\":\"EntryPoint\",\"urlTemplate\":\"https:\/\/blogs.santosochoa.es\/salamanca\/?s={search_term_string}\"},\"query-input\":{\"@type\":\"PropertyValueSpecification\",\"valueRequired\":true,\"valueName\":\"search_term_string\"}}],\"inLanguage\":\"es\"},{\"@type\":\"Person\",\"@id\":\"https:\/\/blogs.santosochoa.es\/salamanca\/#\/schema\/person\/a125e75c96c8702907b25e61f1c0b772\",\"name\":\"Santos Ochoa Salamanca\"}]}<\/script>\n<!-- \/ Yoast SEO plugin. -->","yoast_head_json":{"title":"Charlamos con El\u00edsabet Benavent y Luis Zueco sobre novela rom\u00e1ntica e hist\u00f3rica #YoMeQuedoEnCasaLeyendo - Santos Ochoa Salamanca","description":"Agenda Cultural. Encuentros virtuales. \"El mercader de libros\" y \"Un cuento perfecto\". Novela hist\u00f3rica y rom\u00e1ntica. En directo en Instagram","robots":{"index":"index","follow":"follow","max-snippet":"max-snippet:-1","max-image-preview":"max-image-preview:large","max-video-preview":"max-video-preview:-1"},"canonical":"https:\/\/blogs.santosochoa.es\/salamanca\/charlamos-con-elisabet-benavent-y-luis-zueco\/","og_locale":"es_ES","og_type":"article","og_title":"Charlamos con El\u00edsabet Benavent y Luis Zueco sobre novela rom\u00e1ntica e hist\u00f3rica #YoMeQuedoEnCasaLeyendo - Santos Ochoa Salamanca","og_description":"Agenda Cultural. Encuentros virtuales. \"El mercader de libros\" y \"Un cuento perfecto\". Novela hist\u00f3rica y rom\u00e1ntica. En directo en Instagram","og_url":"https:\/\/blogs.santosochoa.es\/salamanca\/charlamos-con-elisabet-benavent-y-luis-zueco\/","og_site_name":"Santos Ochoa Salamanca","article_published_time":"2020-05-02T09:03:23+00:00","article_modified_time":"2020-05-08T11:16:47+00:00","og_image":[{"width":2156,"height":1089,"url":"https:\/\/blogs.santosochoa.es\/salamanca\/wp-content\/uploads\/sites\/3\/2020\/05\/Luis-Zueco_ElisabetBenavent.jpg","type":"image\/jpeg"}],"author":"Santos Ochoa Salamanca","twitter_card":"summary_large_image","twitter_misc":{"Written by":"Santos Ochoa Salamanca","Est. reading time":"4 minutos"},"schema":{"@context":"https:\/\/schema.org","@graph":[{"@type":"Article","@id":"https:\/\/blogs.santosochoa.es\/salamanca\/charlamos-con-elisabet-benavent-y-luis-zueco\/#article","isPartOf":{"@id":"https:\/\/blogs.santosochoa.es\/salamanca\/charlamos-con-elisabet-benavent-y-luis-zueco\/"},"author":{"name":"Santos Ochoa Salamanca","@id":"https:\/\/blogs.santosochoa.es\/salamanca\/#\/schema\/person\/a125e75c96c8702907b25e61f1c0b772"},"headline":"Charlamos con El\u00edsabet Benavent y Luis Zueco sobre novela rom\u00e1ntica e hist\u00f3rica #YoMeQuedoEnCasaLeyendo","datePublished":"2020-05-02T09:03:23+00:00","dateModified":"2020-05-08T11:16:47+00:00","mainEntityOfPage":{"@id":"https:\/\/blogs.santosochoa.es\/salamanca\/charlamos-con-elisabet-benavent-y-luis-zueco\/"},"wordCount":907,"image":{"@id":"https:\/\/blogs.santosochoa.es\/salamanca\/charlamos-con-elisabet-benavent-y-luis-zueco\/#primaryimage"},"thumbnailUrl":"https:\/\/blogs.santosochoa.es\/salamanca\/wp-content\/uploads\/sites\/3\/2020\/05\/Luis-Zueco_ElisabetBenavent.jpg","articleSection":["libros"],"inLanguage":"es"},{"@type":"WebPage","@id":"https:\/\/blogs.santosochoa.es\/salamanca\/charlamos-con-elisabet-benavent-y-luis-zueco\/","url":"https:\/\/blogs.santosochoa.es\/salamanca\/charlamos-con-elisabet-benavent-y-luis-zueco\/","name":"Charlamos con El\u00edsabet Benavent y Luis Zueco sobre novela rom\u00e1ntica e hist\u00f3rica #YoMeQuedoEnCasaLeyendo - Santos Ochoa Salamanca","isPartOf":{"@id":"https:\/\/blogs.santosochoa.es\/salamanca\/#website"},"primaryImageOfPage":{"@id":"https:\/\/blogs.santosochoa.es\/salamanca\/charlamos-con-elisabet-benavent-y-luis-zueco\/#primaryimage"},"image":{"@id":"https:\/\/blogs.santosochoa.es\/salamanca\/charlamos-con-elisabet-benavent-y-luis-zueco\/#primaryimage"},"thumbnailUrl":"https:\/\/blogs.santosochoa.es\/salamanca\/wp-content\/uploads\/sites\/3\/2020\/05\/Luis-Zueco_ElisabetBenavent.jpg","datePublished":"2020-05-02T09:03:23+00:00","dateModified":"2020-05-08T11:16:47+00:00","author":{"@id":"https:\/\/blogs.santosochoa.es\/salamanca\/#\/schema\/person\/a125e75c96c8702907b25e61f1c0b772"},"description":"Agenda Cultural. Encuentros virtuales. \"El mercader de libros\" y \"Un cuento perfecto\". Novela hist\u00f3rica y rom\u00e1ntica. En directo en Instagram","breadcrumb":{"@id":"https:\/\/blogs.santosochoa.es\/salamanca\/charlamos-con-elisabet-benavent-y-luis-zueco\/#breadcrumb"},"inLanguage":"es","potentialAction":[{"@type":"ReadAction","target":["https:\/\/blogs.santosochoa.es\/salamanca\/charlamos-con-elisabet-benavent-y-luis-zueco\/"]}]},{"@type":"ImageObject","inLanguage":"es","@id":"https:\/\/blogs.santosochoa.es\/salamanca\/charlamos-con-elisabet-benavent-y-luis-zueco\/#primaryimage","url":"https:\/\/blogs.santosochoa.es\/salamanca\/wp-content\/uploads\/sites\/3\/2020\/05\/Luis-Zueco_ElisabetBenavent.jpg","contentUrl":"https:\/\/blogs.santosochoa.es\/salamanca\/wp-content\/uploads\/sites\/3\/2020\/05\/Luis-Zueco_ElisabetBenavent.jpg","width":2156,"height":1089},{"@type":"BreadcrumbList","@id":"https:\/\/blogs.santosochoa.es\/salamanca\/charlamos-con-elisabet-benavent-y-luis-zueco\/#breadcrumb","itemListElement":[{"@type":"ListItem","position":1,"name":"Home","item":"https:\/\/blogs.santosochoa.es\/salamanca\/"},{"@type":"ListItem","position":2,"name":"Charlamos con El\u00edsabet Benavent y Luis Zueco sobre novela rom\u00e1ntica e hist\u00f3rica #YoMeQuedoEnCasaLeyendo"}]},{"@type":"WebSite","@id":"https:\/\/blogs.santosochoa.es\/salamanca\/#website","url":"https:\/\/blogs.santosochoa.es\/salamanca\/","name":"Santos Ochoa Salamanca","description":"Tu Librer\u00eda Online","potentialAction":[{"@type":"SearchAction","target":{"@type":"EntryPoint","urlTemplate":"https:\/\/blogs.santosochoa.es\/salamanca\/?s={search_term_string}"},"query-input":{"@type":"PropertyValueSpecification","valueRequired":true,"valueName":"search_term_string"}}],"inLanguage":"es"},{"@type":"Person","@id":"https:\/\/blogs.santosochoa.es\/salamanca\/#\/schema\/person\/a125e75c96c8702907b25e61f1c0b772","name":"Santos Ochoa Salamanca"}]}},"_links":{"self":[{"href":"https:\/\/blogs.santosochoa.es\/salamanca\/wp-json\/wp\/v2\/posts\/802","targetHints":{"allow":["GET"]}}],"collection":[{"href":"https:\/\/blogs.santosochoa.es\/salamanca\/wp-json\/wp\/v2\/posts"}],"about":[{"href":"https:\/\/blogs.santosochoa.es\/salamanca\/wp-json\/wp\/v2\/types\/post"}],"author":[{"embeddable":true,"href":"https:\/\/blogs.santosochoa.es\/salamanca\/wp-json\/wp\/v2\/users\/2"}],"replies":[{"embeddable":true,"href":"https:\/\/blogs.santosochoa.es\/salamanca\/wp-json\/wp\/v2\/comments?post=802"}],"version-history":[{"count":3,"href":"https:\/\/blogs.santosochoa.es\/salamanca\/wp-json\/wp\/v2\/posts\/802\/revisions"}],"predecessor-version":[{"id":825,"href":"https:\/\/blogs.santosochoa.es\/salamanca\/wp-json\/wp\/v2\/posts\/802\/revisions\/825"}],"wp:featuredmedia":[{"embeddable":true,"href":"https:\/\/blogs.santosochoa.es\/salamanca\/wp-json\/wp\/v2\/media\/803"}],"wp:attachment":[{"href":"https:\/\/blogs.santosochoa.es\/salamanca\/wp-json\/wp\/v2\/media?parent=802"}],"wp:term":[{"taxonomy":"category","embeddable":true,"href":"https:\/\/blogs.santosochoa.es\/salamanca\/wp-json\/wp\/v2\/categories?post=802"},{"taxonomy":"post_tag","embeddable":true,"href":"https:\/\/blogs.santosochoa.es\/salamanca\/wp-json\/wp\/v2\/tags?post=802"}],"curies":[{"name":"wp","href":"https:\/\/api.w.org\/{rel}","templated":true}]}}