{"id":744,"date":"2020-03-05T12:52:22","date_gmt":"2020-03-05T11:52:22","guid":{"rendered":"https:\/\/blogs.santosochoa.es\/salamanca\/?p=744"},"modified":"2020-03-13T11:26:12","modified_gmt":"2020-03-13T10:26:12","slug":"maria-montesinos-y-jairo-martin-educacion-feminismo-y-poesia","status":"publish","type":"post","link":"https:\/\/blogs.santosochoa.es\/salamanca\/maria-montesinos-y-jairo-martin-educacion-feminismo-y-poesia\/","title":{"rendered":"Mar\u00eda Montesinos y Jairo Mart\u00edn. Educaci\u00f3n, feminismo y poes\u00eda"},"content":{"rendered":"\n<h2 class=\"wp-block-heading\">#APLAZADO# <strong>Mar\u00eda Montesinos presenta <em>Un destino propio<\/em>, una novela sobre las primeras feministas espa\u00f1olas<\/strong><\/h2>\n\n\n\n<h3 class=\"wp-block-heading\">Mi\u00e9rcoles 11 de marzo, a las 19:30 h.<\/h3>\n\n\n\n<h4 class=\"wp-block-heading\">Librer\u00eda Santos Ochoa. Gran V\u00eda, 12. <\/h4>\n\n\n\n<div class=\"wp-block-image\"><figure class=\"alignleft size-large is-resized\"><img loading=\"lazy\" decoding=\"async\" src=\"https:\/\/blogs.santosochoa.es\/salamanca\/wp-content\/uploads\/sites\/3\/2020\/02\/un-destino-propio_maria-montesinos-664x1024.jpg\" alt=\"\" class=\"wp-image-735\" width=\"211\" height=\"326\" srcset=\"https:\/\/blogs.santosochoa.es\/salamanca\/wp-content\/uploads\/sites\/3\/2020\/02\/un-destino-propio_maria-montesinos-664x1024.jpg 664w, https:\/\/blogs.santosochoa.es\/salamanca\/wp-content\/uploads\/sites\/3\/2020\/02\/un-destino-propio_maria-montesinos-195x300.jpg 195w, https:\/\/blogs.santosochoa.es\/salamanca\/wp-content\/uploads\/sites\/3\/2020\/02\/un-destino-propio_maria-montesinos-768x1184.jpg 768w, https:\/\/blogs.santosochoa.es\/salamanca\/wp-content\/uploads\/sites\/3\/2020\/02\/un-destino-propio_maria-montesinos.jpg 827w\" sizes=\"auto, (max-width: 211px) 100vw, 211px\" \/><\/figure><\/div>\n\n\n\n<h5 class=\"wp-block-heading\"><strong>El mundo est\u00e1 cambiando y nadie podr\u00e1 impedirlo. Una sociedad se resiste al fin de una \u00e9poca. Una mujer busca su propio destino. Algunas novelas tienen el poder de reflejar la vida en todo su esplendor, trasladarnos a una \u00e9poca prodigiosa, captar el instante preciso en el que todo estaba a punto de cambiar. Esta es una de esas novelas.<\/strong><\/h5>\n\n\n\n<p>Micaela es una joven maestra que llega a Comillas, uno de los pueblos m\u00e1s elegantes de la costa c\u00e1ntabra, en el verano de 1883. All\u00ed conoce a H\u00e9ctor Balboa, un indiano que acaba de regresar de Cuba tras amasar una gran fortuna y est\u00e1 construyendo una escuela para los hijos -y no las hijas- de los aldeanos. Micaela empieza entonces su batalla para que tambi\u00e9n las ni\u00f1as puedan recibir la educaci\u00f3n que merecen y necesitan, al tiempo que entre ella y H\u00e9ctor va surgiendo una atracci\u00f3n capaz de derribar todas las barreras.<\/p>\n\n\n\n<p>Ambientada a finales del siglo XIX, en un momento hist\u00f3rico decisivo y lleno de contrastes, Un destino propio nos habla de aquellas primeras mujeres valientes que se atrevieron a alzar la voz contra una sociedad que se negaba a escucharlas.<\/p>\n\n\n\n<p>Valerosas pioneras, como Concepci\u00f3n Arenal, Rosal\u00eda de Castro o la combativa, independiente y arrojada Emilia Pardo Baz\u00e1n, figura may\u00fascula del feminismo, nunca suficientemente reivindicada. El tema de fondo de la novela es esa ardua batalla que, en algunos aspectos, aunque ya no felizmente en el de la educaci\u00f3n, llega hasta nuestros d\u00edas. Pero la historia va m\u00e1s all\u00e1. Es, junto a esa suerte de poema pedag\u00f3gico, una hermosa historia de amor y un magn\u00edfico retrato social.<\/p>\n\n\n\n<p><strong>Mar\u00eda Montesinos<\/strong> es licenciada en Periodismo por la Universidad Complutense de Madrid. Comenz\u00f3 su trayectoria profesional en revistas especializadas en viajes, salud natural y bienestar cuerpo-mente. En el a\u00f1o 1999 cambi\u00f3 la prensa por la comunicaci\u00f3n social dentro del sector de las ONG, donde sigue colaborando como freelance. Adem\u00e1s de <em>Un destino propio<\/em>, es autora de otras dos novelas anteriores: <em>La est\u00fapida idea de dejarte marchar<\/em> y <em>El mapa de mi piel<\/em>, ambas autopublicadas en Amazon con gran \u00e9xito de cr\u00edticas.<\/p>\n\n\n\n<div style=\"height:50px\" aria-hidden=\"true\" class=\"wp-block-spacer\"><\/div>\n\n\n\n<h2 class=\"wp-block-heading\"> #APLAZADO#  <strong>Jairo Mart\u00edn presenta el libro de poemas <em>Aprovechando que el Pisuerga pasa por Valladolid<\/em><\/strong><\/h2>\n\n\n\n<h3 class=\"wp-block-heading\"><strong>S\u00e1bado 14 de marzo, a las 19:00 h.<\/strong><\/h3>\n\n\n\n<h4 class=\"wp-block-heading\">Librer\u00eda Santos Ochoa. Gran V\u00eda, 12. <\/h4>\n\n\n\n<div class=\"wp-block-image\"><figure class=\"alignright size-large is-resized\"><img loading=\"lazy\" decoding=\"async\" src=\"https:\/\/blogs.santosochoa.es\/salamanca\/wp-content\/uploads\/sites\/3\/2020\/02\/aprovechando-pisuerga_jairo-martin.jpg\" alt=\"\" class=\"wp-image-737\" width=\"205\" height=\"298\" srcset=\"https:\/\/blogs.santosochoa.es\/salamanca\/wp-content\/uploads\/sites\/3\/2020\/02\/aprovechando-pisuerga_jairo-martin.jpg 591w, https:\/\/blogs.santosochoa.es\/salamanca\/wp-content\/uploads\/sites\/3\/2020\/02\/aprovechando-pisuerga_jairo-martin-207x300.jpg 207w\" sizes=\"auto, (max-width: 205px) 100vw, 205px\" \/><\/figure><\/div>\n\n\n\n<h5 class=\"wp-block-heading\"><strong><em>Aprovechando que el Pisuerga pasa por Valladolid<\/em> nos muestra el viaje de Jairo Mart\u00edn como poeta. Una\npoes\u00eda que bebe de la tradici\u00f3n para avanzar entre la modernidad en busca de su\npropia voz. Con una visi\u00f3n innovadora de la poes\u00eda contempor\u00e1nea que no se\nsomete a convecciones ni formalismos m\u00e9tricos.<\/strong><\/h5>\n\n\n\n<p>Jairo Mart\u00edn juega con\nel ritmo y el lenguaje para hacer una descripci\u00f3n franca y accesible. Un \u00f3leo\nsobre el que es capaz de dibujar visiones de una realidad con la que el poeta\nse muestra a menudo disconforme.<\/p>\n\n\n\n<p>El amor, el paso del\ntiempo y los problemas que acusa nuestra sociedad moderna, se encuentran aqu\u00ed\nplasmados por el poeta como un grito a toda una generaci\u00f3n que se mueve veloz y\nef\u00edmera a 140 caracteres por minuto.<\/p>\n\n\n\n<p><strong>Jairo Mart\u00edn de la\nFuente<\/strong> naci\u00f3 en Valladolid en 1992.\nEstudi\u00f3 Filolog\u00eda Hisp\u00e1nica y realiz\u00f3 un a\u00f1o de estudios en Polonia. Ejerci\u00f3\ncomo profesor de espa\u00f1ol en diferentes instituciones en Polonia y tambi\u00e9n en\norganizaciones de integraci\u00f3n al inmigrante en Espa\u00f1a. En Sevilla realiz\u00f3 un\nm\u00e1ster de Escritura Creativa mientras trabajaba como corrector de textos\nliterarios. Obtuvo una beca para cursar un m\u00e1ster de Investigaci\u00f3n y Estudios\nHisp\u00e1nicos en Lyon. Amante del arte en todas sus formas, en especial la\nliteratura, apasionado por los viajes y conocer diferentes culturas, Jairo\nMart\u00edn es la confluencia de todas esas influencias que conforman el universo. <em>Aprovechando\nque el Pisuerga pasa por Valladolid<\/em> es su primera obra.<\/p>\n","protected":false},"excerpt":{"rendered":"<p>Agenda Cultural: Mar\u00eda Montesinos presenta \u00abUn destino propio\u00bb. Jairo Mart\u00edn presenta \u00abAprovechando que el Pisuerga pasa por Valladolid\u00bb<\/p>\n","protected":false},"author":2,"featured_media":735,"comment_status":"closed","ping_status":"closed","sticky":false,"template":"","format":"standard","meta":{"footnotes":""},"categories":[9,15],"tags":[],"class_list":["post-744","post","type-post","status-publish","format-standard","has-post-thumbnail","hentry","category-libros","category-poesia"],"yoast_head":"<!-- This site is optimized with the Yoast SEO plugin v27.2 - https:\/\/yoast.com\/product\/yoast-seo-wordpress\/ -->\n<title>Mar\u00eda Montesinos y Jairo Mart\u00edn. Educaci\u00f3n, feminismo y poes\u00eda - Santos Ochoa Salamanca<\/title>\n<meta name=\"description\" content=\"Agenda Cultural: Mar\u00eda Montesinos presenta &quot;Un destino propio&quot;. Jairo Mart\u00edn presenta &quot;Aprovechando que el Pisuerga pasa por Valladolid&quot;\" \/>\n<meta name=\"robots\" content=\"index, follow, max-snippet:-1, max-image-preview:large, max-video-preview:-1\" \/>\n<link rel=\"canonical\" href=\"https:\/\/blogs.santosochoa.es\/salamanca\/maria-montesinos-y-jairo-martin-educacion-feminismo-y-poesia\/\" \/>\n<meta property=\"og:locale\" content=\"es_ES\" \/>\n<meta property=\"og:type\" content=\"article\" \/>\n<meta property=\"og:title\" content=\"Mar\u00eda Montesinos y Jairo Mart\u00edn. Educaci\u00f3n, feminismo y poes\u00eda - Santos Ochoa Salamanca\" \/>\n<meta property=\"og:description\" content=\"Agenda Cultural: Mar\u00eda Montesinos presenta &quot;Un destino propio&quot;. Jairo Mart\u00edn presenta &quot;Aprovechando que el Pisuerga pasa por Valladolid&quot;\" \/>\n<meta property=\"og:url\" content=\"https:\/\/blogs.santosochoa.es\/salamanca\/maria-montesinos-y-jairo-martin-educacion-feminismo-y-poesia\/\" \/>\n<meta property=\"og:site_name\" content=\"Santos Ochoa Salamanca\" \/>\n<meta property=\"article:published_time\" content=\"2020-03-05T11:52:22+00:00\" \/>\n<meta property=\"article:modified_time\" content=\"2020-03-13T10:26:12+00:00\" \/>\n<meta property=\"og:image\" content=\"https:\/\/blogs.santosochoa.es\/salamanca\/wp-content\/uploads\/sites\/3\/2020\/02\/un-destino-propio_maria-montesinos.jpg\" \/>\n\t<meta property=\"og:image:width\" content=\"827\" \/>\n\t<meta property=\"og:image:height\" content=\"1275\" \/>\n\t<meta property=\"og:image:type\" content=\"image\/jpeg\" \/>\n<meta name=\"author\" content=\"Santos Ochoa Salamanca\" \/>\n<meta name=\"twitter:card\" content=\"summary_large_image\" \/>\n<meta name=\"twitter:label1\" content=\"Written by\" \/>\n\t<meta name=\"twitter:data1\" content=\"Santos Ochoa Salamanca\" \/>\n\t<meta name=\"twitter:label2\" content=\"Est. reading time\" \/>\n\t<meta name=\"twitter:data2\" content=\"3 minutos\" \/>\n<script type=\"application\/ld+json\" class=\"yoast-schema-graph\">{\"@context\":\"https:\/\/schema.org\",\"@graph\":[{\"@type\":\"Article\",\"@id\":\"https:\/\/blogs.santosochoa.es\/salamanca\/maria-montesinos-y-jairo-martin-educacion-feminismo-y-poesia\/#article\",\"isPartOf\":{\"@id\":\"https:\/\/blogs.santosochoa.es\/salamanca\/maria-montesinos-y-jairo-martin-educacion-feminismo-y-poesia\/\"},\"author\":{\"name\":\"Santos Ochoa Salamanca\",\"@id\":\"https:\/\/blogs.santosochoa.es\/salamanca\/#\/schema\/person\/a125e75c96c8702907b25e61f1c0b772\"},\"headline\":\"Mar\u00eda Montesinos y Jairo Mart\u00edn. Educaci\u00f3n, feminismo y poes\u00eda\",\"datePublished\":\"2020-03-05T11:52:22+00:00\",\"dateModified\":\"2020-03-13T10:26:12+00:00\",\"mainEntityOfPage\":{\"@id\":\"https:\/\/blogs.santosochoa.es\/salamanca\/maria-montesinos-y-jairo-martin-educacion-feminismo-y-poesia\/\"},\"wordCount\":708,\"image\":{\"@id\":\"https:\/\/blogs.santosochoa.es\/salamanca\/maria-montesinos-y-jairo-martin-educacion-feminismo-y-poesia\/#primaryimage\"},\"thumbnailUrl\":\"https:\/\/blogs.santosochoa.es\/salamanca\/wp-content\/uploads\/sites\/3\/2020\/02\/un-destino-propio_maria-montesinos.jpg\",\"articleSection\":[\"libros\",\"poes\u00eda\"],\"inLanguage\":\"es\"},{\"@type\":\"WebPage\",\"@id\":\"https:\/\/blogs.santosochoa.es\/salamanca\/maria-montesinos-y-jairo-martin-educacion-feminismo-y-poesia\/\",\"url\":\"https:\/\/blogs.santosochoa.es\/salamanca\/maria-montesinos-y-jairo-martin-educacion-feminismo-y-poesia\/\",\"name\":\"Mar\u00eda Montesinos y Jairo Mart\u00edn. Educaci\u00f3n, feminismo y poes\u00eda - Santos Ochoa Salamanca\",\"isPartOf\":{\"@id\":\"https:\/\/blogs.santosochoa.es\/salamanca\/#website\"},\"primaryImageOfPage\":{\"@id\":\"https:\/\/blogs.santosochoa.es\/salamanca\/maria-montesinos-y-jairo-martin-educacion-feminismo-y-poesia\/#primaryimage\"},\"image\":{\"@id\":\"https:\/\/blogs.santosochoa.es\/salamanca\/maria-montesinos-y-jairo-martin-educacion-feminismo-y-poesia\/#primaryimage\"},\"thumbnailUrl\":\"https:\/\/blogs.santosochoa.es\/salamanca\/wp-content\/uploads\/sites\/3\/2020\/02\/un-destino-propio_maria-montesinos.jpg\",\"datePublished\":\"2020-03-05T11:52:22+00:00\",\"dateModified\":\"2020-03-13T10:26:12+00:00\",\"author\":{\"@id\":\"https:\/\/blogs.santosochoa.es\/salamanca\/#\/schema\/person\/a125e75c96c8702907b25e61f1c0b772\"},\"description\":\"Agenda Cultural: Mar\u00eda Montesinos presenta \\\"Un destino propio\\\". Jairo Mart\u00edn presenta \\\"Aprovechando que el Pisuerga pasa por Valladolid\\\"\",\"breadcrumb\":{\"@id\":\"https:\/\/blogs.santosochoa.es\/salamanca\/maria-montesinos-y-jairo-martin-educacion-feminismo-y-poesia\/#breadcrumb\"},\"inLanguage\":\"es\",\"potentialAction\":[{\"@type\":\"ReadAction\",\"target\":[\"https:\/\/blogs.santosochoa.es\/salamanca\/maria-montesinos-y-jairo-martin-educacion-feminismo-y-poesia\/\"]}]},{\"@type\":\"ImageObject\",\"inLanguage\":\"es\",\"@id\":\"https:\/\/blogs.santosochoa.es\/salamanca\/maria-montesinos-y-jairo-martin-educacion-feminismo-y-poesia\/#primaryimage\",\"url\":\"https:\/\/blogs.santosochoa.es\/salamanca\/wp-content\/uploads\/sites\/3\/2020\/02\/un-destino-propio_maria-montesinos.jpg\",\"contentUrl\":\"https:\/\/blogs.santosochoa.es\/salamanca\/wp-content\/uploads\/sites\/3\/2020\/02\/un-destino-propio_maria-montesinos.jpg\",\"width\":827,\"height\":1275},{\"@type\":\"BreadcrumbList\",\"@id\":\"https:\/\/blogs.santosochoa.es\/salamanca\/maria-montesinos-y-jairo-martin-educacion-feminismo-y-poesia\/#breadcrumb\",\"itemListElement\":[{\"@type\":\"ListItem\",\"position\":1,\"name\":\"Home\",\"item\":\"https:\/\/blogs.santosochoa.es\/salamanca\/\"},{\"@type\":\"ListItem\",\"position\":2,\"name\":\"Mar\u00eda Montesinos y Jairo Mart\u00edn. Educaci\u00f3n, feminismo y poes\u00eda\"}]},{\"@type\":\"WebSite\",\"@id\":\"https:\/\/blogs.santosochoa.es\/salamanca\/#website\",\"url\":\"https:\/\/blogs.santosochoa.es\/salamanca\/\",\"name\":\"Santos Ochoa Salamanca\",\"description\":\"Tu Librer\u00eda Online\",\"potentialAction\":[{\"@type\":\"SearchAction\",\"target\":{\"@type\":\"EntryPoint\",\"urlTemplate\":\"https:\/\/blogs.santosochoa.es\/salamanca\/?s={search_term_string}\"},\"query-input\":{\"@type\":\"PropertyValueSpecification\",\"valueRequired\":true,\"valueName\":\"search_term_string\"}}],\"inLanguage\":\"es\"},{\"@type\":\"Person\",\"@id\":\"https:\/\/blogs.santosochoa.es\/salamanca\/#\/schema\/person\/a125e75c96c8702907b25e61f1c0b772\",\"name\":\"Santos Ochoa Salamanca\"}]}<\/script>\n<!-- \/ Yoast SEO plugin. -->","yoast_head_json":{"title":"Mar\u00eda Montesinos y Jairo Mart\u00edn. Educaci\u00f3n, feminismo y poes\u00eda - Santos Ochoa Salamanca","description":"Agenda Cultural: Mar\u00eda Montesinos presenta \"Un destino propio\". Jairo Mart\u00edn presenta \"Aprovechando que el Pisuerga pasa por Valladolid\"","robots":{"index":"index","follow":"follow","max-snippet":"max-snippet:-1","max-image-preview":"max-image-preview:large","max-video-preview":"max-video-preview:-1"},"canonical":"https:\/\/blogs.santosochoa.es\/salamanca\/maria-montesinos-y-jairo-martin-educacion-feminismo-y-poesia\/","og_locale":"es_ES","og_type":"article","og_title":"Mar\u00eda Montesinos y Jairo Mart\u00edn. Educaci\u00f3n, feminismo y poes\u00eda - Santos Ochoa Salamanca","og_description":"Agenda Cultural: Mar\u00eda Montesinos presenta \"Un destino propio\". Jairo Mart\u00edn presenta \"Aprovechando que el Pisuerga pasa por Valladolid\"","og_url":"https:\/\/blogs.santosochoa.es\/salamanca\/maria-montesinos-y-jairo-martin-educacion-feminismo-y-poesia\/","og_site_name":"Santos Ochoa Salamanca","article_published_time":"2020-03-05T11:52:22+00:00","article_modified_time":"2020-03-13T10:26:12+00:00","og_image":[{"width":827,"height":1275,"url":"https:\/\/blogs.santosochoa.es\/salamanca\/wp-content\/uploads\/sites\/3\/2020\/02\/un-destino-propio_maria-montesinos.jpg","type":"image\/jpeg"}],"author":"Santos Ochoa Salamanca","twitter_card":"summary_large_image","twitter_misc":{"Written by":"Santos Ochoa Salamanca","Est. reading time":"3 minutos"},"schema":{"@context":"https:\/\/schema.org","@graph":[{"@type":"Article","@id":"https:\/\/blogs.santosochoa.es\/salamanca\/maria-montesinos-y-jairo-martin-educacion-feminismo-y-poesia\/#article","isPartOf":{"@id":"https:\/\/blogs.santosochoa.es\/salamanca\/maria-montesinos-y-jairo-martin-educacion-feminismo-y-poesia\/"},"author":{"name":"Santos Ochoa Salamanca","@id":"https:\/\/blogs.santosochoa.es\/salamanca\/#\/schema\/person\/a125e75c96c8702907b25e61f1c0b772"},"headline":"Mar\u00eda Montesinos y Jairo Mart\u00edn. Educaci\u00f3n, feminismo y poes\u00eda","datePublished":"2020-03-05T11:52:22+00:00","dateModified":"2020-03-13T10:26:12+00:00","mainEntityOfPage":{"@id":"https:\/\/blogs.santosochoa.es\/salamanca\/maria-montesinos-y-jairo-martin-educacion-feminismo-y-poesia\/"},"wordCount":708,"image":{"@id":"https:\/\/blogs.santosochoa.es\/salamanca\/maria-montesinos-y-jairo-martin-educacion-feminismo-y-poesia\/#primaryimage"},"thumbnailUrl":"https:\/\/blogs.santosochoa.es\/salamanca\/wp-content\/uploads\/sites\/3\/2020\/02\/un-destino-propio_maria-montesinos.jpg","articleSection":["libros","poes\u00eda"],"inLanguage":"es"},{"@type":"WebPage","@id":"https:\/\/blogs.santosochoa.es\/salamanca\/maria-montesinos-y-jairo-martin-educacion-feminismo-y-poesia\/","url":"https:\/\/blogs.santosochoa.es\/salamanca\/maria-montesinos-y-jairo-martin-educacion-feminismo-y-poesia\/","name":"Mar\u00eda Montesinos y Jairo Mart\u00edn. Educaci\u00f3n, feminismo y poes\u00eda - Santos Ochoa Salamanca","isPartOf":{"@id":"https:\/\/blogs.santosochoa.es\/salamanca\/#website"},"primaryImageOfPage":{"@id":"https:\/\/blogs.santosochoa.es\/salamanca\/maria-montesinos-y-jairo-martin-educacion-feminismo-y-poesia\/#primaryimage"},"image":{"@id":"https:\/\/blogs.santosochoa.es\/salamanca\/maria-montesinos-y-jairo-martin-educacion-feminismo-y-poesia\/#primaryimage"},"thumbnailUrl":"https:\/\/blogs.santosochoa.es\/salamanca\/wp-content\/uploads\/sites\/3\/2020\/02\/un-destino-propio_maria-montesinos.jpg","datePublished":"2020-03-05T11:52:22+00:00","dateModified":"2020-03-13T10:26:12+00:00","author":{"@id":"https:\/\/blogs.santosochoa.es\/salamanca\/#\/schema\/person\/a125e75c96c8702907b25e61f1c0b772"},"description":"Agenda Cultural: Mar\u00eda Montesinos presenta \"Un destino propio\". Jairo Mart\u00edn presenta \"Aprovechando que el Pisuerga pasa por Valladolid\"","breadcrumb":{"@id":"https:\/\/blogs.santosochoa.es\/salamanca\/maria-montesinos-y-jairo-martin-educacion-feminismo-y-poesia\/#breadcrumb"},"inLanguage":"es","potentialAction":[{"@type":"ReadAction","target":["https:\/\/blogs.santosochoa.es\/salamanca\/maria-montesinos-y-jairo-martin-educacion-feminismo-y-poesia\/"]}]},{"@type":"ImageObject","inLanguage":"es","@id":"https:\/\/blogs.santosochoa.es\/salamanca\/maria-montesinos-y-jairo-martin-educacion-feminismo-y-poesia\/#primaryimage","url":"https:\/\/blogs.santosochoa.es\/salamanca\/wp-content\/uploads\/sites\/3\/2020\/02\/un-destino-propio_maria-montesinos.jpg","contentUrl":"https:\/\/blogs.santosochoa.es\/salamanca\/wp-content\/uploads\/sites\/3\/2020\/02\/un-destino-propio_maria-montesinos.jpg","width":827,"height":1275},{"@type":"BreadcrumbList","@id":"https:\/\/blogs.santosochoa.es\/salamanca\/maria-montesinos-y-jairo-martin-educacion-feminismo-y-poesia\/#breadcrumb","itemListElement":[{"@type":"ListItem","position":1,"name":"Home","item":"https:\/\/blogs.santosochoa.es\/salamanca\/"},{"@type":"ListItem","position":2,"name":"Mar\u00eda Montesinos y Jairo Mart\u00edn. Educaci\u00f3n, feminismo y poes\u00eda"}]},{"@type":"WebSite","@id":"https:\/\/blogs.santosochoa.es\/salamanca\/#website","url":"https:\/\/blogs.santosochoa.es\/salamanca\/","name":"Santos Ochoa Salamanca","description":"Tu Librer\u00eda Online","potentialAction":[{"@type":"SearchAction","target":{"@type":"EntryPoint","urlTemplate":"https:\/\/blogs.santosochoa.es\/salamanca\/?s={search_term_string}"},"query-input":{"@type":"PropertyValueSpecification","valueRequired":true,"valueName":"search_term_string"}}],"inLanguage":"es"},{"@type":"Person","@id":"https:\/\/blogs.santosochoa.es\/salamanca\/#\/schema\/person\/a125e75c96c8702907b25e61f1c0b772","name":"Santos Ochoa Salamanca"}]}},"_links":{"self":[{"href":"https:\/\/blogs.santosochoa.es\/salamanca\/wp-json\/wp\/v2\/posts\/744","targetHints":{"allow":["GET"]}}],"collection":[{"href":"https:\/\/blogs.santosochoa.es\/salamanca\/wp-json\/wp\/v2\/posts"}],"about":[{"href":"https:\/\/blogs.santosochoa.es\/salamanca\/wp-json\/wp\/v2\/types\/post"}],"author":[{"embeddable":true,"href":"https:\/\/blogs.santosochoa.es\/salamanca\/wp-json\/wp\/v2\/users\/2"}],"replies":[{"embeddable":true,"href":"https:\/\/blogs.santosochoa.es\/salamanca\/wp-json\/wp\/v2\/comments?post=744"}],"version-history":[{"count":2,"href":"https:\/\/blogs.santosochoa.es\/salamanca\/wp-json\/wp\/v2\/posts\/744\/revisions"}],"predecessor-version":[{"id":749,"href":"https:\/\/blogs.santosochoa.es\/salamanca\/wp-json\/wp\/v2\/posts\/744\/revisions\/749"}],"wp:featuredmedia":[{"embeddable":true,"href":"https:\/\/blogs.santosochoa.es\/salamanca\/wp-json\/wp\/v2\/media\/735"}],"wp:attachment":[{"href":"https:\/\/blogs.santosochoa.es\/salamanca\/wp-json\/wp\/v2\/media?parent=744"}],"wp:term":[{"taxonomy":"category","embeddable":true,"href":"https:\/\/blogs.santosochoa.es\/salamanca\/wp-json\/wp\/v2\/categories?post=744"},{"taxonomy":"post_tag","embeddable":true,"href":"https:\/\/blogs.santosochoa.es\/salamanca\/wp-json\/wp\/v2\/tags?post=744"}],"curies":[{"name":"wp","href":"https:\/\/api.w.org\/{rel}","templated":true}]}}