{"id":725,"date":"2020-02-13T13:54:29","date_gmt":"2020-02-13T12:54:29","guid":{"rendered":"https:\/\/blogs.santosochoa.es\/salamanca\/?p=725"},"modified":"2020-02-13T13:54:30","modified_gmt":"2020-02-13T12:54:30","slug":"david-galan-redry-y-david-rees","status":"publish","type":"post","link":"https:\/\/blogs.santosochoa.es\/salamanca\/david-galan-redry-y-david-rees\/","title":{"rendered":"David Gal\u00e1n (Redry) y David Rees"},"content":{"rendered":"\n<h2 class=\"wp-block-heading\"><strong>David Gal\u00e1n (Redry) recital y firma de libros. <em>Huir de m\u00ed<\/em><\/strong><\/h2>\n\n\n\n<h3 class=\"wp-block-heading\"><strong>Martes 18 de febrero, a las 17:00 h.<\/strong><\/h3>\n\n\n\n<h4 class=\"wp-block-heading\">Librer\u00eda Santos Ochoa. Gran V\u00eda, 12. <\/h4>\n\n\n\n<div class=\"wp-block-image\"><figure class=\"alignleft size-large is-resized\"><img loading=\"lazy\" decoding=\"async\" src=\"https:\/\/blogs.santosochoa.es\/salamanca\/wp-content\/uploads\/sites\/3\/2020\/01\/huir-de-mi_redry-david-galan.jpg\" alt=\"\" class=\"wp-image-715\" width=\"200\" height=\"299\" srcset=\"https:\/\/blogs.santosochoa.es\/salamanca\/wp-content\/uploads\/sites\/3\/2020\/01\/huir-de-mi_redry-david-galan.jpg 591w, https:\/\/blogs.santosochoa.es\/salamanca\/wp-content\/uploads\/sites\/3\/2020\/01\/huir-de-mi_redry-david-galan-200x300.jpg 200w\" sizes=\"auto, (max-width: 200px) 100vw, 200px\" \/><\/figure><\/div>\n\n\n\n<p><strong>La sensibilidad es un superpoder que podr\u00eda cambiar el mundo.<\/strong><\/p>\n\n\n\n<h5 class=\"wp-block-heading\"><strong>Vivimos vidas rutinarias; todos los d\u00edas nos levantamos, vamos a\ntrabajar, hacemos la compra y quiz\u00e1 saquemos un rato para ver una pel\u00edcula y\nvuelta a empezar. Y es as\u00ed, no todos los d\u00edas ocurre algo extraordinario,\naunque a veces pasa, es verdad, pero la vida es una rutina constante que\ndebemos aprender a convivir con ella.<\/strong><\/h5>\n\n\n\n<p>Dicen que hay que ser\nfeliz, incluso hay quien dir\u00e1 que es feliz constantemente, pero yo no me lo\ncreo. La felicidad como constante no existe. Que no os enga\u00f1en. Podemos tener\nratos felices, muy felices o tristes, incluso algunos muy tristes. Debemos\nempezar a valorar los peque\u00f1os detalles de nuestra vida, en ellos s\u00ed que radica\nla verdadera felicidad.<\/p>\n\n\n\n<p>A lo largo de nuestro\nd\u00eda debemos aprender a valorar esas peque\u00f1as cosas que nos hacen sonre\u00edr y que\nnormalmente no nos fijamos en ellas. Un mensaje de \u00abbuenos d\u00edas\u00bb, el olor a\ncaf\u00e9 por la ma\u00f1ana, la ca\u00f1a de cerveza helada al final del d\u00eda en verano, el\nbeso de despedida de esa persona a la que quieres. Elige tu propio peque\u00f1o\ndetalle, hay muchos a lo largo del d\u00eda, f\u00edjate.<\/p>\n\n\n\n<p>Emoci\u00f3nate con lo\npeque\u00f1o, v\u00edvelo al m\u00e1ximo, sue\u00f1a, no dejes de so\u00f1ar, lo peque\u00f1o puede hacerse\nmuy grande. Enam\u00f3rate, enam\u00f3rate hasta el infinito, no dejes nunca de sentir.<\/p>\n\n\n\n<p><strong>David Gal\u00e1n.<\/strong> Sigo convencido de que nac\u00ed en la ciudad que\nyo quer\u00eda, Valladolid. Cada d\u00eda que pasa me siento m\u00e1s enamorado de sus calles,\nde su vida y de las sensaciones que me transmite, a pesar de los nueve meses de\ninvierno. Odio el fr\u00edo, mucho.<\/p>\n\n\n\n<p>Soy maestro en\nEducaci\u00f3n Infantil; me hace tan feliz como seguir escribiendo o perderme\nviajando. Empec\u00e9 a escribir cuando era muy peque\u00f1o: recuerdo con cari\u00f1o mis\nviajes en bus en los que dejaba p\u00f3sits con frases en el respaldo de mi asiento\ncuando llegaba mi parada. Sigo escondiendo algunas de esas notas por las calles\nde mi ciudad por si puedo sacarle una sonrisa a quien las encuentre.<\/p>\n\n\n\n<p>Han pasado dos a\u00f1os\ndesde <em>Abr\u00e1zame los monstruos<\/em>, mi primer libro, y me he enamorado de esos\nabrazos. Mis monstruos me han hecho viajar por todo el mundo sin salir de casa\ny yo consegu\u00ed aterrizar en Par\u00eds.<\/p>\n\n\n\n<p>Quiero volver a enamorarme.<\/p>\n\n\n\n<div style=\"height:50px\" aria-hidden=\"true\" class=\"wp-block-spacer\"><\/div>\n\n\n\n<h2 class=\"wp-block-heading\"><strong>David Rees presenta su libro de relatos <em>El chico del ukelele<\/em><\/strong><\/h2>\n\n\n\n<h3 class=\"wp-block-heading\"><strong>Viernes 21 de febrero, a las 19:00 h.<\/strong><\/h3>\n\n\n\n<h4 class=\"wp-block-heading\">Librer\u00eda Santos Ochoa. Gran V\u00eda, 12. <\/h4>\n\n\n\n<div class=\"wp-block-image\"><figure class=\"alignright size-large is-resized\"><img loading=\"lazy\" decoding=\"async\" src=\"https:\/\/blogs.santosochoa.es\/salamanca\/wp-content\/uploads\/sites\/3\/2020\/01\/el-chico-del-ukelele_david-rees.jpg\" alt=\"\" class=\"wp-image-707\" width=\"200\" height=\"300\" srcset=\"https:\/\/blogs.santosochoa.es\/salamanca\/wp-content\/uploads\/sites\/3\/2020\/01\/el-chico-del-ukelele_david-rees.jpg 650w, https:\/\/blogs.santosochoa.es\/salamanca\/wp-content\/uploads\/sites\/3\/2020\/01\/el-chico-del-ukelele_david-rees-200x300.jpg 200w\" sizes=\"auto, (max-width: 200px) 100vw, 200px\" \/><\/figure><\/div>\n\n\n\n<h5 class=\"wp-block-heading\"><strong>\u00bfEl amor por internet es peligroso<\/strong> <strong>\u00bfDeber\u00eda estudiar algo que no tiene salida?<\/strong> <strong>\u00bfQu\u00e9 piensan los dem\u00e1s de m\u00ed?<\/strong> <strong>\u00bfRealmente me gustan las chicas?<\/strong> <strong>\u00bfQu\u00e9 hago en una cueva perdido y sin salida?<\/strong> <strong>\u00bfMe van a pegar a la salida de clase<\/strong> <strong>\u00bfC\u00f3mo salvo a mi hermana de una ca\u00edda de 6 metros?<\/strong> <strong>\u00bfMis amigos me odian?<\/strong> <strong>\u00bfEl ukelele me ayudar\u00e1 a escribir mi primera canci\u00f3n?<\/strong><\/h5>\n\n\n\n<p><em>El chico del ukelele<\/em> es un tierno y sorprendente libro de cuentos en el que David Rees nos muestra su percepci\u00f3n sobre la vida, la m\u00fasica y el amor.<\/p>\n\n\n\n<p><strong>David Rees<\/strong>, el chico del ukelele, es un cantante y compositor que se dio a conocer a trav\u00e9s de YouTube, donde empez\u00f3 a subir los v\u00eddeos que grab\u00f3 versionando las canciones de sus artistas favoritos. David estudi\u00f3 psicolog\u00eda en la Universidad de Salamanca y toca el piano, el ukelele, la guitarra y la flauta travesera. Su estilo musical es pop y sus canciones hablan de la vida cotidiana, de sus preocupaciones y motivaciones.<\/p>\n","protected":false},"excerpt":{"rendered":"<p>Agenda Cultural. Recital y firma de libros de David Gal\u00e1n (Redry). David Rees presenta su libro de relatos \u00abEl chico del ukelele\u00bb<\/p>\n","protected":false},"author":2,"featured_media":707,"comment_status":"closed","ping_status":"closed","sticky":false,"template":"","format":"standard","meta":{"footnotes":""},"categories":[9],"tags":[],"class_list":["post-725","post","type-post","status-publish","format-standard","has-post-thumbnail","hentry","category-libros"],"yoast_head":"<!-- This site is optimized with the Yoast SEO plugin v27.2 - https:\/\/yoast.com\/product\/yoast-seo-wordpress\/ -->\n<title>David Gal\u00e1n (Redry) y David Rees - Santos Ochoa Salamanca<\/title>\n<meta name=\"description\" content=\"Agenda Cultural. Recital y firma de libros de David Gal\u00e1n (Redry). David Rees presenta su libro de relatos &quot;El chico del ukelele&quot;\" \/>\n<meta name=\"robots\" content=\"index, follow, max-snippet:-1, max-image-preview:large, max-video-preview:-1\" \/>\n<link rel=\"canonical\" href=\"https:\/\/blogs.santosochoa.es\/salamanca\/david-galan-redry-y-david-rees\/\" \/>\n<meta property=\"og:locale\" content=\"es_ES\" \/>\n<meta property=\"og:type\" content=\"article\" \/>\n<meta property=\"og:title\" content=\"David Gal\u00e1n (Redry) y David Rees - Santos Ochoa Salamanca\" \/>\n<meta property=\"og:description\" content=\"Agenda Cultural. Recital y firma de libros de David Gal\u00e1n (Redry). David Rees presenta su libro de relatos &quot;El chico del ukelele&quot;\" \/>\n<meta property=\"og:url\" content=\"https:\/\/blogs.santosochoa.es\/salamanca\/david-galan-redry-y-david-rees\/\" \/>\n<meta property=\"og:site_name\" content=\"Santos Ochoa Salamanca\" \/>\n<meta property=\"article:published_time\" content=\"2020-02-13T12:54:29+00:00\" \/>\n<meta property=\"article:modified_time\" content=\"2020-02-13T12:54:30+00:00\" \/>\n<meta property=\"og:image\" content=\"https:\/\/blogs.santosochoa.es\/salamanca\/wp-content\/uploads\/sites\/3\/2020\/01\/el-chico-del-ukelele_david-rees.jpg\" \/>\n\t<meta property=\"og:image:width\" content=\"650\" \/>\n\t<meta property=\"og:image:height\" content=\"976\" \/>\n\t<meta property=\"og:image:type\" content=\"image\/jpeg\" \/>\n<meta name=\"author\" content=\"Santos Ochoa Salamanca\" \/>\n<meta name=\"twitter:card\" content=\"summary_large_image\" \/>\n<meta name=\"twitter:label1\" content=\"Written by\" \/>\n\t<meta name=\"twitter:data1\" content=\"Santos Ochoa Salamanca\" \/>\n\t<meta name=\"twitter:label2\" content=\"Est. reading time\" \/>\n\t<meta name=\"twitter:data2\" content=\"3 minutos\" \/>\n<script type=\"application\/ld+json\" class=\"yoast-schema-graph\">{\"@context\":\"https:\/\/schema.org\",\"@graph\":[{\"@type\":\"Article\",\"@id\":\"https:\/\/blogs.santosochoa.es\/salamanca\/david-galan-redry-y-david-rees\/#article\",\"isPartOf\":{\"@id\":\"https:\/\/blogs.santosochoa.es\/salamanca\/david-galan-redry-y-david-rees\/\"},\"author\":{\"name\":\"Santos Ochoa Salamanca\",\"@id\":\"https:\/\/blogs.santosochoa.es\/salamanca\/#\/schema\/person\/a125e75c96c8702907b25e61f1c0b772\"},\"headline\":\"David Gal\u00e1n (Redry) y David Rees\",\"datePublished\":\"2020-02-13T12:54:29+00:00\",\"dateModified\":\"2020-02-13T12:54:30+00:00\",\"mainEntityOfPage\":{\"@id\":\"https:\/\/blogs.santosochoa.es\/salamanca\/david-galan-redry-y-david-rees\/\"},\"wordCount\":654,\"image\":{\"@id\":\"https:\/\/blogs.santosochoa.es\/salamanca\/david-galan-redry-y-david-rees\/#primaryimage\"},\"thumbnailUrl\":\"https:\/\/blogs.santosochoa.es\/salamanca\/wp-content\/uploads\/sites\/3\/2020\/01\/el-chico-del-ukelele_david-rees.jpg\",\"articleSection\":[\"libros\"],\"inLanguage\":\"es\"},{\"@type\":\"WebPage\",\"@id\":\"https:\/\/blogs.santosochoa.es\/salamanca\/david-galan-redry-y-david-rees\/\",\"url\":\"https:\/\/blogs.santosochoa.es\/salamanca\/david-galan-redry-y-david-rees\/\",\"name\":\"David Gal\u00e1n (Redry) y David Rees - Santos Ochoa Salamanca\",\"isPartOf\":{\"@id\":\"https:\/\/blogs.santosochoa.es\/salamanca\/#website\"},\"primaryImageOfPage\":{\"@id\":\"https:\/\/blogs.santosochoa.es\/salamanca\/david-galan-redry-y-david-rees\/#primaryimage\"},\"image\":{\"@id\":\"https:\/\/blogs.santosochoa.es\/salamanca\/david-galan-redry-y-david-rees\/#primaryimage\"},\"thumbnailUrl\":\"https:\/\/blogs.santosochoa.es\/salamanca\/wp-content\/uploads\/sites\/3\/2020\/01\/el-chico-del-ukelele_david-rees.jpg\",\"datePublished\":\"2020-02-13T12:54:29+00:00\",\"dateModified\":\"2020-02-13T12:54:30+00:00\",\"author\":{\"@id\":\"https:\/\/blogs.santosochoa.es\/salamanca\/#\/schema\/person\/a125e75c96c8702907b25e61f1c0b772\"},\"description\":\"Agenda Cultural. Recital y firma de libros de David Gal\u00e1n (Redry). David Rees presenta su libro de relatos \\\"El chico del ukelele\\\"\",\"breadcrumb\":{\"@id\":\"https:\/\/blogs.santosochoa.es\/salamanca\/david-galan-redry-y-david-rees\/#breadcrumb\"},\"inLanguage\":\"es\",\"potentialAction\":[{\"@type\":\"ReadAction\",\"target\":[\"https:\/\/blogs.santosochoa.es\/salamanca\/david-galan-redry-y-david-rees\/\"]}]},{\"@type\":\"ImageObject\",\"inLanguage\":\"es\",\"@id\":\"https:\/\/blogs.santosochoa.es\/salamanca\/david-galan-redry-y-david-rees\/#primaryimage\",\"url\":\"https:\/\/blogs.santosochoa.es\/salamanca\/wp-content\/uploads\/sites\/3\/2020\/01\/el-chico-del-ukelele_david-rees.jpg\",\"contentUrl\":\"https:\/\/blogs.santosochoa.es\/salamanca\/wp-content\/uploads\/sites\/3\/2020\/01\/el-chico-del-ukelele_david-rees.jpg\",\"width\":650,\"height\":976},{\"@type\":\"BreadcrumbList\",\"@id\":\"https:\/\/blogs.santosochoa.es\/salamanca\/david-galan-redry-y-david-rees\/#breadcrumb\",\"itemListElement\":[{\"@type\":\"ListItem\",\"position\":1,\"name\":\"Home\",\"item\":\"https:\/\/blogs.santosochoa.es\/salamanca\/\"},{\"@type\":\"ListItem\",\"position\":2,\"name\":\"David Gal\u00e1n (Redry) y David Rees\"}]},{\"@type\":\"WebSite\",\"@id\":\"https:\/\/blogs.santosochoa.es\/salamanca\/#website\",\"url\":\"https:\/\/blogs.santosochoa.es\/salamanca\/\",\"name\":\"Santos Ochoa Salamanca\",\"description\":\"Tu Librer\u00eda Online\",\"potentialAction\":[{\"@type\":\"SearchAction\",\"target\":{\"@type\":\"EntryPoint\",\"urlTemplate\":\"https:\/\/blogs.santosochoa.es\/salamanca\/?s={search_term_string}\"},\"query-input\":{\"@type\":\"PropertyValueSpecification\",\"valueRequired\":true,\"valueName\":\"search_term_string\"}}],\"inLanguage\":\"es\"},{\"@type\":\"Person\",\"@id\":\"https:\/\/blogs.santosochoa.es\/salamanca\/#\/schema\/person\/a125e75c96c8702907b25e61f1c0b772\",\"name\":\"Santos Ochoa Salamanca\"}]}<\/script>\n<!-- \/ Yoast SEO plugin. -->","yoast_head_json":{"title":"David Gal\u00e1n (Redry) y David Rees - Santos Ochoa Salamanca","description":"Agenda Cultural. Recital y firma de libros de David Gal\u00e1n (Redry). David Rees presenta su libro de relatos \"El chico del ukelele\"","robots":{"index":"index","follow":"follow","max-snippet":"max-snippet:-1","max-image-preview":"max-image-preview:large","max-video-preview":"max-video-preview:-1"},"canonical":"https:\/\/blogs.santosochoa.es\/salamanca\/david-galan-redry-y-david-rees\/","og_locale":"es_ES","og_type":"article","og_title":"David Gal\u00e1n (Redry) y David Rees - Santos Ochoa Salamanca","og_description":"Agenda Cultural. Recital y firma de libros de David Gal\u00e1n (Redry). David Rees presenta su libro de relatos \"El chico del ukelele\"","og_url":"https:\/\/blogs.santosochoa.es\/salamanca\/david-galan-redry-y-david-rees\/","og_site_name":"Santos Ochoa Salamanca","article_published_time":"2020-02-13T12:54:29+00:00","article_modified_time":"2020-02-13T12:54:30+00:00","og_image":[{"width":650,"height":976,"url":"https:\/\/blogs.santosochoa.es\/salamanca\/wp-content\/uploads\/sites\/3\/2020\/01\/el-chico-del-ukelele_david-rees.jpg","type":"image\/jpeg"}],"author":"Santos Ochoa Salamanca","twitter_card":"summary_large_image","twitter_misc":{"Written by":"Santos Ochoa Salamanca","Est. reading time":"3 minutos"},"schema":{"@context":"https:\/\/schema.org","@graph":[{"@type":"Article","@id":"https:\/\/blogs.santosochoa.es\/salamanca\/david-galan-redry-y-david-rees\/#article","isPartOf":{"@id":"https:\/\/blogs.santosochoa.es\/salamanca\/david-galan-redry-y-david-rees\/"},"author":{"name":"Santos Ochoa Salamanca","@id":"https:\/\/blogs.santosochoa.es\/salamanca\/#\/schema\/person\/a125e75c96c8702907b25e61f1c0b772"},"headline":"David Gal\u00e1n (Redry) y David Rees","datePublished":"2020-02-13T12:54:29+00:00","dateModified":"2020-02-13T12:54:30+00:00","mainEntityOfPage":{"@id":"https:\/\/blogs.santosochoa.es\/salamanca\/david-galan-redry-y-david-rees\/"},"wordCount":654,"image":{"@id":"https:\/\/blogs.santosochoa.es\/salamanca\/david-galan-redry-y-david-rees\/#primaryimage"},"thumbnailUrl":"https:\/\/blogs.santosochoa.es\/salamanca\/wp-content\/uploads\/sites\/3\/2020\/01\/el-chico-del-ukelele_david-rees.jpg","articleSection":["libros"],"inLanguage":"es"},{"@type":"WebPage","@id":"https:\/\/blogs.santosochoa.es\/salamanca\/david-galan-redry-y-david-rees\/","url":"https:\/\/blogs.santosochoa.es\/salamanca\/david-galan-redry-y-david-rees\/","name":"David Gal\u00e1n (Redry) y David Rees - Santos Ochoa Salamanca","isPartOf":{"@id":"https:\/\/blogs.santosochoa.es\/salamanca\/#website"},"primaryImageOfPage":{"@id":"https:\/\/blogs.santosochoa.es\/salamanca\/david-galan-redry-y-david-rees\/#primaryimage"},"image":{"@id":"https:\/\/blogs.santosochoa.es\/salamanca\/david-galan-redry-y-david-rees\/#primaryimage"},"thumbnailUrl":"https:\/\/blogs.santosochoa.es\/salamanca\/wp-content\/uploads\/sites\/3\/2020\/01\/el-chico-del-ukelele_david-rees.jpg","datePublished":"2020-02-13T12:54:29+00:00","dateModified":"2020-02-13T12:54:30+00:00","author":{"@id":"https:\/\/blogs.santosochoa.es\/salamanca\/#\/schema\/person\/a125e75c96c8702907b25e61f1c0b772"},"description":"Agenda Cultural. Recital y firma de libros de David Gal\u00e1n (Redry). David Rees presenta su libro de relatos \"El chico del ukelele\"","breadcrumb":{"@id":"https:\/\/blogs.santosochoa.es\/salamanca\/david-galan-redry-y-david-rees\/#breadcrumb"},"inLanguage":"es","potentialAction":[{"@type":"ReadAction","target":["https:\/\/blogs.santosochoa.es\/salamanca\/david-galan-redry-y-david-rees\/"]}]},{"@type":"ImageObject","inLanguage":"es","@id":"https:\/\/blogs.santosochoa.es\/salamanca\/david-galan-redry-y-david-rees\/#primaryimage","url":"https:\/\/blogs.santosochoa.es\/salamanca\/wp-content\/uploads\/sites\/3\/2020\/01\/el-chico-del-ukelele_david-rees.jpg","contentUrl":"https:\/\/blogs.santosochoa.es\/salamanca\/wp-content\/uploads\/sites\/3\/2020\/01\/el-chico-del-ukelele_david-rees.jpg","width":650,"height":976},{"@type":"BreadcrumbList","@id":"https:\/\/blogs.santosochoa.es\/salamanca\/david-galan-redry-y-david-rees\/#breadcrumb","itemListElement":[{"@type":"ListItem","position":1,"name":"Home","item":"https:\/\/blogs.santosochoa.es\/salamanca\/"},{"@type":"ListItem","position":2,"name":"David Gal\u00e1n (Redry) y David Rees"}]},{"@type":"WebSite","@id":"https:\/\/blogs.santosochoa.es\/salamanca\/#website","url":"https:\/\/blogs.santosochoa.es\/salamanca\/","name":"Santos Ochoa Salamanca","description":"Tu Librer\u00eda Online","potentialAction":[{"@type":"SearchAction","target":{"@type":"EntryPoint","urlTemplate":"https:\/\/blogs.santosochoa.es\/salamanca\/?s={search_term_string}"},"query-input":{"@type":"PropertyValueSpecification","valueRequired":true,"valueName":"search_term_string"}}],"inLanguage":"es"},{"@type":"Person","@id":"https:\/\/blogs.santosochoa.es\/salamanca\/#\/schema\/person\/a125e75c96c8702907b25e61f1c0b772","name":"Santos Ochoa Salamanca"}]}},"_links":{"self":[{"href":"https:\/\/blogs.santosochoa.es\/salamanca\/wp-json\/wp\/v2\/posts\/725","targetHints":{"allow":["GET"]}}],"collection":[{"href":"https:\/\/blogs.santosochoa.es\/salamanca\/wp-json\/wp\/v2\/posts"}],"about":[{"href":"https:\/\/blogs.santosochoa.es\/salamanca\/wp-json\/wp\/v2\/types\/post"}],"author":[{"embeddable":true,"href":"https:\/\/blogs.santosochoa.es\/salamanca\/wp-json\/wp\/v2\/users\/2"}],"replies":[{"embeddable":true,"href":"https:\/\/blogs.santosochoa.es\/salamanca\/wp-json\/wp\/v2\/comments?post=725"}],"version-history":[{"count":1,"href":"https:\/\/blogs.santosochoa.es\/salamanca\/wp-json\/wp\/v2\/posts\/725\/revisions"}],"predecessor-version":[{"id":726,"href":"https:\/\/blogs.santosochoa.es\/salamanca\/wp-json\/wp\/v2\/posts\/725\/revisions\/726"}],"wp:featuredmedia":[{"embeddable":true,"href":"https:\/\/blogs.santosochoa.es\/salamanca\/wp-json\/wp\/v2\/media\/707"}],"wp:attachment":[{"href":"https:\/\/blogs.santosochoa.es\/salamanca\/wp-json\/wp\/v2\/media?parent=725"}],"wp:term":[{"taxonomy":"category","embeddable":true,"href":"https:\/\/blogs.santosochoa.es\/salamanca\/wp-json\/wp\/v2\/categories?post=725"},{"taxonomy":"post_tag","embeddable":true,"href":"https:\/\/blogs.santosochoa.es\/salamanca\/wp-json\/wp\/v2\/tags?post=725"}],"curies":[{"name":"wp","href":"https:\/\/api.w.org\/{rel}","templated":true}]}}