{"id":683,"date":"2019-11-14T11:25:33","date_gmt":"2019-11-14T10:25:33","guid":{"rendered":"https:\/\/blogs.santosochoa.es\/salamanca\/?p=683"},"modified":"2019-11-14T11:25:35","modified_gmt":"2019-11-14T10:25:35","slug":"cesar-perez-gellida-raul-rivas-y-jairo-junciel","status":"publish","type":"post","link":"https:\/\/blogs.santosochoa.es\/salamanca\/cesar-perez-gellida-raul-rivas-y-jairo-junciel\/","title":{"rendered":"C\u00e9sar P\u00e9rez Gellida, Ra\u00fal Rivas y Jairo Junciel"},"content":{"rendered":"\n<h2 class=\"wp-block-heading\"><strong>C\u00e9sar P\u00e9rez Gellida presenta <em>Todo lo peor<\/em><\/strong><\/h2>\n\n\n\n<h3 class=\"wp-block-heading\"><strong>Jueves 21 de noviembre, a las 19:00 h.<\/strong><\/h3>\n\n\n\n<h4 class=\"wp-block-heading\">Librer\u00eda Santos Ochoa. Gran V\u00eda, 12. <\/h4>\n\n\n\n<div class=\"wp-block-image\"><figure class=\"alignleft is-resized\"><img loading=\"lazy\" decoding=\"async\" src=\"https:\/\/blogs.santosochoa.es\/salamanca\/wp-content\/uploads\/sites\/3\/2019\/10\/todo-lo-peor_cesar-perez-gellida.jpg\" alt=\"\" class=\"wp-image-665\" width=\"218\" height=\"322\" srcset=\"https:\/\/blogs.santosochoa.es\/salamanca\/wp-content\/uploads\/sites\/3\/2019\/10\/todo-lo-peor_cesar-perez-gellida.jpg 591w, https:\/\/blogs.santosochoa.es\/salamanca\/wp-content\/uploads\/sites\/3\/2019\/10\/todo-lo-peor_cesar-perez-gellida-203x300.jpg 203w\" sizes=\"auto, (max-width: 218px) 100vw, 218px\" \/><\/figure><\/div>\n\n\n\n<p><strong>Una novela fr\u00eda como el\nacero, despiadada como el cruel asesino que la habita.<\/strong><\/p>\n\n\n\n<p>C\u00e9sar P\u00e9rez Gellida\nregresa para descolocarnos con un trepidante thriller negro magistralmente\nambientado en una \u00e9poca no tan lejana pero s\u00ed muy distante en el \u00e1mbito de los\nderechos y las libertades. Otra nueva joya del que es para muchos el mejor\nescritor patrio de novela negra.<\/p>\n\n\n\n<h5 class=\"wp-block-heading\"><strong>Varios cad\u00e1veres de homosexuales aparecen brutalmente asesinados en el\nBerl\u00edn Este de finales de la Guerra Fr\u00eda. Las autoridades no le prestan la\natenci\u00f3n que merece hasta que un alto cargo de la Stasi que maneja informaci\u00f3n\nmuy sensible para el Estado aparece muerto en las mismas circunstancias.<\/strong><\/h5>\n\n\n\n<p>Por su experiencia en\nel comportamiento de la mente criminal encargan la investigaci\u00f3n a Viktor\nLavrov, que, junto al inspector apartado de la Kriminalpolizei, Otto Bauer,\nbuscar\u00e1 la manera de sumergirse en un mundo prohibido tras los pasos de un\ndespiadado asesino mesi\u00e1nico.<\/p>\n\n\n\n<p><strong>C\u00e9sar P\u00e9rez Gellida<\/strong> naci\u00f3 en Valladolid en 1974. Es Licenciado\nen Geograf\u00eda e Historia por la Universidad de Valladolid y m\u00e1ster en Direcci\u00f3n\nComercial y Marketing por la C\u00e1mara de Comercio de Valladolid. Desarroll\u00f3 su\ncarrera profesional en empresas vinculadas con el mundo de las\ntelecomunicaciones y la industria audiovisual hasta que, en 2011, decidi\u00f3\ndedicarse en exclusiva a su carrera de escritor.<\/p>\n\n\n\n<p>C\u00e9sar irrumpi\u00f3 con\nfuerza en el mundo editorial con <em>Memento mori<\/em>, que cosech\u00f3 grandes\n\u00e9xitos tanto de ventas como de cr\u00edtica y obtuvo el premio Racimo de literatura\n2012. Constitu\u00eda la primera parte de la trilog\u00eda \u00abVersos, canciones y trocitos\nde carne\u00bb, que continu\u00f3 con <em>Dies irae<\/em> y se cerr\u00f3 con <em>Consummatum est<\/em>\ny por la cual le fue otorgada la Medalla de Honor de la Sociedad Espa\u00f1ola de\nCriminolog\u00eda y Ciencias Forenses 2014 y el Premio Pi\u00f1\u00f3n de Oro como\nvallisoletano ilustre. En 2015 public\u00f3 <em>Khimera<\/em>, su cuarta novela, y en\n2016 inici\u00f3 su segunda trilog\u00eda, \u00abRefranes, canciones y rastros de sangre\u00bb,\ncompuesta por las novelas <em>Sarna con gusto, Cuchillo de palo <\/em>y<em> A\ngrandes males<\/em>.<\/p>\n\n\n\n<p>Actualmente sigue escribiendo novelas y colabora como columnista en El Norte de Castilla.<\/p>\n\n\n\n<div style=\"height:50px\" aria-hidden=\"true\" class=\"wp-block-spacer\"><\/div>\n\n\n\n<h2 class=\"wp-block-heading\"><strong>Ra\u00fal Rivas presenta <em>El asesino que envenen\u00f3 a\nNapole\u00f3n y otras historias de la microbiolog\u00eda<\/em><\/strong><\/h2>\n\n\n\n<h3 class=\"wp-block-heading\"><strong>Viernes 22 de noviembre, a las 19:00 h.<\/strong><\/h3>\n\n\n\n<h4 class=\"wp-block-heading\">Librer\u00eda Santos Ochoa. Gran V\u00eda, 12. <\/h4>\n\n\n\n<div class=\"wp-block-image\"><figure class=\"alignright is-resized\"><img loading=\"lazy\" decoding=\"async\" src=\"https:\/\/blogs.santosochoa.es\/salamanca\/wp-content\/uploads\/sites\/3\/2019\/10\/el-asesino-que-enveneno-a-napoleon_raul-rivas.jpg\" alt=\"\" class=\"wp-image-668\" width=\"206\" height=\"326\" srcset=\"https:\/\/blogs.santosochoa.es\/salamanca\/wp-content\/uploads\/sites\/3\/2019\/10\/el-asesino-que-enveneno-a-napoleon_raul-rivas.jpg 591w, https:\/\/blogs.santosochoa.es\/salamanca\/wp-content\/uploads\/sites\/3\/2019\/10\/el-asesino-que-enveneno-a-napoleon_raul-rivas-189x300.jpg 189w\" sizes=\"auto, (max-width: 206px) 100vw, 206px\" \/><\/figure><\/div>\n\n\n\n<h5 class=\"wp-block-heading\"><strong>El 8 de agosto de 1815, el HMS Northumberland, un nav\u00edo de guerra con\nvarias ristras de ca\u00f1ones que erizaban la nave de babor a estribor, transport\u00f3\nal emperador Napole\u00f3n Bonaparte a su definitivo exilio atl\u00e1ntico. Un lugar\ndonde, oculto a las miradas provincianas y a los ademanes carcelarios,\naguardaba complacido el asesino del general franc\u00e9s.<\/strong><\/h5>\n\n\n\n<p>A pesar de ser\ninfinitesimales, los microorganismos tienen la capacidad de transformar pueblos\ny generar acontecimientos, peripecias e incidentes insospechados. En esta obra\nse recogen algunos de los episodios m\u00e1s relevantes y curiosos en los que estos\nmin\u00fasculos organismos han intervenido: \u00bfQui\u00e9n mat\u00f3 a Napole\u00f3n?, \u00bfexisti\u00f3 el ave\nf\u00e9nix?, \u00bfc\u00f3mo muri\u00f3 Caravaggio?, el clarificador caso del doctor Immanuel Pfeiffer,\nlas falsas epidemias para enga\u00f1ar a los nazis, el juicio a Sally Clark\u2026 y otras\nasombrosas historias repletas de curiosidades, ciencia y muchos\nmicroorganismos.<\/p>\n\n\n\n<p><em>\u00abRa\u00fal Rivas relata con maestr\u00eda literaria historias en las que los microorganismos son los protagonistas. Uno se queda con ganas de m\u00e1s. Si te gustan las buenas historias, seguro que disfrutar\u00e1s con este libro.\u00bb<\/em> Francisco R. Villatoro, La ciencia de la mula Francis, Naukas.<\/p>\n\n\n\n<p><strong>Ra\u00fal Rivas<\/strong> es doctor en Biolog\u00eda y profesor en la\nUniversidad de Salamanca. Tambi\u00e9n es investigador, miembro de varias sociedades\ncient\u00edficas y ha publicado m\u00e1s de 170 art\u00edculos en revistas y libros\ninternacionales de su especialidad. Es autor de 4 patentes y varios MTA.\nDurante 3 a\u00f1os ha dirigido y conducido <em>El Viejo Verde<\/em>, un programa\nradiof\u00f3nico semanal de divulgaci\u00f3n cient\u00edfica. Imparte charlas y talleres\ndestinados a la difusi\u00f3n de la ciencia. Ha recibido diversos premios entre los\nque destacan el Premio Antonio Jos\u00e9 Palomares de la Sociedad Espa\u00f1ola de\nFijaci\u00f3n de Nitr\u00f3geno y el Primer Premio Nacional de Fotograf\u00eda Cient\u00edfica\nFOTCIENCIA.<\/p>\n\n\n\n<p>Acompa\u00f1a al autor <strong>Esther Caballero Salvador<\/strong>, Vicedecana de la Facultad de Farmacia de la Universidad de Salamanca y profesora de Qu\u00edmica Org\u00e1nica.<\/p>\n\n\n\n<div style=\"height:50px\" aria-hidden=\"true\" class=\"wp-block-spacer\"><\/div>\n\n\n\n<h2 class=\"wp-block-heading\"><strong>Jairo Junciel presenta <em>El secreto de\nRosanegra,<\/em> la leyenda perdida de Blas de Lezo<\/strong><\/h2>\n\n\n\n<h3 class=\"wp-block-heading\"><strong>S\u00e1bado 23 de noviembre, a las 19:30 h.<\/strong><\/h3>\n\n\n\n<h4 class=\"wp-block-heading\">Librer\u00eda Santos Ochoa. Gran V\u00eda, 12. <\/h4>\n\n\n\n<div class=\"wp-block-image\"><figure class=\"alignleft is-resized\"><img loading=\"lazy\" decoding=\"async\" src=\"https:\/\/blogs.santosochoa.es\/salamanca\/wp-content\/uploads\/sites\/3\/2019\/10\/el-secreto-de-la-rosanegra_jairo-junciel.jpg\" alt=\"\" class=\"wp-image-670\" width=\"206\" height=\"307\" srcset=\"https:\/\/blogs.santosochoa.es\/salamanca\/wp-content\/uploads\/sites\/3\/2019\/10\/el-secreto-de-la-rosanegra_jairo-junciel.jpg 591w, https:\/\/blogs.santosochoa.es\/salamanca\/wp-content\/uploads\/sites\/3\/2019\/10\/el-secreto-de-la-rosanegra_jairo-junciel-201x300.jpg 201w\" sizes=\"auto, (max-width: 206px) 100vw, 206px\" \/><\/figure><\/div>\n\n\n\n<p><strong>La\nhistoria de un barco llamado Audaz y del infame y maldito destino de los que en\n\u00e9l embarcamos.<\/strong><\/p>\n\n\n\n<h5 class=\"wp-block-heading\"><strong>En 1728 tres nav\u00edos zarparon de la Pen\u00ednsula protegidos\npor el m\u00e1s absoluto de los secretos en una misi\u00f3n solo conocida por Felipe V,\nel capit\u00e1n general L\u00f3pez Pacheco y el almirante Blas De Lezo: \u00abalgo por lo\nque los reyes de las naciones sacrificar\u00edan las vidas de sus pueblos o de sus\npropios hijos si fuere preciso\u00bb. Por mandato del Rey un buque m\u00e1s, el\nAudaz, se sum\u00f3 poco despu\u00e9s a la escuadra. Con 110 ca\u00f1ones y 1100 hombres\nembarcados era la m\u00e1s formidable m\u00e1quina de guerra construida hasta la fecha.<\/strong><\/h5>\n\n\n\n<p>Lo que ni el\nmismo Rey pod\u00eda prever es que a bordo de esa nave, embarcado contra su\nvoluntad, hab\u00eda un hombre que, en el ocaso de sus d\u00edas, sin nada o nadie a\nquien temer, dej\u00f3 constancia de aquella odisea: An\u00edbal Rosanegra.<\/p>\n\n\n\n<p>Una novela\nque nos evoca los intr\u00e9pidos oc\u00e9anos de O\u00b4Brian, Melville y Conrad. Una\naventura de sabor cl\u00e1sico que perdurar\u00e1 en el tiempo.<\/p>\n\n\n\n<p><strong>Jairo\nJunciel<\/strong> (Salamanca, 1982) es escritor, licenciado en Derecho y columnista\nhabitual en medios digitales e impresos. Amante de la literatura del Siglo de\nOro e interesado en la ling\u00fc\u00edstica evolutiva, cultiva diversos g\u00e9neros\nliterarios, siendo la novela hist\u00f3rica su gran pasi\u00f3n. Recibi\u00f3 el aplauso de\ncr\u00edtica y p\u00fablico tras su novela <em>El Guard\u00e9s del Tabaco<\/em>, ganadora del\nprestigioso certamen Albert Jovell. <\/p>\n\n\n\n<p>Acompa\u00f1ar\u00e1\nal autor <strong>Juli\u00e1n Ballestero<\/strong>, director de La Gaceta de Salamanca.<\/p>\n","protected":false},"excerpt":{"rendered":"<p>Agenda Cultural de Santos Ochoa Salamanca. C\u00e9sar P\u00e9rez Gellida presenta \u00abTodo lo peor\u00bb. Ra\u00fal Rivas presenta \u00abEl asesino que envenen\u00f3 a Napole\u00f3n\u00bb. Jairo Junciel presenta \u00abEl secreto de Rosanegra\u00bb<\/p>\n","protected":false},"author":2,"featured_media":665,"comment_status":"closed","ping_status":"closed","sticky":false,"template":"","format":"standard","meta":{"footnotes":""},"categories":[9,14],"tags":[],"class_list":["post-683","post","type-post","status-publish","format-standard","has-post-thumbnail","hentry","category-libros","category-libros-salamanca"],"yoast_head":"<!-- This site is optimized with the Yoast SEO plugin v27.2 - https:\/\/yoast.com\/product\/yoast-seo-wordpress\/ -->\n<title>C\u00e9sar P\u00e9rez Gellida, Ra\u00fal Rivas y Jairo Junciel - Santos Ochoa Salamanca<\/title>\n<meta name=\"description\" content=\"Agenda Cultural de Santos Ochoa Salamanca. C\u00e9sar P\u00e9rez Gellida presenta &quot;Todo lo peor&quot;. Ra\u00fal Rivas presenta &quot;El asesino que envenen\u00f3 a Napole\u00f3n&quot;. Jairo Junciel presenta &quot;El secreto de Rosanegra&quot;\" \/>\n<meta name=\"robots\" content=\"index, follow, max-snippet:-1, max-image-preview:large, max-video-preview:-1\" \/>\n<link rel=\"canonical\" href=\"https:\/\/blogs.santosochoa.es\/salamanca\/cesar-perez-gellida-raul-rivas-y-jairo-junciel\/\" \/>\n<meta property=\"og:locale\" content=\"es_ES\" \/>\n<meta property=\"og:type\" content=\"article\" \/>\n<meta property=\"og:title\" content=\"C\u00e9sar P\u00e9rez Gellida, Ra\u00fal Rivas y Jairo Junciel - Santos Ochoa Salamanca\" \/>\n<meta property=\"og:description\" content=\"Agenda Cultural de Santos Ochoa Salamanca. C\u00e9sar P\u00e9rez Gellida presenta &quot;Todo lo peor&quot;. Ra\u00fal Rivas presenta &quot;El asesino que envenen\u00f3 a Napole\u00f3n&quot;. Jairo Junciel presenta &quot;El secreto de Rosanegra&quot;\" \/>\n<meta property=\"og:url\" content=\"https:\/\/blogs.santosochoa.es\/salamanca\/cesar-perez-gellida-raul-rivas-y-jairo-junciel\/\" \/>\n<meta property=\"og:site_name\" content=\"Santos Ochoa Salamanca\" \/>\n<meta property=\"article:published_time\" content=\"2019-11-14T10:25:33+00:00\" \/>\n<meta property=\"article:modified_time\" content=\"2019-11-14T10:25:35+00:00\" \/>\n<meta property=\"og:image\" content=\"https:\/\/blogs.santosochoa.es\/salamanca\/wp-content\/uploads\/sites\/3\/2019\/10\/todo-lo-peor_cesar-perez-gellida.jpg\" \/>\n\t<meta property=\"og:image:width\" content=\"591\" \/>\n\t<meta property=\"og:image:height\" content=\"875\" \/>\n\t<meta property=\"og:image:type\" content=\"image\/jpeg\" \/>\n<meta name=\"author\" content=\"Santos Ochoa Salamanca\" \/>\n<meta name=\"twitter:card\" content=\"summary_large_image\" \/>\n<meta name=\"twitter:label1\" content=\"Written by\" \/>\n\t<meta name=\"twitter:data1\" content=\"Santos Ochoa Salamanca\" \/>\n\t<meta name=\"twitter:label2\" content=\"Est. reading time\" \/>\n\t<meta name=\"twitter:data2\" content=\"5 minutos\" \/>\n<script type=\"application\/ld+json\" class=\"yoast-schema-graph\">{\"@context\":\"https:\/\/schema.org\",\"@graph\":[{\"@type\":\"Article\",\"@id\":\"https:\/\/blogs.santosochoa.es\/salamanca\/cesar-perez-gellida-raul-rivas-y-jairo-junciel\/#article\",\"isPartOf\":{\"@id\":\"https:\/\/blogs.santosochoa.es\/salamanca\/cesar-perez-gellida-raul-rivas-y-jairo-junciel\/\"},\"author\":{\"name\":\"Santos Ochoa Salamanca\",\"@id\":\"https:\/\/blogs.santosochoa.es\/salamanca\/#\/schema\/person\/a125e75c96c8702907b25e61f1c0b772\"},\"headline\":\"C\u00e9sar P\u00e9rez Gellida, Ra\u00fal Rivas y Jairo Junciel\",\"datePublished\":\"2019-11-14T10:25:33+00:00\",\"dateModified\":\"2019-11-14T10:25:35+00:00\",\"mainEntityOfPage\":{\"@id\":\"https:\/\/blogs.santosochoa.es\/salamanca\/cesar-perez-gellida-raul-rivas-y-jairo-junciel\/\"},\"wordCount\":1067,\"image\":{\"@id\":\"https:\/\/blogs.santosochoa.es\/salamanca\/cesar-perez-gellida-raul-rivas-y-jairo-junciel\/#primaryimage\"},\"thumbnailUrl\":\"https:\/\/blogs.santosochoa.es\/salamanca\/wp-content\/uploads\/sites\/3\/2019\/10\/todo-lo-peor_cesar-perez-gellida.jpg\",\"articleSection\":[\"libros\",\"libros salamanca\"],\"inLanguage\":\"es\"},{\"@type\":\"WebPage\",\"@id\":\"https:\/\/blogs.santosochoa.es\/salamanca\/cesar-perez-gellida-raul-rivas-y-jairo-junciel\/\",\"url\":\"https:\/\/blogs.santosochoa.es\/salamanca\/cesar-perez-gellida-raul-rivas-y-jairo-junciel\/\",\"name\":\"C\u00e9sar P\u00e9rez Gellida, Ra\u00fal Rivas y Jairo Junciel - Santos Ochoa Salamanca\",\"isPartOf\":{\"@id\":\"https:\/\/blogs.santosochoa.es\/salamanca\/#website\"},\"primaryImageOfPage\":{\"@id\":\"https:\/\/blogs.santosochoa.es\/salamanca\/cesar-perez-gellida-raul-rivas-y-jairo-junciel\/#primaryimage\"},\"image\":{\"@id\":\"https:\/\/blogs.santosochoa.es\/salamanca\/cesar-perez-gellida-raul-rivas-y-jairo-junciel\/#primaryimage\"},\"thumbnailUrl\":\"https:\/\/blogs.santosochoa.es\/salamanca\/wp-content\/uploads\/sites\/3\/2019\/10\/todo-lo-peor_cesar-perez-gellida.jpg\",\"datePublished\":\"2019-11-14T10:25:33+00:00\",\"dateModified\":\"2019-11-14T10:25:35+00:00\",\"author\":{\"@id\":\"https:\/\/blogs.santosochoa.es\/salamanca\/#\/schema\/person\/a125e75c96c8702907b25e61f1c0b772\"},\"description\":\"Agenda Cultural de Santos Ochoa Salamanca. C\u00e9sar P\u00e9rez Gellida presenta \\\"Todo lo peor\\\". Ra\u00fal Rivas presenta \\\"El asesino que envenen\u00f3 a Napole\u00f3n\\\". Jairo Junciel presenta \\\"El secreto de Rosanegra\\\"\",\"breadcrumb\":{\"@id\":\"https:\/\/blogs.santosochoa.es\/salamanca\/cesar-perez-gellida-raul-rivas-y-jairo-junciel\/#breadcrumb\"},\"inLanguage\":\"es\",\"potentialAction\":[{\"@type\":\"ReadAction\",\"target\":[\"https:\/\/blogs.santosochoa.es\/salamanca\/cesar-perez-gellida-raul-rivas-y-jairo-junciel\/\"]}]},{\"@type\":\"ImageObject\",\"inLanguage\":\"es\",\"@id\":\"https:\/\/blogs.santosochoa.es\/salamanca\/cesar-perez-gellida-raul-rivas-y-jairo-junciel\/#primaryimage\",\"url\":\"https:\/\/blogs.santosochoa.es\/salamanca\/wp-content\/uploads\/sites\/3\/2019\/10\/todo-lo-peor_cesar-perez-gellida.jpg\",\"contentUrl\":\"https:\/\/blogs.santosochoa.es\/salamanca\/wp-content\/uploads\/sites\/3\/2019\/10\/todo-lo-peor_cesar-perez-gellida.jpg\",\"width\":591,\"height\":875},{\"@type\":\"BreadcrumbList\",\"@id\":\"https:\/\/blogs.santosochoa.es\/salamanca\/cesar-perez-gellida-raul-rivas-y-jairo-junciel\/#breadcrumb\",\"itemListElement\":[{\"@type\":\"ListItem\",\"position\":1,\"name\":\"Home\",\"item\":\"https:\/\/blogs.santosochoa.es\/salamanca\/\"},{\"@type\":\"ListItem\",\"position\":2,\"name\":\"C\u00e9sar P\u00e9rez Gellida, Ra\u00fal Rivas y Jairo Junciel\"}]},{\"@type\":\"WebSite\",\"@id\":\"https:\/\/blogs.santosochoa.es\/salamanca\/#website\",\"url\":\"https:\/\/blogs.santosochoa.es\/salamanca\/\",\"name\":\"Santos Ochoa Salamanca\",\"description\":\"Tu Librer\u00eda Online\",\"potentialAction\":[{\"@type\":\"SearchAction\",\"target\":{\"@type\":\"EntryPoint\",\"urlTemplate\":\"https:\/\/blogs.santosochoa.es\/salamanca\/?s={search_term_string}\"},\"query-input\":{\"@type\":\"PropertyValueSpecification\",\"valueRequired\":true,\"valueName\":\"search_term_string\"}}],\"inLanguage\":\"es\"},{\"@type\":\"Person\",\"@id\":\"https:\/\/blogs.santosochoa.es\/salamanca\/#\/schema\/person\/a125e75c96c8702907b25e61f1c0b772\",\"name\":\"Santos Ochoa Salamanca\"}]}<\/script>\n<!-- \/ Yoast SEO plugin. -->","yoast_head_json":{"title":"C\u00e9sar P\u00e9rez Gellida, Ra\u00fal Rivas y Jairo Junciel - Santos Ochoa Salamanca","description":"Agenda Cultural de Santos Ochoa Salamanca. C\u00e9sar P\u00e9rez Gellida presenta \"Todo lo peor\". Ra\u00fal Rivas presenta \"El asesino que envenen\u00f3 a Napole\u00f3n\". Jairo Junciel presenta \"El secreto de Rosanegra\"","robots":{"index":"index","follow":"follow","max-snippet":"max-snippet:-1","max-image-preview":"max-image-preview:large","max-video-preview":"max-video-preview:-1"},"canonical":"https:\/\/blogs.santosochoa.es\/salamanca\/cesar-perez-gellida-raul-rivas-y-jairo-junciel\/","og_locale":"es_ES","og_type":"article","og_title":"C\u00e9sar P\u00e9rez Gellida, Ra\u00fal Rivas y Jairo Junciel - Santos Ochoa Salamanca","og_description":"Agenda Cultural de Santos Ochoa Salamanca. C\u00e9sar P\u00e9rez Gellida presenta \"Todo lo peor\". Ra\u00fal Rivas presenta \"El asesino que envenen\u00f3 a Napole\u00f3n\". Jairo Junciel presenta \"El secreto de Rosanegra\"","og_url":"https:\/\/blogs.santosochoa.es\/salamanca\/cesar-perez-gellida-raul-rivas-y-jairo-junciel\/","og_site_name":"Santos Ochoa Salamanca","article_published_time":"2019-11-14T10:25:33+00:00","article_modified_time":"2019-11-14T10:25:35+00:00","og_image":[{"width":591,"height":875,"url":"https:\/\/blogs.santosochoa.es\/salamanca\/wp-content\/uploads\/sites\/3\/2019\/10\/todo-lo-peor_cesar-perez-gellida.jpg","type":"image\/jpeg"}],"author":"Santos Ochoa Salamanca","twitter_card":"summary_large_image","twitter_misc":{"Written by":"Santos Ochoa Salamanca","Est. reading time":"5 minutos"},"schema":{"@context":"https:\/\/schema.org","@graph":[{"@type":"Article","@id":"https:\/\/blogs.santosochoa.es\/salamanca\/cesar-perez-gellida-raul-rivas-y-jairo-junciel\/#article","isPartOf":{"@id":"https:\/\/blogs.santosochoa.es\/salamanca\/cesar-perez-gellida-raul-rivas-y-jairo-junciel\/"},"author":{"name":"Santos Ochoa Salamanca","@id":"https:\/\/blogs.santosochoa.es\/salamanca\/#\/schema\/person\/a125e75c96c8702907b25e61f1c0b772"},"headline":"C\u00e9sar P\u00e9rez Gellida, Ra\u00fal Rivas y Jairo Junciel","datePublished":"2019-11-14T10:25:33+00:00","dateModified":"2019-11-14T10:25:35+00:00","mainEntityOfPage":{"@id":"https:\/\/blogs.santosochoa.es\/salamanca\/cesar-perez-gellida-raul-rivas-y-jairo-junciel\/"},"wordCount":1067,"image":{"@id":"https:\/\/blogs.santosochoa.es\/salamanca\/cesar-perez-gellida-raul-rivas-y-jairo-junciel\/#primaryimage"},"thumbnailUrl":"https:\/\/blogs.santosochoa.es\/salamanca\/wp-content\/uploads\/sites\/3\/2019\/10\/todo-lo-peor_cesar-perez-gellida.jpg","articleSection":["libros","libros salamanca"],"inLanguage":"es"},{"@type":"WebPage","@id":"https:\/\/blogs.santosochoa.es\/salamanca\/cesar-perez-gellida-raul-rivas-y-jairo-junciel\/","url":"https:\/\/blogs.santosochoa.es\/salamanca\/cesar-perez-gellida-raul-rivas-y-jairo-junciel\/","name":"C\u00e9sar P\u00e9rez Gellida, Ra\u00fal Rivas y Jairo Junciel - Santos Ochoa Salamanca","isPartOf":{"@id":"https:\/\/blogs.santosochoa.es\/salamanca\/#website"},"primaryImageOfPage":{"@id":"https:\/\/blogs.santosochoa.es\/salamanca\/cesar-perez-gellida-raul-rivas-y-jairo-junciel\/#primaryimage"},"image":{"@id":"https:\/\/blogs.santosochoa.es\/salamanca\/cesar-perez-gellida-raul-rivas-y-jairo-junciel\/#primaryimage"},"thumbnailUrl":"https:\/\/blogs.santosochoa.es\/salamanca\/wp-content\/uploads\/sites\/3\/2019\/10\/todo-lo-peor_cesar-perez-gellida.jpg","datePublished":"2019-11-14T10:25:33+00:00","dateModified":"2019-11-14T10:25:35+00:00","author":{"@id":"https:\/\/blogs.santosochoa.es\/salamanca\/#\/schema\/person\/a125e75c96c8702907b25e61f1c0b772"},"description":"Agenda Cultural de Santos Ochoa Salamanca. C\u00e9sar P\u00e9rez Gellida presenta \"Todo lo peor\". Ra\u00fal Rivas presenta \"El asesino que envenen\u00f3 a Napole\u00f3n\". Jairo Junciel presenta \"El secreto de Rosanegra\"","breadcrumb":{"@id":"https:\/\/blogs.santosochoa.es\/salamanca\/cesar-perez-gellida-raul-rivas-y-jairo-junciel\/#breadcrumb"},"inLanguage":"es","potentialAction":[{"@type":"ReadAction","target":["https:\/\/blogs.santosochoa.es\/salamanca\/cesar-perez-gellida-raul-rivas-y-jairo-junciel\/"]}]},{"@type":"ImageObject","inLanguage":"es","@id":"https:\/\/blogs.santosochoa.es\/salamanca\/cesar-perez-gellida-raul-rivas-y-jairo-junciel\/#primaryimage","url":"https:\/\/blogs.santosochoa.es\/salamanca\/wp-content\/uploads\/sites\/3\/2019\/10\/todo-lo-peor_cesar-perez-gellida.jpg","contentUrl":"https:\/\/blogs.santosochoa.es\/salamanca\/wp-content\/uploads\/sites\/3\/2019\/10\/todo-lo-peor_cesar-perez-gellida.jpg","width":591,"height":875},{"@type":"BreadcrumbList","@id":"https:\/\/blogs.santosochoa.es\/salamanca\/cesar-perez-gellida-raul-rivas-y-jairo-junciel\/#breadcrumb","itemListElement":[{"@type":"ListItem","position":1,"name":"Home","item":"https:\/\/blogs.santosochoa.es\/salamanca\/"},{"@type":"ListItem","position":2,"name":"C\u00e9sar P\u00e9rez Gellida, Ra\u00fal Rivas y Jairo Junciel"}]},{"@type":"WebSite","@id":"https:\/\/blogs.santosochoa.es\/salamanca\/#website","url":"https:\/\/blogs.santosochoa.es\/salamanca\/","name":"Santos Ochoa Salamanca","description":"Tu Librer\u00eda Online","potentialAction":[{"@type":"SearchAction","target":{"@type":"EntryPoint","urlTemplate":"https:\/\/blogs.santosochoa.es\/salamanca\/?s={search_term_string}"},"query-input":{"@type":"PropertyValueSpecification","valueRequired":true,"valueName":"search_term_string"}}],"inLanguage":"es"},{"@type":"Person","@id":"https:\/\/blogs.santosochoa.es\/salamanca\/#\/schema\/person\/a125e75c96c8702907b25e61f1c0b772","name":"Santos Ochoa Salamanca"}]}},"_links":{"self":[{"href":"https:\/\/blogs.santosochoa.es\/salamanca\/wp-json\/wp\/v2\/posts\/683","targetHints":{"allow":["GET"]}}],"collection":[{"href":"https:\/\/blogs.santosochoa.es\/salamanca\/wp-json\/wp\/v2\/posts"}],"about":[{"href":"https:\/\/blogs.santosochoa.es\/salamanca\/wp-json\/wp\/v2\/types\/post"}],"author":[{"embeddable":true,"href":"https:\/\/blogs.santosochoa.es\/salamanca\/wp-json\/wp\/v2\/users\/2"}],"replies":[{"embeddable":true,"href":"https:\/\/blogs.santosochoa.es\/salamanca\/wp-json\/wp\/v2\/comments?post=683"}],"version-history":[{"count":1,"href":"https:\/\/blogs.santosochoa.es\/salamanca\/wp-json\/wp\/v2\/posts\/683\/revisions"}],"predecessor-version":[{"id":684,"href":"https:\/\/blogs.santosochoa.es\/salamanca\/wp-json\/wp\/v2\/posts\/683\/revisions\/684"}],"wp:featuredmedia":[{"embeddable":true,"href":"https:\/\/blogs.santosochoa.es\/salamanca\/wp-json\/wp\/v2\/media\/665"}],"wp:attachment":[{"href":"https:\/\/blogs.santosochoa.es\/salamanca\/wp-json\/wp\/v2\/media?parent=683"}],"wp:term":[{"taxonomy":"category","embeddable":true,"href":"https:\/\/blogs.santosochoa.es\/salamanca\/wp-json\/wp\/v2\/categories?post=683"},{"taxonomy":"post_tag","embeddable":true,"href":"https:\/\/blogs.santosochoa.es\/salamanca\/wp-json\/wp\/v2\/tags?post=683"}],"curies":[{"name":"wp","href":"https:\/\/api.w.org\/{rel}","templated":true}]}}