{"id":675,"date":"2019-10-30T12:01:03","date_gmt":"2019-10-30T11:01:03","guid":{"rendered":"https:\/\/blogs.santosochoa.es\/salamanca\/?p=675"},"modified":"2019-11-04T12:33:02","modified_gmt":"2019-11-04T11:33:02","slug":"fco-javier-martin-prieto-taller-de-escritura-y-club-de-lectura-infantil","status":"publish","type":"post","link":"https:\/\/blogs.santosochoa.es\/salamanca\/fco-javier-martin-prieto-taller-de-escritura-y-club-de-lectura-infantil\/","title":{"rendered":"Fco. Javier Mart\u00edn Prieto, taller de escritura y club de lectura infantil"},"content":{"rendered":"\n<h2 class=\"wp-block-heading\"><strong>Francisco Javier Mart\u00edn Prieto presenta su nuevo ensayo novelado <em>El poni<\/em><\/strong><\/h2>\n\n\n\n<h3 class=\"wp-block-heading\"><strong>Jueves 7 de noviembre, a las 19:30 h.<\/strong><\/h3>\n\n\n\n<h4 class=\"wp-block-heading\">Librer\u00eda Santos Ochoa. Gran V\u00eda, 12. <\/h4>\n\n\n\n<div class=\"wp-block-image\"><figure class=\"alignleft is-resized\"><img loading=\"lazy\" decoding=\"async\" src=\"https:\/\/blogs.santosochoa.es\/salamanca\/wp-content\/uploads\/sites\/3\/2019\/10\/el-poni_fco-javier-martin-prieto.jpg\" alt=\"\" class=\"wp-image-643\" width=\"219\" height=\"280\" srcset=\"https:\/\/blogs.santosochoa.es\/salamanca\/wp-content\/uploads\/sites\/3\/2019\/10\/el-poni_fco-javier-martin-prieto.jpg 591w, https:\/\/blogs.santosochoa.es\/salamanca\/wp-content\/uploads\/sites\/3\/2019\/10\/el-poni_fco-javier-martin-prieto-234x300.jpg 234w\" sizes=\"auto, (max-width: 219px) 100vw, 219px\" \/><\/figure><\/div>\n\n\n\n<h5 class=\"wp-block-heading\"><strong>Y ahora \u00bfpor d\u00f3nde empiezo? Tarea ardua la de hacer el pr\u00f3logo de un gran amigo, fil\u00f3sofo, escritor, profesor\u2026 Esto fue lo primero que pens\u00e9 cuando Francisco Javier me propuso hacer el pr\u00f3logo de su octavo ensayo novelado.<\/strong><\/h5>\n\n\n\n<h5 class=\"wp-block-heading\"><strong>De todas sus obras la que m\u00e1s me ha enganchado y\nsorprendido ha sido \u00e9sta. No, no pens\u00e9is que es porque la he prologado, sino\nporque verdaderamente as\u00ed ha sido.<\/strong><\/h5>\n\n\n\n<p>Una de las\ncosas que caracteriza la literatura de Francisco Javier es su habilidad para\nintroducirnos en todas y cada una de las historias que cuenta pero en esta\nhistoria, no s\u00f3lo te introduce, te conviertes incluso en el protagonista para\ndejar de ser fiel testigo a lo que nos relata, casi siempre, en primera\npersona.<\/p>\n\n\n\n<p>Al igual que\nen sus anteriores ensayos, el autor nos vuelve a poner encima de la mesa\nvalores sociales. Que el t\u00edtulo no te enga\u00f1e, es una historia en la que nunca\nte imaginar\u00e1s el final.<\/p>\n\n\n\n<p>No s\u00e9 si he\nle\u00eddo un ensayo, una novela, una novela negra, un ensayo novelado, una historia\nde ciencia ficci\u00f3n\u2026 lo que s\u00ed s\u00e9 es que no te dejar\u00e1 indiferente.<\/p>\n\n\n\n<p>Nuria\nGonz\u00e1lez Montero (Abogada)<\/p>\n\n\n\n<p><strong>Francisco\nJavier Mart\u00edn Prieto<\/strong> (Salamanca 1964). Ha publicado ocho novelas cortas: <em>El\narchivo, Encrucijada de perdedores, El mundo desde el subsuelo, Salamanca connection,\nMausoleo blues, Los vecinos tambi\u00e9n mueren, Juego de 3 <\/em>y<em> El poni<\/em>,\ntodas ellas bajo el formato preferido del autor: ensayo novelado.<\/p>\n\n\n\n<p>Licenciado en Filosof\u00eda y Ciencias de la Educaci\u00f3n por la Universidad de Salamanca, realiza los cursos de Doctorado en la Universidad Pontificia de la misma ciudad. Diplomado en T\u00e9cnicas de Investigaci\u00f3n Social por el Instituto de Sociolog\u00eda Aplicada (ISAM) de Madrid. Master MBA, funda y dirige Desarrollo Empresarial.<\/p>\n\n\n\n<div style=\"height:50px\" aria-hidden=\"true\" class=\"wp-block-spacer\"><\/div>\n\n\n\n<h2 class=\"wp-block-heading\"><strong><em>Taller de Escritura de Relatos<\/em>\ncon el escritor y profesor Francisco Javier Mart\u00edn Prieto<\/strong><\/h2>\n\n\n\n<h3 class=\"wp-block-heading\"><strong>4 sesiones: 12 y 19 de noviembre, 3 y 10 de diciembre. A las 19:30 h.<\/strong><\/h3>\n\n\n\n<h4 class=\"wp-block-heading\">Librer\u00eda Santos Ochoa. Gran V\u00eda, 12. <\/h4>\n\n\n\n<div class=\"wp-block-image\"><figure class=\"alignright is-resized\"><img loading=\"lazy\" decoding=\"async\" src=\"https:\/\/blogs.santosochoa.es\/salamanca\/wp-content\/uploads\/sites\/3\/2019\/10\/taller-escritura-relatos.jpg\" alt=\"\" class=\"wp-image-645\" width=\"220\" height=\"286\" srcset=\"https:\/\/blogs.santosochoa.es\/salamanca\/wp-content\/uploads\/sites\/3\/2019\/10\/taller-escritura-relatos.jpg 591w, https:\/\/blogs.santosochoa.es\/salamanca\/wp-content\/uploads\/sites\/3\/2019\/10\/taller-escritura-relatos-230x300.jpg 230w\" sizes=\"auto, (max-width: 220px) 100vw, 220px\" \/><\/figure><\/div>\n\n\n\n<h5 class=\"wp-block-heading\"><strong>\u00bfTienes un mont\u00f3n de ideas y muchas ganas de ponerlas en\npapel? Entonces este taller de escritura creativa es para ti. Una oportunidad\nfabulosa para aprender a convertir tus fantas\u00edas en relatos de la mano del\nescritor y profesor Francisco Javier Mart\u00edn prieto.<\/strong><\/h5>\n\n\n\n<p>Durante las cuatro sesiones del taller veremos c\u00f3mo evaluar y seleccionar la idea, elegir el g\u00e9nero narrativo, la importancia del primer cap\u00edtulo. La trama, el estilo, el contenido y el lenguaje. La creaci\u00f3n de los personajes: protagonistas y antagonistas. C\u00f3mo superar los atascos, los bloqueos o el des\u00e1nimo. La importancia del narrador y la selecci\u00f3n del punto de vista. El final\u2026<\/p>\n\n\n\n<p><strong>A partir de 16 a\u00f1os. <\/strong><a rel=\"noreferrer noopener\" aria-label=\"Inscripci\u00f3n gratuita pinchando aqu\u00ed (abre en una nueva pesta\u00f1a)\" href=\"https:\/\/blogs.santosochoa.es\/salamanca\/eventos\/taller-de-escritura-de-relatos-con-el-escritor-y-profesor-francisco-javier-martin-prieto\/\" target=\"_blank\"><strong>Inscripci\u00f3n gratuita pinchando aqu\u00ed<\/strong><\/a><strong>.<\/strong><\/p>\n\n\n\n<div style=\"height:50px\" aria-hidden=\"true\" class=\"wp-block-spacer\"><\/div>\n\n\n\n<h2 class=\"wp-block-heading\"><strong>Club de Lectura Infantil. <\/strong><em><strong>Finis mundi<\/strong><\/em><strong>, de Laura Gallego<\/strong><\/h2>\n\n\n\n<h3 class=\"wp-block-heading\"><strong>S\u00e1bado 23 de octubre. Dos sesiones: 11:00 y 12:15 h.<\/strong><\/h3>\n\n\n\n<h4 class=\"wp-block-heading\">Librer\u00eda Santos Ochoa. Gran V\u00eda, 12. <\/h4>\n\n\n\n<p><strong>Edad:<\/strong> de 9 a 12 a\u00f1os<\/p>\n\n\n\n<p><strong>Inscripci\u00f3n<\/strong> <strong>gratuita<\/strong> en la librer\u00eda<\/p>\n\n\n\n<div class=\"wp-block-image\"><figure class=\"alignleft is-resized\"><img loading=\"lazy\" decoding=\"async\" src=\"https:\/\/blogs.santosochoa.es\/salamanca\/wp-content\/uploads\/sites\/3\/2019\/10\/finis-mundi_laura-gallego.jpg\" alt=\"\" class=\"wp-image-659\" width=\"215\" height=\"340\" srcset=\"https:\/\/blogs.santosochoa.es\/salamanca\/wp-content\/uploads\/sites\/3\/2019\/10\/finis-mundi_laura-gallego.jpg 591w, https:\/\/blogs.santosochoa.es\/salamanca\/wp-content\/uploads\/sites\/3\/2019\/10\/finis-mundi_laura-gallego-189x300.jpg 189w\" sizes=\"auto, (max-width: 215px) 100vw, 215px\" \/><\/figure><\/div>\n\n\n\n<h5 class=\"wp-block-heading\"><strong>Francia. A\u00f1o 997 de nuestra\nera. Michel, un monje cluniacense, decide embarcarse en una misi\u00f3n imposible.\nSeg\u00fan las revelaciones del ermita\u00f1o Bernardo de Turingia, el fin del mundo se\nacerca y s\u00f3lo hay una manera de salvar a la humanidad: invocar al Esp\u00edritu del\nTiempo.<\/strong><\/h5>\n\n\n\n<p>Antes es preciso recuperar los tres ejes sobre los que se\nsustenta la Rueda del Tiempo. \u00bfD\u00f3nde se encuentran? Nadie lo sabe\u2026<\/p>\n\n\n\n<p><em>Finis Mundi<\/em> qued\u00f3 finalista del Premio Nacional de\nLiteratura Infantil y Juvenil el a\u00f1o que se public\u00f3. Tambi\u00e9n obtuvo en 2005 la\nPlaca de Plata El Barco de Vapor por haber alcanzado los 100.000 ejemplares\nvendidos.<\/p>\n\n\n\n<p><strong>Laura Gallego<\/strong> empez\u00f3 a escribir a los 11 a\u00f1os. Con\nuna amiga decidi\u00f3 escribir un libro de fantas\u00eda. Se llamaba <em>Zodiacc\u00eda, un\nmundo diferente<\/em>, pero nunca se public\u00f3. Desde entonces no ha dejado de\nescribir. Empez\u00f3 a publicar a los 21 a\u00f1os con <em>Finis Mundi<\/em> despu\u00e9s de\nacabar el bachillerato y estudiar Filolog\u00eda Hisp\u00e1nica para ser profesora de\nliteratura. Era el libro n\u00famero 14 que escrib\u00eda.<\/p>\n\n\n\n<p><strong>\u00bfC\u00f3mo funciona el club?<\/strong><\/p>\n\n\n\n<p>Cada mes\nproponemos un libro escogido entre los m\u00e1s recomendados de la secci\u00f3n infantil.\nLos ni\u00f1os pueden inscribirse al comprar el libro y unas semanas despu\u00e9s nos\nreunimos para comentarlo. El Club de Lectura es una actividad gratuita y\ntambi\u00e9n pueden asistir los padres que lo deseen.<\/p>\n\n\n\n<p>El Club de Lectura Infantil de Santos Ochoa est\u00e1 dirigido por <strong>Mar\u00eda Aniceto<\/strong>, que es librera de toda\nla vida. Naci\u00f3 el d\u00eda del libro, es hija, nieta y bisnieta de libreros. Estudi\u00f3\nBiblioteconom\u00eda y tiene m\u00e1s de 20 a\u00f1os de experiencia trabajando en diferentes\nlibrer\u00edas en las que se ha dedicado de una forma especial a la literatura\ninfantil y juvenil.<\/p>\n","protected":false},"excerpt":{"rendered":"<p>Agenda Cultural de Santos Ochoa Salamanca. Francisco Javier Mart\u00edn prieto presenta \u00abEl poni\u00bb. Taller de escritura de relatos. Club de lectura infantil<\/p>\n","protected":false},"author":2,"featured_media":643,"comment_status":"closed","ping_status":"closed","sticky":false,"template":"","format":"standard","meta":{"footnotes":""},"categories":[11,13,16,9,14],"tags":[],"class_list":["post-675","post","type-post","status-publish","format-standard","has-post-thumbnail","hentry","category-charlas","category-club-de-lectura","category-infantil","category-libros","category-libros-salamanca"],"yoast_head":"<!-- This site is optimized with the Yoast SEO plugin v27.2 - https:\/\/yoast.com\/product\/yoast-seo-wordpress\/ -->\n<title>Fco. Javier Mart\u00edn Prieto, taller de escritura y club de lectura infantil - Santos Ochoa Salamanca<\/title>\n<meta name=\"description\" content=\"Agenda Cultural de Santos Ochoa Salamanca. Francisco Javier Mart\u00edn prieto presenta &quot;El poni&quot;. Taller de escritura de relatos. Club de lectura infantil\" \/>\n<meta name=\"robots\" content=\"index, follow, max-snippet:-1, max-image-preview:large, max-video-preview:-1\" \/>\n<link rel=\"canonical\" href=\"https:\/\/blogs.santosochoa.es\/salamanca\/fco-javier-martin-prieto-taller-de-escritura-y-club-de-lectura-infantil\/\" \/>\n<meta property=\"og:locale\" content=\"es_ES\" \/>\n<meta property=\"og:type\" content=\"article\" \/>\n<meta property=\"og:title\" content=\"Fco. Javier Mart\u00edn Prieto, taller de escritura y club de lectura infantil - Santos Ochoa Salamanca\" \/>\n<meta property=\"og:description\" content=\"Agenda Cultural de Santos Ochoa Salamanca. Francisco Javier Mart\u00edn prieto presenta &quot;El poni&quot;. Taller de escritura de relatos. Club de lectura infantil\" \/>\n<meta property=\"og:url\" content=\"https:\/\/blogs.santosochoa.es\/salamanca\/fco-javier-martin-prieto-taller-de-escritura-y-club-de-lectura-infantil\/\" \/>\n<meta property=\"og:site_name\" content=\"Santos Ochoa Salamanca\" \/>\n<meta property=\"article:published_time\" content=\"2019-10-30T11:01:03+00:00\" \/>\n<meta property=\"article:modified_time\" content=\"2019-11-04T11:33:02+00:00\" \/>\n<meta property=\"og:image\" content=\"https:\/\/blogs.santosochoa.es\/salamanca\/wp-content\/uploads\/sites\/3\/2019\/10\/el-poni_fco-javier-martin-prieto.jpg\" \/>\n\t<meta property=\"og:image:width\" content=\"591\" \/>\n\t<meta property=\"og:image:height\" content=\"759\" \/>\n\t<meta property=\"og:image:type\" content=\"image\/jpeg\" \/>\n<meta name=\"author\" content=\"Santos Ochoa Salamanca\" \/>\n<meta name=\"twitter:card\" content=\"summary_large_image\" \/>\n<meta name=\"twitter:label1\" content=\"Written by\" \/>\n\t<meta name=\"twitter:data1\" content=\"Santos Ochoa Salamanca\" \/>\n\t<meta name=\"twitter:label2\" content=\"Est. reading time\" \/>\n\t<meta name=\"twitter:data2\" content=\"4 minutos\" \/>\n<script type=\"application\/ld+json\" class=\"yoast-schema-graph\">{\"@context\":\"https:\/\/schema.org\",\"@graph\":[{\"@type\":\"Article\",\"@id\":\"https:\/\/blogs.santosochoa.es\/salamanca\/fco-javier-martin-prieto-taller-de-escritura-y-club-de-lectura-infantil\/#article\",\"isPartOf\":{\"@id\":\"https:\/\/blogs.santosochoa.es\/salamanca\/fco-javier-martin-prieto-taller-de-escritura-y-club-de-lectura-infantil\/\"},\"author\":{\"name\":\"Santos Ochoa Salamanca\",\"@id\":\"https:\/\/blogs.santosochoa.es\/salamanca\/#\/schema\/person\/a125e75c96c8702907b25e61f1c0b772\"},\"headline\":\"Fco. Javier Mart\u00edn Prieto, taller de escritura y club de lectura infantil\",\"datePublished\":\"2019-10-30T11:01:03+00:00\",\"dateModified\":\"2019-11-04T11:33:02+00:00\",\"mainEntityOfPage\":{\"@id\":\"https:\/\/blogs.santosochoa.es\/salamanca\/fco-javier-martin-prieto-taller-de-escritura-y-club-de-lectura-infantil\/\"},\"wordCount\":840,\"image\":{\"@id\":\"https:\/\/blogs.santosochoa.es\/salamanca\/fco-javier-martin-prieto-taller-de-escritura-y-club-de-lectura-infantil\/#primaryimage\"},\"thumbnailUrl\":\"https:\/\/blogs.santosochoa.es\/salamanca\/wp-content\/uploads\/sites\/3\/2019\/10\/el-poni_fco-javier-martin-prieto.jpg\",\"articleSection\":[\"charlas\",\"club de lectura\",\"infantil\",\"libros\",\"libros salamanca\"],\"inLanguage\":\"es\"},{\"@type\":\"WebPage\",\"@id\":\"https:\/\/blogs.santosochoa.es\/salamanca\/fco-javier-martin-prieto-taller-de-escritura-y-club-de-lectura-infantil\/\",\"url\":\"https:\/\/blogs.santosochoa.es\/salamanca\/fco-javier-martin-prieto-taller-de-escritura-y-club-de-lectura-infantil\/\",\"name\":\"Fco. Javier Mart\u00edn Prieto, taller de escritura y club de lectura infantil - Santos Ochoa Salamanca\",\"isPartOf\":{\"@id\":\"https:\/\/blogs.santosochoa.es\/salamanca\/#website\"},\"primaryImageOfPage\":{\"@id\":\"https:\/\/blogs.santosochoa.es\/salamanca\/fco-javier-martin-prieto-taller-de-escritura-y-club-de-lectura-infantil\/#primaryimage\"},\"image\":{\"@id\":\"https:\/\/blogs.santosochoa.es\/salamanca\/fco-javier-martin-prieto-taller-de-escritura-y-club-de-lectura-infantil\/#primaryimage\"},\"thumbnailUrl\":\"https:\/\/blogs.santosochoa.es\/salamanca\/wp-content\/uploads\/sites\/3\/2019\/10\/el-poni_fco-javier-martin-prieto.jpg\",\"datePublished\":\"2019-10-30T11:01:03+00:00\",\"dateModified\":\"2019-11-04T11:33:02+00:00\",\"author\":{\"@id\":\"https:\/\/blogs.santosochoa.es\/salamanca\/#\/schema\/person\/a125e75c96c8702907b25e61f1c0b772\"},\"description\":\"Agenda Cultural de Santos Ochoa Salamanca. Francisco Javier Mart\u00edn prieto presenta \\\"El poni\\\". Taller de escritura de relatos. Club de lectura infantil\",\"breadcrumb\":{\"@id\":\"https:\/\/blogs.santosochoa.es\/salamanca\/fco-javier-martin-prieto-taller-de-escritura-y-club-de-lectura-infantil\/#breadcrumb\"},\"inLanguage\":\"es\",\"potentialAction\":[{\"@type\":\"ReadAction\",\"target\":[\"https:\/\/blogs.santosochoa.es\/salamanca\/fco-javier-martin-prieto-taller-de-escritura-y-club-de-lectura-infantil\/\"]}]},{\"@type\":\"ImageObject\",\"inLanguage\":\"es\",\"@id\":\"https:\/\/blogs.santosochoa.es\/salamanca\/fco-javier-martin-prieto-taller-de-escritura-y-club-de-lectura-infantil\/#primaryimage\",\"url\":\"https:\/\/blogs.santosochoa.es\/salamanca\/wp-content\/uploads\/sites\/3\/2019\/10\/el-poni_fco-javier-martin-prieto.jpg\",\"contentUrl\":\"https:\/\/blogs.santosochoa.es\/salamanca\/wp-content\/uploads\/sites\/3\/2019\/10\/el-poni_fco-javier-martin-prieto.jpg\",\"width\":591,\"height\":759},{\"@type\":\"BreadcrumbList\",\"@id\":\"https:\/\/blogs.santosochoa.es\/salamanca\/fco-javier-martin-prieto-taller-de-escritura-y-club-de-lectura-infantil\/#breadcrumb\",\"itemListElement\":[{\"@type\":\"ListItem\",\"position\":1,\"name\":\"Home\",\"item\":\"https:\/\/blogs.santosochoa.es\/salamanca\/\"},{\"@type\":\"ListItem\",\"position\":2,\"name\":\"Fco. Javier Mart\u00edn Prieto, taller de escritura y club de lectura infantil\"}]},{\"@type\":\"WebSite\",\"@id\":\"https:\/\/blogs.santosochoa.es\/salamanca\/#website\",\"url\":\"https:\/\/blogs.santosochoa.es\/salamanca\/\",\"name\":\"Santos Ochoa Salamanca\",\"description\":\"Tu Librer\u00eda Online\",\"potentialAction\":[{\"@type\":\"SearchAction\",\"target\":{\"@type\":\"EntryPoint\",\"urlTemplate\":\"https:\/\/blogs.santosochoa.es\/salamanca\/?s={search_term_string}\"},\"query-input\":{\"@type\":\"PropertyValueSpecification\",\"valueRequired\":true,\"valueName\":\"search_term_string\"}}],\"inLanguage\":\"es\"},{\"@type\":\"Person\",\"@id\":\"https:\/\/blogs.santosochoa.es\/salamanca\/#\/schema\/person\/a125e75c96c8702907b25e61f1c0b772\",\"name\":\"Santos Ochoa Salamanca\"}]}<\/script>\n<!-- \/ Yoast SEO plugin. -->","yoast_head_json":{"title":"Fco. Javier Mart\u00edn Prieto, taller de escritura y club de lectura infantil - Santos Ochoa Salamanca","description":"Agenda Cultural de Santos Ochoa Salamanca. Francisco Javier Mart\u00edn prieto presenta \"El poni\". Taller de escritura de relatos. Club de lectura infantil","robots":{"index":"index","follow":"follow","max-snippet":"max-snippet:-1","max-image-preview":"max-image-preview:large","max-video-preview":"max-video-preview:-1"},"canonical":"https:\/\/blogs.santosochoa.es\/salamanca\/fco-javier-martin-prieto-taller-de-escritura-y-club-de-lectura-infantil\/","og_locale":"es_ES","og_type":"article","og_title":"Fco. Javier Mart\u00edn Prieto, taller de escritura y club de lectura infantil - Santos Ochoa Salamanca","og_description":"Agenda Cultural de Santos Ochoa Salamanca. Francisco Javier Mart\u00edn prieto presenta \"El poni\". Taller de escritura de relatos. Club de lectura infantil","og_url":"https:\/\/blogs.santosochoa.es\/salamanca\/fco-javier-martin-prieto-taller-de-escritura-y-club-de-lectura-infantil\/","og_site_name":"Santos Ochoa Salamanca","article_published_time":"2019-10-30T11:01:03+00:00","article_modified_time":"2019-11-04T11:33:02+00:00","og_image":[{"width":591,"height":759,"url":"https:\/\/blogs.santosochoa.es\/salamanca\/wp-content\/uploads\/sites\/3\/2019\/10\/el-poni_fco-javier-martin-prieto.jpg","type":"image\/jpeg"}],"author":"Santos Ochoa Salamanca","twitter_card":"summary_large_image","twitter_misc":{"Written by":"Santos Ochoa Salamanca","Est. reading time":"4 minutos"},"schema":{"@context":"https:\/\/schema.org","@graph":[{"@type":"Article","@id":"https:\/\/blogs.santosochoa.es\/salamanca\/fco-javier-martin-prieto-taller-de-escritura-y-club-de-lectura-infantil\/#article","isPartOf":{"@id":"https:\/\/blogs.santosochoa.es\/salamanca\/fco-javier-martin-prieto-taller-de-escritura-y-club-de-lectura-infantil\/"},"author":{"name":"Santos Ochoa Salamanca","@id":"https:\/\/blogs.santosochoa.es\/salamanca\/#\/schema\/person\/a125e75c96c8702907b25e61f1c0b772"},"headline":"Fco. Javier Mart\u00edn Prieto, taller de escritura y club de lectura infantil","datePublished":"2019-10-30T11:01:03+00:00","dateModified":"2019-11-04T11:33:02+00:00","mainEntityOfPage":{"@id":"https:\/\/blogs.santosochoa.es\/salamanca\/fco-javier-martin-prieto-taller-de-escritura-y-club-de-lectura-infantil\/"},"wordCount":840,"image":{"@id":"https:\/\/blogs.santosochoa.es\/salamanca\/fco-javier-martin-prieto-taller-de-escritura-y-club-de-lectura-infantil\/#primaryimage"},"thumbnailUrl":"https:\/\/blogs.santosochoa.es\/salamanca\/wp-content\/uploads\/sites\/3\/2019\/10\/el-poni_fco-javier-martin-prieto.jpg","articleSection":["charlas","club de lectura","infantil","libros","libros salamanca"],"inLanguage":"es"},{"@type":"WebPage","@id":"https:\/\/blogs.santosochoa.es\/salamanca\/fco-javier-martin-prieto-taller-de-escritura-y-club-de-lectura-infantil\/","url":"https:\/\/blogs.santosochoa.es\/salamanca\/fco-javier-martin-prieto-taller-de-escritura-y-club-de-lectura-infantil\/","name":"Fco. Javier Mart\u00edn Prieto, taller de escritura y club de lectura infantil - Santos Ochoa Salamanca","isPartOf":{"@id":"https:\/\/blogs.santosochoa.es\/salamanca\/#website"},"primaryImageOfPage":{"@id":"https:\/\/blogs.santosochoa.es\/salamanca\/fco-javier-martin-prieto-taller-de-escritura-y-club-de-lectura-infantil\/#primaryimage"},"image":{"@id":"https:\/\/blogs.santosochoa.es\/salamanca\/fco-javier-martin-prieto-taller-de-escritura-y-club-de-lectura-infantil\/#primaryimage"},"thumbnailUrl":"https:\/\/blogs.santosochoa.es\/salamanca\/wp-content\/uploads\/sites\/3\/2019\/10\/el-poni_fco-javier-martin-prieto.jpg","datePublished":"2019-10-30T11:01:03+00:00","dateModified":"2019-11-04T11:33:02+00:00","author":{"@id":"https:\/\/blogs.santosochoa.es\/salamanca\/#\/schema\/person\/a125e75c96c8702907b25e61f1c0b772"},"description":"Agenda Cultural de Santos Ochoa Salamanca. Francisco Javier Mart\u00edn prieto presenta \"El poni\". Taller de escritura de relatos. Club de lectura infantil","breadcrumb":{"@id":"https:\/\/blogs.santosochoa.es\/salamanca\/fco-javier-martin-prieto-taller-de-escritura-y-club-de-lectura-infantil\/#breadcrumb"},"inLanguage":"es","potentialAction":[{"@type":"ReadAction","target":["https:\/\/blogs.santosochoa.es\/salamanca\/fco-javier-martin-prieto-taller-de-escritura-y-club-de-lectura-infantil\/"]}]},{"@type":"ImageObject","inLanguage":"es","@id":"https:\/\/blogs.santosochoa.es\/salamanca\/fco-javier-martin-prieto-taller-de-escritura-y-club-de-lectura-infantil\/#primaryimage","url":"https:\/\/blogs.santosochoa.es\/salamanca\/wp-content\/uploads\/sites\/3\/2019\/10\/el-poni_fco-javier-martin-prieto.jpg","contentUrl":"https:\/\/blogs.santosochoa.es\/salamanca\/wp-content\/uploads\/sites\/3\/2019\/10\/el-poni_fco-javier-martin-prieto.jpg","width":591,"height":759},{"@type":"BreadcrumbList","@id":"https:\/\/blogs.santosochoa.es\/salamanca\/fco-javier-martin-prieto-taller-de-escritura-y-club-de-lectura-infantil\/#breadcrumb","itemListElement":[{"@type":"ListItem","position":1,"name":"Home","item":"https:\/\/blogs.santosochoa.es\/salamanca\/"},{"@type":"ListItem","position":2,"name":"Fco. Javier Mart\u00edn Prieto, taller de escritura y club de lectura infantil"}]},{"@type":"WebSite","@id":"https:\/\/blogs.santosochoa.es\/salamanca\/#website","url":"https:\/\/blogs.santosochoa.es\/salamanca\/","name":"Santos Ochoa Salamanca","description":"Tu Librer\u00eda Online","potentialAction":[{"@type":"SearchAction","target":{"@type":"EntryPoint","urlTemplate":"https:\/\/blogs.santosochoa.es\/salamanca\/?s={search_term_string}"},"query-input":{"@type":"PropertyValueSpecification","valueRequired":true,"valueName":"search_term_string"}}],"inLanguage":"es"},{"@type":"Person","@id":"https:\/\/blogs.santosochoa.es\/salamanca\/#\/schema\/person\/a125e75c96c8702907b25e61f1c0b772","name":"Santos Ochoa Salamanca"}]}},"_links":{"self":[{"href":"https:\/\/blogs.santosochoa.es\/salamanca\/wp-json\/wp\/v2\/posts\/675","targetHints":{"allow":["GET"]}}],"collection":[{"href":"https:\/\/blogs.santosochoa.es\/salamanca\/wp-json\/wp\/v2\/posts"}],"about":[{"href":"https:\/\/blogs.santosochoa.es\/salamanca\/wp-json\/wp\/v2\/types\/post"}],"author":[{"embeddable":true,"href":"https:\/\/blogs.santosochoa.es\/salamanca\/wp-json\/wp\/v2\/users\/2"}],"replies":[{"embeddable":true,"href":"https:\/\/blogs.santosochoa.es\/salamanca\/wp-json\/wp\/v2\/comments?post=675"}],"version-history":[{"count":2,"href":"https:\/\/blogs.santosochoa.es\/salamanca\/wp-json\/wp\/v2\/posts\/675\/revisions"}],"predecessor-version":[{"id":678,"href":"https:\/\/blogs.santosochoa.es\/salamanca\/wp-json\/wp\/v2\/posts\/675\/revisions\/678"}],"wp:featuredmedia":[{"embeddable":true,"href":"https:\/\/blogs.santosochoa.es\/salamanca\/wp-json\/wp\/v2\/media\/643"}],"wp:attachment":[{"href":"https:\/\/blogs.santosochoa.es\/salamanca\/wp-json\/wp\/v2\/media?parent=675"}],"wp:term":[{"taxonomy":"category","embeddable":true,"href":"https:\/\/blogs.santosochoa.es\/salamanca\/wp-json\/wp\/v2\/categories?post=675"},{"taxonomy":"post_tag","embeddable":true,"href":"https:\/\/blogs.santosochoa.es\/salamanca\/wp-json\/wp\/v2\/tags?post=675"}],"curies":[{"name":"wp","href":"https:\/\/api.w.org\/{rel}","templated":true}]}}