{"id":559,"date":"2019-05-02T13:19:20","date_gmt":"2019-05-02T11:19:20","guid":{"rendered":"https:\/\/blogs.santosochoa.es\/salamanca\/?p=559"},"modified":"2019-05-02T13:19:22","modified_gmt":"2019-05-02T11:19:22","slug":"novela-historica-y-el-cerebro-del-nino","status":"publish","type":"post","link":"https:\/\/blogs.santosochoa.es\/salamanca\/novela-historica-y-el-cerebro-del-nino\/","title":{"rendered":"Novela Hist\u00f3rica y El Cerebro del Ni\u00f1o"},"content":{"rendered":"\n<h2 class=\"wp-block-heading\"><strong>Mar\u00eda Reig presenta la novela hist\u00f3rica <\/strong><em><strong>Papel y tinta<\/strong><\/em><\/h2>\n\n\n\n<h3 class=\"wp-block-heading\">Martes 7 de mayo, a las 19:30 h.<\/h3>\n\n\n\n<h4 class=\"wp-block-heading\">Librer\u00eda Santos Ochoa. Gran V\u00eda, 12. <\/h4>\n\n\n\n<div class=\"wp-block-image\"><figure class=\"alignleft is-resized\"><img loading=\"lazy\" decoding=\"async\" src=\"https:\/\/blogs.santosochoa.es\/salamanca\/wp-content\/uploads\/sites\/3\/2019\/04\/papel-y-tinta_maria-reig.jpg\" alt=\"\" class=\"wp-image-547\" width=\"203\" height=\"311\" srcset=\"https:\/\/blogs.santosochoa.es\/salamanca\/wp-content\/uploads\/sites\/3\/2019\/04\/papel-y-tinta_maria-reig.jpg 591w, https:\/\/blogs.santosochoa.es\/salamanca\/wp-content\/uploads\/sites\/3\/2019\/04\/papel-y-tinta_maria-reig-196x300.jpg 196w\" sizes=\"auto, (max-width: 203px) 100vw, 203px\" \/><\/figure><\/div>\n\n\n\n<h5 class=\"wp-block-heading\"><strong>\u00bfDe qu\u00e9 ser\u00edas capaz por cumplir tus sue\u00f1os? \u00bfQu\u00e9 ten\u00eda que hacer una mujer para lograr los suyos en la Espa\u00f1a de principios del siglo veinte?<\/strong><\/h5>\n\n\n\n<h5 class=\"wp-block-heading\"><strong>La apasionante\nhistoria de una mujer que lucha por rebelarse contra el sistema establecido en\nel Madrid anterior a la Segunda Rep\u00fablica.<\/strong><\/h5>\n\n\n\n<p>Madrid,\nprimeras d\u00e9cadas del siglo pasado. Elisa Montero, aunque de origen humilde, es\ncriada desde ni\u00f1a por su madrina, una adinerada y misteriosa mujer\nperteneciente a la alta burgues\u00eda madrile\u00f1a. La sensaci\u00f3n de no pertenecer a\nning\u00fan lugar y de cierta rebeld\u00eda ante los designios que otros han trazado para\nella ser\u00e1 algo que marcar\u00e1 su vida.<\/p>\n\n\n\n<p>Elisa no\nsolo buscar\u00e1 liberarse de las limitaciones que le imponen su condici\u00f3n de mujer\ny su posici\u00f3n social para lograr convertirse en periodista, sino que intentar\u00e1\ntomar las riendas de su destino y entregarse al verdadero amor. Como testigo,\nla rabiosa y convulsa actualidad de una Espa\u00f1a entre guerras que la acompa\u00f1ar\u00e1\nen su lucha por conocerse a s\u00ed misma y sobreponerse a sus propios prejuicios.<\/p>\n\n\n\n<p><strong>Mar\u00eda Reig<\/strong> naci\u00f3 en Barcelona en 1992, es escritora y periodista. Su debilidad es viajar en el tiempo a trav\u00e9s de la Historia y la ficci\u00f3n. La escritura es su aut\u00e9ntica pasi\u00f3n. Y todo ello lo ha podido combinar en su primera novela, <em>Papel y tinta<\/em>.<\/p>\n\n\n\n<div style=\"height:50px\" aria-hidden=\"true\" class=\"wp-block-spacer\"><\/div>\n\n\n\n<h2 class=\"wp-block-heading\"><em><strong>El cerebro del ni\u00f1o y la neuroeducaci\u00f3n.<\/strong><\/em><strong> Charla con la psic\u00f3loga Natalia Mart\u00edn<\/strong><\/h2>\n\n\n\n<h3 class=\"wp-block-heading\">Mi\u00e9rcoles 8 de mayo, a las 19:00 h.<\/h3>\n\n\n\n<h4 class=\"wp-block-heading\">Librer\u00eda Santos Ochoa. Gran V\u00eda, 12. <\/h4>\n\n\n\n<div class=\"wp-block-image\"><figure class=\"alignright is-resized\"><img loading=\"lazy\" decoding=\"async\" src=\"https:\/\/blogs.santosochoa.es\/salamanca\/wp-content\/uploads\/sites\/3\/2019\/04\/el-cerebro-del-ni\u00f1o_siegel-y-payne.jpg\" alt=\"\" class=\"wp-image-549\" width=\"201\" height=\"307\" srcset=\"https:\/\/blogs.santosochoa.es\/salamanca\/wp-content\/uploads\/sites\/3\/2019\/04\/el-cerebro-del-ni\u00f1o_siegel-y-payne.jpg 591w, https:\/\/blogs.santosochoa.es\/salamanca\/wp-content\/uploads\/sites\/3\/2019\/04\/el-cerebro-del-ni\u00f1o_siegel-y-payne-197x300.jpg 197w\" sizes=\"auto, (max-width: 201px) 100vw, 201px\" \/><\/figure><\/div>\n\n\n\n<h5 class=\"wp-block-heading\"><strong>Tu hijo de dos\na\u00f1os tiene una rabieta en una tienda. Tu hijo de cuatro se niega a vestirse. Tu\nhijo de quinto curso est\u00e1 de suplente en el banquillo, enfurru\u00f1ado, en lugar de\njugar en el campo. \u00bfAcaso los ni\u00f1os conspiran para que la vida de sus padres\nsea un desaf\u00edo continuo? No, lo que pasa es que su cerebro en desarrollo lleva\nla voz cantante.<\/strong><\/h5>\n\n\n\n<p><strong>La psic\u00f3loga salmantina Natalia Mart\u00edn de la Huerga nos invita a conocer c\u00f3mo es ese cerebro en desarrollo para poder ayudar y acompa\u00f1ar a nuestros hijos o alumnos en vez de pelear con ellos.<\/strong><\/p>\n\n\n\n<p>Y nos recomienda\neste libro innovador y pr\u00e1ctico donde el neuropsiquiatra Daniel J. Siegel y la\nexperta en educaci\u00f3n infantil Tina Payne Bryson desmitifican las crisis y los conflictos,\nexplicando los nuevos conocimientos cient\u00edficos sobre c\u00f3mo est\u00e1 constituido el\ncerebro infantil y c\u00f3mo se desarrolla. Aplicando estos descubrimientos al d\u00eda a\nd\u00eda, es posible convertir conflictos, discusiones o miedos en una oportunidad\npara integrar el cerebro del ni\u00f1o y ayudarlo a ser una persona responsable,\nafectuosa y feliz.<\/p>\n\n\n\n<p>En <em>El cerebro del ni\u00f1o<\/em> padres y educadores\ntendr\u00e1n a su alcance pautas claras para entender y manejar los distintos\nconflictos propios de los ni\u00f1os en funci\u00f3n de cada edad, as\u00ed como herramientas\npara resolverlos y ayudar a la familia a progresar.<\/p>\n\n\n\n<p><strong>Natalia Mart\u00edn de la Huerga<\/strong> es\npsic\u00f3loga especializada en cl\u00ednica y neuropsicolog\u00eda. Ha trabajado en\nHospitales de gran relevancia como el Institut Guttmann, el Hospital del Mar o\nel Hospital Sant Pau de Barcelona. Actualmente reside en Logro\u00f1o donde finaliza\nsu doctorado en medicina y trabaja en su consulta privada.<\/p>\n","protected":false},"excerpt":{"rendered":"<p>Esta semana en Santos Ochoa Salamanca: novela hist\u00f3rica con Mar\u00eda Reig y el cerebro del ni\u00f1o con la psic\u00f3loga Natalia Mart\u00edn de la Huerga.<\/p>\n","protected":false},"author":2,"featured_media":547,"comment_status":"closed","ping_status":"closed","sticky":false,"template":"","format":"standard","meta":{"footnotes":""},"categories":[11,9],"tags":[],"class_list":["post-559","post","type-post","status-publish","format-standard","has-post-thumbnail","hentry","category-charlas","category-libros"],"yoast_head":"<!-- This site is optimized with the Yoast SEO plugin v27.2 - https:\/\/yoast.com\/product\/yoast-seo-wordpress\/ -->\n<title>Novela Hist\u00f3rica y El Cerebro del Ni\u00f1o - Santos Ochoa Salamanca<\/title>\n<meta name=\"description\" content=\"Esta semana en Santos Ochoa Salamanca: novela hist\u00f3rica con Mar\u00eda Reig y el cerebro del ni\u00f1o con la psic\u00f3loga Natalia Mart\u00edn de la Huerga.\" \/>\n<meta name=\"robots\" content=\"index, follow, max-snippet:-1, max-image-preview:large, max-video-preview:-1\" \/>\n<link rel=\"canonical\" href=\"https:\/\/blogs.santosochoa.es\/salamanca\/novela-historica-y-el-cerebro-del-nino\/\" \/>\n<meta property=\"og:locale\" content=\"es_ES\" \/>\n<meta property=\"og:type\" content=\"article\" \/>\n<meta property=\"og:title\" content=\"Novela Hist\u00f3rica y El Cerebro del Ni\u00f1o - Santos Ochoa Salamanca\" \/>\n<meta property=\"og:description\" content=\"Esta semana en Santos Ochoa Salamanca: novela hist\u00f3rica con Mar\u00eda Reig y el cerebro del ni\u00f1o con la psic\u00f3loga Natalia Mart\u00edn de la Huerga.\" \/>\n<meta property=\"og:url\" content=\"https:\/\/blogs.santosochoa.es\/salamanca\/novela-historica-y-el-cerebro-del-nino\/\" \/>\n<meta property=\"og:site_name\" content=\"Santos Ochoa Salamanca\" \/>\n<meta property=\"article:published_time\" content=\"2019-05-02T11:19:20+00:00\" \/>\n<meta property=\"article:modified_time\" content=\"2019-05-02T11:19:22+00:00\" \/>\n<meta property=\"og:image\" content=\"https:\/\/blogs.santosochoa.es\/salamanca\/wp-content\/uploads\/sites\/3\/2019\/04\/papel-y-tinta_maria-reig.jpg\" \/>\n\t<meta property=\"og:image:width\" content=\"591\" \/>\n\t<meta property=\"og:image:height\" content=\"905\" \/>\n\t<meta property=\"og:image:type\" content=\"image\/jpeg\" \/>\n<meta name=\"author\" content=\"Santos Ochoa Salamanca\" \/>\n<meta name=\"twitter:card\" content=\"summary_large_image\" \/>\n<meta name=\"twitter:label1\" content=\"Written by\" \/>\n\t<meta name=\"twitter:data1\" content=\"Santos Ochoa Salamanca\" \/>\n\t<meta name=\"twitter:label2\" content=\"Est. reading time\" \/>\n\t<meta name=\"twitter:data2\" content=\"3 minutos\" \/>\n<script type=\"application\/ld+json\" class=\"yoast-schema-graph\">{\"@context\":\"https:\/\/schema.org\",\"@graph\":[{\"@type\":\"Article\",\"@id\":\"https:\/\/blogs.santosochoa.es\/salamanca\/novela-historica-y-el-cerebro-del-nino\/#article\",\"isPartOf\":{\"@id\":\"https:\/\/blogs.santosochoa.es\/salamanca\/novela-historica-y-el-cerebro-del-nino\/\"},\"author\":{\"name\":\"Santos Ochoa Salamanca\",\"@id\":\"https:\/\/blogs.santosochoa.es\/salamanca\/#\/schema\/person\/a125e75c96c8702907b25e61f1c0b772\"},\"headline\":\"Novela Hist\u00f3rica y El Cerebro del Ni\u00f1o\",\"datePublished\":\"2019-05-02T11:19:20+00:00\",\"dateModified\":\"2019-05-02T11:19:22+00:00\",\"mainEntityOfPage\":{\"@id\":\"https:\/\/blogs.santosochoa.es\/salamanca\/novela-historica-y-el-cerebro-del-nino\/\"},\"wordCount\":598,\"image\":{\"@id\":\"https:\/\/blogs.santosochoa.es\/salamanca\/novela-historica-y-el-cerebro-del-nino\/#primaryimage\"},\"thumbnailUrl\":\"https:\/\/blogs.santosochoa.es\/salamanca\/wp-content\/uploads\/sites\/3\/2019\/04\/papel-y-tinta_maria-reig.jpg\",\"articleSection\":[\"charlas\",\"libros\"],\"inLanguage\":\"es\"},{\"@type\":\"WebPage\",\"@id\":\"https:\/\/blogs.santosochoa.es\/salamanca\/novela-historica-y-el-cerebro-del-nino\/\",\"url\":\"https:\/\/blogs.santosochoa.es\/salamanca\/novela-historica-y-el-cerebro-del-nino\/\",\"name\":\"Novela Hist\u00f3rica y El Cerebro del Ni\u00f1o - Santos Ochoa Salamanca\",\"isPartOf\":{\"@id\":\"https:\/\/blogs.santosochoa.es\/salamanca\/#website\"},\"primaryImageOfPage\":{\"@id\":\"https:\/\/blogs.santosochoa.es\/salamanca\/novela-historica-y-el-cerebro-del-nino\/#primaryimage\"},\"image\":{\"@id\":\"https:\/\/blogs.santosochoa.es\/salamanca\/novela-historica-y-el-cerebro-del-nino\/#primaryimage\"},\"thumbnailUrl\":\"https:\/\/blogs.santosochoa.es\/salamanca\/wp-content\/uploads\/sites\/3\/2019\/04\/papel-y-tinta_maria-reig.jpg\",\"datePublished\":\"2019-05-02T11:19:20+00:00\",\"dateModified\":\"2019-05-02T11:19:22+00:00\",\"author\":{\"@id\":\"https:\/\/blogs.santosochoa.es\/salamanca\/#\/schema\/person\/a125e75c96c8702907b25e61f1c0b772\"},\"description\":\"Esta semana en Santos Ochoa Salamanca: novela hist\u00f3rica con Mar\u00eda Reig y el cerebro del ni\u00f1o con la psic\u00f3loga Natalia Mart\u00edn de la Huerga.\",\"breadcrumb\":{\"@id\":\"https:\/\/blogs.santosochoa.es\/salamanca\/novela-historica-y-el-cerebro-del-nino\/#breadcrumb\"},\"inLanguage\":\"es\",\"potentialAction\":[{\"@type\":\"ReadAction\",\"target\":[\"https:\/\/blogs.santosochoa.es\/salamanca\/novela-historica-y-el-cerebro-del-nino\/\"]}]},{\"@type\":\"ImageObject\",\"inLanguage\":\"es\",\"@id\":\"https:\/\/blogs.santosochoa.es\/salamanca\/novela-historica-y-el-cerebro-del-nino\/#primaryimage\",\"url\":\"https:\/\/blogs.santosochoa.es\/salamanca\/wp-content\/uploads\/sites\/3\/2019\/04\/papel-y-tinta_maria-reig.jpg\",\"contentUrl\":\"https:\/\/blogs.santosochoa.es\/salamanca\/wp-content\/uploads\/sites\/3\/2019\/04\/papel-y-tinta_maria-reig.jpg\",\"width\":591,\"height\":905},{\"@type\":\"BreadcrumbList\",\"@id\":\"https:\/\/blogs.santosochoa.es\/salamanca\/novela-historica-y-el-cerebro-del-nino\/#breadcrumb\",\"itemListElement\":[{\"@type\":\"ListItem\",\"position\":1,\"name\":\"Home\",\"item\":\"https:\/\/blogs.santosochoa.es\/salamanca\/\"},{\"@type\":\"ListItem\",\"position\":2,\"name\":\"Novela Hist\u00f3rica y El Cerebro del Ni\u00f1o\"}]},{\"@type\":\"WebSite\",\"@id\":\"https:\/\/blogs.santosochoa.es\/salamanca\/#website\",\"url\":\"https:\/\/blogs.santosochoa.es\/salamanca\/\",\"name\":\"Santos Ochoa Salamanca\",\"description\":\"Tu Librer\u00eda Online\",\"potentialAction\":[{\"@type\":\"SearchAction\",\"target\":{\"@type\":\"EntryPoint\",\"urlTemplate\":\"https:\/\/blogs.santosochoa.es\/salamanca\/?s={search_term_string}\"},\"query-input\":{\"@type\":\"PropertyValueSpecification\",\"valueRequired\":true,\"valueName\":\"search_term_string\"}}],\"inLanguage\":\"es\"},{\"@type\":\"Person\",\"@id\":\"https:\/\/blogs.santosochoa.es\/salamanca\/#\/schema\/person\/a125e75c96c8702907b25e61f1c0b772\",\"name\":\"Santos Ochoa Salamanca\"}]}<\/script>\n<!-- \/ Yoast SEO plugin. -->","yoast_head_json":{"title":"Novela Hist\u00f3rica y El Cerebro del Ni\u00f1o - Santos Ochoa Salamanca","description":"Esta semana en Santos Ochoa Salamanca: novela hist\u00f3rica con Mar\u00eda Reig y el cerebro del ni\u00f1o con la psic\u00f3loga Natalia Mart\u00edn de la Huerga.","robots":{"index":"index","follow":"follow","max-snippet":"max-snippet:-1","max-image-preview":"max-image-preview:large","max-video-preview":"max-video-preview:-1"},"canonical":"https:\/\/blogs.santosochoa.es\/salamanca\/novela-historica-y-el-cerebro-del-nino\/","og_locale":"es_ES","og_type":"article","og_title":"Novela Hist\u00f3rica y El Cerebro del Ni\u00f1o - Santos Ochoa Salamanca","og_description":"Esta semana en Santos Ochoa Salamanca: novela hist\u00f3rica con Mar\u00eda Reig y el cerebro del ni\u00f1o con la psic\u00f3loga Natalia Mart\u00edn de la Huerga.","og_url":"https:\/\/blogs.santosochoa.es\/salamanca\/novela-historica-y-el-cerebro-del-nino\/","og_site_name":"Santos Ochoa Salamanca","article_published_time":"2019-05-02T11:19:20+00:00","article_modified_time":"2019-05-02T11:19:22+00:00","og_image":[{"width":591,"height":905,"url":"https:\/\/blogs.santosochoa.es\/salamanca\/wp-content\/uploads\/sites\/3\/2019\/04\/papel-y-tinta_maria-reig.jpg","type":"image\/jpeg"}],"author":"Santos Ochoa Salamanca","twitter_card":"summary_large_image","twitter_misc":{"Written by":"Santos Ochoa Salamanca","Est. reading time":"3 minutos"},"schema":{"@context":"https:\/\/schema.org","@graph":[{"@type":"Article","@id":"https:\/\/blogs.santosochoa.es\/salamanca\/novela-historica-y-el-cerebro-del-nino\/#article","isPartOf":{"@id":"https:\/\/blogs.santosochoa.es\/salamanca\/novela-historica-y-el-cerebro-del-nino\/"},"author":{"name":"Santos Ochoa Salamanca","@id":"https:\/\/blogs.santosochoa.es\/salamanca\/#\/schema\/person\/a125e75c96c8702907b25e61f1c0b772"},"headline":"Novela Hist\u00f3rica y El Cerebro del Ni\u00f1o","datePublished":"2019-05-02T11:19:20+00:00","dateModified":"2019-05-02T11:19:22+00:00","mainEntityOfPage":{"@id":"https:\/\/blogs.santosochoa.es\/salamanca\/novela-historica-y-el-cerebro-del-nino\/"},"wordCount":598,"image":{"@id":"https:\/\/blogs.santosochoa.es\/salamanca\/novela-historica-y-el-cerebro-del-nino\/#primaryimage"},"thumbnailUrl":"https:\/\/blogs.santosochoa.es\/salamanca\/wp-content\/uploads\/sites\/3\/2019\/04\/papel-y-tinta_maria-reig.jpg","articleSection":["charlas","libros"],"inLanguage":"es"},{"@type":"WebPage","@id":"https:\/\/blogs.santosochoa.es\/salamanca\/novela-historica-y-el-cerebro-del-nino\/","url":"https:\/\/blogs.santosochoa.es\/salamanca\/novela-historica-y-el-cerebro-del-nino\/","name":"Novela Hist\u00f3rica y El Cerebro del Ni\u00f1o - Santos Ochoa Salamanca","isPartOf":{"@id":"https:\/\/blogs.santosochoa.es\/salamanca\/#website"},"primaryImageOfPage":{"@id":"https:\/\/blogs.santosochoa.es\/salamanca\/novela-historica-y-el-cerebro-del-nino\/#primaryimage"},"image":{"@id":"https:\/\/blogs.santosochoa.es\/salamanca\/novela-historica-y-el-cerebro-del-nino\/#primaryimage"},"thumbnailUrl":"https:\/\/blogs.santosochoa.es\/salamanca\/wp-content\/uploads\/sites\/3\/2019\/04\/papel-y-tinta_maria-reig.jpg","datePublished":"2019-05-02T11:19:20+00:00","dateModified":"2019-05-02T11:19:22+00:00","author":{"@id":"https:\/\/blogs.santosochoa.es\/salamanca\/#\/schema\/person\/a125e75c96c8702907b25e61f1c0b772"},"description":"Esta semana en Santos Ochoa Salamanca: novela hist\u00f3rica con Mar\u00eda Reig y el cerebro del ni\u00f1o con la psic\u00f3loga Natalia Mart\u00edn de la Huerga.","breadcrumb":{"@id":"https:\/\/blogs.santosochoa.es\/salamanca\/novela-historica-y-el-cerebro-del-nino\/#breadcrumb"},"inLanguage":"es","potentialAction":[{"@type":"ReadAction","target":["https:\/\/blogs.santosochoa.es\/salamanca\/novela-historica-y-el-cerebro-del-nino\/"]}]},{"@type":"ImageObject","inLanguage":"es","@id":"https:\/\/blogs.santosochoa.es\/salamanca\/novela-historica-y-el-cerebro-del-nino\/#primaryimage","url":"https:\/\/blogs.santosochoa.es\/salamanca\/wp-content\/uploads\/sites\/3\/2019\/04\/papel-y-tinta_maria-reig.jpg","contentUrl":"https:\/\/blogs.santosochoa.es\/salamanca\/wp-content\/uploads\/sites\/3\/2019\/04\/papel-y-tinta_maria-reig.jpg","width":591,"height":905},{"@type":"BreadcrumbList","@id":"https:\/\/blogs.santosochoa.es\/salamanca\/novela-historica-y-el-cerebro-del-nino\/#breadcrumb","itemListElement":[{"@type":"ListItem","position":1,"name":"Home","item":"https:\/\/blogs.santosochoa.es\/salamanca\/"},{"@type":"ListItem","position":2,"name":"Novela Hist\u00f3rica y El Cerebro del Ni\u00f1o"}]},{"@type":"WebSite","@id":"https:\/\/blogs.santosochoa.es\/salamanca\/#website","url":"https:\/\/blogs.santosochoa.es\/salamanca\/","name":"Santos Ochoa Salamanca","description":"Tu Librer\u00eda Online","potentialAction":[{"@type":"SearchAction","target":{"@type":"EntryPoint","urlTemplate":"https:\/\/blogs.santosochoa.es\/salamanca\/?s={search_term_string}"},"query-input":{"@type":"PropertyValueSpecification","valueRequired":true,"valueName":"search_term_string"}}],"inLanguage":"es"},{"@type":"Person","@id":"https:\/\/blogs.santosochoa.es\/salamanca\/#\/schema\/person\/a125e75c96c8702907b25e61f1c0b772","name":"Santos Ochoa Salamanca"}]}},"_links":{"self":[{"href":"https:\/\/blogs.santosochoa.es\/salamanca\/wp-json\/wp\/v2\/posts\/559","targetHints":{"allow":["GET"]}}],"collection":[{"href":"https:\/\/blogs.santosochoa.es\/salamanca\/wp-json\/wp\/v2\/posts"}],"about":[{"href":"https:\/\/blogs.santosochoa.es\/salamanca\/wp-json\/wp\/v2\/types\/post"}],"author":[{"embeddable":true,"href":"https:\/\/blogs.santosochoa.es\/salamanca\/wp-json\/wp\/v2\/users\/2"}],"replies":[{"embeddable":true,"href":"https:\/\/blogs.santosochoa.es\/salamanca\/wp-json\/wp\/v2\/comments?post=559"}],"version-history":[{"count":3,"href":"https:\/\/blogs.santosochoa.es\/salamanca\/wp-json\/wp\/v2\/posts\/559\/revisions"}],"predecessor-version":[{"id":562,"href":"https:\/\/blogs.santosochoa.es\/salamanca\/wp-json\/wp\/v2\/posts\/559\/revisions\/562"}],"wp:featuredmedia":[{"embeddable":true,"href":"https:\/\/blogs.santosochoa.es\/salamanca\/wp-json\/wp\/v2\/media\/547"}],"wp:attachment":[{"href":"https:\/\/blogs.santosochoa.es\/salamanca\/wp-json\/wp\/v2\/media?parent=559"}],"wp:term":[{"taxonomy":"category","embeddable":true,"href":"https:\/\/blogs.santosochoa.es\/salamanca\/wp-json\/wp\/v2\/categories?post=559"},{"taxonomy":"post_tag","embeddable":true,"href":"https:\/\/blogs.santosochoa.es\/salamanca\/wp-json\/wp\/v2\/tags?post=559"}],"curies":[{"name":"wp","href":"https:\/\/api.w.org\/{rel}","templated":true}]}}