{"id":2083,"date":"2026-04-16T10:06:59","date_gmt":"2026-04-16T08:06:59","guid":{"rendered":"https:\/\/blogs.santosochoa.es\/salamanca\/?p=2083"},"modified":"2026-04-16T10:07:02","modified_gmt":"2026-04-16T08:07:02","slug":"sofia-bernardo-y-victoria-alvarez","status":"publish","type":"post","link":"https:\/\/blogs.santosochoa.es\/salamanca\/sofia-bernardo-y-victoria-alvarez\/","title":{"rendered":"Sof\u00eda Bernardo y Victoria \u00c1lvarez"},"content":{"rendered":"\n<h2 class=\"wp-block-heading\"><strong>Sof\u00eda Bernardo presenta <em>Calas o la tentaci\u00f3n de lo indecible<\/em>. Hay voces que solo existen cuando algo se retira.<\/strong><\/h2>\n\n\n\n<h3 class=\"wp-block-heading\"><strong>\ud83d\udcc5<\/strong><strong>\u200b Martes 28 de abril | 19:00 h.<\/strong><\/h3>\n\n\n\n<h4 class=\"wp-block-heading\">\ud83d\udccc Librer\u00eda Santos Ochoa (Gran V\u00eda, 12, Salamanca)<\/h4>\n\n\n\n<p>Con Micaela Moya, doctora en el Departamento de Literatura Espa\u00f1ola e Hispanoamericana de la USAL.<\/p>\n\n\n<div class=\"wp-block-image\">\n<figure class=\"alignright size-large is-resized\"><a href=\"https:\/\/www.santosochoa.es\/libros\/sofia-bernardo_calas-o-la-tentacion-de-lo-indecible_9788410212503\" target=\"_blank\" rel=\" noreferrer noopener\"><img loading=\"lazy\" decoding=\"async\" width=\"1024\" height=\"973\" src=\"https:\/\/blogs.santosochoa.es\/salamanca\/wp-content\/uploads\/sites\/3\/2026\/03\/Calas-o-la-tentacion-de-lo-indecible_sofia-Bernardo-1024x973.jpg\" alt=\"\" class=\"wp-image-2072\" style=\"width:300px\" srcset=\"https:\/\/blogs.santosochoa.es\/salamanca\/wp-content\/uploads\/sites\/3\/2026\/03\/Calas-o-la-tentacion-de-lo-indecible_sofia-Bernardo-1024x973.jpg 1024w, https:\/\/blogs.santosochoa.es\/salamanca\/wp-content\/uploads\/sites\/3\/2026\/03\/Calas-o-la-tentacion-de-lo-indecible_sofia-Bernardo-300x285.jpg 300w, https:\/\/blogs.santosochoa.es\/salamanca\/wp-content\/uploads\/sites\/3\/2026\/03\/Calas-o-la-tentacion-de-lo-indecible_sofia-Bernardo-768x730.jpg 768w, https:\/\/blogs.santosochoa.es\/salamanca\/wp-content\/uploads\/sites\/3\/2026\/03\/Calas-o-la-tentacion-de-lo-indecible_sofia-Bernardo-1080x1026.jpg 1080w, https:\/\/blogs.santosochoa.es\/salamanca\/wp-content\/uploads\/sites\/3\/2026\/03\/Calas-o-la-tentacion-de-lo-indecible_sofia-Bernardo.jpg 1200w\" sizes=\"auto, (max-width: 1024px) 100vw, 1024px\" \/><\/a><\/figure>\n<\/div>\n\n\n<h5 class=\"wp-block-heading\"><strong>El&nbsp;<em>kal\u00f3s<\/em>&nbsp;no es una forma, los antiguos griegos sab\u00edan que lo bello no soporta el ruido. Hoy todos somos piedras y guardamos el sentido exacto de la ausencia. (\u00bfQui\u00e9n dijo que volver era caminar hacia atr\u00e1s?) Ad\u00e1n era ella y era \u00e9l, era el \u00e1nima andando antes de dividirse. Hoy un viento me empuja y una gota rueda hasta secarse.<\/strong><\/h5>\n\n\n\n<p>Este alma es arcaica, vino al mundo para despertar memorias. Canta lenguas anteriores a la herida, reconoce la vibraci\u00f3n de la sal y de los sue\u00f1os. No compite con otros profetas, otros dioses estuvieron aqu\u00ed antes que ella, &#8211; tambi\u00e9n Jes\u00fas en su andar cargaba el peso de una cadena de revelaciones. Toda teofan\u00eda arrastra la sombra de las anteriores. Hablar de lo bello es traicionarlo un poco.<\/p>\n\n\n\n<p>Este cuerpo es solo umbral. Lo que soy no empieza en el parto, se pulsa desde un centro sagrado. Hay en m\u00ed un templo silencioso que no ha sido tocado por la historia. Recuerda: el amor verdadero \u2013 por ti, por otros, por la vida, \u2013 no duele, no confunde, no se esconde. S\u00ed, otros dioses estuvieron aqu\u00ed antes y despu\u00e9s vendr\u00e1n otros sin que la esencia cambie, lo que cambia es el lenguaje. Pero el s\u00edmbolo no envejece, regresa. Como yo. Como t\u00fa, si recuerdas.<\/p>\n\n\n\n<p>Hay voces que solo existen cuando algo se retira.&nbsp;<\/p>\n\n\n\n<p><strong>Sof\u00eda Bernardo M\u00e9ndez<\/strong> (Miranda de Ebro, 2000) es investigadora predoctoral en la Universidad de Salamanca, donde se gradu\u00f3 en Filolog\u00eda Hisp\u00e1nica con menci\u00f3n especial ELAN en el Trinity College de Dubl\u00edn. Estudi\u00f3 el M\u00e1ster de Estudios Avanzados en Literatura Espa\u00f1ola e Hispanoamericana en la Universitat de Barcelona. Actualmente es la organizadora principal de Voces Eclipsadas y miembro del Grupo de investigaci\u00f3n Escritoras y personajes femeninos en la literatura (EPERFLIT). Sus l\u00edneas de investigaci\u00f3n se centran en las cuestiones de g\u00e9nero y en la poes\u00eda corporal y metaf\u00edsica.<\/p>\n\n\n\n<div style=\"height:51px\" aria-hidden=\"true\" class=\"wp-block-spacer\"><\/div>\n\n\n\n<h2 class=\"wp-block-heading\"><strong>Victoria \u00c1lvarez presenta <em>El esplendor en las sombras<\/em>. Ciertos secretos sobreviven incluso al fin del mundo.<\/strong><\/h2>\n\n\n\n<h3 class=\"wp-block-heading\"><strong>\ud83d\udcc5<\/strong><strong>\u200b Mi\u00e9rcoles 29 de abril | 19:00 h.<\/strong><\/h3>\n\n\n\n<h4 class=\"wp-block-heading\">\ud83d\udccc Librer\u00eda Santos Ochoa (Gran V\u00eda, 12, Salamanca)<\/h4>\n\n\n\n<p>Con la escritora Ana Roux.<\/p>\n\n\n<div class=\"wp-block-image\">\n<figure class=\"alignright size-large is-resized\"><a href=\"https:\/\/www.santosochoa.es\/libros\/alvarez-victoria_esplendor-en-las-sombras-el-dreaming-spires-4_9788426433268\" target=\"_blank\" rel=\" noreferrer noopener\"><img loading=\"lazy\" decoding=\"async\" width=\"674\" height=\"1024\" src=\"https:\/\/blogs.santosochoa.es\/salamanca\/wp-content\/uploads\/sites\/3\/2026\/03\/el-esplendor-en-las-sombras_Victoria-Alvarez-674x1024.jpg\" alt=\"\" class=\"wp-image-2074\" style=\"width:300px\" srcset=\"https:\/\/blogs.santosochoa.es\/salamanca\/wp-content\/uploads\/sites\/3\/2026\/03\/el-esplendor-en-las-sombras_Victoria-Alvarez-674x1024.jpg 674w, https:\/\/blogs.santosochoa.es\/salamanca\/wp-content\/uploads\/sites\/3\/2026\/03\/el-esplendor-en-las-sombras_Victoria-Alvarez-198x300.jpg 198w, https:\/\/blogs.santosochoa.es\/salamanca\/wp-content\/uploads\/sites\/3\/2026\/03\/el-esplendor-en-las-sombras_Victoria-Alvarez.jpg 700w\" sizes=\"auto, (max-width: 674px) 100vw, 674px\" \/><\/a><\/figure>\n<\/div>\n\n\n<p>La esperada nueva entrega de la gran serie de Victoria \u00c1lvarez que combina misterio, romance y efectos paranormales en la Inglaterra victoriana, y que ha cautivado ya a miles de lectores.<\/p>\n\n\n\n<h5 class=\"wp-block-heading\"><strong>En 1919, la Gran Guerra ha acabado, pero Inglaterra no es la misma. Diez a\u00f1os despu\u00e9s de su \u00faltima aventura, el equipo del Dreaming Spires vuelve a reunirse para inaugurar una nueva era del peri\u00f3dico. Mientras la nieve cae sobre un Oxford plagado de recuerdos, Oliver, Lionel, Theodora, August y Veronica descubren que ciertos secretos son capaces de sobrevivir incluso al fin del mundo y que, si quieren deshacerse de sus propios fantasmas, ha llegado el momento de compartirlos con los dem\u00e1s.<\/strong><\/h5>\n\n\n\n<p>De los cementerios de Edimburgo a las necr\u00f3polis milenarias de Egipto, de los castillos centroeuropeos a las selvas de la India, pasando por el vibrante Par\u00eds de la belle \u00e9poque, <em>El esplendor en las sombras<\/em> recopila cinco misterios paranormales que har\u00e1n enfrentarse a nuestros aventureros a sus temores m\u00e1s inconfesables.<\/p>\n\n\n\n<p>\u00abEntrar en una historia de Victoria \u00c1lvarez es la mejor manera que conozco de viajar en el tiempo. Con su estilo elegante y su trabajada ambientaci\u00f3n, siempre consigue trasladarnos a historias apasionantes\u00bb. Iria G. Parente.<\/p>\n\n\n\n<p><strong>Victoria \u00c1lvarez&nbsp;<\/strong>(Salamanca, 1985) es una escritora e historiadora del arte que trabaja como profesora en la Universidad de Salamanca y est\u00e1 especializada en literatura decimon\u00f3nica. Despu\u00e9s de publicar&nbsp;<em>Hojas de dedalera<\/em>&nbsp;(2011; Montena, 2024) y&nbsp;<em>Las Eternas<\/em>&nbsp;(2012), pas\u00f3 a formar parte del cat\u00e1logo de Lumen en 2014 con&nbsp;<em>Tu nombre despu\u00e9s de la lluvia<\/em>, la primera entrega de&nbsp;<em>Dreaming Spires<\/em>, una saga que ha entusiasmado a sus lectores. La serie continu\u00f3 con&nbsp;<em>Contra la fuerza del viento<\/em>&nbsp;(2015) y&nbsp;<em>El sabor de tus heridas<\/em>&nbsp;(2016). En 2017 public\u00f3 la trilog\u00eda&nbsp;<em>Helena Lennox<\/em>, y entre 2018 y 2019, tres novelas independientes:&nbsp;<em>Silverville<\/em>,&nbsp;<em>La Costa de Alabastro<\/em>&nbsp;y&nbsp;<em>La voz de Amunet<\/em>. En 2020 arranc\u00f3 con&nbsp;<em>La Conjura de Aramat<\/em>&nbsp;su primera saga fant\u00e1stica, y en 2021 inici\u00f3 una serie de sirenas ambientada en el siglo XIX. Ha recibido varios premios literarios, como el Torrente Ballester. Actualmente vive en Salamanca con su marido y su hija.<\/p>\n","protected":false},"excerpt":{"rendered":"<p>Sof\u00eda Bernardo presenta \u00abCalas o la tentaci\u00f3n de lo indecible\u00bb | Victoria \u00c1lvarez presenta \u00abEl esplendor en las sombras\u00bb<\/p>\n","protected":false},"author":1,"featured_media":2072,"comment_status":"closed","ping_status":"closed","sticky":false,"template":"","format":"standard","meta":{"footnotes":""},"categories":[9,14],"tags":[],"class_list":["post-2083","post","type-post","status-publish","format-standard","has-post-thumbnail","hentry","category-libros","category-libros-salamanca"],"yoast_head":"<!-- This site is optimized with the Yoast SEO plugin v27.2 - https:\/\/yoast.com\/product\/yoast-seo-wordpress\/ -->\n<title>Sof\u00eda Bernardo y Victoria \u00c1lvarez - Santos Ochoa Salamanca<\/title>\n<meta name=\"description\" content=\"Sof\u00eda Bernardo presenta &quot;Calas o la tentaci\u00f3n de lo indecible&quot; | Victoria \u00c1lvarez presenta &quot;El esplendor en las sombras&quot;\" \/>\n<meta name=\"robots\" content=\"index, follow, max-snippet:-1, max-image-preview:large, max-video-preview:-1\" \/>\n<link rel=\"canonical\" href=\"https:\/\/blogs.santosochoa.es\/salamanca\/sofia-bernardo-y-victoria-alvarez\/\" \/>\n<meta property=\"og:locale\" content=\"es_ES\" \/>\n<meta property=\"og:type\" content=\"article\" \/>\n<meta property=\"og:title\" content=\"Sof\u00eda Bernardo y Victoria \u00c1lvarez - Santos Ochoa Salamanca\" \/>\n<meta property=\"og:description\" content=\"Sof\u00eda Bernardo presenta &quot;Calas o la tentaci\u00f3n de lo indecible&quot; | Victoria \u00c1lvarez presenta &quot;El esplendor en las sombras&quot;\" \/>\n<meta property=\"og:url\" content=\"https:\/\/blogs.santosochoa.es\/salamanca\/sofia-bernardo-y-victoria-alvarez\/\" \/>\n<meta property=\"og:site_name\" content=\"Santos Ochoa Salamanca\" \/>\n<meta property=\"article:published_time\" content=\"2026-04-16T08:06:59+00:00\" \/>\n<meta property=\"article:modified_time\" content=\"2026-04-16T08:07:02+00:00\" \/>\n<meta property=\"og:image\" content=\"https:\/\/blogs.santosochoa.es\/salamanca\/wp-content\/uploads\/sites\/3\/2026\/03\/Calas-o-la-tentacion-de-lo-indecible_sofia-Bernardo.jpg\" \/>\n\t<meta property=\"og:image:width\" content=\"1200\" \/>\n\t<meta property=\"og:image:height\" content=\"1140\" \/>\n\t<meta property=\"og:image:type\" content=\"image\/jpeg\" \/>\n<meta name=\"author\" content=\"Santos Ochoa\" \/>\n<meta name=\"twitter:card\" content=\"summary_large_image\" \/>\n<meta name=\"twitter:label1\" content=\"Written by\" \/>\n\t<meta name=\"twitter:data1\" content=\"Santos Ochoa\" \/>\n\t<meta name=\"twitter:label2\" content=\"Est. reading time\" \/>\n\t<meta name=\"twitter:data2\" content=\"1 minuto\" \/>\n<script type=\"application\/ld+json\" class=\"yoast-schema-graph\">{\"@context\":\"https:\/\/schema.org\",\"@graph\":[{\"@type\":\"Article\",\"@id\":\"https:\/\/blogs.santosochoa.es\/salamanca\/sofia-bernardo-y-victoria-alvarez\/#article\",\"isPartOf\":{\"@id\":\"https:\/\/blogs.santosochoa.es\/salamanca\/sofia-bernardo-y-victoria-alvarez\/\"},\"author\":{\"name\":\"Santos Ochoa\",\"@id\":\"https:\/\/blogs.santosochoa.es\/salamanca\/#\/schema\/person\/3f5e2d61f93ad9cf365a301b5320babc\"},\"headline\":\"Sof\u00eda Bernardo y Victoria \u00c1lvarez\",\"datePublished\":\"2026-04-16T08:06:59+00:00\",\"dateModified\":\"2026-04-16T08:07:02+00:00\",\"mainEntityOfPage\":{\"@id\":\"https:\/\/blogs.santosochoa.es\/salamanca\/sofia-bernardo-y-victoria-alvarez\/\"},\"wordCount\":801,\"image\":{\"@id\":\"https:\/\/blogs.santosochoa.es\/salamanca\/sofia-bernardo-y-victoria-alvarez\/#primaryimage\"},\"thumbnailUrl\":\"https:\/\/blogs.santosochoa.es\/salamanca\/wp-content\/uploads\/sites\/3\/2026\/03\/Calas-o-la-tentacion-de-lo-indecible_sofia-Bernardo.jpg\",\"articleSection\":[\"libros\",\"libros salamanca\"],\"inLanguage\":\"es\"},{\"@type\":\"WebPage\",\"@id\":\"https:\/\/blogs.santosochoa.es\/salamanca\/sofia-bernardo-y-victoria-alvarez\/\",\"url\":\"https:\/\/blogs.santosochoa.es\/salamanca\/sofia-bernardo-y-victoria-alvarez\/\",\"name\":\"Sof\u00eda Bernardo y Victoria \u00c1lvarez - Santos Ochoa Salamanca\",\"isPartOf\":{\"@id\":\"https:\/\/blogs.santosochoa.es\/salamanca\/#website\"},\"primaryImageOfPage\":{\"@id\":\"https:\/\/blogs.santosochoa.es\/salamanca\/sofia-bernardo-y-victoria-alvarez\/#primaryimage\"},\"image\":{\"@id\":\"https:\/\/blogs.santosochoa.es\/salamanca\/sofia-bernardo-y-victoria-alvarez\/#primaryimage\"},\"thumbnailUrl\":\"https:\/\/blogs.santosochoa.es\/salamanca\/wp-content\/uploads\/sites\/3\/2026\/03\/Calas-o-la-tentacion-de-lo-indecible_sofia-Bernardo.jpg\",\"datePublished\":\"2026-04-16T08:06:59+00:00\",\"dateModified\":\"2026-04-16T08:07:02+00:00\",\"author\":{\"@id\":\"https:\/\/blogs.santosochoa.es\/salamanca\/#\/schema\/person\/3f5e2d61f93ad9cf365a301b5320babc\"},\"description\":\"Sof\u00eda Bernardo presenta \\\"Calas o la tentaci\u00f3n de lo indecible\\\" | Victoria \u00c1lvarez presenta \\\"El esplendor en las sombras\\\"\",\"breadcrumb\":{\"@id\":\"https:\/\/blogs.santosochoa.es\/salamanca\/sofia-bernardo-y-victoria-alvarez\/#breadcrumb\"},\"inLanguage\":\"es\",\"potentialAction\":[{\"@type\":\"ReadAction\",\"target\":[\"https:\/\/blogs.santosochoa.es\/salamanca\/sofia-bernardo-y-victoria-alvarez\/\"]}]},{\"@type\":\"ImageObject\",\"inLanguage\":\"es\",\"@id\":\"https:\/\/blogs.santosochoa.es\/salamanca\/sofia-bernardo-y-victoria-alvarez\/#primaryimage\",\"url\":\"https:\/\/blogs.santosochoa.es\/salamanca\/wp-content\/uploads\/sites\/3\/2026\/03\/Calas-o-la-tentacion-de-lo-indecible_sofia-Bernardo.jpg\",\"contentUrl\":\"https:\/\/blogs.santosochoa.es\/salamanca\/wp-content\/uploads\/sites\/3\/2026\/03\/Calas-o-la-tentacion-de-lo-indecible_sofia-Bernardo.jpg\",\"width\":1200,\"height\":1140},{\"@type\":\"BreadcrumbList\",\"@id\":\"https:\/\/blogs.santosochoa.es\/salamanca\/sofia-bernardo-y-victoria-alvarez\/#breadcrumb\",\"itemListElement\":[{\"@type\":\"ListItem\",\"position\":1,\"name\":\"Home\",\"item\":\"https:\/\/blogs.santosochoa.es\/salamanca\/\"},{\"@type\":\"ListItem\",\"position\":2,\"name\":\"Sof\u00eda Bernardo y Victoria \u00c1lvarez\"}]},{\"@type\":\"WebSite\",\"@id\":\"https:\/\/blogs.santosochoa.es\/salamanca\/#website\",\"url\":\"https:\/\/blogs.santosochoa.es\/salamanca\/\",\"name\":\"Santos Ochoa Salamanca\",\"description\":\"Tu Librer\u00eda Online\",\"potentialAction\":[{\"@type\":\"SearchAction\",\"target\":{\"@type\":\"EntryPoint\",\"urlTemplate\":\"https:\/\/blogs.santosochoa.es\/salamanca\/?s={search_term_string}\"},\"query-input\":{\"@type\":\"PropertyValueSpecification\",\"valueRequired\":true,\"valueName\":\"search_term_string\"}}],\"inLanguage\":\"es\"},{\"@type\":\"Person\",\"@id\":\"https:\/\/blogs.santosochoa.es\/salamanca\/#\/schema\/person\/3f5e2d61f93ad9cf365a301b5320babc\",\"name\":\"Santos Ochoa\"}]}<\/script>\n<!-- \/ Yoast SEO plugin. -->","yoast_head_json":{"title":"Sof\u00eda Bernardo y Victoria \u00c1lvarez - Santos Ochoa Salamanca","description":"Sof\u00eda Bernardo presenta \"Calas o la tentaci\u00f3n de lo indecible\" | Victoria \u00c1lvarez presenta \"El esplendor en las sombras\"","robots":{"index":"index","follow":"follow","max-snippet":"max-snippet:-1","max-image-preview":"max-image-preview:large","max-video-preview":"max-video-preview:-1"},"canonical":"https:\/\/blogs.santosochoa.es\/salamanca\/sofia-bernardo-y-victoria-alvarez\/","og_locale":"es_ES","og_type":"article","og_title":"Sof\u00eda Bernardo y Victoria \u00c1lvarez - Santos Ochoa Salamanca","og_description":"Sof\u00eda Bernardo presenta \"Calas o la tentaci\u00f3n de lo indecible\" | Victoria \u00c1lvarez presenta \"El esplendor en las sombras\"","og_url":"https:\/\/blogs.santosochoa.es\/salamanca\/sofia-bernardo-y-victoria-alvarez\/","og_site_name":"Santos Ochoa Salamanca","article_published_time":"2026-04-16T08:06:59+00:00","article_modified_time":"2026-04-16T08:07:02+00:00","og_image":[{"width":1200,"height":1140,"url":"https:\/\/blogs.santosochoa.es\/salamanca\/wp-content\/uploads\/sites\/3\/2026\/03\/Calas-o-la-tentacion-de-lo-indecible_sofia-Bernardo.jpg","type":"image\/jpeg"}],"author":"Santos Ochoa","twitter_card":"summary_large_image","twitter_misc":{"Written by":"Santos Ochoa","Est. reading time":"1 minuto"},"schema":{"@context":"https:\/\/schema.org","@graph":[{"@type":"Article","@id":"https:\/\/blogs.santosochoa.es\/salamanca\/sofia-bernardo-y-victoria-alvarez\/#article","isPartOf":{"@id":"https:\/\/blogs.santosochoa.es\/salamanca\/sofia-bernardo-y-victoria-alvarez\/"},"author":{"name":"Santos Ochoa","@id":"https:\/\/blogs.santosochoa.es\/salamanca\/#\/schema\/person\/3f5e2d61f93ad9cf365a301b5320babc"},"headline":"Sof\u00eda Bernardo y Victoria \u00c1lvarez","datePublished":"2026-04-16T08:06:59+00:00","dateModified":"2026-04-16T08:07:02+00:00","mainEntityOfPage":{"@id":"https:\/\/blogs.santosochoa.es\/salamanca\/sofia-bernardo-y-victoria-alvarez\/"},"wordCount":801,"image":{"@id":"https:\/\/blogs.santosochoa.es\/salamanca\/sofia-bernardo-y-victoria-alvarez\/#primaryimage"},"thumbnailUrl":"https:\/\/blogs.santosochoa.es\/salamanca\/wp-content\/uploads\/sites\/3\/2026\/03\/Calas-o-la-tentacion-de-lo-indecible_sofia-Bernardo.jpg","articleSection":["libros","libros salamanca"],"inLanguage":"es"},{"@type":"WebPage","@id":"https:\/\/blogs.santosochoa.es\/salamanca\/sofia-bernardo-y-victoria-alvarez\/","url":"https:\/\/blogs.santosochoa.es\/salamanca\/sofia-bernardo-y-victoria-alvarez\/","name":"Sof\u00eda Bernardo y Victoria \u00c1lvarez - Santos Ochoa Salamanca","isPartOf":{"@id":"https:\/\/blogs.santosochoa.es\/salamanca\/#website"},"primaryImageOfPage":{"@id":"https:\/\/blogs.santosochoa.es\/salamanca\/sofia-bernardo-y-victoria-alvarez\/#primaryimage"},"image":{"@id":"https:\/\/blogs.santosochoa.es\/salamanca\/sofia-bernardo-y-victoria-alvarez\/#primaryimage"},"thumbnailUrl":"https:\/\/blogs.santosochoa.es\/salamanca\/wp-content\/uploads\/sites\/3\/2026\/03\/Calas-o-la-tentacion-de-lo-indecible_sofia-Bernardo.jpg","datePublished":"2026-04-16T08:06:59+00:00","dateModified":"2026-04-16T08:07:02+00:00","author":{"@id":"https:\/\/blogs.santosochoa.es\/salamanca\/#\/schema\/person\/3f5e2d61f93ad9cf365a301b5320babc"},"description":"Sof\u00eda Bernardo presenta \"Calas o la tentaci\u00f3n de lo indecible\" | Victoria \u00c1lvarez presenta \"El esplendor en las sombras\"","breadcrumb":{"@id":"https:\/\/blogs.santosochoa.es\/salamanca\/sofia-bernardo-y-victoria-alvarez\/#breadcrumb"},"inLanguage":"es","potentialAction":[{"@type":"ReadAction","target":["https:\/\/blogs.santosochoa.es\/salamanca\/sofia-bernardo-y-victoria-alvarez\/"]}]},{"@type":"ImageObject","inLanguage":"es","@id":"https:\/\/blogs.santosochoa.es\/salamanca\/sofia-bernardo-y-victoria-alvarez\/#primaryimage","url":"https:\/\/blogs.santosochoa.es\/salamanca\/wp-content\/uploads\/sites\/3\/2026\/03\/Calas-o-la-tentacion-de-lo-indecible_sofia-Bernardo.jpg","contentUrl":"https:\/\/blogs.santosochoa.es\/salamanca\/wp-content\/uploads\/sites\/3\/2026\/03\/Calas-o-la-tentacion-de-lo-indecible_sofia-Bernardo.jpg","width":1200,"height":1140},{"@type":"BreadcrumbList","@id":"https:\/\/blogs.santosochoa.es\/salamanca\/sofia-bernardo-y-victoria-alvarez\/#breadcrumb","itemListElement":[{"@type":"ListItem","position":1,"name":"Home","item":"https:\/\/blogs.santosochoa.es\/salamanca\/"},{"@type":"ListItem","position":2,"name":"Sof\u00eda Bernardo y Victoria \u00c1lvarez"}]},{"@type":"WebSite","@id":"https:\/\/blogs.santosochoa.es\/salamanca\/#website","url":"https:\/\/blogs.santosochoa.es\/salamanca\/","name":"Santos Ochoa Salamanca","description":"Tu Librer\u00eda Online","potentialAction":[{"@type":"SearchAction","target":{"@type":"EntryPoint","urlTemplate":"https:\/\/blogs.santosochoa.es\/salamanca\/?s={search_term_string}"},"query-input":{"@type":"PropertyValueSpecification","valueRequired":true,"valueName":"search_term_string"}}],"inLanguage":"es"},{"@type":"Person","@id":"https:\/\/blogs.santosochoa.es\/salamanca\/#\/schema\/person\/3f5e2d61f93ad9cf365a301b5320babc","name":"Santos Ochoa"}]}},"_links":{"self":[{"href":"https:\/\/blogs.santosochoa.es\/salamanca\/wp-json\/wp\/v2\/posts\/2083","targetHints":{"allow":["GET"]}}],"collection":[{"href":"https:\/\/blogs.santosochoa.es\/salamanca\/wp-json\/wp\/v2\/posts"}],"about":[{"href":"https:\/\/blogs.santosochoa.es\/salamanca\/wp-json\/wp\/v2\/types\/post"}],"author":[{"embeddable":true,"href":"https:\/\/blogs.santosochoa.es\/salamanca\/wp-json\/wp\/v2\/users\/1"}],"replies":[{"embeddable":true,"href":"https:\/\/blogs.santosochoa.es\/salamanca\/wp-json\/wp\/v2\/comments?post=2083"}],"version-history":[{"count":2,"href":"https:\/\/blogs.santosochoa.es\/salamanca\/wp-json\/wp\/v2\/posts\/2083\/revisions"}],"predecessor-version":[{"id":2085,"href":"https:\/\/blogs.santosochoa.es\/salamanca\/wp-json\/wp\/v2\/posts\/2083\/revisions\/2085"}],"wp:featuredmedia":[{"embeddable":true,"href":"https:\/\/blogs.santosochoa.es\/salamanca\/wp-json\/wp\/v2\/media\/2072"}],"wp:attachment":[{"href":"https:\/\/blogs.santosochoa.es\/salamanca\/wp-json\/wp\/v2\/media?parent=2083"}],"wp:term":[{"taxonomy":"category","embeddable":true,"href":"https:\/\/blogs.santosochoa.es\/salamanca\/wp-json\/wp\/v2\/categories?post=2083"},{"taxonomy":"post_tag","embeddable":true,"href":"https:\/\/blogs.santosochoa.es\/salamanca\/wp-json\/wp\/v2\/tags?post=2083"}],"curies":[{"name":"wp","href":"https:\/\/api.w.org\/{rel}","templated":true}]}}