{"id":2075,"date":"2026-04-07T16:38:25","date_gmt":"2026-04-07T14:38:25","guid":{"rendered":"https:\/\/blogs.santosochoa.es\/salamanca\/?p=2075"},"modified":"2026-04-07T16:38:27","modified_gmt":"2026-04-07T14:38:27","slug":"versos-contra-las-cuerdas-adela-munoz-paez-y-adolfo-gomez-tome","status":"publish","type":"post","link":"https:\/\/blogs.santosochoa.es\/salamanca\/versos-contra-las-cuerdas-adela-munoz-paez-y-adolfo-gomez-tome\/","title":{"rendered":"Versos Contra las Cuerdas, Adela Mu\u00f1oz P\u00e1ez y Adolfo G\u00f3mez Tom\u00e9"},"content":{"rendered":"\n<h2 class=\"wp-block-heading\"><strong><em>Versos Contra las Cuerdas VII<\/em>. Charla, recital po\u00e9tico y micr\u00f3fono abierto.<\/strong><\/h2>\n\n\n\n<h3 class=\"wp-block-heading\"><strong>\ud83d\udcc5<\/strong><strong>\u200b Jueves 16 de abril | 19:00 h.<\/strong><\/h3>\n\n\n\n<h4 class=\"wp-block-heading\">\ud83d\udccc Librer\u00eda Santos Ochoa (Gran V\u00eda, 12, Salamanca)<\/h4>\n\n\n<div class=\"wp-block-image\">\n<figure class=\"alignright size-large is-resized\"><img loading=\"lazy\" decoding=\"async\" width=\"819\" height=\"1024\" src=\"https:\/\/blogs.santosochoa.es\/salamanca\/wp-content\/uploads\/sites\/3\/2026\/03\/Carteles-Agenda-SAL_202604_4-819x1024.jpg\" alt=\"\" class=\"wp-image-2066\" style=\"width:300px\" srcset=\"https:\/\/blogs.santosochoa.es\/salamanca\/wp-content\/uploads\/sites\/3\/2026\/03\/Carteles-Agenda-SAL_202604_4-819x1024.jpg 819w, https:\/\/blogs.santosochoa.es\/salamanca\/wp-content\/uploads\/sites\/3\/2026\/03\/Carteles-Agenda-SAL_202604_4-240x300.jpg 240w, https:\/\/blogs.santosochoa.es\/salamanca\/wp-content\/uploads\/sites\/3\/2026\/03\/Carteles-Agenda-SAL_202604_4-768x960.jpg 768w, https:\/\/blogs.santosochoa.es\/salamanca\/wp-content\/uploads\/sites\/3\/2026\/03\/Carteles-Agenda-SAL_202604_4.jpg 1080w\" sizes=\"auto, (max-width: 819px) 100vw, 819px\" \/><\/figure>\n<\/div>\n\n\n<h5 class=\"wp-block-heading\"><strong>En esta charla recital, los poetas Daniela Fuentes Aja, Julia Esther Garc\u00eda Manzano, Antonio G\u00f3mez Bueno, Andr\u00e9s A. Garc\u00eda Manzano y Samuel S\u00e1nchez Guti\u00e9rrez, junto al escritor y profesor Francisco Javier Mart\u00edn Prieto conversar\u00e1n acerca del papel de los poetas, como creadores de belleza y agentes de conciencia.<\/strong><\/h5>\n\n\n\n<p><em>Al final del recital habr\u00e1 una ronda de micr\u00f3fono abierto. Si te apetece participar con una breve lectura (m\u00e1ximo dos minutos) trae tu poema y comp\u00e1rtelo, estamos deseando escucharte.<\/em><\/p>\n\n\n\n<p><strong>Daniela Carolina Fuentes Aja<\/strong> (Caracas, 24 de febrero de 1997). Licenciada por la Universidad Central de Venezuela, donde fue profesora. Es m\u00e1ster en Escritura Creativa y en Literatura Espa\u00f1ola e Hispanoamericana, Teor\u00eda de la Literatura y Literatura Comparada. Diplomada en Narrativas Contempor\u00e1neas, adem\u00e1s de numerosos cursos en Literatura Autobiogr\u00e1fica, dramaturgia, guion, direcci\u00f3n y actuaci\u00f3n. Ha publicado sus poemas en diversas antolog\u00edas.<\/p>\n\n\n\n<p><strong>Julia Esther Garc\u00eda Manzano<\/strong>. Es licenciada en Filolog\u00eda Hisp\u00e1nica, graduada en Ciencias e Historia de la M\u00fasica y doctora en Geograf\u00eda e Historia, con especialidad en Historia del Arte. Posee, asimismo, el t\u00edtulo de Profesora Superior de Solfeo, Teor\u00eda de la M\u00fasica, Transporte y Acompa\u00f1amiento, as\u00ed como el de Profesora de Piano. Tras concluir su etapa docente, ha retomado su antigua vocaci\u00f3n literaria y&nbsp;<em>Polifon\u00edas<\/em>&nbsp;es su primer libro de poes\u00eda.<\/p>\n\n\n\n<p><strong>Antonio G\u00f3mez Bueno<\/strong>; poeta, nace en Macotera, Salamanca. Estudi\u00f3 Filolog\u00eda Hisp\u00e1nica en la USAL. Public\u00f3 en 1980 su primer libro, <em>Reverberaciones<\/em>, y desde entonces ha mantenido una trayectoria fiel a la palabra y su poder evocador. Miembro del Ateneo de Salamanca, colabor\u00f3 en la revista <em>Papeles del Martes<\/em>. Es creador de la iniciativa <em>Pinceles y Palabras<\/em>. Ha participado en numerosos recitales y cert\u00e1menes po\u00e9ticos, y forma parte del grupo Cinco Patas para un Banco, que fusiona folclore, pintura, piano, poes\u00eda y filosof\u00eda.<\/p>\n\n\n\n<p><strong>Andr\u00e9s A. Garc\u00eda Manzano<\/strong> es profesor honor\u00edfico jubilado y fue catedr\u00e1tico de Filosof\u00eda en el IES Mart\u00ednez Uribarri de Salamanca. Es doctor en Filosof\u00eda y autor del libro <em>Filosof\u00eda natural de las cosmolog\u00edas relativistas<\/em>. Tambi\u00e9n es doctor en Pedagog\u00eda y experto en nuevas tecnolog\u00edas y finanzas cuantitativas. Coordina un grupo de escritura creativa, un caf\u00e9 filos\u00f3fico y participa en otras actividades culturales. La obra <em>Una isla sin dedos<\/em> es una selecci\u00f3n de poemas escritos entre 2023 y 2025.<\/p>\n\n\n\n<p><strong>Samuel S\u00e1nchez Guti\u00e9rrez<\/strong>. Edad y origen: C\u00e1ceres, C\u00e1ceres, 1999. Filiaci\u00f3n: nadie en plural. Estado: consigo mismo. Profesi\u00f3n: la que toque. Obras publicadas: el poema <em>\u00daltimo canto de Safo<\/em> en el II Certamen Literario LGTBI de FLGTB y el libro <em>Di\u00e1logos de lo mundano y lo sublime<\/em>. Educaci\u00f3n: siempre por debajo de la \u00fatil. Ideolog\u00eda pol\u00edtica: la de abajo. Posici\u00f3n religiosa: ninguna. Posici\u00f3n inici\u00e1tica: poeta. Posici\u00f3n patri\u00f3tica: m\u00edo. Posici\u00f3n social: tuyo.<\/p>\n\n\n\n<div style=\"height:50px\" aria-hidden=\"true\" class=\"wp-block-spacer\"><\/div>\n\n\n\n<h2 class=\"wp-block-heading\"><strong><em>Menopausia, ciencia y salud<\/em>. Charla y libro con Adela Mu\u00f1oz P\u00e1ez.<\/strong><\/h2>\n\n\n\n<h3 class=\"wp-block-heading\"><strong>\ud83d\udcc5<\/strong><strong>\u200b Viernes 17 de abril | 19:00 h.<\/strong><\/h3>\n\n\n\n<h4 class=\"wp-block-heading\">\ud83d\udccc Librer\u00eda Santos Ochoa (Gran V\u00eda, 12, Salamanca)<\/h4>\n\n\n\n<p>Con <strong>Alejandra Mart\u00edn Casado<\/strong>, vicedecana del Colegio de Periodistas de Castilla y Le\u00f3n.<\/p>\n\n\n\n<p>Organiza la <strong>Asociaci\u00f3n de Mujeres Investigadoras y Tecn\u00f3logas<\/strong> (AMIT).<\/p>\n\n\n<div class=\"wp-block-image\">\n<figure class=\"alignleft size-large is-resized\"><img loading=\"lazy\" decoding=\"async\" width=\"663\" height=\"1024\" src=\"https:\/\/blogs.santosochoa.es\/salamanca\/wp-content\/uploads\/sites\/3\/2026\/03\/postmenopausia_Adela-Munoz-Paez-663x1024.jpg\" alt=\"\" class=\"wp-image-2068\" style=\"width:300px\" srcset=\"https:\/\/blogs.santosochoa.es\/salamanca\/wp-content\/uploads\/sites\/3\/2026\/03\/postmenopausia_Adela-Munoz-Paez-663x1024.jpg 663w, https:\/\/blogs.santosochoa.es\/salamanca\/wp-content\/uploads\/sites\/3\/2026\/03\/postmenopausia_Adela-Munoz-Paez-194x300.jpg 194w, https:\/\/blogs.santosochoa.es\/salamanca\/wp-content\/uploads\/sites\/3\/2026\/03\/postmenopausia_Adela-Munoz-Paez.jpg 700w\" sizes=\"auto, (max-width: 663px) 100vw, 663px\" \/><\/figure>\n<\/div>\n\n\n<h5 class=\"wp-block-heading\"><strong>M\u00e1s de mil millones de mujeres en todo el mundo est\u00e1n atravesando la menopausia o la postmenopausia, una etapa que ocupa m\u00e1s de un tercio de sus vidas. Sin embargo, este periodo vital sigue siendo un gran desconocido, poco estudiado y que acusa una grave carencia de informaci\u00f3n rigurosa accesible para la sociedad, as\u00ed como una escasa presencia en el debate p\u00fablico.<\/strong><\/h5>\n\n\n\n<p>La postmenopausia, sobre todo, es una etapa que, sin reglas ni hijos que criar, podr\u00eda vivirse con plenitud, pero a menudo se ve ensombrecida por las consecuencias menos visibles de los cambios hormonales. A todo ello se suma la presi\u00f3n constante de una industria de consumo dispuesta a ofrecer soluciones milagrosas.<\/p>\n\n\n\n<p>En <em>Postmenopausia<\/em>, la investigadora Adela Mu\u00f1oz P\u00e1ez se sirve de una documentaci\u00f3n extensa y actualizada en torno a las evidencias cient\u00edficas que existen sobre esta etapa para dar respuestas claras y reivindicar el lugar y la voz de quienes tambi\u00e9n quieren vivir la tercera parte de sus vidas como una edad estupenda.<\/p>\n\n\n\n<p><strong>Adela Mu\u00f1oz P\u00e1ez<\/strong>&nbsp;es catedr\u00e1tica de Qu\u00edmica Inorg\u00e1nica en la Universidad de Sevilla. Ha desempe\u00f1ado una gran parte de su trabajo de investigaci\u00f3n en fuentes de radiaci\u00f3n sincrotr\u00f3n de Reino Unido, Francia, Jap\u00f3n y Espa\u00f1a.<\/p>\n\n\n\n<p>Adem\u00e1s, ha impartido seminarios y conferencias sobre mujeres cient\u00edficas en m\u00faltiples centros universitarios y ha publicado art\u00edculos en varios medios. Desde marzo de 2016 realiza representaciones teatrales junto con otras profesoras en las que interpretan a cient\u00edficas del pasado. Todas estas actividades se recogen en la p\u00e1gina web&nbsp;<em>Hipatia<\/em>&nbsp;que cre\u00f3 y mantiene desde 2008. En 2015 le fue concedido el Premio Meridiana del Instituto Andaluz de la Mujer de la Junta de Andaluc\u00eda, y en 2021 le otorgaron la Medalla de Oro de la ciudad de Sevilla, ambos galardones por su trayectoria profesional y personal.<\/p>\n\n\n\n<p>Es autora de los ensayos cortos&nbsp;<em>La buena muerte<\/em>&nbsp;(EnDebate, 2012),&nbsp;<em>Sabias en la Segunda Rep\u00fablica&nbsp;<\/em>(Flash, 2018) y&nbsp;<em>Pura qu\u00edmica&nbsp;<\/em>(Flash, 2021), y de los libros&nbsp;<em>Historia del veneno&nbsp;<\/em>(2012),&nbsp;<em>Sabias&nbsp;<\/em>(2017) y&nbsp;<em>Marie Curie<\/em>&nbsp;(2020), todos ellos publicados en Debate.<\/p>\n\n\n\n<div style=\"height:50px\" aria-hidden=\"true\" class=\"wp-block-spacer\"><\/div>\n\n\n\n<h2 class=\"wp-block-heading\"><strong>Adolfo G\u00f3mez Tom\u00e9 presenta <em>Campo de jaramagos<\/em>. Recital con piano y tertulia po\u00e9tica.<\/strong><\/h2>\n\n\n\n<h3 class=\"wp-block-heading\"><strong>\ud83d\udcc5<\/strong><strong>\u200b S\u00e1bado 18 de abril | 12:00 h.<\/strong><\/h3>\n\n\n\n<h4 class=\"wp-block-heading\">\ud83d\udccc Librer\u00eda Santos Ochoa (Gran V\u00eda, 12, Salamanca)<\/h4>\n\n\n<div class=\"wp-block-image\">\n<figure class=\"alignright size-large is-resized\"><img loading=\"lazy\" decoding=\"async\" width=\"628\" height=\"1024\" src=\"https:\/\/blogs.santosochoa.es\/salamanca\/wp-content\/uploads\/sites\/3\/2026\/03\/campo-de-jaramagos_Adolfo-Gomez-Tome-628x1024.jpg\" alt=\"\" class=\"wp-image-2070\" style=\"width:300px\" srcset=\"https:\/\/blogs.santosochoa.es\/salamanca\/wp-content\/uploads\/sites\/3\/2026\/03\/campo-de-jaramagos_Adolfo-Gomez-Tome-628x1024.jpg 628w, https:\/\/blogs.santosochoa.es\/salamanca\/wp-content\/uploads\/sites\/3\/2026\/03\/campo-de-jaramagos_Adolfo-Gomez-Tome-184x300.jpg 184w, https:\/\/blogs.santosochoa.es\/salamanca\/wp-content\/uploads\/sites\/3\/2026\/03\/campo-de-jaramagos_Adolfo-Gomez-Tome.jpg 700w\" sizes=\"auto, (max-width: 628px) 100vw, 628px\" \/><\/figure>\n<\/div>\n\n\n<p>Tertulia po\u00e9tica y recital acompa\u00f1ado al piano por <strong>Ra\u00fal Salgueiro<\/strong> P\u00e9rez. Presenta: <strong>Marisa Mart\u00edn Luengo<\/strong>.<\/p>\n\n\n\n<h5 class=\"wp-block-heading\"><strong>Seg\u00fan el poeta Basilio S\u00e1nchez, en <em>Campo de jaramagos<\/em>, una lumbre encendida, un poco de achicoria y un c\u00e1ntaro de leche consiguen construir una po\u00e9tica sobre la memoria y sobre la a\u00f1oranza de un pasado rural, de una existencia anterior no disociada a\u00fan de la naturaleza y el paisaje en la que todav\u00eda nos era posible relacionarnos cordialmente con las cosas.<\/strong><\/h5>\n\n\n\n<p><strong>Adolfo G\u00f3mez Tom\u00e9 <\/strong>naci\u00f3 en Mirabel (C\u00e1ceres) en 1969. Licenciado en Filolog\u00eda Hisp\u00e1nica e Inglesa por la USAL, estudi\u00f3 dos a\u00f1os literatura en la Universidad escocesa de Saint Andrews. Es profesor, narrador, traductor y poeta. Su primera novela se public\u00f3 en 2001, <em>La Gallina Ciega<\/em> (Premio \u201cCasino de Lorca\u201d), seguida del libro de relatos <em>Naufragios<\/em> (2010) ilustrados por Lluvia Buijs y <em>Lecciones de zoolog\u00eda b\u00e1sica en mi jard\u00edn<\/em> (2022) con dibujos de Susana Santos. De Kathleen Raine ha traducido del ingl\u00e9s la antolog\u00eda <em>Poes\u00eda y Naturaleza<\/em> (2008) y (en colaboraci\u00f3n con Natalia Carbajosa) sus memorias <em>Adi\u00f3s, prados felices<\/em> (2013). Su primer libro de poes\u00eda, <em>Cuaderno de campo<\/em>, vio la luz en 2021.<\/p>\n\n\n\n<p><strong>Ra\u00fal Salgueiro P\u00e9rez<\/strong>, natural de Plasencia, inici\u00f3 sus estudios de piano a los 8 a\u00f1os en el Conservatorio Profesional de M\u00fasica Garc\u00eda Matos. Ha participado en diversos cert\u00e1menes, obteniendo premios como el del Concurso Intercentros Mel\u00f3mano en 2019, y ha ofrecido recitales en destacados escenarios de Extremadura. Actualmente compagina su formaci\u00f3n musical con la labor docente en la escuela musical Cantabile.<\/p>\n","protected":false},"excerpt":{"rendered":"<p>Versos Contra las Cuerdas VII. Charla, recital po\u00e9tico y micr\u00f3fono abierto. \ud83d\udcc5\u200b Jueves 16 de abril | 19:00 h. \ud83d\udccc Librer\u00eda Santos Ochoa (Gran V\u00eda, 12, Salamanca) En esta charla recital, los poetas Daniela Fuentes Aja, Julia Esther Garc\u00eda Manzano, Antonio G\u00f3mez Bueno, Andr\u00e9s A. Garc\u00eda Manzano y Samuel S\u00e1nchez Guti\u00e9rrez, junto al escritor y [&hellip;]<\/p>\n","protected":false},"author":1,"featured_media":2066,"comment_status":"closed","ping_status":"closed","sticky":false,"template":"","format":"standard","meta":{"footnotes":""},"categories":[11,9,15],"tags":[],"class_list":["post-2075","post","type-post","status-publish","format-standard","has-post-thumbnail","hentry","category-charlas","category-libros","category-poesia"],"yoast_head":"<!-- This site is optimized with the Yoast SEO plugin v27.2 - https:\/\/yoast.com\/product\/yoast-seo-wordpress\/ -->\n<title>Versos Contra las Cuerdas, Adela Mu\u00f1oz P\u00e1ez y Adolfo G\u00f3mez Tom\u00e9 - Santos Ochoa Salamanca<\/title>\n<meta name=\"description\" content=\"Versos Contra las Cuerdas VII; &quot;Postmenopausia&quot;, con Adela Mu\u00f1oz P\u00e1ez; &quot;Campo de jaramagos&quot;, recital con Adolfo G\u00f3mez Tom\u00e9.\" \/>\n<meta name=\"robots\" content=\"index, follow, max-snippet:-1, max-image-preview:large, max-video-preview:-1\" \/>\n<link rel=\"canonical\" href=\"https:\/\/blogs.santosochoa.es\/salamanca\/versos-contra-las-cuerdas-adela-munoz-paez-y-adolfo-gomez-tome\/\" \/>\n<meta property=\"og:locale\" content=\"es_ES\" \/>\n<meta property=\"og:type\" content=\"article\" \/>\n<meta property=\"og:title\" content=\"Versos Contra las Cuerdas, Adela Mu\u00f1oz P\u00e1ez y Adolfo G\u00f3mez Tom\u00e9 - Santos Ochoa Salamanca\" \/>\n<meta property=\"og:description\" content=\"Versos Contra las Cuerdas VII; &quot;Postmenopausia&quot;, con Adela Mu\u00f1oz P\u00e1ez; &quot;Campo de jaramagos&quot;, recital con Adolfo G\u00f3mez Tom\u00e9.\" \/>\n<meta property=\"og:url\" content=\"https:\/\/blogs.santosochoa.es\/salamanca\/versos-contra-las-cuerdas-adela-munoz-paez-y-adolfo-gomez-tome\/\" \/>\n<meta property=\"og:site_name\" content=\"Santos Ochoa Salamanca\" \/>\n<meta property=\"article:published_time\" content=\"2026-04-07T14:38:25+00:00\" \/>\n<meta property=\"article:modified_time\" content=\"2026-04-07T14:38:27+00:00\" \/>\n<meta property=\"og:image\" content=\"https:\/\/blogs.santosochoa.es\/salamanca\/wp-content\/uploads\/sites\/3\/2026\/03\/Carteles-Agenda-SAL_202604_4.jpg\" \/>\n\t<meta property=\"og:image:width\" content=\"1080\" \/>\n\t<meta property=\"og:image:height\" content=\"1350\" \/>\n\t<meta property=\"og:image:type\" content=\"image\/jpeg\" \/>\n<meta name=\"author\" content=\"Santos Ochoa\" \/>\n<meta name=\"twitter:card\" content=\"summary_large_image\" \/>\n<meta name=\"twitter:label1\" content=\"Written by\" \/>\n\t<meta name=\"twitter:data1\" content=\"Santos Ochoa\" \/>\n\t<meta name=\"twitter:label2\" content=\"Est. reading time\" \/>\n\t<meta name=\"twitter:data2\" content=\"1 minuto\" \/>\n<script type=\"application\/ld+json\" class=\"yoast-schema-graph\">{\"@context\":\"https:\/\/schema.org\",\"@graph\":[{\"@type\":\"Article\",\"@id\":\"https:\/\/blogs.santosochoa.es\/salamanca\/versos-contra-las-cuerdas-adela-munoz-paez-y-adolfo-gomez-tome\/#article\",\"isPartOf\":{\"@id\":\"https:\/\/blogs.santosochoa.es\/salamanca\/versos-contra-las-cuerdas-adela-munoz-paez-y-adolfo-gomez-tome\/\"},\"author\":{\"name\":\"Santos Ochoa\",\"@id\":\"https:\/\/blogs.santosochoa.es\/salamanca\/#\/schema\/person\/3f5e2d61f93ad9cf365a301b5320babc\"},\"headline\":\"Versos Contra las Cuerdas, Adela Mu\u00f1oz P\u00e1ez y Adolfo G\u00f3mez Tom\u00e9\",\"datePublished\":\"2026-04-07T14:38:25+00:00\",\"dateModified\":\"2026-04-07T14:38:27+00:00\",\"mainEntityOfPage\":{\"@id\":\"https:\/\/blogs.santosochoa.es\/salamanca\/versos-contra-las-cuerdas-adela-munoz-paez-y-adolfo-gomez-tome\/\"},\"wordCount\":1272,\"image\":{\"@id\":\"https:\/\/blogs.santosochoa.es\/salamanca\/versos-contra-las-cuerdas-adela-munoz-paez-y-adolfo-gomez-tome\/#primaryimage\"},\"thumbnailUrl\":\"https:\/\/blogs.santosochoa.es\/salamanca\/wp-content\/uploads\/sites\/3\/2026\/03\/Carteles-Agenda-SAL_202604_4.jpg\",\"articleSection\":[\"charlas\",\"libros\",\"poes\u00eda\"],\"inLanguage\":\"es\"},{\"@type\":\"WebPage\",\"@id\":\"https:\/\/blogs.santosochoa.es\/salamanca\/versos-contra-las-cuerdas-adela-munoz-paez-y-adolfo-gomez-tome\/\",\"url\":\"https:\/\/blogs.santosochoa.es\/salamanca\/versos-contra-las-cuerdas-adela-munoz-paez-y-adolfo-gomez-tome\/\",\"name\":\"Versos Contra las Cuerdas, Adela Mu\u00f1oz P\u00e1ez y Adolfo G\u00f3mez Tom\u00e9 - Santos Ochoa Salamanca\",\"isPartOf\":{\"@id\":\"https:\/\/blogs.santosochoa.es\/salamanca\/#website\"},\"primaryImageOfPage\":{\"@id\":\"https:\/\/blogs.santosochoa.es\/salamanca\/versos-contra-las-cuerdas-adela-munoz-paez-y-adolfo-gomez-tome\/#primaryimage\"},\"image\":{\"@id\":\"https:\/\/blogs.santosochoa.es\/salamanca\/versos-contra-las-cuerdas-adela-munoz-paez-y-adolfo-gomez-tome\/#primaryimage\"},\"thumbnailUrl\":\"https:\/\/blogs.santosochoa.es\/salamanca\/wp-content\/uploads\/sites\/3\/2026\/03\/Carteles-Agenda-SAL_202604_4.jpg\",\"datePublished\":\"2026-04-07T14:38:25+00:00\",\"dateModified\":\"2026-04-07T14:38:27+00:00\",\"author\":{\"@id\":\"https:\/\/blogs.santosochoa.es\/salamanca\/#\/schema\/person\/3f5e2d61f93ad9cf365a301b5320babc\"},\"description\":\"Versos Contra las Cuerdas VII; \\\"Postmenopausia\\\", con Adela Mu\u00f1oz P\u00e1ez; \\\"Campo de jaramagos\\\", recital con Adolfo G\u00f3mez Tom\u00e9.\",\"breadcrumb\":{\"@id\":\"https:\/\/blogs.santosochoa.es\/salamanca\/versos-contra-las-cuerdas-adela-munoz-paez-y-adolfo-gomez-tome\/#breadcrumb\"},\"inLanguage\":\"es\",\"potentialAction\":[{\"@type\":\"ReadAction\",\"target\":[\"https:\/\/blogs.santosochoa.es\/salamanca\/versos-contra-las-cuerdas-adela-munoz-paez-y-adolfo-gomez-tome\/\"]}]},{\"@type\":\"ImageObject\",\"inLanguage\":\"es\",\"@id\":\"https:\/\/blogs.santosochoa.es\/salamanca\/versos-contra-las-cuerdas-adela-munoz-paez-y-adolfo-gomez-tome\/#primaryimage\",\"url\":\"https:\/\/blogs.santosochoa.es\/salamanca\/wp-content\/uploads\/sites\/3\/2026\/03\/Carteles-Agenda-SAL_202604_4.jpg\",\"contentUrl\":\"https:\/\/blogs.santosochoa.es\/salamanca\/wp-content\/uploads\/sites\/3\/2026\/03\/Carteles-Agenda-SAL_202604_4.jpg\",\"width\":1080,\"height\":1350},{\"@type\":\"BreadcrumbList\",\"@id\":\"https:\/\/blogs.santosochoa.es\/salamanca\/versos-contra-las-cuerdas-adela-munoz-paez-y-adolfo-gomez-tome\/#breadcrumb\",\"itemListElement\":[{\"@type\":\"ListItem\",\"position\":1,\"name\":\"Home\",\"item\":\"https:\/\/blogs.santosochoa.es\/salamanca\/\"},{\"@type\":\"ListItem\",\"position\":2,\"name\":\"Versos Contra las Cuerdas, Adela Mu\u00f1oz P\u00e1ez y Adolfo G\u00f3mez Tom\u00e9\"}]},{\"@type\":\"WebSite\",\"@id\":\"https:\/\/blogs.santosochoa.es\/salamanca\/#website\",\"url\":\"https:\/\/blogs.santosochoa.es\/salamanca\/\",\"name\":\"Santos Ochoa Salamanca\",\"description\":\"Tu Librer\u00eda Online\",\"potentialAction\":[{\"@type\":\"SearchAction\",\"target\":{\"@type\":\"EntryPoint\",\"urlTemplate\":\"https:\/\/blogs.santosochoa.es\/salamanca\/?s={search_term_string}\"},\"query-input\":{\"@type\":\"PropertyValueSpecification\",\"valueRequired\":true,\"valueName\":\"search_term_string\"}}],\"inLanguage\":\"es\"},{\"@type\":\"Person\",\"@id\":\"https:\/\/blogs.santosochoa.es\/salamanca\/#\/schema\/person\/3f5e2d61f93ad9cf365a301b5320babc\",\"name\":\"Santos Ochoa\"}]}<\/script>\n<!-- \/ Yoast SEO plugin. -->","yoast_head_json":{"title":"Versos Contra las Cuerdas, Adela Mu\u00f1oz P\u00e1ez y Adolfo G\u00f3mez Tom\u00e9 - Santos Ochoa Salamanca","description":"Versos Contra las Cuerdas VII; \"Postmenopausia\", con Adela Mu\u00f1oz P\u00e1ez; \"Campo de jaramagos\", recital con Adolfo G\u00f3mez Tom\u00e9.","robots":{"index":"index","follow":"follow","max-snippet":"max-snippet:-1","max-image-preview":"max-image-preview:large","max-video-preview":"max-video-preview:-1"},"canonical":"https:\/\/blogs.santosochoa.es\/salamanca\/versos-contra-las-cuerdas-adela-munoz-paez-y-adolfo-gomez-tome\/","og_locale":"es_ES","og_type":"article","og_title":"Versos Contra las Cuerdas, Adela Mu\u00f1oz P\u00e1ez y Adolfo G\u00f3mez Tom\u00e9 - Santos Ochoa Salamanca","og_description":"Versos Contra las Cuerdas VII; \"Postmenopausia\", con Adela Mu\u00f1oz P\u00e1ez; \"Campo de jaramagos\", recital con Adolfo G\u00f3mez Tom\u00e9.","og_url":"https:\/\/blogs.santosochoa.es\/salamanca\/versos-contra-las-cuerdas-adela-munoz-paez-y-adolfo-gomez-tome\/","og_site_name":"Santos Ochoa Salamanca","article_published_time":"2026-04-07T14:38:25+00:00","article_modified_time":"2026-04-07T14:38:27+00:00","og_image":[{"width":1080,"height":1350,"url":"https:\/\/blogs.santosochoa.es\/salamanca\/wp-content\/uploads\/sites\/3\/2026\/03\/Carteles-Agenda-SAL_202604_4.jpg","type":"image\/jpeg"}],"author":"Santos Ochoa","twitter_card":"summary_large_image","twitter_misc":{"Written by":"Santos Ochoa","Est. reading time":"1 minuto"},"schema":{"@context":"https:\/\/schema.org","@graph":[{"@type":"Article","@id":"https:\/\/blogs.santosochoa.es\/salamanca\/versos-contra-las-cuerdas-adela-munoz-paez-y-adolfo-gomez-tome\/#article","isPartOf":{"@id":"https:\/\/blogs.santosochoa.es\/salamanca\/versos-contra-las-cuerdas-adela-munoz-paez-y-adolfo-gomez-tome\/"},"author":{"name":"Santos Ochoa","@id":"https:\/\/blogs.santosochoa.es\/salamanca\/#\/schema\/person\/3f5e2d61f93ad9cf365a301b5320babc"},"headline":"Versos Contra las Cuerdas, Adela Mu\u00f1oz P\u00e1ez y Adolfo G\u00f3mez Tom\u00e9","datePublished":"2026-04-07T14:38:25+00:00","dateModified":"2026-04-07T14:38:27+00:00","mainEntityOfPage":{"@id":"https:\/\/blogs.santosochoa.es\/salamanca\/versos-contra-las-cuerdas-adela-munoz-paez-y-adolfo-gomez-tome\/"},"wordCount":1272,"image":{"@id":"https:\/\/blogs.santosochoa.es\/salamanca\/versos-contra-las-cuerdas-adela-munoz-paez-y-adolfo-gomez-tome\/#primaryimage"},"thumbnailUrl":"https:\/\/blogs.santosochoa.es\/salamanca\/wp-content\/uploads\/sites\/3\/2026\/03\/Carteles-Agenda-SAL_202604_4.jpg","articleSection":["charlas","libros","poes\u00eda"],"inLanguage":"es"},{"@type":"WebPage","@id":"https:\/\/blogs.santosochoa.es\/salamanca\/versos-contra-las-cuerdas-adela-munoz-paez-y-adolfo-gomez-tome\/","url":"https:\/\/blogs.santosochoa.es\/salamanca\/versos-contra-las-cuerdas-adela-munoz-paez-y-adolfo-gomez-tome\/","name":"Versos Contra las Cuerdas, Adela Mu\u00f1oz P\u00e1ez y Adolfo G\u00f3mez Tom\u00e9 - Santos Ochoa Salamanca","isPartOf":{"@id":"https:\/\/blogs.santosochoa.es\/salamanca\/#website"},"primaryImageOfPage":{"@id":"https:\/\/blogs.santosochoa.es\/salamanca\/versos-contra-las-cuerdas-adela-munoz-paez-y-adolfo-gomez-tome\/#primaryimage"},"image":{"@id":"https:\/\/blogs.santosochoa.es\/salamanca\/versos-contra-las-cuerdas-adela-munoz-paez-y-adolfo-gomez-tome\/#primaryimage"},"thumbnailUrl":"https:\/\/blogs.santosochoa.es\/salamanca\/wp-content\/uploads\/sites\/3\/2026\/03\/Carteles-Agenda-SAL_202604_4.jpg","datePublished":"2026-04-07T14:38:25+00:00","dateModified":"2026-04-07T14:38:27+00:00","author":{"@id":"https:\/\/blogs.santosochoa.es\/salamanca\/#\/schema\/person\/3f5e2d61f93ad9cf365a301b5320babc"},"description":"Versos Contra las Cuerdas VII; \"Postmenopausia\", con Adela Mu\u00f1oz P\u00e1ez; \"Campo de jaramagos\", recital con Adolfo G\u00f3mez Tom\u00e9.","breadcrumb":{"@id":"https:\/\/blogs.santosochoa.es\/salamanca\/versos-contra-las-cuerdas-adela-munoz-paez-y-adolfo-gomez-tome\/#breadcrumb"},"inLanguage":"es","potentialAction":[{"@type":"ReadAction","target":["https:\/\/blogs.santosochoa.es\/salamanca\/versos-contra-las-cuerdas-adela-munoz-paez-y-adolfo-gomez-tome\/"]}]},{"@type":"ImageObject","inLanguage":"es","@id":"https:\/\/blogs.santosochoa.es\/salamanca\/versos-contra-las-cuerdas-adela-munoz-paez-y-adolfo-gomez-tome\/#primaryimage","url":"https:\/\/blogs.santosochoa.es\/salamanca\/wp-content\/uploads\/sites\/3\/2026\/03\/Carteles-Agenda-SAL_202604_4.jpg","contentUrl":"https:\/\/blogs.santosochoa.es\/salamanca\/wp-content\/uploads\/sites\/3\/2026\/03\/Carteles-Agenda-SAL_202604_4.jpg","width":1080,"height":1350},{"@type":"BreadcrumbList","@id":"https:\/\/blogs.santosochoa.es\/salamanca\/versos-contra-las-cuerdas-adela-munoz-paez-y-adolfo-gomez-tome\/#breadcrumb","itemListElement":[{"@type":"ListItem","position":1,"name":"Home","item":"https:\/\/blogs.santosochoa.es\/salamanca\/"},{"@type":"ListItem","position":2,"name":"Versos Contra las Cuerdas, Adela Mu\u00f1oz P\u00e1ez y Adolfo G\u00f3mez Tom\u00e9"}]},{"@type":"WebSite","@id":"https:\/\/blogs.santosochoa.es\/salamanca\/#website","url":"https:\/\/blogs.santosochoa.es\/salamanca\/","name":"Santos Ochoa Salamanca","description":"Tu Librer\u00eda Online","potentialAction":[{"@type":"SearchAction","target":{"@type":"EntryPoint","urlTemplate":"https:\/\/blogs.santosochoa.es\/salamanca\/?s={search_term_string}"},"query-input":{"@type":"PropertyValueSpecification","valueRequired":true,"valueName":"search_term_string"}}],"inLanguage":"es"},{"@type":"Person","@id":"https:\/\/blogs.santosochoa.es\/salamanca\/#\/schema\/person\/3f5e2d61f93ad9cf365a301b5320babc","name":"Santos Ochoa"}]}},"_links":{"self":[{"href":"https:\/\/blogs.santosochoa.es\/salamanca\/wp-json\/wp\/v2\/posts\/2075","targetHints":{"allow":["GET"]}}],"collection":[{"href":"https:\/\/blogs.santosochoa.es\/salamanca\/wp-json\/wp\/v2\/posts"}],"about":[{"href":"https:\/\/blogs.santosochoa.es\/salamanca\/wp-json\/wp\/v2\/types\/post"}],"author":[{"embeddable":true,"href":"https:\/\/blogs.santosochoa.es\/salamanca\/wp-json\/wp\/v2\/users\/1"}],"replies":[{"embeddable":true,"href":"https:\/\/blogs.santosochoa.es\/salamanca\/wp-json\/wp\/v2\/comments?post=2075"}],"version-history":[{"count":6,"href":"https:\/\/blogs.santosochoa.es\/salamanca\/wp-json\/wp\/v2\/posts\/2075\/revisions"}],"predecessor-version":[{"id":2081,"href":"https:\/\/blogs.santosochoa.es\/salamanca\/wp-json\/wp\/v2\/posts\/2075\/revisions\/2081"}],"wp:featuredmedia":[{"embeddable":true,"href":"https:\/\/blogs.santosochoa.es\/salamanca\/wp-json\/wp\/v2\/media\/2066"}],"wp:attachment":[{"href":"https:\/\/blogs.santosochoa.es\/salamanca\/wp-json\/wp\/v2\/media?parent=2075"}],"wp:term":[{"taxonomy":"category","embeddable":true,"href":"https:\/\/blogs.santosochoa.es\/salamanca\/wp-json\/wp\/v2\/categories?post=2075"},{"taxonomy":"post_tag","embeddable":true,"href":"https:\/\/blogs.santosochoa.es\/salamanca\/wp-json\/wp\/v2\/tags?post=2075"}],"curies":[{"name":"wp","href":"https:\/\/api.w.org\/{rel}","templated":true}]}}