{"id":2035,"date":"2026-03-04T11:56:32","date_gmt":"2026-03-04T10:56:32","guid":{"rendered":"https:\/\/blogs.santosochoa.es\/salamanca\/?p=2035"},"modified":"2026-03-04T11:56:39","modified_gmt":"2026-03-04T10:56:39","slug":"pablo-rivero-y-angela-banzas","status":"publish","type":"post","link":"https:\/\/blogs.santosochoa.es\/salamanca\/pablo-rivero-y-angela-banzas\/","title":{"rendered":"Pablo Rivero y \u00c1ngela Banzas"},"content":{"rendered":"\n<h2 class=\"wp-block-heading\"><strong>Firma de libros de Pablo Rivero. <em>La canguro<\/em>. Los trapos sucios se lavan en casa.<\/strong><\/h2>\n\n\n\n<h3 class=\"wp-block-heading\"><strong>\u200b<strong>\ud83d\udcc5\u200b<\/strong> Martes 10 de marzo | De 19:00 a 20:30 h.<\/strong><\/h3>\n\n\n\n<h4 class=\"wp-block-heading\">\ud83d\udccc Librer\u00eda Santos Ochoa (Gran V\u00eda, 12, Salamanca)<\/h4>\n\n\n\n<div class=\"wp-block-image\"><figure class=\"alignright size-full is-resized\"><a href=\"https:\/\/santosochoa.es\/libros\/rivero-pablo_canguro-la_9791387512507\" target=\"_blank\" rel=\"noopener noreferrer\"><img decoding=\"async\" src=\"https:\/\/blogs.santosochoa.es\/salamanca\/wp-content\/uploads\/sites\/3\/2026\/02\/la-canguro_Pablo-Rivero.jpg\" alt=\"\" class=\"wp-image-2024\" width=\"300\" srcset=\"https:\/\/blogs.santosochoa.es\/salamanca\/wp-content\/uploads\/sites\/3\/2026\/02\/la-canguro_Pablo-Rivero.jpg 700w, https:\/\/blogs.santosochoa.es\/salamanca\/wp-content\/uploads\/sites\/3\/2026\/02\/la-canguro_Pablo-Rivero-198x300.jpg 198w, https:\/\/blogs.santosochoa.es\/salamanca\/wp-content\/uploads\/sites\/3\/2026\/02\/la-canguro_Pablo-Rivero-674x1024.jpg 674w\" sizes=\"(max-width: 700px) 100vw, 700px\" \/><\/a><\/figure><\/div>\n\n\n\n<p>Lo cotidiano se vuelve pesadilla. \u00bfPondr\u00edas la mano en el fuego por ella? Pablo Rivero regresa con su nueva novela, un domestic noir lleno de adrenalina. La convivencia puede matar.<\/p>\n\n\n\n<h5 class=\"wp-block-heading\"><strong>Los trapos sucios se lavan en casa. Vivo encerrada con mis hijos desde que naci\u00f3 mi peque\u00f1a. Solo salgo en contadas ocasiones. Siempre por el garaje. Protegerlos es mi prioridad, pero necesito ayuda. No va a ser f\u00e1cil.<\/strong><\/h5>\n\n\n\n<p>He de encontrar a la persona adecuada. Una canguro que entienda la importancia de mis normas. Que no haga preguntas. Que no cometa errores. Nadie, ni siquiera mi marido, puede descubrir la verdad. De lo contrario, me ver\u00e9 obligada a actuar.<\/p>\n\n\n\n<p><strong>Pablo Rivero<\/strong>. Licenciado en Comunicaci\u00f3n Audiovisual, interpret\u00f3 a Toni Alc\u00e1ntara en la serie de TVE&nbsp;<em>Cu\u00e9ntame c\u00f3mo pas\u00f3<\/em>. Ha participado en pel\u00edculas como&nbsp;<em>De tu ventana a la m\u00eda<\/em>, de Paula Ortiz;&nbsp;<em>Proyecto tiempo<\/em>, de Isabel Coixet;&nbsp;<em>No me pidas que te bese porque te besar\u00e9<\/em>, de Albert Espinosa, o&nbsp;<em>La noche del hermano<\/em>, de Santiago Garc\u00eda de Le\u00e1niz. En teatro, ha formado parte de montajes como&nbsp;<em>La ca\u00edda de los dioses<\/em>, dirigido por Toma\u017e Pandur;&nbsp;<em>Los hijos se han dormido<\/em>, dirigido por Daniel Veronese;&nbsp;<em>El sirviente<\/em>, dirigido por Mireia Gabilondo -las tres en el Teatro Espa\u00f1ol-;&nbsp;<em>Fausto<\/em>, tambi\u00e9n de Toma\u017e Pandur, para el CDN, o&nbsp;<em>Cort\u00e1zar en juego<\/em>, dirigido por Natalia Men\u00e9ndez en el Teatro de la Abad\u00eda, entre otros.<\/p>\n\n\n\n<p>Debut\u00f3 como novelista con&nbsp;<em>No volver\u00e9 a tener miedo<\/em>, a la que siguieron&nbsp;<em>Penitencia<\/em>,&nbsp;<em>Las ni\u00f1as que so\u00f1aban con ser vistas<\/em>,&nbsp;<em>La cr\u00eda<\/em>,&nbsp;<em>Dulce hogar<\/em>, la novela corta para FNAC&nbsp;<em>El editor<\/em>,&nbsp;<em>La matriarca<\/em> y&nbsp;<em>El reba\u00f1o<\/em>. Su narrativa ha sido comparada con la de Pierre Lemaitre y en sus historias explora los territorios m\u00e1s oscuros de la conducta humana.<\/p>\n\n\n\n<div style=\"height:50px\" aria-hidden=\"true\" class=\"wp-block-spacer\"><\/div>\n\n\n\n<h2 class=\"wp-block-heading\"><strong>\u00c1ngela Banzas presenta <em>Cuando el viento hable<\/em>. Finalista del Premio Planeta 2025.<\/strong><\/h2>\n\n\n\n<h3 class=\"wp-block-heading\"><strong>\ud83d\udcc5<\/strong><strong>\u200b Jueves 12 de marzo | 18:00 h.<\/strong><\/h3>\n\n\n\n<h4 class=\"wp-block-heading\">\ud83d\udccc Librer\u00eda Santos Ochoa (Gran V\u00eda, 12, Salamanca)<\/h4>\n\n\n\n<div class=\"wp-block-image\"><figure class=\"alignleft size-full is-resized\"><a href=\"https:\/\/santosochoa.es\/libros\/angela-banzas_cuando-el-viento-hable_9788408311638\" target=\"_blank\" rel=\"noopener noreferrer\"><img decoding=\"async\" src=\"https:\/\/blogs.santosochoa.es\/salamanca\/wp-content\/uploads\/sites\/3\/2026\/02\/cuando-el-viento-hable_angela-banzas.jpg\" alt=\"\" class=\"wp-image-2026\" width=\"300\" srcset=\"https:\/\/blogs.santosochoa.es\/salamanca\/wp-content\/uploads\/sites\/3\/2026\/02\/cuando-el-viento-hable_angela-banzas.jpg 700w, https:\/\/blogs.santosochoa.es\/salamanca\/wp-content\/uploads\/sites\/3\/2026\/02\/cuando-el-viento-hable_angela-banzas-196x300.jpg 196w, https:\/\/blogs.santosochoa.es\/salamanca\/wp-content\/uploads\/sites\/3\/2026\/02\/cuando-el-viento-hable_angela-banzas-671x1024.jpg 671w\" sizes=\"(max-width: 700px) 100vw, 700px\" \/><\/a><\/figure><\/div>\n\n\n\n<p>Un pa\u00eds en silencio. Un misterio que a\u00fan respira. Un drama familiar de posguerra.<\/p>\n\n\n\n<h5 class=\"wp-block-heading\"><strong>Sof\u00eda nace en el oto\u00f1o de 1939, tras una tragedia familiar, y crece rodeada de secretos en la Galicia rural de la posguerra. Sus abuelos paternos la cr\u00edan bajo una estricta vigilancia, mientras su padre, un bibliotecario que vive oculto en las sombras, le alimenta la imaginaci\u00f3n con historias fant\u00e1sticas.<\/strong><\/h5>\n\n\n\n<p>Ella no entiende de qu\u00e9 la esconde su familia ni qui\u00e9n es esa ni\u00f1a que se le aparece como una alucinaci\u00f3n. Tras ser ingresada en el Hospital Real de Santiago, encuentra refugio en Julia, su primera gran amiga. All\u00ed, los pasillos clandestinos y los rastros de un pasado enterrado emergen para desvelar nuevos misterios. \u00bfQu\u00e9 pretende ese joven de ojos verdes que ha irrumpido en su vida y parece tener tantas respuestas?<\/p>\n\n\n\n<p><strong>Esta novela explora el poder de la imaginaci\u00f3n frente al horror, y el amor como \u00faltima esperanza. Porque, incluso en los momentos m\u00e1s sombr\u00edos, una gran historia puede salvarnos la vida.<\/strong><\/p>\n\n\n\n<p><strong>\u00c1ngela Banzas<\/strong> (Santiago de Compostela, 1982) debut\u00f3 en la literatura en el a\u00f1o 2021 con la novela&nbsp;<em>El silencio de las olas<\/em>. Despu\u00e9s ha publicado&nbsp;<em>La conjura de la niebla<\/em>,&nbsp;<em>La sombra de la rosa<\/em>&nbsp;y&nbsp;<em>El aliento de las llamas<\/em>. Es licenciada en Ciencias Pol\u00edticas y de la Administraci\u00f3n por la Universidad de Santiago y MBA por la Escuela Europea de Negocios de Madrid. Sus obras han obtenido un notable \u00e9xito de ventas y cr\u00edticas de los lectores.&nbsp;<em>Cuando el viento hable<\/em>, finalista del Premio Planeta 2025, es su quinta novela.<\/p>\n","protected":false},"excerpt":{"rendered":"<p>Firma de libros de Pablo Rivero. \u00abLa canguro\u00bb | \u00c1ngela Banzas presenta \u00abCuando el viento hable\u00bb. Finalista del Premio Planeta 2025.<\/p>\n","protected":false},"author":2,"featured_media":2024,"comment_status":"closed","ping_status":"closed","sticky":false,"template":"","format":"standard","meta":{"footnotes":""},"categories":[9],"tags":[],"class_list":["post-2035","post","type-post","status-publish","format-standard","has-post-thumbnail","hentry","category-libros"],"yoast_head":"<!-- This site is optimized with the Yoast SEO plugin v27.2 - https:\/\/yoast.com\/product\/yoast-seo-wordpress\/ -->\n<title>Pablo Rivero y \u00c1ngela Banzas - Santos Ochoa Salamanca<\/title>\n<meta name=\"description\" content=\"Firma de libros de Pablo Rivero. &quot;La canguro&quot; | \u00c1ngela Banzas presenta &quot;Cuando el viento hable&quot;. Finalista del Premio Planeta 2025.\" \/>\n<meta name=\"robots\" content=\"index, follow, max-snippet:-1, max-image-preview:large, max-video-preview:-1\" \/>\n<link rel=\"canonical\" href=\"https:\/\/blogs.santosochoa.es\/salamanca\/pablo-rivero-y-angela-banzas\/\" \/>\n<meta property=\"og:locale\" content=\"es_ES\" \/>\n<meta property=\"og:type\" content=\"article\" \/>\n<meta property=\"og:title\" content=\"Pablo Rivero y \u00c1ngela Banzas - Santos Ochoa Salamanca\" \/>\n<meta property=\"og:description\" content=\"Firma de libros de Pablo Rivero. &quot;La canguro&quot; | \u00c1ngela Banzas presenta &quot;Cuando el viento hable&quot;. Finalista del Premio Planeta 2025.\" \/>\n<meta property=\"og:url\" content=\"https:\/\/blogs.santosochoa.es\/salamanca\/pablo-rivero-y-angela-banzas\/\" \/>\n<meta property=\"og:site_name\" content=\"Santos Ochoa Salamanca\" \/>\n<meta property=\"article:published_time\" content=\"2026-03-04T10:56:32+00:00\" \/>\n<meta property=\"article:modified_time\" content=\"2026-03-04T10:56:39+00:00\" \/>\n<meta property=\"og:image\" content=\"https:\/\/blogs.santosochoa.es\/salamanca\/wp-content\/uploads\/sites\/3\/2026\/02\/la-canguro_Pablo-Rivero.jpg\" \/>\n\t<meta property=\"og:image:width\" content=\"700\" \/>\n\t<meta property=\"og:image:height\" content=\"1063\" \/>\n\t<meta property=\"og:image:type\" content=\"image\/jpeg\" \/>\n<meta name=\"author\" content=\"Santos Ochoa Salamanca\" \/>\n<meta name=\"twitter:card\" content=\"summary_large_image\" \/>\n<meta name=\"twitter:label1\" content=\"Written by\" \/>\n\t<meta name=\"twitter:data1\" content=\"Santos Ochoa Salamanca\" \/>\n\t<meta name=\"twitter:label2\" content=\"Est. reading time\" \/>\n\t<meta name=\"twitter:data2\" content=\"3 minutos\" \/>\n<script type=\"application\/ld+json\" class=\"yoast-schema-graph\">{\"@context\":\"https:\/\/schema.org\",\"@graph\":[{\"@type\":\"Article\",\"@id\":\"https:\/\/blogs.santosochoa.es\/salamanca\/pablo-rivero-y-angela-banzas\/#article\",\"isPartOf\":{\"@id\":\"https:\/\/blogs.santosochoa.es\/salamanca\/pablo-rivero-y-angela-banzas\/\"},\"author\":{\"name\":\"Santos Ochoa Salamanca\",\"@id\":\"https:\/\/blogs.santosochoa.es\/salamanca\/#\/schema\/person\/a125e75c96c8702907b25e61f1c0b772\"},\"headline\":\"Pablo Rivero y \u00c1ngela Banzas\",\"datePublished\":\"2026-03-04T10:56:32+00:00\",\"dateModified\":\"2026-03-04T10:56:39+00:00\",\"mainEntityOfPage\":{\"@id\":\"https:\/\/blogs.santosochoa.es\/salamanca\/pablo-rivero-y-angela-banzas\/\"},\"wordCount\":666,\"image\":{\"@id\":\"https:\/\/blogs.santosochoa.es\/salamanca\/pablo-rivero-y-angela-banzas\/#primaryimage\"},\"thumbnailUrl\":\"https:\/\/blogs.santosochoa.es\/salamanca\/wp-content\/uploads\/sites\/3\/2026\/02\/la-canguro_Pablo-Rivero.jpg\",\"articleSection\":[\"libros\"],\"inLanguage\":\"es\"},{\"@type\":\"WebPage\",\"@id\":\"https:\/\/blogs.santosochoa.es\/salamanca\/pablo-rivero-y-angela-banzas\/\",\"url\":\"https:\/\/blogs.santosochoa.es\/salamanca\/pablo-rivero-y-angela-banzas\/\",\"name\":\"Pablo Rivero y \u00c1ngela Banzas - Santos Ochoa Salamanca\",\"isPartOf\":{\"@id\":\"https:\/\/blogs.santosochoa.es\/salamanca\/#website\"},\"primaryImageOfPage\":{\"@id\":\"https:\/\/blogs.santosochoa.es\/salamanca\/pablo-rivero-y-angela-banzas\/#primaryimage\"},\"image\":{\"@id\":\"https:\/\/blogs.santosochoa.es\/salamanca\/pablo-rivero-y-angela-banzas\/#primaryimage\"},\"thumbnailUrl\":\"https:\/\/blogs.santosochoa.es\/salamanca\/wp-content\/uploads\/sites\/3\/2026\/02\/la-canguro_Pablo-Rivero.jpg\",\"datePublished\":\"2026-03-04T10:56:32+00:00\",\"dateModified\":\"2026-03-04T10:56:39+00:00\",\"author\":{\"@id\":\"https:\/\/blogs.santosochoa.es\/salamanca\/#\/schema\/person\/a125e75c96c8702907b25e61f1c0b772\"},\"description\":\"Firma de libros de Pablo Rivero. \\\"La canguro\\\" | \u00c1ngela Banzas presenta \\\"Cuando el viento hable\\\". Finalista del Premio Planeta 2025.\",\"breadcrumb\":{\"@id\":\"https:\/\/blogs.santosochoa.es\/salamanca\/pablo-rivero-y-angela-banzas\/#breadcrumb\"},\"inLanguage\":\"es\",\"potentialAction\":[{\"@type\":\"ReadAction\",\"target\":[\"https:\/\/blogs.santosochoa.es\/salamanca\/pablo-rivero-y-angela-banzas\/\"]}]},{\"@type\":\"ImageObject\",\"inLanguage\":\"es\",\"@id\":\"https:\/\/blogs.santosochoa.es\/salamanca\/pablo-rivero-y-angela-banzas\/#primaryimage\",\"url\":\"https:\/\/blogs.santosochoa.es\/salamanca\/wp-content\/uploads\/sites\/3\/2026\/02\/la-canguro_Pablo-Rivero.jpg\",\"contentUrl\":\"https:\/\/blogs.santosochoa.es\/salamanca\/wp-content\/uploads\/sites\/3\/2026\/02\/la-canguro_Pablo-Rivero.jpg\",\"width\":700,\"height\":1063},{\"@type\":\"BreadcrumbList\",\"@id\":\"https:\/\/blogs.santosochoa.es\/salamanca\/pablo-rivero-y-angela-banzas\/#breadcrumb\",\"itemListElement\":[{\"@type\":\"ListItem\",\"position\":1,\"name\":\"Home\",\"item\":\"https:\/\/blogs.santosochoa.es\/salamanca\/\"},{\"@type\":\"ListItem\",\"position\":2,\"name\":\"Pablo Rivero y \u00c1ngela Banzas\"}]},{\"@type\":\"WebSite\",\"@id\":\"https:\/\/blogs.santosochoa.es\/salamanca\/#website\",\"url\":\"https:\/\/blogs.santosochoa.es\/salamanca\/\",\"name\":\"Santos Ochoa Salamanca\",\"description\":\"Tu Librer\u00eda Online\",\"potentialAction\":[{\"@type\":\"SearchAction\",\"target\":{\"@type\":\"EntryPoint\",\"urlTemplate\":\"https:\/\/blogs.santosochoa.es\/salamanca\/?s={search_term_string}\"},\"query-input\":{\"@type\":\"PropertyValueSpecification\",\"valueRequired\":true,\"valueName\":\"search_term_string\"}}],\"inLanguage\":\"es\"},{\"@type\":\"Person\",\"@id\":\"https:\/\/blogs.santosochoa.es\/salamanca\/#\/schema\/person\/a125e75c96c8702907b25e61f1c0b772\",\"name\":\"Santos Ochoa Salamanca\"}]}<\/script>\n<!-- \/ Yoast SEO plugin. -->","yoast_head_json":{"title":"Pablo Rivero y \u00c1ngela Banzas - Santos Ochoa Salamanca","description":"Firma de libros de Pablo Rivero. \"La canguro\" | \u00c1ngela Banzas presenta \"Cuando el viento hable\". Finalista del Premio Planeta 2025.","robots":{"index":"index","follow":"follow","max-snippet":"max-snippet:-1","max-image-preview":"max-image-preview:large","max-video-preview":"max-video-preview:-1"},"canonical":"https:\/\/blogs.santosochoa.es\/salamanca\/pablo-rivero-y-angela-banzas\/","og_locale":"es_ES","og_type":"article","og_title":"Pablo Rivero y \u00c1ngela Banzas - Santos Ochoa Salamanca","og_description":"Firma de libros de Pablo Rivero. \"La canguro\" | \u00c1ngela Banzas presenta \"Cuando el viento hable\". Finalista del Premio Planeta 2025.","og_url":"https:\/\/blogs.santosochoa.es\/salamanca\/pablo-rivero-y-angela-banzas\/","og_site_name":"Santos Ochoa Salamanca","article_published_time":"2026-03-04T10:56:32+00:00","article_modified_time":"2026-03-04T10:56:39+00:00","og_image":[{"width":700,"height":1063,"url":"https:\/\/blogs.santosochoa.es\/salamanca\/wp-content\/uploads\/sites\/3\/2026\/02\/la-canguro_Pablo-Rivero.jpg","type":"image\/jpeg"}],"author":"Santos Ochoa Salamanca","twitter_card":"summary_large_image","twitter_misc":{"Written by":"Santos Ochoa Salamanca","Est. reading time":"3 minutos"},"schema":{"@context":"https:\/\/schema.org","@graph":[{"@type":"Article","@id":"https:\/\/blogs.santosochoa.es\/salamanca\/pablo-rivero-y-angela-banzas\/#article","isPartOf":{"@id":"https:\/\/blogs.santosochoa.es\/salamanca\/pablo-rivero-y-angela-banzas\/"},"author":{"name":"Santos Ochoa Salamanca","@id":"https:\/\/blogs.santosochoa.es\/salamanca\/#\/schema\/person\/a125e75c96c8702907b25e61f1c0b772"},"headline":"Pablo Rivero y \u00c1ngela Banzas","datePublished":"2026-03-04T10:56:32+00:00","dateModified":"2026-03-04T10:56:39+00:00","mainEntityOfPage":{"@id":"https:\/\/blogs.santosochoa.es\/salamanca\/pablo-rivero-y-angela-banzas\/"},"wordCount":666,"image":{"@id":"https:\/\/blogs.santosochoa.es\/salamanca\/pablo-rivero-y-angela-banzas\/#primaryimage"},"thumbnailUrl":"https:\/\/blogs.santosochoa.es\/salamanca\/wp-content\/uploads\/sites\/3\/2026\/02\/la-canguro_Pablo-Rivero.jpg","articleSection":["libros"],"inLanguage":"es"},{"@type":"WebPage","@id":"https:\/\/blogs.santosochoa.es\/salamanca\/pablo-rivero-y-angela-banzas\/","url":"https:\/\/blogs.santosochoa.es\/salamanca\/pablo-rivero-y-angela-banzas\/","name":"Pablo Rivero y \u00c1ngela Banzas - Santos Ochoa Salamanca","isPartOf":{"@id":"https:\/\/blogs.santosochoa.es\/salamanca\/#website"},"primaryImageOfPage":{"@id":"https:\/\/blogs.santosochoa.es\/salamanca\/pablo-rivero-y-angela-banzas\/#primaryimage"},"image":{"@id":"https:\/\/blogs.santosochoa.es\/salamanca\/pablo-rivero-y-angela-banzas\/#primaryimage"},"thumbnailUrl":"https:\/\/blogs.santosochoa.es\/salamanca\/wp-content\/uploads\/sites\/3\/2026\/02\/la-canguro_Pablo-Rivero.jpg","datePublished":"2026-03-04T10:56:32+00:00","dateModified":"2026-03-04T10:56:39+00:00","author":{"@id":"https:\/\/blogs.santosochoa.es\/salamanca\/#\/schema\/person\/a125e75c96c8702907b25e61f1c0b772"},"description":"Firma de libros de Pablo Rivero. \"La canguro\" | \u00c1ngela Banzas presenta \"Cuando el viento hable\". Finalista del Premio Planeta 2025.","breadcrumb":{"@id":"https:\/\/blogs.santosochoa.es\/salamanca\/pablo-rivero-y-angela-banzas\/#breadcrumb"},"inLanguage":"es","potentialAction":[{"@type":"ReadAction","target":["https:\/\/blogs.santosochoa.es\/salamanca\/pablo-rivero-y-angela-banzas\/"]}]},{"@type":"ImageObject","inLanguage":"es","@id":"https:\/\/blogs.santosochoa.es\/salamanca\/pablo-rivero-y-angela-banzas\/#primaryimage","url":"https:\/\/blogs.santosochoa.es\/salamanca\/wp-content\/uploads\/sites\/3\/2026\/02\/la-canguro_Pablo-Rivero.jpg","contentUrl":"https:\/\/blogs.santosochoa.es\/salamanca\/wp-content\/uploads\/sites\/3\/2026\/02\/la-canguro_Pablo-Rivero.jpg","width":700,"height":1063},{"@type":"BreadcrumbList","@id":"https:\/\/blogs.santosochoa.es\/salamanca\/pablo-rivero-y-angela-banzas\/#breadcrumb","itemListElement":[{"@type":"ListItem","position":1,"name":"Home","item":"https:\/\/blogs.santosochoa.es\/salamanca\/"},{"@type":"ListItem","position":2,"name":"Pablo Rivero y \u00c1ngela Banzas"}]},{"@type":"WebSite","@id":"https:\/\/blogs.santosochoa.es\/salamanca\/#website","url":"https:\/\/blogs.santosochoa.es\/salamanca\/","name":"Santos Ochoa Salamanca","description":"Tu Librer\u00eda Online","potentialAction":[{"@type":"SearchAction","target":{"@type":"EntryPoint","urlTemplate":"https:\/\/blogs.santosochoa.es\/salamanca\/?s={search_term_string}"},"query-input":{"@type":"PropertyValueSpecification","valueRequired":true,"valueName":"search_term_string"}}],"inLanguage":"es"},{"@type":"Person","@id":"https:\/\/blogs.santosochoa.es\/salamanca\/#\/schema\/person\/a125e75c96c8702907b25e61f1c0b772","name":"Santos Ochoa Salamanca"}]}},"_links":{"self":[{"href":"https:\/\/blogs.santosochoa.es\/salamanca\/wp-json\/wp\/v2\/posts\/2035","targetHints":{"allow":["GET"]}}],"collection":[{"href":"https:\/\/blogs.santosochoa.es\/salamanca\/wp-json\/wp\/v2\/posts"}],"about":[{"href":"https:\/\/blogs.santosochoa.es\/salamanca\/wp-json\/wp\/v2\/types\/post"}],"author":[{"embeddable":true,"href":"https:\/\/blogs.santosochoa.es\/salamanca\/wp-json\/wp\/v2\/users\/2"}],"replies":[{"embeddable":true,"href":"https:\/\/blogs.santosochoa.es\/salamanca\/wp-json\/wp\/v2\/comments?post=2035"}],"version-history":[{"count":2,"href":"https:\/\/blogs.santosochoa.es\/salamanca\/wp-json\/wp\/v2\/posts\/2035\/revisions"}],"predecessor-version":[{"id":2038,"href":"https:\/\/blogs.santosochoa.es\/salamanca\/wp-json\/wp\/v2\/posts\/2035\/revisions\/2038"}],"wp:featuredmedia":[{"embeddable":true,"href":"https:\/\/blogs.santosochoa.es\/salamanca\/wp-json\/wp\/v2\/media\/2024"}],"wp:attachment":[{"href":"https:\/\/blogs.santosochoa.es\/salamanca\/wp-json\/wp\/v2\/media?parent=2035"}],"wp:term":[{"taxonomy":"category","embeddable":true,"href":"https:\/\/blogs.santosochoa.es\/salamanca\/wp-json\/wp\/v2\/categories?post=2035"},{"taxonomy":"post_tag","embeddable":true,"href":"https:\/\/blogs.santosochoa.es\/salamanca\/wp-json\/wp\/v2\/tags?post=2035"}],"curies":[{"name":"wp","href":"https:\/\/api.w.org\/{rel}","templated":true}]}}