{"id":2032,"date":"2026-02-25T10:30:18","date_gmt":"2026-02-25T09:30:18","guid":{"rendered":"https:\/\/blogs.santosochoa.es\/salamanca\/?p=2032"},"modified":"2026-02-25T10:30:20","modified_gmt":"2026-02-25T09:30:20","slug":"miriam-herran-de-viu","status":"publish","type":"post","link":"https:\/\/blogs.santosochoa.es\/salamanca\/miriam-herran-de-viu\/","title":{"rendered":"Miriam Herr\u00e1n de Viu"},"content":{"rendered":"\n<h2 class=\"wp-block-heading\"><strong>Miriam Herr\u00e1n de Viu presenta <em>Ojal\u00e1 no lo hubieran sabido.<\/em> La verdad os har\u00e1 libres pero \u00bfqu\u00e9 pasa si la verdad es insoportable?<\/strong><\/h2>\n\n\n\n<h3 class=\"wp-block-heading\"><strong>\ud83d\udcc5<\/strong><strong>\u200b Jueves 5 de marzo | 19:30 h.<\/strong><\/h3>\n\n\n\n<h4 class=\"wp-block-heading\">\ud83d\udccc Librer\u00eda Santos Ochoa (Gran V\u00eda, 12, Salamanca)<\/h4>\n\n\n\n<p>Con la escritora Raquel L\u00f3pez Merch\u00e1n.<\/p>\n\n\n\n<div class=\"wp-block-image\"><figure class=\"alignright size-full is-resized\"><a href=\"https:\/\/santosochoa.es\/libros\/herran-de-viu-miriam_ojala-no-lo-hubieran-sabido_9788409799176\" target=\"_blank\" rel=\"noopener noreferrer\"><img decoding=\"async\" src=\"https:\/\/blogs.santosochoa.es\/salamanca\/wp-content\/uploads\/sites\/3\/2026\/02\/ojala-no-lo-hubieran-sabido_Miriam-Herran.jpg\" alt=\"\" class=\"wp-image-2022\" width=\"300\" srcset=\"https:\/\/blogs.santosochoa.es\/salamanca\/wp-content\/uploads\/sites\/3\/2026\/02\/ojala-no-lo-hubieran-sabido_Miriam-Herran.jpg 700w, https:\/\/blogs.santosochoa.es\/salamanca\/wp-content\/uploads\/sites\/3\/2026\/02\/ojala-no-lo-hubieran-sabido_Miriam-Herran-194x300.jpg 194w, https:\/\/blogs.santosochoa.es\/salamanca\/wp-content\/uploads\/sites\/3\/2026\/02\/ojala-no-lo-hubieran-sabido_Miriam-Herran-663x1024.jpg 663w\" sizes=\"(max-width: 700px) 100vw, 700px\" \/><\/a><\/figure><\/div>\n\n\n\n<h5 class=\"wp-block-heading\"><strong>Durante una convivencia escolar en la sierra de Gredos, la calma de una jornada en plena naturaleza se quiebra cuando aparece la alumna m\u00e1s brillante brutalmente asesinada en mitad del bosque. El miedo se dispara cuando descubren que, adem\u00e1s, falta otra compa\u00f1era que parece haberse esfumado sin dejar rastro.<\/strong><\/h5>\n\n\n\n<p>Mientras profesores y alumnos parecen tener claro qu\u00e9 ha ocurrido, se inicia una investigaci\u00f3n a contrarreloj marcada por los secretos, las mentiras y un pasado que no est\u00e1 dispuesto a dejar a nadie pasar p\u00e1gina.<\/p>\n\n\n\n<p>La verdad os har\u00e1 libres pero \u00bfqu\u00e9 pasa si la verdad es insoportable?<\/p>\n\n\n\n<p>Si te gust\u00f3 <em>Lo saben todo<\/em>, esta historia te dejar\u00e1 sin aliento.<\/p>\n\n\n\n<p><strong>Miriam Herr\u00e1n de Viu<\/strong> es natural de Palma de Mallorca, sin embargo, desde hace mucho tiempo reside en la ciudad de Salamanca, lugar al que se traslad\u00f3 con dieciocho a\u00f1os como una universitaria m\u00e1s. Es licenciada en Derecho y graduada en Psicolog\u00eda, \u00e1rea a la que se dedica profesionalmente.<\/p>\n\n\n\n<p>Desde peque\u00f1a es una apasionada de las letras y disfruta tanto creando historias como perdi\u00e9ndose en las creadas por otros. En 2020 public\u00f3 su primera novela, <em>Espina de sardina<\/em>, a la que siguieron <em>El retumbar de los tambores<\/em>, <em>Hueso de aguacate, T\u00fa o yo, Las pel\u00edculas que vivimos, Lo saben todo, Qu\u00e9date mis alas<\/em> y <em>Ojal\u00e1 no lo hubieran sabido<\/em>.<\/p>\n","protected":false},"excerpt":{"rendered":"<p>Miriam Herr\u00e1n de Viu presenta \u00abOjal\u00e1 no lo hubieran sabido\u00bb. La verdad os har\u00e1 libres pero \u00bfqu\u00e9 pasa si la verdad es insoportable?<\/p>\n","protected":false},"author":2,"featured_media":2022,"comment_status":"closed","ping_status":"closed","sticky":false,"template":"","format":"standard","meta":{"footnotes":""},"categories":[9,14],"tags":[],"class_list":["post-2032","post","type-post","status-publish","format-standard","has-post-thumbnail","hentry","category-libros","category-libros-salamanca"],"yoast_head":"<!-- This site is optimized with the Yoast SEO plugin v27.2 - https:\/\/yoast.com\/product\/yoast-seo-wordpress\/ -->\n<title>Miriam Herr\u00e1n de Viu - Santos Ochoa Salamanca<\/title>\n<meta name=\"description\" content=\"Miriam Herr\u00e1n de Viu presenta &quot;Ojal\u00e1 no lo hubieran sabido&quot;. La verdad os har\u00e1 libres pero \u00bfqu\u00e9 pasa si la verdad es insoportable?\" \/>\n<meta name=\"robots\" content=\"index, follow, max-snippet:-1, max-image-preview:large, max-video-preview:-1\" \/>\n<link rel=\"canonical\" href=\"https:\/\/blogs.santosochoa.es\/salamanca\/miriam-herran-de-viu\/\" \/>\n<meta property=\"og:locale\" content=\"es_ES\" \/>\n<meta property=\"og:type\" content=\"article\" \/>\n<meta property=\"og:title\" content=\"Miriam Herr\u00e1n de Viu - Santos Ochoa Salamanca\" \/>\n<meta property=\"og:description\" content=\"Miriam Herr\u00e1n de Viu presenta &quot;Ojal\u00e1 no lo hubieran sabido&quot;. La verdad os har\u00e1 libres pero \u00bfqu\u00e9 pasa si la verdad es insoportable?\" \/>\n<meta property=\"og:url\" content=\"https:\/\/blogs.santosochoa.es\/salamanca\/miriam-herran-de-viu\/\" \/>\n<meta property=\"og:site_name\" content=\"Santos Ochoa Salamanca\" \/>\n<meta property=\"article:published_time\" content=\"2026-02-25T09:30:18+00:00\" \/>\n<meta property=\"article:modified_time\" content=\"2026-02-25T09:30:20+00:00\" \/>\n<meta property=\"og:image\" content=\"https:\/\/blogs.santosochoa.es\/salamanca\/wp-content\/uploads\/sites\/3\/2026\/02\/ojala-no-lo-hubieran-sabido_Miriam-Herran.jpg\" \/>\n\t<meta property=\"og:image:width\" content=\"700\" \/>\n\t<meta property=\"og:image:height\" content=\"1081\" \/>\n\t<meta property=\"og:image:type\" content=\"image\/jpeg\" \/>\n<meta name=\"author\" content=\"Santos Ochoa Salamanca\" \/>\n<meta name=\"twitter:card\" content=\"summary_large_image\" \/>\n<meta name=\"twitter:label1\" content=\"Written by\" \/>\n\t<meta name=\"twitter:data1\" content=\"Santos Ochoa Salamanca\" \/>\n\t<meta name=\"twitter:label2\" content=\"Est. reading time\" \/>\n\t<meta name=\"twitter:data2\" content=\"1 minuto\" \/>\n<script type=\"application\/ld+json\" class=\"yoast-schema-graph\">{\"@context\":\"https:\/\/schema.org\",\"@graph\":[{\"@type\":\"Article\",\"@id\":\"https:\/\/blogs.santosochoa.es\/salamanca\/miriam-herran-de-viu\/#article\",\"isPartOf\":{\"@id\":\"https:\/\/blogs.santosochoa.es\/salamanca\/miriam-herran-de-viu\/\"},\"author\":{\"name\":\"Santos Ochoa Salamanca\",\"@id\":\"https:\/\/blogs.santosochoa.es\/salamanca\/#\/schema\/person\/a125e75c96c8702907b25e61f1c0b772\"},\"headline\":\"Miriam Herr\u00e1n de Viu\",\"datePublished\":\"2026-02-25T09:30:18+00:00\",\"dateModified\":\"2026-02-25T09:30:20+00:00\",\"mainEntityOfPage\":{\"@id\":\"https:\/\/blogs.santosochoa.es\/salamanca\/miriam-herran-de-viu\/\"},\"wordCount\":279,\"image\":{\"@id\":\"https:\/\/blogs.santosochoa.es\/salamanca\/miriam-herran-de-viu\/#primaryimage\"},\"thumbnailUrl\":\"https:\/\/blogs.santosochoa.es\/salamanca\/wp-content\/uploads\/sites\/3\/2026\/02\/ojala-no-lo-hubieran-sabido_Miriam-Herran.jpg\",\"articleSection\":[\"libros\",\"libros salamanca\"],\"inLanguage\":\"es\"},{\"@type\":\"WebPage\",\"@id\":\"https:\/\/blogs.santosochoa.es\/salamanca\/miriam-herran-de-viu\/\",\"url\":\"https:\/\/blogs.santosochoa.es\/salamanca\/miriam-herran-de-viu\/\",\"name\":\"Miriam Herr\u00e1n de Viu - Santos Ochoa Salamanca\",\"isPartOf\":{\"@id\":\"https:\/\/blogs.santosochoa.es\/salamanca\/#website\"},\"primaryImageOfPage\":{\"@id\":\"https:\/\/blogs.santosochoa.es\/salamanca\/miriam-herran-de-viu\/#primaryimage\"},\"image\":{\"@id\":\"https:\/\/blogs.santosochoa.es\/salamanca\/miriam-herran-de-viu\/#primaryimage\"},\"thumbnailUrl\":\"https:\/\/blogs.santosochoa.es\/salamanca\/wp-content\/uploads\/sites\/3\/2026\/02\/ojala-no-lo-hubieran-sabido_Miriam-Herran.jpg\",\"datePublished\":\"2026-02-25T09:30:18+00:00\",\"dateModified\":\"2026-02-25T09:30:20+00:00\",\"author\":{\"@id\":\"https:\/\/blogs.santosochoa.es\/salamanca\/#\/schema\/person\/a125e75c96c8702907b25e61f1c0b772\"},\"description\":\"Miriam Herr\u00e1n de Viu presenta \\\"Ojal\u00e1 no lo hubieran sabido\\\". La verdad os har\u00e1 libres pero \u00bfqu\u00e9 pasa si la verdad es insoportable?\",\"breadcrumb\":{\"@id\":\"https:\/\/blogs.santosochoa.es\/salamanca\/miriam-herran-de-viu\/#breadcrumb\"},\"inLanguage\":\"es\",\"potentialAction\":[{\"@type\":\"ReadAction\",\"target\":[\"https:\/\/blogs.santosochoa.es\/salamanca\/miriam-herran-de-viu\/\"]}]},{\"@type\":\"ImageObject\",\"inLanguage\":\"es\",\"@id\":\"https:\/\/blogs.santosochoa.es\/salamanca\/miriam-herran-de-viu\/#primaryimage\",\"url\":\"https:\/\/blogs.santosochoa.es\/salamanca\/wp-content\/uploads\/sites\/3\/2026\/02\/ojala-no-lo-hubieran-sabido_Miriam-Herran.jpg\",\"contentUrl\":\"https:\/\/blogs.santosochoa.es\/salamanca\/wp-content\/uploads\/sites\/3\/2026\/02\/ojala-no-lo-hubieran-sabido_Miriam-Herran.jpg\",\"width\":700,\"height\":1081},{\"@type\":\"BreadcrumbList\",\"@id\":\"https:\/\/blogs.santosochoa.es\/salamanca\/miriam-herran-de-viu\/#breadcrumb\",\"itemListElement\":[{\"@type\":\"ListItem\",\"position\":1,\"name\":\"Home\",\"item\":\"https:\/\/blogs.santosochoa.es\/salamanca\/\"},{\"@type\":\"ListItem\",\"position\":2,\"name\":\"Miriam Herr\u00e1n de Viu\"}]},{\"@type\":\"WebSite\",\"@id\":\"https:\/\/blogs.santosochoa.es\/salamanca\/#website\",\"url\":\"https:\/\/blogs.santosochoa.es\/salamanca\/\",\"name\":\"Santos Ochoa Salamanca\",\"description\":\"Tu Librer\u00eda Online\",\"potentialAction\":[{\"@type\":\"SearchAction\",\"target\":{\"@type\":\"EntryPoint\",\"urlTemplate\":\"https:\/\/blogs.santosochoa.es\/salamanca\/?s={search_term_string}\"},\"query-input\":{\"@type\":\"PropertyValueSpecification\",\"valueRequired\":true,\"valueName\":\"search_term_string\"}}],\"inLanguage\":\"es\"},{\"@type\":\"Person\",\"@id\":\"https:\/\/blogs.santosochoa.es\/salamanca\/#\/schema\/person\/a125e75c96c8702907b25e61f1c0b772\",\"name\":\"Santos Ochoa Salamanca\"}]}<\/script>\n<!-- \/ Yoast SEO plugin. -->","yoast_head_json":{"title":"Miriam Herr\u00e1n de Viu - Santos Ochoa Salamanca","description":"Miriam Herr\u00e1n de Viu presenta \"Ojal\u00e1 no lo hubieran sabido\". La verdad os har\u00e1 libres pero \u00bfqu\u00e9 pasa si la verdad es insoportable?","robots":{"index":"index","follow":"follow","max-snippet":"max-snippet:-1","max-image-preview":"max-image-preview:large","max-video-preview":"max-video-preview:-1"},"canonical":"https:\/\/blogs.santosochoa.es\/salamanca\/miriam-herran-de-viu\/","og_locale":"es_ES","og_type":"article","og_title":"Miriam Herr\u00e1n de Viu - Santos Ochoa Salamanca","og_description":"Miriam Herr\u00e1n de Viu presenta \"Ojal\u00e1 no lo hubieran sabido\". La verdad os har\u00e1 libres pero \u00bfqu\u00e9 pasa si la verdad es insoportable?","og_url":"https:\/\/blogs.santosochoa.es\/salamanca\/miriam-herran-de-viu\/","og_site_name":"Santos Ochoa Salamanca","article_published_time":"2026-02-25T09:30:18+00:00","article_modified_time":"2026-02-25T09:30:20+00:00","og_image":[{"width":700,"height":1081,"url":"https:\/\/blogs.santosochoa.es\/salamanca\/wp-content\/uploads\/sites\/3\/2026\/02\/ojala-no-lo-hubieran-sabido_Miriam-Herran.jpg","type":"image\/jpeg"}],"author":"Santos Ochoa Salamanca","twitter_card":"summary_large_image","twitter_misc":{"Written by":"Santos Ochoa Salamanca","Est. reading time":"1 minuto"},"schema":{"@context":"https:\/\/schema.org","@graph":[{"@type":"Article","@id":"https:\/\/blogs.santosochoa.es\/salamanca\/miriam-herran-de-viu\/#article","isPartOf":{"@id":"https:\/\/blogs.santosochoa.es\/salamanca\/miriam-herran-de-viu\/"},"author":{"name":"Santos Ochoa Salamanca","@id":"https:\/\/blogs.santosochoa.es\/salamanca\/#\/schema\/person\/a125e75c96c8702907b25e61f1c0b772"},"headline":"Miriam Herr\u00e1n de Viu","datePublished":"2026-02-25T09:30:18+00:00","dateModified":"2026-02-25T09:30:20+00:00","mainEntityOfPage":{"@id":"https:\/\/blogs.santosochoa.es\/salamanca\/miriam-herran-de-viu\/"},"wordCount":279,"image":{"@id":"https:\/\/blogs.santosochoa.es\/salamanca\/miriam-herran-de-viu\/#primaryimage"},"thumbnailUrl":"https:\/\/blogs.santosochoa.es\/salamanca\/wp-content\/uploads\/sites\/3\/2026\/02\/ojala-no-lo-hubieran-sabido_Miriam-Herran.jpg","articleSection":["libros","libros salamanca"],"inLanguage":"es"},{"@type":"WebPage","@id":"https:\/\/blogs.santosochoa.es\/salamanca\/miriam-herran-de-viu\/","url":"https:\/\/blogs.santosochoa.es\/salamanca\/miriam-herran-de-viu\/","name":"Miriam Herr\u00e1n de Viu - Santos Ochoa Salamanca","isPartOf":{"@id":"https:\/\/blogs.santosochoa.es\/salamanca\/#website"},"primaryImageOfPage":{"@id":"https:\/\/blogs.santosochoa.es\/salamanca\/miriam-herran-de-viu\/#primaryimage"},"image":{"@id":"https:\/\/blogs.santosochoa.es\/salamanca\/miriam-herran-de-viu\/#primaryimage"},"thumbnailUrl":"https:\/\/blogs.santosochoa.es\/salamanca\/wp-content\/uploads\/sites\/3\/2026\/02\/ojala-no-lo-hubieran-sabido_Miriam-Herran.jpg","datePublished":"2026-02-25T09:30:18+00:00","dateModified":"2026-02-25T09:30:20+00:00","author":{"@id":"https:\/\/blogs.santosochoa.es\/salamanca\/#\/schema\/person\/a125e75c96c8702907b25e61f1c0b772"},"description":"Miriam Herr\u00e1n de Viu presenta \"Ojal\u00e1 no lo hubieran sabido\". La verdad os har\u00e1 libres pero \u00bfqu\u00e9 pasa si la verdad es insoportable?","breadcrumb":{"@id":"https:\/\/blogs.santosochoa.es\/salamanca\/miriam-herran-de-viu\/#breadcrumb"},"inLanguage":"es","potentialAction":[{"@type":"ReadAction","target":["https:\/\/blogs.santosochoa.es\/salamanca\/miriam-herran-de-viu\/"]}]},{"@type":"ImageObject","inLanguage":"es","@id":"https:\/\/blogs.santosochoa.es\/salamanca\/miriam-herran-de-viu\/#primaryimage","url":"https:\/\/blogs.santosochoa.es\/salamanca\/wp-content\/uploads\/sites\/3\/2026\/02\/ojala-no-lo-hubieran-sabido_Miriam-Herran.jpg","contentUrl":"https:\/\/blogs.santosochoa.es\/salamanca\/wp-content\/uploads\/sites\/3\/2026\/02\/ojala-no-lo-hubieran-sabido_Miriam-Herran.jpg","width":700,"height":1081},{"@type":"BreadcrumbList","@id":"https:\/\/blogs.santosochoa.es\/salamanca\/miriam-herran-de-viu\/#breadcrumb","itemListElement":[{"@type":"ListItem","position":1,"name":"Home","item":"https:\/\/blogs.santosochoa.es\/salamanca\/"},{"@type":"ListItem","position":2,"name":"Miriam Herr\u00e1n de Viu"}]},{"@type":"WebSite","@id":"https:\/\/blogs.santosochoa.es\/salamanca\/#website","url":"https:\/\/blogs.santosochoa.es\/salamanca\/","name":"Santos Ochoa Salamanca","description":"Tu Librer\u00eda Online","potentialAction":[{"@type":"SearchAction","target":{"@type":"EntryPoint","urlTemplate":"https:\/\/blogs.santosochoa.es\/salamanca\/?s={search_term_string}"},"query-input":{"@type":"PropertyValueSpecification","valueRequired":true,"valueName":"search_term_string"}}],"inLanguage":"es"},{"@type":"Person","@id":"https:\/\/blogs.santosochoa.es\/salamanca\/#\/schema\/person\/a125e75c96c8702907b25e61f1c0b772","name":"Santos Ochoa Salamanca"}]}},"_links":{"self":[{"href":"https:\/\/blogs.santosochoa.es\/salamanca\/wp-json\/wp\/v2\/posts\/2032","targetHints":{"allow":["GET"]}}],"collection":[{"href":"https:\/\/blogs.santosochoa.es\/salamanca\/wp-json\/wp\/v2\/posts"}],"about":[{"href":"https:\/\/blogs.santosochoa.es\/salamanca\/wp-json\/wp\/v2\/types\/post"}],"author":[{"embeddable":true,"href":"https:\/\/blogs.santosochoa.es\/salamanca\/wp-json\/wp\/v2\/users\/2"}],"replies":[{"embeddable":true,"href":"https:\/\/blogs.santosochoa.es\/salamanca\/wp-json\/wp\/v2\/comments?post=2032"}],"version-history":[{"count":2,"href":"https:\/\/blogs.santosochoa.es\/salamanca\/wp-json\/wp\/v2\/posts\/2032\/revisions"}],"predecessor-version":[{"id":2034,"href":"https:\/\/blogs.santosochoa.es\/salamanca\/wp-json\/wp\/v2\/posts\/2032\/revisions\/2034"}],"wp:featuredmedia":[{"embeddable":true,"href":"https:\/\/blogs.santosochoa.es\/salamanca\/wp-json\/wp\/v2\/media\/2022"}],"wp:attachment":[{"href":"https:\/\/blogs.santosochoa.es\/salamanca\/wp-json\/wp\/v2\/media?parent=2032"}],"wp:term":[{"taxonomy":"category","embeddable":true,"href":"https:\/\/blogs.santosochoa.es\/salamanca\/wp-json\/wp\/v2\/categories?post=2032"},{"taxonomy":"post_tag","embeddable":true,"href":"https:\/\/blogs.santosochoa.es\/salamanca\/wp-json\/wp\/v2\/tags?post=2032"}],"curies":[{"name":"wp","href":"https:\/\/api.w.org\/{rel}","templated":true}]}}