{"id":1836,"date":"2025-03-12T12:43:40","date_gmt":"2025-03-12T11:43:40","guid":{"rendered":"https:\/\/blogs.santosochoa.es\/salamanca\/?p=1836"},"modified":"2025-03-12T12:43:42","modified_gmt":"2025-03-12T11:43:42","slug":"versos-contra-las-cuerdas-iii","status":"publish","type":"post","link":"https:\/\/blogs.santosochoa.es\/salamanca\/versos-contra-las-cuerdas-iii\/","title":{"rendered":"Versos Contra las Cuerdas III"},"content":{"rendered":"\n<h2 class=\"wp-block-heading\"><strong>Especial D\u00eda de la Poes\u00eda y micr\u00f3fono abierto. Con Isabel Genoveva, M\u00aa Luisa Alonso Arija y Andr\u00e9s Garc\u00eda Manzano<\/strong>.<\/h2>\n\n\n\n<h3 class=\"wp-block-heading\"><strong>Jueves 20 de marzo, a las 19:00 h.<\/strong><\/h3>\n\n\n\n<h4 class=\"wp-block-heading\">Librer\u00eda Santos Ochoa (Gran V\u00eda, 12, Salamanca)<\/h4>\n\n\n\n<div class=\"wp-block-image\"><figure class=\"alignright size-full is-resized\"><img decoding=\"async\" src=\"https:\/\/blogs.santosochoa.es\/salamanca\/wp-content\/uploads\/sites\/3\/2025\/02\/Carteles-Agenda-SAL_202503_5.jpg\" alt=\"\" class=\"wp-image-1821\" width=\"300\" srcset=\"https:\/\/blogs.santosochoa.es\/salamanca\/wp-content\/uploads\/sites\/3\/2025\/02\/Carteles-Agenda-SAL_202503_5.jpg 1080w, https:\/\/blogs.santosochoa.es\/salamanca\/wp-content\/uploads\/sites\/3\/2025\/02\/Carteles-Agenda-SAL_202503_5-300x300.jpg 300w, https:\/\/blogs.santosochoa.es\/salamanca\/wp-content\/uploads\/sites\/3\/2025\/02\/Carteles-Agenda-SAL_202503_5-1024x1024.jpg 1024w, https:\/\/blogs.santosochoa.es\/salamanca\/wp-content\/uploads\/sites\/3\/2025\/02\/Carteles-Agenda-SAL_202503_5-150x150.jpg 150w, https:\/\/blogs.santosochoa.es\/salamanca\/wp-content\/uploads\/sites\/3\/2025\/02\/Carteles-Agenda-SAL_202503_5-768x768.jpg 768w\" sizes=\"(max-width: 1080px) 100vw, 1080px\" \/><\/figure><\/div>\n\n\n\n<h5 class=\"wp-block-heading\"><strong>La poes\u00eda es un lenguaje universal, capaz de atravesar fronteras y tiempos, un refugio donde el alma encuentra consuelo. En sus versos, el dolor se transforma en belleza y la alegr\u00eda se expande sin l\u00edmites. Es un espacio donde lo \u00edntimo se vuelve com\u00fan, donde cada palabra resuena y nos lleva al encuentro con otros, con el mundo y con nosotros mismos.<\/strong><\/h5>\n\n\n\n<p>El tercer round de Versos contra las Cuerdas coincide (casi) con el D\u00eda Mundial de la Poes\u00eda, as\u00ed que estamos de celebraci\u00f3n&#8230; Los poetas Isabel Genoveva, M\u00aa Luisa Alonso Arija y Andr\u00e9s Garc\u00eda Manzano junto al escritor y profesor Francisco Javier Mart\u00edn Prieto conversar\u00e1n acerca de la poes\u00eda como lenguaje universal y refugio del alma, como cobijo de caminos coincidentes. Por supuesto, tambi\u00e9n les pediremos que reciten algunos de sus versos m\u00e1s destacados.<\/p>\n\n\n\n<p><em>Al final del recital habr\u00e1 una ronda de micr\u00f3fono abierto. Si te apetece participar con una breve lectura (m\u00e1ximo dos minutos) trae tu poema y comp\u00e1rtelo, estamos deseando escucharte.<\/em><\/p>\n\n\n\n<p><strong>Isabel Genoveva<\/strong> (Salamanca 1975) comenz\u00f3 a escribir por afici\u00f3n cuando era una adolescente, principalmente poes\u00eda. Ha creado cuentos infantiles personalizados y poemas dedicados, a nivel amateur, para diversos tipos de celebraciones. Tambi\u00e9n ha participado en varios cert\u00e1menes po\u00e9ticos nacionales. La muerte de su padre y la reivindicaci\u00f3n de su madurez la impulsaron a recopilar su obra en el libro <em>Alma<\/em>, un viaje emocional y reflexivo a trav\u00e9s de las palabras, que public\u00f3 en 2023.<\/p>\n\n\n\n<p><strong>Mar\u00eda Luisa Alonso Arija<\/strong>, artista y poeta nacida en Palencia. Sobrina-nieta de Le\u00f3n Felipe, desde su infancia ha tenido un contacto directo con la poes\u00eda, vinculando siempre su creaci\u00f3n pict\u00f3rica con la po\u00e9tica. Ha publicado sus trabajos en la revista de poes\u00eda \u201cPapeles del martes\u201d y en la revista \u201cSerta\u201d. Recientemente acaba de publicar el poemario <em>En medio de la vida<\/em> Un homenaje a Le\u00f3n Felipe.<\/p>\n\n\n\n<p><strong>Andr\u00e9s A. Garc\u00eda Manzano<\/strong> es profesor honor\u00edfico jubilado y fue catedr\u00e1tico de Filosof\u00eda en el IES Mart\u00ednez Uribarri de Salamanca. Es autor del libro <em>Filosof\u00eda Natural de las Cosmolog\u00edas relativistas<\/em>. Ha publicado numerosos art\u00edculos de contenido educativo y colaborado en diversas revistas literarias. Actualmente coordina un grupo de escritura creativa, un caf\u00e9 filos\u00f3fico y participa en otras actividades culturales.<\/p>\n","protected":false},"excerpt":{"rendered":"<p>Isabel Genoveva, M\u00aa Luisa Alonso Arija y Andr\u00e9s Garc\u00eda Manzano. Especial D\u00eda de la Poes\u00eda y micr\u00f3fono abierto. <\/p>\n","protected":false},"author":2,"featured_media":1821,"comment_status":"closed","ping_status":"closed","sticky":false,"template":"","format":"standard","meta":{"footnotes":""},"categories":[15],"tags":[],"class_list":["post-1836","post","type-post","status-publish","format-standard","has-post-thumbnail","hentry","category-poesia"],"yoast_head":"<!-- This site is optimized with the Yoast SEO plugin v27.2 - https:\/\/yoast.com\/product\/yoast-seo-wordpress\/ -->\n<title>Versos Contra las Cuerdas III - Santos Ochoa Salamanca<\/title>\n<meta name=\"description\" content=\"Isabel Genoveva, M\u00aa Luisa Alonso Arija y Andr\u00e9s Garc\u00eda Manzano. Especial D\u00eda de la Poes\u00eda y micr\u00f3fono abierto.\" \/>\n<meta name=\"robots\" content=\"index, follow, max-snippet:-1, max-image-preview:large, max-video-preview:-1\" \/>\n<link rel=\"canonical\" href=\"https:\/\/blogs.santosochoa.es\/salamanca\/versos-contra-las-cuerdas-iii\/\" \/>\n<meta property=\"og:locale\" content=\"es_ES\" \/>\n<meta property=\"og:type\" content=\"article\" \/>\n<meta property=\"og:title\" content=\"Versos Contra las Cuerdas III - Santos Ochoa Salamanca\" \/>\n<meta property=\"og:description\" content=\"Isabel Genoveva, M\u00aa Luisa Alonso Arija y Andr\u00e9s Garc\u00eda Manzano. Especial D\u00eda de la Poes\u00eda y micr\u00f3fono abierto.\" \/>\n<meta property=\"og:url\" content=\"https:\/\/blogs.santosochoa.es\/salamanca\/versos-contra-las-cuerdas-iii\/\" \/>\n<meta property=\"og:site_name\" content=\"Santos Ochoa Salamanca\" \/>\n<meta property=\"article:published_time\" content=\"2025-03-12T11:43:40+00:00\" \/>\n<meta property=\"article:modified_time\" content=\"2025-03-12T11:43:42+00:00\" \/>\n<meta property=\"og:image\" content=\"https:\/\/blogs.santosochoa.es\/salamanca\/wp-content\/uploads\/sites\/3\/2025\/02\/Carteles-Agenda-SAL_202503_5.jpg\" \/>\n\t<meta property=\"og:image:width\" content=\"1080\" \/>\n\t<meta property=\"og:image:height\" content=\"1080\" \/>\n\t<meta property=\"og:image:type\" content=\"image\/jpeg\" \/>\n<meta name=\"author\" content=\"Santos Ochoa Salamanca\" \/>\n<meta name=\"twitter:card\" content=\"summary_large_image\" \/>\n<meta name=\"twitter:label1\" content=\"Written by\" \/>\n\t<meta name=\"twitter:data1\" content=\"Santos Ochoa Salamanca\" \/>\n\t<meta name=\"twitter:label2\" content=\"Est. reading time\" \/>\n\t<meta name=\"twitter:data2\" content=\"2 minutos\" \/>\n<script type=\"application\/ld+json\" class=\"yoast-schema-graph\">{\"@context\":\"https:\/\/schema.org\",\"@graph\":[{\"@type\":\"Article\",\"@id\":\"https:\/\/blogs.santosochoa.es\/salamanca\/versos-contra-las-cuerdas-iii\/#article\",\"isPartOf\":{\"@id\":\"https:\/\/blogs.santosochoa.es\/salamanca\/versos-contra-las-cuerdas-iii\/\"},\"author\":{\"name\":\"Santos Ochoa Salamanca\",\"@id\":\"https:\/\/blogs.santosochoa.es\/salamanca\/#\/schema\/person\/a125e75c96c8702907b25e61f1c0b772\"},\"headline\":\"Versos Contra las Cuerdas III\",\"datePublished\":\"2025-03-12T11:43:40+00:00\",\"dateModified\":\"2025-03-12T11:43:42+00:00\",\"mainEntityOfPage\":{\"@id\":\"https:\/\/blogs.santosochoa.es\/salamanca\/versos-contra-las-cuerdas-iii\/\"},\"wordCount\":446,\"image\":{\"@id\":\"https:\/\/blogs.santosochoa.es\/salamanca\/versos-contra-las-cuerdas-iii\/#primaryimage\"},\"thumbnailUrl\":\"https:\/\/blogs.santosochoa.es\/salamanca\/wp-content\/uploads\/sites\/3\/2025\/02\/Carteles-Agenda-SAL_202503_5.jpg\",\"articleSection\":[\"poes\u00eda\"],\"inLanguage\":\"es\"},{\"@type\":\"WebPage\",\"@id\":\"https:\/\/blogs.santosochoa.es\/salamanca\/versos-contra-las-cuerdas-iii\/\",\"url\":\"https:\/\/blogs.santosochoa.es\/salamanca\/versos-contra-las-cuerdas-iii\/\",\"name\":\"Versos Contra las Cuerdas III - Santos Ochoa Salamanca\",\"isPartOf\":{\"@id\":\"https:\/\/blogs.santosochoa.es\/salamanca\/#website\"},\"primaryImageOfPage\":{\"@id\":\"https:\/\/blogs.santosochoa.es\/salamanca\/versos-contra-las-cuerdas-iii\/#primaryimage\"},\"image\":{\"@id\":\"https:\/\/blogs.santosochoa.es\/salamanca\/versos-contra-las-cuerdas-iii\/#primaryimage\"},\"thumbnailUrl\":\"https:\/\/blogs.santosochoa.es\/salamanca\/wp-content\/uploads\/sites\/3\/2025\/02\/Carteles-Agenda-SAL_202503_5.jpg\",\"datePublished\":\"2025-03-12T11:43:40+00:00\",\"dateModified\":\"2025-03-12T11:43:42+00:00\",\"author\":{\"@id\":\"https:\/\/blogs.santosochoa.es\/salamanca\/#\/schema\/person\/a125e75c96c8702907b25e61f1c0b772\"},\"description\":\"Isabel Genoveva, M\u00aa Luisa Alonso Arija y Andr\u00e9s Garc\u00eda Manzano. Especial D\u00eda de la Poes\u00eda y micr\u00f3fono abierto.\",\"breadcrumb\":{\"@id\":\"https:\/\/blogs.santosochoa.es\/salamanca\/versos-contra-las-cuerdas-iii\/#breadcrumb\"},\"inLanguage\":\"es\",\"potentialAction\":[{\"@type\":\"ReadAction\",\"target\":[\"https:\/\/blogs.santosochoa.es\/salamanca\/versos-contra-las-cuerdas-iii\/\"]}]},{\"@type\":\"ImageObject\",\"inLanguage\":\"es\",\"@id\":\"https:\/\/blogs.santosochoa.es\/salamanca\/versos-contra-las-cuerdas-iii\/#primaryimage\",\"url\":\"https:\/\/blogs.santosochoa.es\/salamanca\/wp-content\/uploads\/sites\/3\/2025\/02\/Carteles-Agenda-SAL_202503_5.jpg\",\"contentUrl\":\"https:\/\/blogs.santosochoa.es\/salamanca\/wp-content\/uploads\/sites\/3\/2025\/02\/Carteles-Agenda-SAL_202503_5.jpg\",\"width\":1080,\"height\":1080},{\"@type\":\"BreadcrumbList\",\"@id\":\"https:\/\/blogs.santosochoa.es\/salamanca\/versos-contra-las-cuerdas-iii\/#breadcrumb\",\"itemListElement\":[{\"@type\":\"ListItem\",\"position\":1,\"name\":\"Home\",\"item\":\"https:\/\/blogs.santosochoa.es\/salamanca\/\"},{\"@type\":\"ListItem\",\"position\":2,\"name\":\"Versos Contra las Cuerdas III\"}]},{\"@type\":\"WebSite\",\"@id\":\"https:\/\/blogs.santosochoa.es\/salamanca\/#website\",\"url\":\"https:\/\/blogs.santosochoa.es\/salamanca\/\",\"name\":\"Santos Ochoa Salamanca\",\"description\":\"Tu Librer\u00eda Online\",\"potentialAction\":[{\"@type\":\"SearchAction\",\"target\":{\"@type\":\"EntryPoint\",\"urlTemplate\":\"https:\/\/blogs.santosochoa.es\/salamanca\/?s={search_term_string}\"},\"query-input\":{\"@type\":\"PropertyValueSpecification\",\"valueRequired\":true,\"valueName\":\"search_term_string\"}}],\"inLanguage\":\"es\"},{\"@type\":\"Person\",\"@id\":\"https:\/\/blogs.santosochoa.es\/salamanca\/#\/schema\/person\/a125e75c96c8702907b25e61f1c0b772\",\"name\":\"Santos Ochoa Salamanca\"}]}<\/script>\n<!-- \/ Yoast SEO plugin. -->","yoast_head_json":{"title":"Versos Contra las Cuerdas III - Santos Ochoa Salamanca","description":"Isabel Genoveva, M\u00aa Luisa Alonso Arija y Andr\u00e9s Garc\u00eda Manzano. Especial D\u00eda de la Poes\u00eda y micr\u00f3fono abierto.","robots":{"index":"index","follow":"follow","max-snippet":"max-snippet:-1","max-image-preview":"max-image-preview:large","max-video-preview":"max-video-preview:-1"},"canonical":"https:\/\/blogs.santosochoa.es\/salamanca\/versos-contra-las-cuerdas-iii\/","og_locale":"es_ES","og_type":"article","og_title":"Versos Contra las Cuerdas III - Santos Ochoa Salamanca","og_description":"Isabel Genoveva, M\u00aa Luisa Alonso Arija y Andr\u00e9s Garc\u00eda Manzano. Especial D\u00eda de la Poes\u00eda y micr\u00f3fono abierto.","og_url":"https:\/\/blogs.santosochoa.es\/salamanca\/versos-contra-las-cuerdas-iii\/","og_site_name":"Santos Ochoa Salamanca","article_published_time":"2025-03-12T11:43:40+00:00","article_modified_time":"2025-03-12T11:43:42+00:00","og_image":[{"width":1080,"height":1080,"url":"https:\/\/blogs.santosochoa.es\/salamanca\/wp-content\/uploads\/sites\/3\/2025\/02\/Carteles-Agenda-SAL_202503_5.jpg","type":"image\/jpeg"}],"author":"Santos Ochoa Salamanca","twitter_card":"summary_large_image","twitter_misc":{"Written by":"Santos Ochoa Salamanca","Est. reading time":"2 minutos"},"schema":{"@context":"https:\/\/schema.org","@graph":[{"@type":"Article","@id":"https:\/\/blogs.santosochoa.es\/salamanca\/versos-contra-las-cuerdas-iii\/#article","isPartOf":{"@id":"https:\/\/blogs.santosochoa.es\/salamanca\/versos-contra-las-cuerdas-iii\/"},"author":{"name":"Santos Ochoa Salamanca","@id":"https:\/\/blogs.santosochoa.es\/salamanca\/#\/schema\/person\/a125e75c96c8702907b25e61f1c0b772"},"headline":"Versos Contra las Cuerdas III","datePublished":"2025-03-12T11:43:40+00:00","dateModified":"2025-03-12T11:43:42+00:00","mainEntityOfPage":{"@id":"https:\/\/blogs.santosochoa.es\/salamanca\/versos-contra-las-cuerdas-iii\/"},"wordCount":446,"image":{"@id":"https:\/\/blogs.santosochoa.es\/salamanca\/versos-contra-las-cuerdas-iii\/#primaryimage"},"thumbnailUrl":"https:\/\/blogs.santosochoa.es\/salamanca\/wp-content\/uploads\/sites\/3\/2025\/02\/Carteles-Agenda-SAL_202503_5.jpg","articleSection":["poes\u00eda"],"inLanguage":"es"},{"@type":"WebPage","@id":"https:\/\/blogs.santosochoa.es\/salamanca\/versos-contra-las-cuerdas-iii\/","url":"https:\/\/blogs.santosochoa.es\/salamanca\/versos-contra-las-cuerdas-iii\/","name":"Versos Contra las Cuerdas III - Santos Ochoa Salamanca","isPartOf":{"@id":"https:\/\/blogs.santosochoa.es\/salamanca\/#website"},"primaryImageOfPage":{"@id":"https:\/\/blogs.santosochoa.es\/salamanca\/versos-contra-las-cuerdas-iii\/#primaryimage"},"image":{"@id":"https:\/\/blogs.santosochoa.es\/salamanca\/versos-contra-las-cuerdas-iii\/#primaryimage"},"thumbnailUrl":"https:\/\/blogs.santosochoa.es\/salamanca\/wp-content\/uploads\/sites\/3\/2025\/02\/Carteles-Agenda-SAL_202503_5.jpg","datePublished":"2025-03-12T11:43:40+00:00","dateModified":"2025-03-12T11:43:42+00:00","author":{"@id":"https:\/\/blogs.santosochoa.es\/salamanca\/#\/schema\/person\/a125e75c96c8702907b25e61f1c0b772"},"description":"Isabel Genoveva, M\u00aa Luisa Alonso Arija y Andr\u00e9s Garc\u00eda Manzano. Especial D\u00eda de la Poes\u00eda y micr\u00f3fono abierto.","breadcrumb":{"@id":"https:\/\/blogs.santosochoa.es\/salamanca\/versos-contra-las-cuerdas-iii\/#breadcrumb"},"inLanguage":"es","potentialAction":[{"@type":"ReadAction","target":["https:\/\/blogs.santosochoa.es\/salamanca\/versos-contra-las-cuerdas-iii\/"]}]},{"@type":"ImageObject","inLanguage":"es","@id":"https:\/\/blogs.santosochoa.es\/salamanca\/versos-contra-las-cuerdas-iii\/#primaryimage","url":"https:\/\/blogs.santosochoa.es\/salamanca\/wp-content\/uploads\/sites\/3\/2025\/02\/Carteles-Agenda-SAL_202503_5.jpg","contentUrl":"https:\/\/blogs.santosochoa.es\/salamanca\/wp-content\/uploads\/sites\/3\/2025\/02\/Carteles-Agenda-SAL_202503_5.jpg","width":1080,"height":1080},{"@type":"BreadcrumbList","@id":"https:\/\/blogs.santosochoa.es\/salamanca\/versos-contra-las-cuerdas-iii\/#breadcrumb","itemListElement":[{"@type":"ListItem","position":1,"name":"Home","item":"https:\/\/blogs.santosochoa.es\/salamanca\/"},{"@type":"ListItem","position":2,"name":"Versos Contra las Cuerdas III"}]},{"@type":"WebSite","@id":"https:\/\/blogs.santosochoa.es\/salamanca\/#website","url":"https:\/\/blogs.santosochoa.es\/salamanca\/","name":"Santos Ochoa Salamanca","description":"Tu Librer\u00eda Online","potentialAction":[{"@type":"SearchAction","target":{"@type":"EntryPoint","urlTemplate":"https:\/\/blogs.santosochoa.es\/salamanca\/?s={search_term_string}"},"query-input":{"@type":"PropertyValueSpecification","valueRequired":true,"valueName":"search_term_string"}}],"inLanguage":"es"},{"@type":"Person","@id":"https:\/\/blogs.santosochoa.es\/salamanca\/#\/schema\/person\/a125e75c96c8702907b25e61f1c0b772","name":"Santos Ochoa Salamanca"}]}},"_links":{"self":[{"href":"https:\/\/blogs.santosochoa.es\/salamanca\/wp-json\/wp\/v2\/posts\/1836","targetHints":{"allow":["GET"]}}],"collection":[{"href":"https:\/\/blogs.santosochoa.es\/salamanca\/wp-json\/wp\/v2\/posts"}],"about":[{"href":"https:\/\/blogs.santosochoa.es\/salamanca\/wp-json\/wp\/v2\/types\/post"}],"author":[{"embeddable":true,"href":"https:\/\/blogs.santosochoa.es\/salamanca\/wp-json\/wp\/v2\/users\/2"}],"replies":[{"embeddable":true,"href":"https:\/\/blogs.santosochoa.es\/salamanca\/wp-json\/wp\/v2\/comments?post=1836"}],"version-history":[{"count":2,"href":"https:\/\/blogs.santosochoa.es\/salamanca\/wp-json\/wp\/v2\/posts\/1836\/revisions"}],"predecessor-version":[{"id":1838,"href":"https:\/\/blogs.santosochoa.es\/salamanca\/wp-json\/wp\/v2\/posts\/1836\/revisions\/1838"}],"wp:featuredmedia":[{"embeddable":true,"href":"https:\/\/blogs.santosochoa.es\/salamanca\/wp-json\/wp\/v2\/media\/1821"}],"wp:attachment":[{"href":"https:\/\/blogs.santosochoa.es\/salamanca\/wp-json\/wp\/v2\/media?parent=1836"}],"wp:term":[{"taxonomy":"category","embeddable":true,"href":"https:\/\/blogs.santosochoa.es\/salamanca\/wp-json\/wp\/v2\/categories?post=1836"},{"taxonomy":"post_tag","embeddable":true,"href":"https:\/\/blogs.santosochoa.es\/salamanca\/wp-json\/wp\/v2\/tags?post=1836"}],"curies":[{"name":"wp","href":"https:\/\/api.w.org\/{rel}","templated":true}]}}