{"id":177,"date":"2017-02-03T11:57:00","date_gmt":"2017-02-03T11:57:00","guid":{"rendered":"https:\/\/blogs.santosochoa.es\/salamanca\/recital-poetico-musical-y-cuentos-musicales\/"},"modified":"2017-02-03T11:57:00","modified_gmt":"2017-02-03T11:57:00","slug":"recital-poetico-musical-y-cuentos-musicales","status":"publish","type":"post","link":"https:\/\/blogs.santosochoa.es\/salamanca\/recital-poetico-musical-y-cuentos-musicales\/","title":{"rendered":"Recital po\u00e9tico-musical y Cuentos musicales"},"content":{"rendered":"<div style=\"clear: both;text-align: center\"><\/div>\n<p><span style=\"font-size: large\"><span style=\"color: #990000\"><span>Recital po\u00e9tico-musical de Sof\u00eda Montero y C\u00e9sar Rivadeneyra<\/span><\/span><br \/>Viernes 10 de febrero, a las 19:00 h.<\/span><br \/>Librer\u00eda Santos Ochoa. Gran V\u00eda, 12. <span style=\"color: #990000\"><b>&nbsp;<\/b><\/span><\/p>\n<div style=\"clear: both;text-align: center\"><a href=\"https:\/\/1.bp.blogspot.com\/-6l0CDCtfrs4\/WJRvRw7G-zI\/AAAAAAAACYs\/Pfe4NtNApzEAkcCoXNm4Dx7612-oXoWMACEw\/s1600\/silente_sofia-montero_w.jpg\" style=\"clear: left;float: left;margin-bottom: 1em;margin-right: 1em\"><img loading=\"lazy\" decoding=\"async\" border=\"0\" height=\"320\" src=\"https:\/\/1.bp.blogspot.com\/-6l0CDCtfrs4\/WJRvRw7G-zI\/AAAAAAAACYs\/Pfe4NtNApzEAkcCoXNm4Dx7612-oXoWMACEw\/s320\/silente_sofia-montero_w.jpg\" width=\"200\" \/><\/a><\/div>\n<p><span style=\"color: #990000\"><b>La Editorial Amarante ha preparado un completo recital en que se presentar\u00e1n los poemarios <i>Silente <\/i>y <i>Ojal para la magia <\/i>de Sof\u00eda Montero. Tambi\u00e9n podremos contemplar el v\u00eddeo realizado por el fot\u00f3grafo y poeta Jos\u00e9 Amador Mart\u00edn, con la voz del rapsoda Jos\u00e9 M\u00aa Terrones. Y, por \u00faltimo, C\u00e9sar Rivadeneyra y Sof\u00eda Montero interpretar\u00e1n algunos poemas convertidos en canci\u00f3n\u2026<\/b><\/span><\/p>\n<p><i>Silente <\/i>es el \u00faltimo poemario de Sof\u00eda Montero y contiene la esencia de su poes\u00eda. Un hexaedro que se conforma de seis partes de un mismo todo: Las horas, el silencio, la palabra, luces y sombras, sensaciones y pensamientos. Poemas breves la mayor\u00eda, algunos casi haikus en esa contemplaci\u00f3n ingenua que porta la mirada de la artista.<\/p>\n<p><i>Cuando el silencio ahoga el sue\u00f1o,<br \/>grita la palabra.<\/i><\/p>\n<p><b>Sof\u00eda Montero Garc\u00eda<\/b>. Plasencia (C\u00e1ceres). Aunque extreme\u00f1a de nacimiento se considera de Salamanca, ciudad en la que ejerce como profesora de infantil y primaria, logopeda y especialista en m\u00fasica. Autora de los libros: <i>Mis Poemas<\/i> y <i>Ojal para la Magia<\/i>. Cantautora de canciones infantiles y de adultos, interviene y colabora en Revistas literarias, libros colectivos y otros medios. Mantiene una columna semanal con fotograf\u00edas propias y poemas en el peri\u00f3dico digital Salamanca RTV al D\u00eda.<\/p>\n<p><span style=\"font-size: large\"><span><span style=\"color: #990000\">Cuentos musicales: <i><b>Paco y la orquesta<\/b><\/i> y <i><b>Paco y el rock<\/b><\/i><\/span><\/span><i><b><br \/><\/b><\/i>S\u00e1bado 11 de febrero, a las 12 h.<\/span><br \/>Librer\u00eda Santos Ochoa. Gran V\u00eda, 12.<\/p>\n<div style=\"clear: both;text-align: center\"><a href=\"https:\/\/3.bp.blogspot.com\/-qlzYlgABeMs\/WJRvoiVkB2I\/AAAAAAAACYw\/Idjsjg4udu0_0BswPCoYvEirLbVDbprWQCLcB\/s1600\/paco-y-la-orquesta_w.jpg\" style=\"clear: right;float: right;margin-bottom: 1em;margin-left: 1em\"><img loading=\"lazy\" decoding=\"async\" border=\"0\" height=\"320\" src=\"https:\/\/3.bp.blogspot.com\/-qlzYlgABeMs\/WJRvoiVkB2I\/AAAAAAAACYw\/Idjsjg4udu0_0BswPCoYvEirLbVDbprWQCLcB\/s320\/paco-y-la-orquesta_w.jpg\" width=\"277\" \/><\/a><\/div>\n<p><span style=\"color: #990000\"><b>A Paco le encanta la m\u00fasica, los sonidos de los distintos instrumentos y todas las melod\u00edas. En su libro Paco y la orquesta buscamos a los m\u00fasicos para un concierto en el bosque y en Paco y el rock vemos c\u00f3mo coge su guitarra y se va a Londres para grabar un disco.<\/b><\/span><\/p>\n<p>Son libros ilustrados a todo color y con sonidos para despertar la sensibilidad musical de los ni\u00f1os, dej\u00e1ndoles interactuar con el cuento y sus melod\u00edas. En este cuentacuentos acompa\u00f1aremos a Paco para conocer a sus amigos y disfrutar con \u00e9l de sus aventuras.<\/p>\n<p><b>Edad recomendada:<\/b> de 1 a 4 a\u00f1os (acompa\u00f1ados por un adulto)<br \/>Entrada libre hasta completar aforo<\/p>\n","protected":false},"excerpt":{"rendered":"<p>Recital po\u00e9tico-musical de Sof\u00eda Montero y C\u00e9sar RivadeneyraViernes 10 de febrero, a las 19:00 h.Librer\u00eda Santos Ochoa. Gran V\u00eda, 12. &nbsp; La Editorial Amarante ha preparado un completo recital en que se presentar\u00e1n los poemarios Silente y Ojal para la magia de Sof\u00eda Montero. Tambi\u00e9n podremos contemplar el v\u00eddeo realizado por el fot\u00f3grafo y poeta [&hellip;]<\/p>\n","protected":false},"author":2,"featured_media":0,"comment_status":"open","ping_status":"open","sticky":false,"template":"","format":"standard","meta":{"footnotes":""},"categories":[12,9,14],"tags":[],"class_list":["post-177","post","type-post","status-publish","format-standard","hentry","category-cuentacuentos","category-libros","category-libros-salamanca"],"yoast_head":"<!-- This site is optimized with the Yoast SEO plugin v27.2 - https:\/\/yoast.com\/product\/yoast-seo-wordpress\/ -->\n<title>Recital po\u00e9tico-musical y Cuentos musicales - Santos Ochoa Salamanca<\/title>\n<meta name=\"robots\" content=\"index, follow, max-snippet:-1, max-image-preview:large, max-video-preview:-1\" \/>\n<link rel=\"canonical\" href=\"https:\/\/blogs.santosochoa.es\/salamanca\/recital-poetico-musical-y-cuentos-musicales\/\" \/>\n<meta property=\"og:locale\" content=\"es_ES\" \/>\n<meta property=\"og:type\" content=\"article\" \/>\n<meta property=\"og:title\" content=\"Recital po\u00e9tico-musical y Cuentos musicales - Santos Ochoa Salamanca\" \/>\n<meta property=\"og:description\" content=\"Recital po\u00e9tico-musical de Sof\u00eda Montero y C\u00e9sar RivadeneyraViernes 10 de febrero, a las 19:00 h.Librer\u00eda Santos Ochoa. Gran V\u00eda, 12. &nbsp; La Editorial Amarante ha preparado un completo recital en que se presentar\u00e1n los poemarios Silente y Ojal para la magia de Sof\u00eda Montero. Tambi\u00e9n podremos contemplar el v\u00eddeo realizado por el fot\u00f3grafo y poeta [&hellip;]\" \/>\n<meta property=\"og:url\" content=\"https:\/\/blogs.santosochoa.es\/salamanca\/recital-poetico-musical-y-cuentos-musicales\/\" \/>\n<meta property=\"og:site_name\" content=\"Santos Ochoa Salamanca\" \/>\n<meta property=\"article:published_time\" content=\"2017-02-03T11:57:00+00:00\" \/>\n<meta property=\"og:image\" content=\"https:\/\/1.bp.blogspot.com\/-6l0CDCtfrs4\/WJRvRw7G-zI\/AAAAAAAACYs\/Pfe4NtNApzEAkcCoXNm4Dx7612-oXoWMACEw\/s320\/silente_sofia-montero_w.jpg\" \/>\n<meta name=\"author\" content=\"Santos Ochoa Salamanca\" \/>\n<meta name=\"twitter:card\" content=\"summary_large_image\" \/>\n<meta name=\"twitter:label1\" content=\"Written by\" \/>\n\t<meta name=\"twitter:data1\" content=\"Santos Ochoa Salamanca\" \/>\n\t<meta name=\"twitter:label2\" content=\"Est. reading time\" \/>\n\t<meta name=\"twitter:data2\" content=\"2 minutos\" \/>\n<script type=\"application\/ld+json\" class=\"yoast-schema-graph\">{\"@context\":\"https:\/\/schema.org\",\"@graph\":[{\"@type\":\"Article\",\"@id\":\"https:\/\/blogs.santosochoa.es\/salamanca\/recital-poetico-musical-y-cuentos-musicales\/#article\",\"isPartOf\":{\"@id\":\"https:\/\/blogs.santosochoa.es\/salamanca\/recital-poetico-musical-y-cuentos-musicales\/\"},\"author\":{\"name\":\"Santos Ochoa Salamanca\",\"@id\":\"https:\/\/blogs.santosochoa.es\/salamanca\/#\/schema\/person\/a125e75c96c8702907b25e61f1c0b772\"},\"headline\":\"Recital po\u00e9tico-musical y Cuentos musicales\",\"datePublished\":\"2017-02-03T11:57:00+00:00\",\"mainEntityOfPage\":{\"@id\":\"https:\/\/blogs.santosochoa.es\/salamanca\/recital-poetico-musical-y-cuentos-musicales\/\"},\"wordCount\":399,\"commentCount\":0,\"image\":{\"@id\":\"https:\/\/blogs.santosochoa.es\/salamanca\/recital-poetico-musical-y-cuentos-musicales\/#primaryimage\"},\"thumbnailUrl\":\"https:\/\/1.bp.blogspot.com\/-6l0CDCtfrs4\/WJRvRw7G-zI\/AAAAAAAACYs\/Pfe4NtNApzEAkcCoXNm4Dx7612-oXoWMACEw\/s320\/silente_sofia-montero_w.jpg\",\"articleSection\":[\"cuentacuentos\",\"libros\",\"libros salamanca\"],\"inLanguage\":\"es\",\"potentialAction\":[{\"@type\":\"CommentAction\",\"name\":\"Comment\",\"target\":[\"https:\/\/blogs.santosochoa.es\/salamanca\/recital-poetico-musical-y-cuentos-musicales\/#respond\"]}]},{\"@type\":\"WebPage\",\"@id\":\"https:\/\/blogs.santosochoa.es\/salamanca\/recital-poetico-musical-y-cuentos-musicales\/\",\"url\":\"https:\/\/blogs.santosochoa.es\/salamanca\/recital-poetico-musical-y-cuentos-musicales\/\",\"name\":\"Recital po\u00e9tico-musical y Cuentos musicales - Santos Ochoa Salamanca\",\"isPartOf\":{\"@id\":\"https:\/\/blogs.santosochoa.es\/salamanca\/#website\"},\"primaryImageOfPage\":{\"@id\":\"https:\/\/blogs.santosochoa.es\/salamanca\/recital-poetico-musical-y-cuentos-musicales\/#primaryimage\"},\"image\":{\"@id\":\"https:\/\/blogs.santosochoa.es\/salamanca\/recital-poetico-musical-y-cuentos-musicales\/#primaryimage\"},\"thumbnailUrl\":\"https:\/\/1.bp.blogspot.com\/-6l0CDCtfrs4\/WJRvRw7G-zI\/AAAAAAAACYs\/Pfe4NtNApzEAkcCoXNm4Dx7612-oXoWMACEw\/s320\/silente_sofia-montero_w.jpg\",\"datePublished\":\"2017-02-03T11:57:00+00:00\",\"author\":{\"@id\":\"https:\/\/blogs.santosochoa.es\/salamanca\/#\/schema\/person\/a125e75c96c8702907b25e61f1c0b772\"},\"breadcrumb\":{\"@id\":\"https:\/\/blogs.santosochoa.es\/salamanca\/recital-poetico-musical-y-cuentos-musicales\/#breadcrumb\"},\"inLanguage\":\"es\",\"potentialAction\":[{\"@type\":\"ReadAction\",\"target\":[\"https:\/\/blogs.santosochoa.es\/salamanca\/recital-poetico-musical-y-cuentos-musicales\/\"]}]},{\"@type\":\"ImageObject\",\"inLanguage\":\"es\",\"@id\":\"https:\/\/blogs.santosochoa.es\/salamanca\/recital-poetico-musical-y-cuentos-musicales\/#primaryimage\",\"url\":\"https:\/\/1.bp.blogspot.com\/-6l0CDCtfrs4\/WJRvRw7G-zI\/AAAAAAAACYs\/Pfe4NtNApzEAkcCoXNm4Dx7612-oXoWMACEw\/s320\/silente_sofia-montero_w.jpg\",\"contentUrl\":\"https:\/\/1.bp.blogspot.com\/-6l0CDCtfrs4\/WJRvRw7G-zI\/AAAAAAAACYs\/Pfe4NtNApzEAkcCoXNm4Dx7612-oXoWMACEw\/s320\/silente_sofia-montero_w.jpg\"},{\"@type\":\"BreadcrumbList\",\"@id\":\"https:\/\/blogs.santosochoa.es\/salamanca\/recital-poetico-musical-y-cuentos-musicales\/#breadcrumb\",\"itemListElement\":[{\"@type\":\"ListItem\",\"position\":1,\"name\":\"Home\",\"item\":\"https:\/\/blogs.santosochoa.es\/salamanca\/\"},{\"@type\":\"ListItem\",\"position\":2,\"name\":\"Recital po\u00e9tico-musical y Cuentos musicales\"}]},{\"@type\":\"WebSite\",\"@id\":\"https:\/\/blogs.santosochoa.es\/salamanca\/#website\",\"url\":\"https:\/\/blogs.santosochoa.es\/salamanca\/\",\"name\":\"Santos Ochoa Salamanca\",\"description\":\"Tu Librer\u00eda Online\",\"potentialAction\":[{\"@type\":\"SearchAction\",\"target\":{\"@type\":\"EntryPoint\",\"urlTemplate\":\"https:\/\/blogs.santosochoa.es\/salamanca\/?s={search_term_string}\"},\"query-input\":{\"@type\":\"PropertyValueSpecification\",\"valueRequired\":true,\"valueName\":\"search_term_string\"}}],\"inLanguage\":\"es\"},{\"@type\":\"Person\",\"@id\":\"https:\/\/blogs.santosochoa.es\/salamanca\/#\/schema\/person\/a125e75c96c8702907b25e61f1c0b772\",\"name\":\"Santos Ochoa Salamanca\"}]}<\/script>\n<!-- \/ Yoast SEO plugin. -->","yoast_head_json":{"title":"Recital po\u00e9tico-musical y Cuentos musicales - Santos Ochoa Salamanca","robots":{"index":"index","follow":"follow","max-snippet":"max-snippet:-1","max-image-preview":"max-image-preview:large","max-video-preview":"max-video-preview:-1"},"canonical":"https:\/\/blogs.santosochoa.es\/salamanca\/recital-poetico-musical-y-cuentos-musicales\/","og_locale":"es_ES","og_type":"article","og_title":"Recital po\u00e9tico-musical y Cuentos musicales - Santos Ochoa Salamanca","og_description":"Recital po\u00e9tico-musical de Sof\u00eda Montero y C\u00e9sar RivadeneyraViernes 10 de febrero, a las 19:00 h.Librer\u00eda Santos Ochoa. Gran V\u00eda, 12. &nbsp; La Editorial Amarante ha preparado un completo recital en que se presentar\u00e1n los poemarios Silente y Ojal para la magia de Sof\u00eda Montero. Tambi\u00e9n podremos contemplar el v\u00eddeo realizado por el fot\u00f3grafo y poeta [&hellip;]","og_url":"https:\/\/blogs.santosochoa.es\/salamanca\/recital-poetico-musical-y-cuentos-musicales\/","og_site_name":"Santos Ochoa Salamanca","article_published_time":"2017-02-03T11:57:00+00:00","og_image":[{"url":"https:\/\/1.bp.blogspot.com\/-6l0CDCtfrs4\/WJRvRw7G-zI\/AAAAAAAACYs\/Pfe4NtNApzEAkcCoXNm4Dx7612-oXoWMACEw\/s320\/silente_sofia-montero_w.jpg","type":"","width":"","height":""}],"author":"Santos Ochoa Salamanca","twitter_card":"summary_large_image","twitter_misc":{"Written by":"Santos Ochoa Salamanca","Est. reading time":"2 minutos"},"schema":{"@context":"https:\/\/schema.org","@graph":[{"@type":"Article","@id":"https:\/\/blogs.santosochoa.es\/salamanca\/recital-poetico-musical-y-cuentos-musicales\/#article","isPartOf":{"@id":"https:\/\/blogs.santosochoa.es\/salamanca\/recital-poetico-musical-y-cuentos-musicales\/"},"author":{"name":"Santos Ochoa Salamanca","@id":"https:\/\/blogs.santosochoa.es\/salamanca\/#\/schema\/person\/a125e75c96c8702907b25e61f1c0b772"},"headline":"Recital po\u00e9tico-musical y Cuentos musicales","datePublished":"2017-02-03T11:57:00+00:00","mainEntityOfPage":{"@id":"https:\/\/blogs.santosochoa.es\/salamanca\/recital-poetico-musical-y-cuentos-musicales\/"},"wordCount":399,"commentCount":0,"image":{"@id":"https:\/\/blogs.santosochoa.es\/salamanca\/recital-poetico-musical-y-cuentos-musicales\/#primaryimage"},"thumbnailUrl":"https:\/\/1.bp.blogspot.com\/-6l0CDCtfrs4\/WJRvRw7G-zI\/AAAAAAAACYs\/Pfe4NtNApzEAkcCoXNm4Dx7612-oXoWMACEw\/s320\/silente_sofia-montero_w.jpg","articleSection":["cuentacuentos","libros","libros salamanca"],"inLanguage":"es","potentialAction":[{"@type":"CommentAction","name":"Comment","target":["https:\/\/blogs.santosochoa.es\/salamanca\/recital-poetico-musical-y-cuentos-musicales\/#respond"]}]},{"@type":"WebPage","@id":"https:\/\/blogs.santosochoa.es\/salamanca\/recital-poetico-musical-y-cuentos-musicales\/","url":"https:\/\/blogs.santosochoa.es\/salamanca\/recital-poetico-musical-y-cuentos-musicales\/","name":"Recital po\u00e9tico-musical y Cuentos musicales - Santos Ochoa Salamanca","isPartOf":{"@id":"https:\/\/blogs.santosochoa.es\/salamanca\/#website"},"primaryImageOfPage":{"@id":"https:\/\/blogs.santosochoa.es\/salamanca\/recital-poetico-musical-y-cuentos-musicales\/#primaryimage"},"image":{"@id":"https:\/\/blogs.santosochoa.es\/salamanca\/recital-poetico-musical-y-cuentos-musicales\/#primaryimage"},"thumbnailUrl":"https:\/\/1.bp.blogspot.com\/-6l0CDCtfrs4\/WJRvRw7G-zI\/AAAAAAAACYs\/Pfe4NtNApzEAkcCoXNm4Dx7612-oXoWMACEw\/s320\/silente_sofia-montero_w.jpg","datePublished":"2017-02-03T11:57:00+00:00","author":{"@id":"https:\/\/blogs.santosochoa.es\/salamanca\/#\/schema\/person\/a125e75c96c8702907b25e61f1c0b772"},"breadcrumb":{"@id":"https:\/\/blogs.santosochoa.es\/salamanca\/recital-poetico-musical-y-cuentos-musicales\/#breadcrumb"},"inLanguage":"es","potentialAction":[{"@type":"ReadAction","target":["https:\/\/blogs.santosochoa.es\/salamanca\/recital-poetico-musical-y-cuentos-musicales\/"]}]},{"@type":"ImageObject","inLanguage":"es","@id":"https:\/\/blogs.santosochoa.es\/salamanca\/recital-poetico-musical-y-cuentos-musicales\/#primaryimage","url":"https:\/\/1.bp.blogspot.com\/-6l0CDCtfrs4\/WJRvRw7G-zI\/AAAAAAAACYs\/Pfe4NtNApzEAkcCoXNm4Dx7612-oXoWMACEw\/s320\/silente_sofia-montero_w.jpg","contentUrl":"https:\/\/1.bp.blogspot.com\/-6l0CDCtfrs4\/WJRvRw7G-zI\/AAAAAAAACYs\/Pfe4NtNApzEAkcCoXNm4Dx7612-oXoWMACEw\/s320\/silente_sofia-montero_w.jpg"},{"@type":"BreadcrumbList","@id":"https:\/\/blogs.santosochoa.es\/salamanca\/recital-poetico-musical-y-cuentos-musicales\/#breadcrumb","itemListElement":[{"@type":"ListItem","position":1,"name":"Home","item":"https:\/\/blogs.santosochoa.es\/salamanca\/"},{"@type":"ListItem","position":2,"name":"Recital po\u00e9tico-musical y Cuentos musicales"}]},{"@type":"WebSite","@id":"https:\/\/blogs.santosochoa.es\/salamanca\/#website","url":"https:\/\/blogs.santosochoa.es\/salamanca\/","name":"Santos Ochoa Salamanca","description":"Tu Librer\u00eda Online","potentialAction":[{"@type":"SearchAction","target":{"@type":"EntryPoint","urlTemplate":"https:\/\/blogs.santosochoa.es\/salamanca\/?s={search_term_string}"},"query-input":{"@type":"PropertyValueSpecification","valueRequired":true,"valueName":"search_term_string"}}],"inLanguage":"es"},{"@type":"Person","@id":"https:\/\/blogs.santosochoa.es\/salamanca\/#\/schema\/person\/a125e75c96c8702907b25e61f1c0b772","name":"Santos Ochoa Salamanca"}]}},"_links":{"self":[{"href":"https:\/\/blogs.santosochoa.es\/salamanca\/wp-json\/wp\/v2\/posts\/177","targetHints":{"allow":["GET"]}}],"collection":[{"href":"https:\/\/blogs.santosochoa.es\/salamanca\/wp-json\/wp\/v2\/posts"}],"about":[{"href":"https:\/\/blogs.santosochoa.es\/salamanca\/wp-json\/wp\/v2\/types\/post"}],"author":[{"embeddable":true,"href":"https:\/\/blogs.santosochoa.es\/salamanca\/wp-json\/wp\/v2\/users\/2"}],"replies":[{"embeddable":true,"href":"https:\/\/blogs.santosochoa.es\/salamanca\/wp-json\/wp\/v2\/comments?post=177"}],"version-history":[{"count":0,"href":"https:\/\/blogs.santosochoa.es\/salamanca\/wp-json\/wp\/v2\/posts\/177\/revisions"}],"wp:attachment":[{"href":"https:\/\/blogs.santosochoa.es\/salamanca\/wp-json\/wp\/v2\/media?parent=177"}],"wp:term":[{"taxonomy":"category","embeddable":true,"href":"https:\/\/blogs.santosochoa.es\/salamanca\/wp-json\/wp\/v2\/categories?post=177"},{"taxonomy":"post_tag","embeddable":true,"href":"https:\/\/blogs.santosochoa.es\/salamanca\/wp-json\/wp\/v2\/tags?post=177"}],"curies":[{"name":"wp","href":"https:\/\/api.w.org\/{rel}","templated":true}]}}