{"id":1750,"date":"2024-10-31T21:11:04","date_gmt":"2024-10-31T20:11:04","guid":{"rendered":"https:\/\/blogs.santosochoa.es\/salamanca\/?p=1750"},"modified":"2024-10-31T21:16:16","modified_gmt":"2024-10-31T20:16:16","slug":"maria-y-laura-lara-elma-garcia-taller-de-escritura","status":"publish","type":"post","link":"https:\/\/blogs.santosochoa.es\/salamanca\/maria-y-laura-lara-elma-garcia-taller-de-escritura\/","title":{"rendered":"Mar\u00eda y Laura Lara, Elma Garc\u00eda, Taller de Escritura"},"content":{"rendered":"\n<h2 class=\"wp-block-heading\"><strong><em>Juana I. La reina cuerda<\/em>. Charla y libro con las historiadoras Mar\u00eda y Laura Lara<\/strong><\/h2>\n\n\n\n<h3 class=\"wp-block-heading\"><strong>Mi\u00e9rcoles 6 de noviembre<\/strong><strong>, a las 19:00 h.<\/strong><\/h3>\n\n\n\n<h4 class=\"wp-block-heading\">Librer\u00eda Santos Ochoa. (Gran V\u00eda, 12, Salamanca)<\/h4>\n\n\n\n<div class=\"wp-block-image\"><figure class=\"alignright size-full is-resized\"><a href=\"https:\/\/www.santosochoa.es\/libros\/lara-maria_juana-i-la-reina-cuerda_9788418414718\" target=\"_blank\" rel=\"noopener noreferrer\"><img decoding=\"async\" src=\"https:\/\/blogs.santosochoa.es\/salamanca\/wp-content\/uploads\/sites\/3\/2024\/10\/juana-I-la-reina-cuerda_Maria-Lara.jpg\" alt=\"\" class=\"wp-image-1740\" width=\"300\" srcset=\"https:\/\/blogs.santosochoa.es\/salamanca\/wp-content\/uploads\/sites\/3\/2024\/10\/juana-I-la-reina-cuerda_Maria-Lara.jpg 591w, https:\/\/blogs.santosochoa.es\/salamanca\/wp-content\/uploads\/sites\/3\/2024\/10\/juana-I-la-reina-cuerda_Maria-Lara-192x300.jpg 192w\" sizes=\"(max-width: 591px) 100vw, 591px\" \/><\/a><\/figure><\/div>\n\n\n\n<h5 class=\"wp-block-heading\"><strong>A la soberana mejor preparada del Renacimiento su padre, su marido y su hijo no le dejaron ejercer su poder. Sin embargo, todos la necesitaban como sombra. Se llamaba Juana y no estaba loca.<\/strong><\/h5>\n\n\n\n<p>Descrita en su juventud como \u201cmuy cuerda\u201d, \u00bfpor qu\u00e9 se torcieron las cosas en la existencia de Juana? \u00bfFue tan \u201chermoso\u201d su marido? \u00bfPadec\u00eda Juana una enfermedad latente que se aceler\u00f3 en la distancia con Castilla? \u00bfAcentuaron los embarazos una dolencia silenciosa hasta entonces? \u00bfConstituyeron los celos la causa de su patolog\u00eda? \u00bfPor qu\u00e9 a Isabel la Cat\u00f3lica a finales del Medievo se le permiti\u00f3 reinar y a su heredera no, en pleno Renacimiento, con el humanismo como doctrina? \u00bfUtiliz\u00f3 Juana la enajenaci\u00f3n que le achacaban a modo de m\u00e1scara neuronal? \u00bfA qu\u00e9 valores se aferraba para mantener la valent\u00eda frente a sus captores?<br><br>Durante casi 50 a\u00f1os Juana, la reina m\u00e1s famosa de Espa\u00f1a y sin embargo con menos poder, estuvo confinada en el palacio de Tordesillas. Cuando lleg\u00f3 ten\u00eda 29 a\u00f1os y muri\u00f3 en aquella clausura a la edad de 75. A excepci\u00f3n de las risas infantiles, a lo largo de toda su vida fue tratada como una marioneta. Ella, que era la princesa m\u00e1s sabia de su tiempo\u2026<\/p>\n\n\n\n<p>Sin buscarlo, Juana fue en el tablero un pe\u00f3n movido a su antojo por su padre, Fernando, por su esposo, Felipe, y por su hijo, Carlos. Dicen que detr\u00e1s de la historia del ajedrez, tra\u00eddo a la Pen\u00ednsula Ib\u00e9rica por los musulmanes, se esconde enigm\u00e1ticamente la figura de su madre, la Dama&#8230; Isabel design\u00f3 a Juana como heredera en su testamento, aunque en la pr\u00e1ctica se hizo caso omiso a su mandato.<\/p>\n\n\n\n<p>Con paciencia y rigor cient\u00edfico Mar\u00eda Lara, doctora en Historia Moderna, reconstruye la vida cotidiana de Juana de Trast\u00e1mara, desde la pesquisa sobre su lugar de nacimiento hasta su ocaso un Viernes Santo despu\u00e9s de haber sido tildada de hereje. Investigando en los archivos, la escritora se adentra en el universo emocional de Juana, la emperatriz a la que nunca se le reconoci\u00f3 el t\u00edtulo, la m\u00edstica que convivi\u00f3 con el cad\u00e1ver de Felipe como llave para su libertad. Esta es la historia de Juana, la reina cuerda.<\/p>\n\n\n\n<p><a href=\"https:\/\/almuzaralibros.com\/fichaautor.php?autor=3384&amp;edi=7\" target=\"_blank\" rel=\"noreferrer noopener\"><strong>Mar\u00eda<\/strong><\/a><strong> y <\/strong><a href=\"https:\/\/www.academiatv.es\/academico\/?id=1288\" target=\"_blank\" rel=\"noreferrer noopener\"><strong>Laura<\/strong><\/a><strong> Lara<\/strong> son historiadoras, escritoras, divulgadoras y profesoras universitarias. En 2015 recibieron el Premio Algaba por su libro <em>Ignacio y la Compa\u00f1\u00eda. Del castillo a la misi\u00f3n<\/em> y, en 2018, publicaron el <em>Breviario de Historia de Espa\u00f1a<\/em>, al que siguieron obras como <em>Princesas en Jeans, Los caballos amarillos. Enfermedades que nadie vio venir<\/em> y <em>Mentiras de la Historia de Espa\u00f1a<\/em>. Juntas y por separado son autoras de numerosas publicaciones y colaboran regularmente como especialistas en historia en diversos medios de comunicaci\u00f3n.<\/p>\n\n\n\n<p><em>Presenta la Dra. <\/em><a href=\"https:\/\/www.academiatv.es\/academico\/?id=1288\" target=\"_blank\" rel=\"noreferrer noopener\"><strong><em>Laura Lara<\/em><\/strong><\/a><em>, Profesora de la UNED y acad\u00e9mica de la Televisi\u00f3n.<\/em><\/p>\n\n\n\n<div style=\"height:51px\" aria-hidden=\"true\" class=\"wp-block-spacer\"><\/div>\n\n\n\n<h2 class=\"wp-block-heading\"><strong>Elma Garc\u00eda presenta <em>Amni\u00f3tica.<\/em> \u00bfQu\u00e9 har\u00edas t\u00fa si estuvieras en la piel de la protagonista?<\/strong><\/h2>\n\n\n\n<h3 class=\"wp-block-heading\"><strong>Viernes 8 de noviembre<\/strong><strong>, a las 19:00 h.<\/strong><\/h3>\n\n\n\n<h4 class=\"wp-block-heading\">Librer\u00eda Santos Ochoa. (Gran V\u00eda, 12, Salamanca)<\/h4>\n\n\n\n<div class=\"wp-block-image\"><figure class=\"alignleft size-full is-resized\"><a href=\"https:\/\/www.santosochoa.es\/libros\/garcia-elma_amniotica_9788412824711\" target=\"_blank\" rel=\"noopener noreferrer\"><img decoding=\"async\" src=\"https:\/\/blogs.santosochoa.es\/salamanca\/wp-content\/uploads\/sites\/3\/2024\/10\/amniotica_Elma-Garcia.jpg\" alt=\"\" class=\"wp-image-1743\" width=\"300\" srcset=\"https:\/\/blogs.santosochoa.es\/salamanca\/wp-content\/uploads\/sites\/3\/2024\/10\/amniotica_Elma-Garcia.jpg 591w, https:\/\/blogs.santosochoa.es\/salamanca\/wp-content\/uploads\/sites\/3\/2024\/10\/amniotica_Elma-Garcia-195x300.jpg 195w\" sizes=\"(max-width: 591px) 100vw, 591px\" \/><\/a><\/figure><\/div>\n\n\n\n<h5 class=\"wp-block-heading\"><strong>\u00abAmni\u00f3tica es una novela que ejerce un influjo creciente a medida que avanzas en ella, es inevitable no querer saber qu\u00e9 va a pasar despu\u00e9s. Y esto nos sucede porque la autora, tanto por el tema que explora, delicado y tan de actualidad, y que no desvelaremos, como por la atm\u00f3sfera creada en torno a los personajes, logra instalarnos de lleno en el coraz\u00f3n del conflicto, nos mira a la cara y nos interpela: \u00bfQu\u00e9 har\u00edas t\u00fa si estuvieras en la piel de la protagonista?\u00bb.<\/strong> Adolfo Gilaberte<\/h5>\n\n\n\n<p>\u00abEl viaje propuesto por la autora depara escenas de di\u00e1logos r\u00e1pidos, din\u00e1micos, donde lo importante no es lo que se dice, sino esa gr\u00e1vida pulsi\u00f3n que subyace bajo las palabras, giros argumentales insospechados y maravillas, sobre las que tendr\u00e1 el lector que dar cuenta y descubrir por derecho propio, como el maravilloso final sobrecogedoramente simb\u00f3lico\u00bb. Ignacio Ferrando<\/p>\n\n\n\n<p><strong>Elma Garc\u00eda <\/strong>(Salamanca, 1974). Estudia periodismo en Salamanca. Despu\u00e9s de vivir en California, regresa con un M\u00e1ster en Comunicaci\u00f3n y trabaja en varias agencias de publicidad. Oposita para t\u00e9cnico de Empleo y desde 2009 trabaja en diversas oficinas de empleo de la Comunidad de Madrid. Forma parte de la XII promoci\u00f3n del M\u00e1ster de Narrativa y de la III del M\u00e1ster de Poes\u00eda de Escuela de Escritores. Ha colaborado en \u00abMenos mal que no se oye lo que pienso\u00bb, blog elaborado por el colectivo m\u00e9dico LARCS en P\u00fablico. Gan\u00f3 el primer concurso de \u00abCuentos para el And\u00e9n y Fuentetaja\u00bb con el microrrelato \u00abPeces en 2013\u00bb. CpE tambi\u00e9n public\u00f3 su relato \u00abUn drag\u00f3n de azoteas\u00bb en 2016 y La Rompedora public\u00f3 \u00abOjos de niebla\u00bb, relato de 2021 y varias poes\u00edas en 2023. \u00abAmni\u00f3tica\u00bb es su primera novela.<\/p>\n\n\n\n<div style=\"height:51px\" aria-hidden=\"true\" class=\"wp-block-spacer\"><\/div>\n\n\n\n<h2 class=\"wp-block-heading\"><strong><em>Taller de Escritura Creativa<\/em> con el escritor y profesor Francisco Javier Mart\u00edn Prieto<\/strong><\/h2>\n\n\n\n<h3 class=\"wp-block-heading\"><strong>S\u00e1bado 9 de noviembre<\/strong><strong>, de 10:30 a 13:30 h.<\/strong><\/h3>\n\n\n\n<h4 class=\"wp-block-heading\">Librer\u00eda Santos Ochoa. Gran V\u00eda, 12, Salamanca<\/h4>\n\n\n\n<p>A partir de 16 a\u00f1os.<\/p>\n\n\n\n<p><a href=\"https:\/\/blogs.santosochoa.es\/salamanca\/eventos\/taller-de-escritura-creativa-con-el-escritor-y-profesor-francisco-javier-martin-prieto\/\"><strong>Plazas limitadas.<\/strong> Inscripci\u00f3n gratuita pinchando aqu\u00ed<\/a>.<\/p>\n\n\n\n<div class=\"wp-block-image\"><figure class=\"alignright size-large is-resized\"><img decoding=\"async\" src=\"https:\/\/blogs.santosochoa.es\/salamanca\/wp-content\/uploads\/sites\/3\/2024\/10\/freepik__chica-escribiendo-1024x797.jpg\" alt=\"\" class=\"wp-image-1745\" width=\"300\" srcset=\"https:\/\/blogs.santosochoa.es\/salamanca\/wp-content\/uploads\/sites\/3\/2024\/10\/freepik__chica-escribiendo-1024x797.jpg 1024w, https:\/\/blogs.santosochoa.es\/salamanca\/wp-content\/uploads\/sites\/3\/2024\/10\/freepik__chica-escribiendo-300x233.jpg 300w, https:\/\/blogs.santosochoa.es\/salamanca\/wp-content\/uploads\/sites\/3\/2024\/10\/freepik__chica-escribiendo-768x597.jpg 768w, https:\/\/blogs.santosochoa.es\/salamanca\/wp-content\/uploads\/sites\/3\/2024\/10\/freepik__chica-escribiendo-1080x840.jpg 1080w, https:\/\/blogs.santosochoa.es\/salamanca\/wp-content\/uploads\/sites\/3\/2024\/10\/freepik__chica-escribiendo.jpg 1418w\" sizes=\"(max-width: 1024px) 100vw, 1024px\" \/><\/figure><\/div>\n\n\n\n<h5 class=\"wp-block-heading\"><strong>\u00bfTienes un mont\u00f3n de ideas y muchas ganas de ponerlas en papel? \u00bfQuieres comenzar a escribir y no sabes c\u00f3mo?<\/strong><\/h5>\n\n\n\n<h5 class=\"wp-block-heading\"><strong>Entonces este taller de escritura creativa es para ti. Una oportunidad fabulosa para aprender a convertir tus fantas\u00edas en relatos de la mano del escritor y profesor Francisco Javier Mart\u00edn Prieto.<\/strong><\/h5>\n\n\n\n<p>En este taller intensivo y pr\u00e1ctico (escribiremos de manera real) nos introduciremos en las herramientas principales a tener en cuenta a la hora de comenzar un relato: la idea, el g\u00e9nero, la trama, el estilo, los personajes, la importancia del narrador, el final o cierre&#8230; y la manera de plasmar todo lo anterior en el papel.<\/p>\n\n\n\n<p><strong>Francisco Javier Mart\u00edn Prieto<\/strong> (Salamanca 1964). Ha publicado 12 novelas y un libro de relatos, todas ellas bajo el formato preferido del autor: ensayo novelado. Licenciado en Filosof\u00eda y Ciencias de la Educaci\u00f3n por la Universidad de Salamanca, realiza los cursos de Doctorado en la Universidad Pontificia de la misma ciudad. Diplomado en T\u00e9cnicas de Investigaci\u00f3n Social por el Instituto de Sociolog\u00eda Aplicada (ISAM) de Madrid. Master MBA, funda y dirige Desarrollo Empresarial.<\/p>\n","protected":false},"excerpt":{"rendered":"<p>\u00abJuana I. La reina cuerda\u00bb, charla y libro con Mar\u00eda y Laura Lara. Elma Garc\u00eda presenta \u00abAmni\u00f3tica\u00bb. Escritura Creativa con Francisco Javier Mart\u00edn Prieto.<\/p>\n","protected":false},"author":2,"featured_media":1740,"comment_status":"closed","ping_status":"closed","sticky":false,"template":"","format":"standard","meta":{"footnotes":""},"categories":[11,9,14],"tags":[],"class_list":["post-1750","post","type-post","status-publish","format-standard","has-post-thumbnail","hentry","category-charlas","category-libros","category-libros-salamanca"],"yoast_head":"<!-- This site is optimized with the Yoast SEO plugin v27.2 - https:\/\/yoast.com\/product\/yoast-seo-wordpress\/ -->\n<title>Mar\u00eda y Laura Lara, Elma Garc\u00eda, Taller de Escritura - Santos Ochoa Salamanca<\/title>\n<meta name=\"description\" content=\"&quot;Juana I. La reina cuerda&quot;, charla y libro con Mar\u00eda y Laura Lara. Elma Garc\u00eda presenta &quot;Amni\u00f3tica&quot;. Escritura Creativa con Francisco Javier Mart\u00edn Prieto.\" \/>\n<meta name=\"robots\" content=\"index, follow, max-snippet:-1, max-image-preview:large, max-video-preview:-1\" \/>\n<link rel=\"canonical\" href=\"https:\/\/blogs.santosochoa.es\/salamanca\/maria-y-laura-lara-elma-garcia-taller-de-escritura\/\" \/>\n<meta property=\"og:locale\" content=\"es_ES\" \/>\n<meta property=\"og:type\" content=\"article\" \/>\n<meta property=\"og:title\" content=\"Mar\u00eda y Laura Lara, Elma Garc\u00eda, Taller de Escritura - Santos Ochoa Salamanca\" \/>\n<meta property=\"og:description\" content=\"&quot;Juana I. La reina cuerda&quot;, charla y libro con Mar\u00eda y Laura Lara. Elma Garc\u00eda presenta &quot;Amni\u00f3tica&quot;. Escritura Creativa con Francisco Javier Mart\u00edn Prieto.\" \/>\n<meta property=\"og:url\" content=\"https:\/\/blogs.santosochoa.es\/salamanca\/maria-y-laura-lara-elma-garcia-taller-de-escritura\/\" \/>\n<meta property=\"og:site_name\" content=\"Santos Ochoa Salamanca\" \/>\n<meta property=\"article:published_time\" content=\"2024-10-31T20:11:04+00:00\" \/>\n<meta property=\"article:modified_time\" content=\"2024-10-31T20:16:16+00:00\" \/>\n<meta property=\"og:image\" content=\"https:\/\/blogs.santosochoa.es\/salamanca\/wp-content\/uploads\/sites\/3\/2024\/10\/juana-I-la-reina-cuerda_Maria-Lara.jpg\" \/>\n\t<meta property=\"og:image:width\" content=\"591\" \/>\n\t<meta property=\"og:image:height\" content=\"923\" \/>\n\t<meta property=\"og:image:type\" content=\"image\/jpeg\" \/>\n<meta name=\"author\" content=\"Santos Ochoa Salamanca\" \/>\n<meta name=\"twitter:card\" content=\"summary_large_image\" \/>\n<meta name=\"twitter:label1\" content=\"Written by\" \/>\n\t<meta name=\"twitter:data1\" content=\"Santos Ochoa Salamanca\" \/>\n\t<meta name=\"twitter:label2\" content=\"Est. reading time\" \/>\n\t<meta name=\"twitter:data2\" content=\"5 minutos\" \/>\n<script type=\"application\/ld+json\" class=\"yoast-schema-graph\">{\"@context\":\"https:\/\/schema.org\",\"@graph\":[{\"@type\":\"Article\",\"@id\":\"https:\/\/blogs.santosochoa.es\/salamanca\/maria-y-laura-lara-elma-garcia-taller-de-escritura\/#article\",\"isPartOf\":{\"@id\":\"https:\/\/blogs.santosochoa.es\/salamanca\/maria-y-laura-lara-elma-garcia-taller-de-escritura\/\"},\"author\":{\"name\":\"Santos Ochoa Salamanca\",\"@id\":\"https:\/\/blogs.santosochoa.es\/salamanca\/#\/schema\/person\/a125e75c96c8702907b25e61f1c0b772\"},\"headline\":\"Mar\u00eda y Laura Lara, Elma Garc\u00eda, Taller de Escritura\",\"datePublished\":\"2024-10-31T20:11:04+00:00\",\"dateModified\":\"2024-10-31T20:16:16+00:00\",\"mainEntityOfPage\":{\"@id\":\"https:\/\/blogs.santosochoa.es\/salamanca\/maria-y-laura-lara-elma-garcia-taller-de-escritura\/\"},\"wordCount\":1098,\"image\":{\"@id\":\"https:\/\/blogs.santosochoa.es\/salamanca\/maria-y-laura-lara-elma-garcia-taller-de-escritura\/#primaryimage\"},\"thumbnailUrl\":\"https:\/\/blogs.santosochoa.es\/salamanca\/wp-content\/uploads\/sites\/3\/2024\/10\/juana-I-la-reina-cuerda_Maria-Lara.jpg\",\"articleSection\":[\"charlas\",\"libros\",\"libros salamanca\"],\"inLanguage\":\"es\"},{\"@type\":\"WebPage\",\"@id\":\"https:\/\/blogs.santosochoa.es\/salamanca\/maria-y-laura-lara-elma-garcia-taller-de-escritura\/\",\"url\":\"https:\/\/blogs.santosochoa.es\/salamanca\/maria-y-laura-lara-elma-garcia-taller-de-escritura\/\",\"name\":\"Mar\u00eda y Laura Lara, Elma Garc\u00eda, Taller de Escritura - Santos Ochoa Salamanca\",\"isPartOf\":{\"@id\":\"https:\/\/blogs.santosochoa.es\/salamanca\/#website\"},\"primaryImageOfPage\":{\"@id\":\"https:\/\/blogs.santosochoa.es\/salamanca\/maria-y-laura-lara-elma-garcia-taller-de-escritura\/#primaryimage\"},\"image\":{\"@id\":\"https:\/\/blogs.santosochoa.es\/salamanca\/maria-y-laura-lara-elma-garcia-taller-de-escritura\/#primaryimage\"},\"thumbnailUrl\":\"https:\/\/blogs.santosochoa.es\/salamanca\/wp-content\/uploads\/sites\/3\/2024\/10\/juana-I-la-reina-cuerda_Maria-Lara.jpg\",\"datePublished\":\"2024-10-31T20:11:04+00:00\",\"dateModified\":\"2024-10-31T20:16:16+00:00\",\"author\":{\"@id\":\"https:\/\/blogs.santosochoa.es\/salamanca\/#\/schema\/person\/a125e75c96c8702907b25e61f1c0b772\"},\"description\":\"\\\"Juana I. La reina cuerda\\\", charla y libro con Mar\u00eda y Laura Lara. Elma Garc\u00eda presenta \\\"Amni\u00f3tica\\\". Escritura Creativa con Francisco Javier Mart\u00edn Prieto.\",\"breadcrumb\":{\"@id\":\"https:\/\/blogs.santosochoa.es\/salamanca\/maria-y-laura-lara-elma-garcia-taller-de-escritura\/#breadcrumb\"},\"inLanguage\":\"es\",\"potentialAction\":[{\"@type\":\"ReadAction\",\"target\":[\"https:\/\/blogs.santosochoa.es\/salamanca\/maria-y-laura-lara-elma-garcia-taller-de-escritura\/\"]}]},{\"@type\":\"ImageObject\",\"inLanguage\":\"es\",\"@id\":\"https:\/\/blogs.santosochoa.es\/salamanca\/maria-y-laura-lara-elma-garcia-taller-de-escritura\/#primaryimage\",\"url\":\"https:\/\/blogs.santosochoa.es\/salamanca\/wp-content\/uploads\/sites\/3\/2024\/10\/juana-I-la-reina-cuerda_Maria-Lara.jpg\",\"contentUrl\":\"https:\/\/blogs.santosochoa.es\/salamanca\/wp-content\/uploads\/sites\/3\/2024\/10\/juana-I-la-reina-cuerda_Maria-Lara.jpg\",\"width\":591,\"height\":923},{\"@type\":\"BreadcrumbList\",\"@id\":\"https:\/\/blogs.santosochoa.es\/salamanca\/maria-y-laura-lara-elma-garcia-taller-de-escritura\/#breadcrumb\",\"itemListElement\":[{\"@type\":\"ListItem\",\"position\":1,\"name\":\"Home\",\"item\":\"https:\/\/blogs.santosochoa.es\/salamanca\/\"},{\"@type\":\"ListItem\",\"position\":2,\"name\":\"Mar\u00eda y Laura Lara, Elma Garc\u00eda, Taller de Escritura\"}]},{\"@type\":\"WebSite\",\"@id\":\"https:\/\/blogs.santosochoa.es\/salamanca\/#website\",\"url\":\"https:\/\/blogs.santosochoa.es\/salamanca\/\",\"name\":\"Santos Ochoa Salamanca\",\"description\":\"Tu Librer\u00eda Online\",\"potentialAction\":[{\"@type\":\"SearchAction\",\"target\":{\"@type\":\"EntryPoint\",\"urlTemplate\":\"https:\/\/blogs.santosochoa.es\/salamanca\/?s={search_term_string}\"},\"query-input\":{\"@type\":\"PropertyValueSpecification\",\"valueRequired\":true,\"valueName\":\"search_term_string\"}}],\"inLanguage\":\"es\"},{\"@type\":\"Person\",\"@id\":\"https:\/\/blogs.santosochoa.es\/salamanca\/#\/schema\/person\/a125e75c96c8702907b25e61f1c0b772\",\"name\":\"Santos Ochoa Salamanca\"}]}<\/script>\n<!-- \/ Yoast SEO plugin. -->","yoast_head_json":{"title":"Mar\u00eda y Laura Lara, Elma Garc\u00eda, Taller de Escritura - Santos Ochoa Salamanca","description":"\"Juana I. La reina cuerda\", charla y libro con Mar\u00eda y Laura Lara. Elma Garc\u00eda presenta \"Amni\u00f3tica\". Escritura Creativa con Francisco Javier Mart\u00edn Prieto.","robots":{"index":"index","follow":"follow","max-snippet":"max-snippet:-1","max-image-preview":"max-image-preview:large","max-video-preview":"max-video-preview:-1"},"canonical":"https:\/\/blogs.santosochoa.es\/salamanca\/maria-y-laura-lara-elma-garcia-taller-de-escritura\/","og_locale":"es_ES","og_type":"article","og_title":"Mar\u00eda y Laura Lara, Elma Garc\u00eda, Taller de Escritura - Santos Ochoa Salamanca","og_description":"\"Juana I. La reina cuerda\", charla y libro con Mar\u00eda y Laura Lara. Elma Garc\u00eda presenta \"Amni\u00f3tica\". Escritura Creativa con Francisco Javier Mart\u00edn Prieto.","og_url":"https:\/\/blogs.santosochoa.es\/salamanca\/maria-y-laura-lara-elma-garcia-taller-de-escritura\/","og_site_name":"Santos Ochoa Salamanca","article_published_time":"2024-10-31T20:11:04+00:00","article_modified_time":"2024-10-31T20:16:16+00:00","og_image":[{"width":591,"height":923,"url":"https:\/\/blogs.santosochoa.es\/salamanca\/wp-content\/uploads\/sites\/3\/2024\/10\/juana-I-la-reina-cuerda_Maria-Lara.jpg","type":"image\/jpeg"}],"author":"Santos Ochoa Salamanca","twitter_card":"summary_large_image","twitter_misc":{"Written by":"Santos Ochoa Salamanca","Est. reading time":"5 minutos"},"schema":{"@context":"https:\/\/schema.org","@graph":[{"@type":"Article","@id":"https:\/\/blogs.santosochoa.es\/salamanca\/maria-y-laura-lara-elma-garcia-taller-de-escritura\/#article","isPartOf":{"@id":"https:\/\/blogs.santosochoa.es\/salamanca\/maria-y-laura-lara-elma-garcia-taller-de-escritura\/"},"author":{"name":"Santos Ochoa Salamanca","@id":"https:\/\/blogs.santosochoa.es\/salamanca\/#\/schema\/person\/a125e75c96c8702907b25e61f1c0b772"},"headline":"Mar\u00eda y Laura Lara, Elma Garc\u00eda, Taller de Escritura","datePublished":"2024-10-31T20:11:04+00:00","dateModified":"2024-10-31T20:16:16+00:00","mainEntityOfPage":{"@id":"https:\/\/blogs.santosochoa.es\/salamanca\/maria-y-laura-lara-elma-garcia-taller-de-escritura\/"},"wordCount":1098,"image":{"@id":"https:\/\/blogs.santosochoa.es\/salamanca\/maria-y-laura-lara-elma-garcia-taller-de-escritura\/#primaryimage"},"thumbnailUrl":"https:\/\/blogs.santosochoa.es\/salamanca\/wp-content\/uploads\/sites\/3\/2024\/10\/juana-I-la-reina-cuerda_Maria-Lara.jpg","articleSection":["charlas","libros","libros salamanca"],"inLanguage":"es"},{"@type":"WebPage","@id":"https:\/\/blogs.santosochoa.es\/salamanca\/maria-y-laura-lara-elma-garcia-taller-de-escritura\/","url":"https:\/\/blogs.santosochoa.es\/salamanca\/maria-y-laura-lara-elma-garcia-taller-de-escritura\/","name":"Mar\u00eda y Laura Lara, Elma Garc\u00eda, Taller de Escritura - Santos Ochoa Salamanca","isPartOf":{"@id":"https:\/\/blogs.santosochoa.es\/salamanca\/#website"},"primaryImageOfPage":{"@id":"https:\/\/blogs.santosochoa.es\/salamanca\/maria-y-laura-lara-elma-garcia-taller-de-escritura\/#primaryimage"},"image":{"@id":"https:\/\/blogs.santosochoa.es\/salamanca\/maria-y-laura-lara-elma-garcia-taller-de-escritura\/#primaryimage"},"thumbnailUrl":"https:\/\/blogs.santosochoa.es\/salamanca\/wp-content\/uploads\/sites\/3\/2024\/10\/juana-I-la-reina-cuerda_Maria-Lara.jpg","datePublished":"2024-10-31T20:11:04+00:00","dateModified":"2024-10-31T20:16:16+00:00","author":{"@id":"https:\/\/blogs.santosochoa.es\/salamanca\/#\/schema\/person\/a125e75c96c8702907b25e61f1c0b772"},"description":"\"Juana I. La reina cuerda\", charla y libro con Mar\u00eda y Laura Lara. Elma Garc\u00eda presenta \"Amni\u00f3tica\". Escritura Creativa con Francisco Javier Mart\u00edn Prieto.","breadcrumb":{"@id":"https:\/\/blogs.santosochoa.es\/salamanca\/maria-y-laura-lara-elma-garcia-taller-de-escritura\/#breadcrumb"},"inLanguage":"es","potentialAction":[{"@type":"ReadAction","target":["https:\/\/blogs.santosochoa.es\/salamanca\/maria-y-laura-lara-elma-garcia-taller-de-escritura\/"]}]},{"@type":"ImageObject","inLanguage":"es","@id":"https:\/\/blogs.santosochoa.es\/salamanca\/maria-y-laura-lara-elma-garcia-taller-de-escritura\/#primaryimage","url":"https:\/\/blogs.santosochoa.es\/salamanca\/wp-content\/uploads\/sites\/3\/2024\/10\/juana-I-la-reina-cuerda_Maria-Lara.jpg","contentUrl":"https:\/\/blogs.santosochoa.es\/salamanca\/wp-content\/uploads\/sites\/3\/2024\/10\/juana-I-la-reina-cuerda_Maria-Lara.jpg","width":591,"height":923},{"@type":"BreadcrumbList","@id":"https:\/\/blogs.santosochoa.es\/salamanca\/maria-y-laura-lara-elma-garcia-taller-de-escritura\/#breadcrumb","itemListElement":[{"@type":"ListItem","position":1,"name":"Home","item":"https:\/\/blogs.santosochoa.es\/salamanca\/"},{"@type":"ListItem","position":2,"name":"Mar\u00eda y Laura Lara, Elma Garc\u00eda, Taller de Escritura"}]},{"@type":"WebSite","@id":"https:\/\/blogs.santosochoa.es\/salamanca\/#website","url":"https:\/\/blogs.santosochoa.es\/salamanca\/","name":"Santos Ochoa Salamanca","description":"Tu Librer\u00eda Online","potentialAction":[{"@type":"SearchAction","target":{"@type":"EntryPoint","urlTemplate":"https:\/\/blogs.santosochoa.es\/salamanca\/?s={search_term_string}"},"query-input":{"@type":"PropertyValueSpecification","valueRequired":true,"valueName":"search_term_string"}}],"inLanguage":"es"},{"@type":"Person","@id":"https:\/\/blogs.santosochoa.es\/salamanca\/#\/schema\/person\/a125e75c96c8702907b25e61f1c0b772","name":"Santos Ochoa Salamanca"}]}},"_links":{"self":[{"href":"https:\/\/blogs.santosochoa.es\/salamanca\/wp-json\/wp\/v2\/posts\/1750","targetHints":{"allow":["GET"]}}],"collection":[{"href":"https:\/\/blogs.santosochoa.es\/salamanca\/wp-json\/wp\/v2\/posts"}],"about":[{"href":"https:\/\/blogs.santosochoa.es\/salamanca\/wp-json\/wp\/v2\/types\/post"}],"author":[{"embeddable":true,"href":"https:\/\/blogs.santosochoa.es\/salamanca\/wp-json\/wp\/v2\/users\/2"}],"replies":[{"embeddable":true,"href":"https:\/\/blogs.santosochoa.es\/salamanca\/wp-json\/wp\/v2\/comments?post=1750"}],"version-history":[{"count":2,"href":"https:\/\/blogs.santosochoa.es\/salamanca\/wp-json\/wp\/v2\/posts\/1750\/revisions"}],"predecessor-version":[{"id":1752,"href":"https:\/\/blogs.santosochoa.es\/salamanca\/wp-json\/wp\/v2\/posts\/1750\/revisions\/1752"}],"wp:featuredmedia":[{"embeddable":true,"href":"https:\/\/blogs.santosochoa.es\/salamanca\/wp-json\/wp\/v2\/media\/1740"}],"wp:attachment":[{"href":"https:\/\/blogs.santosochoa.es\/salamanca\/wp-json\/wp\/v2\/media?parent=1750"}],"wp:term":[{"taxonomy":"category","embeddable":true,"href":"https:\/\/blogs.santosochoa.es\/salamanca\/wp-json\/wp\/v2\/categories?post=1750"},{"taxonomy":"post_tag","embeddable":true,"href":"https:\/\/blogs.santosochoa.es\/salamanca\/wp-json\/wp\/v2\/tags?post=1750"}],"curies":[{"name":"wp","href":"https:\/\/api.w.org\/{rel}","templated":true}]}}