{"id":1736,"date":"2024-10-16T12:04:37","date_gmt":"2024-10-16T10:04:37","guid":{"rendered":"https:\/\/blogs.santosochoa.es\/salamanca\/?p=1736"},"modified":"2024-10-16T12:04:39","modified_gmt":"2024-10-16T10:04:39","slug":"madame-eloise-edith-del-campo-y-javier-garcia","status":"publish","type":"post","link":"https:\/\/blogs.santosochoa.es\/salamanca\/madame-eloise-edith-del-campo-y-javier-garcia\/","title":{"rendered":"Madame Eloise, Edith del Campo y Javier Garc\u00eda"},"content":{"rendered":"\n<h2 class=\"wp-block-heading\"><strong>Madame Eloise y Edith del Campo presentan <em>ReBelaciones.<\/em> \u00bfTe revelan o te rebelas? Desc\u00fabrelo\u2026<\/strong><\/h2>\n\n\n\n<h3 class=\"wp-block-heading\"><strong>Viernes 25 de octubre<\/strong><strong>, a las 19:30 h.<\/strong><\/h3>\n\n\n\n<h4 class=\"wp-block-heading\">Librer\u00eda Santos Ochoa. (Gran V\u00eda, 12, Salamanca)<\/h4>\n\n\n\n<div class=\"wp-block-image\"><figure class=\"alignright size-full is-resized\"><a href=\"https:\/\/www.santosochoa.es\/libros\/del-campo-edith_rebelaciones_9788412831238\" target=\"_blank\" rel=\"noopener noreferrer\"><img decoding=\"async\" src=\"https:\/\/blogs.santosochoa.es\/salamanca\/wp-content\/uploads\/sites\/3\/2024\/09\/rebelaciones.jpg\" alt=\"\" class=\"wp-image-1720\" width=\"300\" srcset=\"https:\/\/blogs.santosochoa.es\/salamanca\/wp-content\/uploads\/sites\/3\/2024\/09\/rebelaciones.jpg 591w, https:\/\/blogs.santosochoa.es\/salamanca\/wp-content\/uploads\/sites\/3\/2024\/09\/rebelaciones-207x300.jpg 207w\" sizes=\"(max-width: 591px) 100vw, 591px\" \/><\/a><\/figure><\/div>\n\n\n\n<h5 class=\"wp-block-heading\"><strong>\u00a1Pasen y vean! \u00bfQuieren conocer su futuro? \u00bfViajar al pasado? \u00bfDescubrir extra\u00f1as realidades? \u00bfEncontrar la verdad acerca de otros o de s\u00ed mismos? \u00a1Pasen y vean! \u00a1Pasen y vean!<\/strong><\/h5>\n\n\n\n<p>Hablando de ver, veo que llevas una reluciente moneda contigo. No, no hace falta que te ruborices. \u00a1Aqu\u00ed no robamos a nadie, ja, ja, ja! Pero igual tienes inter\u00e9s en todas las maravillas que puede revelarte Maese Zhagor. \u00a1S\u00ed, el \u00fanico e inimitable aut\u00f3mata divino, rescatado de entre las ruinas de la fabulosa ciudad de Irem y restaurado para ti! \u00a1Y solo por una moneda, damas y caballeros! \u00a1Solo una moneda y conocer\u00e1n los secretos que ocultan sus intrincados mecanismos! \u00a1Pasen y vean! \u00a1Pasen y vean!<\/p>\n\n\n\n<p>Inserta tu moneda y selecciona una p\u00e1gina al azar de este libro para descubrir un relato surgido de las profundidades de Maese Zhagor. Lo que leas ser\u00e1 divertido, terrible, entretenido o inquietante, pero solo mostrar\u00e1 un reflejo de ti mismo. A fin de cuentas, es solo un libro, \u00bfno?<\/p>\n\n\n\n<p>\u00bfTe revelan o te rebelas? Desc\u00fabrelo\u2026<\/p>\n\n\n\n<p><strong>Edith del Campo<\/strong> es la \u00faltima de una saga de contadores de historias. Naci\u00f3 en una tierra en la que a\u00fan habitan sirenas, trasgus y cu\u00e9lebres, y creci\u00f3 en una ciudad que no presta inteligencia a quien no la tiene. Sus abuelos le legaron el poder de atraer tormentas y la magia que habita en los cuentos antiguos, y sus padres le ense\u00f1aron a tejerlos para que llegaran al coraz\u00f3n de los dem\u00e1s, como puede verse en su anterior libro <em>Revelaciones<\/em>. Ha sido tantas cosas que siempre olvida alguna, y si hay algo que a\u00fan no haya hecho, es por falta de tiempo. Guarda mundos enteros dentro de sus ojos y huracanes en el pelo. Incluso hay quien dice que es una leyenda, tan irreal como las que cuenta.<\/p>\n\n\n\n<p><strong>Madame Eloise<\/strong>, natural de \u00c1vila, estudi\u00f3 Historia del Arte en la Universidad de Salamanca, completando sus estudios en diversos campos adyacentes, en formaci\u00f3n continua desde siempre y para siempre. Actualmente trabaja en una editorial puntera dedicada a la encuadernaci\u00f3n artesana de facs\u00edmiles, a la animaci\u00f3n y al ocio educativo, participando en numerosos proyectos culturales, principalmente de danza y teatro. Ha expuesto su obra pict\u00f3rica en la sala Torrente Ballester (Fatum, septiembre 2022), ha ganado algunos premios menores de poes\u00eda y es aficionada a la escritura fant\u00e1stica y de tem\u00e1tica g\u00f3tica, publicando algunos relatos en el blog af\u00edn Steampunk Madrid y el libro <em>Revelaciones<\/em>, siempre bajo el pseud\u00f3nimo de Madame Eloise.<\/p>\n\n\n\n<div style=\"height:50px\" aria-hidden=\"true\" class=\"wp-block-spacer\"><\/div>\n\n\n\n<h2 class=\"wp-block-heading\"><strong>Javier Garc\u00eda presenta <em>El \u00e1ngel invisible.<\/em> Un thriller de acci\u00f3n con tintes de novela negra<\/strong><\/h2>\n\n\n\n<h3 class=\"wp-block-heading\"><strong>S\u00e1bado 26 de octubre<\/strong><strong>, a las 19:00 h.<\/strong><\/h3>\n\n\n\n<h4 class=\"wp-block-heading\">Librer\u00eda Santos Ochoa. (Gran V\u00eda, 12, Salamanca)<\/h4>\n\n\n\n<div class=\"wp-block-image\"><figure class=\"alignleft size-full is-resized\"><a href=\"https:\/\/www.santosochoa.es\/libros\/garciajavier_el-angel-invisible_9788410111608\" target=\"_blank\" rel=\"noopener noreferrer\"><img decoding=\"async\" src=\"https:\/\/blogs.santosochoa.es\/salamanca\/wp-content\/uploads\/sites\/3\/2024\/09\/el-angel-invisible-Javier-Garcia.jpg\" alt=\"\" class=\"wp-image-1722\" width=\"300\" srcset=\"https:\/\/blogs.santosochoa.es\/salamanca\/wp-content\/uploads\/sites\/3\/2024\/09\/el-angel-invisible-Javier-Garcia.jpg 591w, https:\/\/blogs.santosochoa.es\/salamanca\/wp-content\/uploads\/sites\/3\/2024\/09\/el-angel-invisible-Javier-Garcia-194x300.jpg 194w\" sizes=\"(max-width: 591px) 100vw, 591px\" \/><\/a><\/figure><\/div>\n\n\n\n<p>El autor conversar\u00e1 con <strong>Fernando Garc\u00eda Corral<\/strong>, responsable de Inform\u00e1tica del Colegio de Abogados de Salamanca.<\/p>\n\n\n\n<h5 class=\"wp-block-heading\"><strong>En el gran desierto australiano, en el territorio del norte, una peque\u00f1a poblaci\u00f3n minera llamada Old Creek, situada en medio de ninguna parte, ser\u00e1 el escenario perfecto para vivir una gran aventura.<\/strong><\/h5>\n\n\n\n<p>En medio de p\u00e1ramos hostiles, paisajes inhabitados, abor\u00edgenes extra\u00f1os y rudos mineros, llegar\u00e1 Mel, una joven madrile\u00f1a reci\u00e9n licenciada en Historia. Lo ten\u00eda todo para iniciar una vida plena y tranquila; familia acomodada, estudios universitarios, un novio, juventud, belleza. Un buen d\u00eda cogi\u00f3 un avi\u00f3n y lleg\u00f3 al otro lado del mundo, a las ant\u00edpodas. \u00bfPor qu\u00e9 motivo hizo esto?, \u00bfQu\u00e9 le llev\u00f3 a dejar la tranquila vida de Madrid? Solo ella tiene la respuesta.<\/p>\n\n\n\n<p>Con una narraci\u00f3n ligera, fresca y amena, <em>El \u00e1ngel invisible<\/em> nos presenta una historia llena de aventuras, peripecias y constantes giros que mantienen al lector en vilo p\u00e1gina tras p\u00e1gina, y unos personajes que quedar\u00e1n en la memoria de los lectores. Un thriller de acci\u00f3n que har\u00e1 las delicias de los aficionados del g\u00e9nero.<\/p>\n\n\n\n<p><strong>Javier Garc\u00eda<\/strong> (Salamanca, 1974). Me licenci\u00e9 en Historia en la Universidad de Salamanca y me traslad\u00e9 a Madrid donde resido. Despu\u00e9s de trabajar varios a\u00f1os en una multinacional de telecomunicaciones, decid\u00ed dedicarme a mi vocaci\u00f3n como profesor, trabajo que ejerzo actualmente y compagino con la escritura. Aficionado a la lectura, empec\u00e9 a escribir en la adolescencia y nunca he dejado de hacerlo. Tras ganar alg\u00fan premio literario (concurso de poes\u00eda Caf\u00e9 B\u00e9cquer) y publicar algunos relatos en antolog\u00edas, publiqu\u00e9 mi primera obra completa <em>Nunca llueve sobre mojado<\/em>, una recopilaci\u00f3n de relatos breves escritos durante varias \u00e9pocas de mi vida. <em>El \u00e1ngel invisible<\/em> es mi primera novela, un thriller de acci\u00f3n con tintes de novela de negra que engancha de principio a fin.<\/p>\n","protected":false},"excerpt":{"rendered":"<p>Madame Eloise y Edith del Campo presentan \u00abReBelaciones\u00bb. Javier Garc\u00eda presenta \u00abEl \u00e1ngel invisible\u00bb.<\/p>\n","protected":false},"author":2,"featured_media":1720,"comment_status":"closed","ping_status":"closed","sticky":false,"template":"","format":"standard","meta":{"footnotes":""},"categories":[9,14],"tags":[],"class_list":["post-1736","post","type-post","status-publish","format-standard","has-post-thumbnail","hentry","category-libros","category-libros-salamanca"],"yoast_head":"<!-- This site is optimized with the Yoast SEO plugin v27.2 - https:\/\/yoast.com\/product\/yoast-seo-wordpress\/ -->\n<title>Madame Eloise, Edith del Campo y Javier Garc\u00eda - Santos Ochoa Salamanca<\/title>\n<meta name=\"description\" content=\"Madame Eloise y Edith del Campo presentan &quot;ReBelaciones&quot;. Javier Garc\u00eda presenta &quot;El \u00e1ngel invisible&quot;.\" \/>\n<meta name=\"robots\" content=\"index, follow, max-snippet:-1, max-image-preview:large, max-video-preview:-1\" \/>\n<link rel=\"canonical\" href=\"https:\/\/blogs.santosochoa.es\/salamanca\/madame-eloise-edith-del-campo-y-javier-garcia\/\" \/>\n<meta property=\"og:locale\" content=\"es_ES\" \/>\n<meta property=\"og:type\" content=\"article\" \/>\n<meta property=\"og:title\" content=\"Madame Eloise, Edith del Campo y Javier Garc\u00eda - Santos Ochoa Salamanca\" \/>\n<meta property=\"og:description\" content=\"Madame Eloise y Edith del Campo presentan &quot;ReBelaciones&quot;. Javier Garc\u00eda presenta &quot;El \u00e1ngel invisible&quot;.\" \/>\n<meta property=\"og:url\" content=\"https:\/\/blogs.santosochoa.es\/salamanca\/madame-eloise-edith-del-campo-y-javier-garcia\/\" \/>\n<meta property=\"og:site_name\" content=\"Santos Ochoa Salamanca\" \/>\n<meta property=\"article:published_time\" content=\"2024-10-16T10:04:37+00:00\" \/>\n<meta property=\"article:modified_time\" content=\"2024-10-16T10:04:39+00:00\" \/>\n<meta property=\"og:image\" content=\"https:\/\/blogs.santosochoa.es\/salamanca\/wp-content\/uploads\/sites\/3\/2024\/09\/rebelaciones.jpg\" \/>\n\t<meta property=\"og:image:width\" content=\"591\" \/>\n\t<meta property=\"og:image:height\" content=\"858\" \/>\n\t<meta property=\"og:image:type\" content=\"image\/jpeg\" \/>\n<meta name=\"author\" content=\"Santos Ochoa Salamanca\" \/>\n<meta name=\"twitter:card\" content=\"summary_large_image\" \/>\n<meta name=\"twitter:label1\" content=\"Written by\" \/>\n\t<meta name=\"twitter:data1\" content=\"Santos Ochoa Salamanca\" \/>\n\t<meta name=\"twitter:label2\" content=\"Est. reading time\" \/>\n\t<meta name=\"twitter:data2\" content=\"4 minutos\" \/>\n<script type=\"application\/ld+json\" class=\"yoast-schema-graph\">{\"@context\":\"https:\/\/schema.org\",\"@graph\":[{\"@type\":\"Article\",\"@id\":\"https:\/\/blogs.santosochoa.es\/salamanca\/madame-eloise-edith-del-campo-y-javier-garcia\/#article\",\"isPartOf\":{\"@id\":\"https:\/\/blogs.santosochoa.es\/salamanca\/madame-eloise-edith-del-campo-y-javier-garcia\/\"},\"author\":{\"name\":\"Santos Ochoa Salamanca\",\"@id\":\"https:\/\/blogs.santosochoa.es\/salamanca\/#\/schema\/person\/a125e75c96c8702907b25e61f1c0b772\"},\"headline\":\"Madame Eloise, Edith del Campo y Javier Garc\u00eda\",\"datePublished\":\"2024-10-16T10:04:37+00:00\",\"dateModified\":\"2024-10-16T10:04:39+00:00\",\"mainEntityOfPage\":{\"@id\":\"https:\/\/blogs.santosochoa.es\/salamanca\/madame-eloise-edith-del-campo-y-javier-garcia\/\"},\"wordCount\":828,\"image\":{\"@id\":\"https:\/\/blogs.santosochoa.es\/salamanca\/madame-eloise-edith-del-campo-y-javier-garcia\/#primaryimage\"},\"thumbnailUrl\":\"https:\/\/blogs.santosochoa.es\/salamanca\/wp-content\/uploads\/sites\/3\/2024\/09\/rebelaciones.jpg\",\"articleSection\":[\"libros\",\"libros salamanca\"],\"inLanguage\":\"es\"},{\"@type\":\"WebPage\",\"@id\":\"https:\/\/blogs.santosochoa.es\/salamanca\/madame-eloise-edith-del-campo-y-javier-garcia\/\",\"url\":\"https:\/\/blogs.santosochoa.es\/salamanca\/madame-eloise-edith-del-campo-y-javier-garcia\/\",\"name\":\"Madame Eloise, Edith del Campo y Javier Garc\u00eda - Santos Ochoa Salamanca\",\"isPartOf\":{\"@id\":\"https:\/\/blogs.santosochoa.es\/salamanca\/#website\"},\"primaryImageOfPage\":{\"@id\":\"https:\/\/blogs.santosochoa.es\/salamanca\/madame-eloise-edith-del-campo-y-javier-garcia\/#primaryimage\"},\"image\":{\"@id\":\"https:\/\/blogs.santosochoa.es\/salamanca\/madame-eloise-edith-del-campo-y-javier-garcia\/#primaryimage\"},\"thumbnailUrl\":\"https:\/\/blogs.santosochoa.es\/salamanca\/wp-content\/uploads\/sites\/3\/2024\/09\/rebelaciones.jpg\",\"datePublished\":\"2024-10-16T10:04:37+00:00\",\"dateModified\":\"2024-10-16T10:04:39+00:00\",\"author\":{\"@id\":\"https:\/\/blogs.santosochoa.es\/salamanca\/#\/schema\/person\/a125e75c96c8702907b25e61f1c0b772\"},\"description\":\"Madame Eloise y Edith del Campo presentan \\\"ReBelaciones\\\". Javier Garc\u00eda presenta \\\"El \u00e1ngel invisible\\\".\",\"breadcrumb\":{\"@id\":\"https:\/\/blogs.santosochoa.es\/salamanca\/madame-eloise-edith-del-campo-y-javier-garcia\/#breadcrumb\"},\"inLanguage\":\"es\",\"potentialAction\":[{\"@type\":\"ReadAction\",\"target\":[\"https:\/\/blogs.santosochoa.es\/salamanca\/madame-eloise-edith-del-campo-y-javier-garcia\/\"]}]},{\"@type\":\"ImageObject\",\"inLanguage\":\"es\",\"@id\":\"https:\/\/blogs.santosochoa.es\/salamanca\/madame-eloise-edith-del-campo-y-javier-garcia\/#primaryimage\",\"url\":\"https:\/\/blogs.santosochoa.es\/salamanca\/wp-content\/uploads\/sites\/3\/2024\/09\/rebelaciones.jpg\",\"contentUrl\":\"https:\/\/blogs.santosochoa.es\/salamanca\/wp-content\/uploads\/sites\/3\/2024\/09\/rebelaciones.jpg\",\"width\":591,\"height\":858},{\"@type\":\"BreadcrumbList\",\"@id\":\"https:\/\/blogs.santosochoa.es\/salamanca\/madame-eloise-edith-del-campo-y-javier-garcia\/#breadcrumb\",\"itemListElement\":[{\"@type\":\"ListItem\",\"position\":1,\"name\":\"Home\",\"item\":\"https:\/\/blogs.santosochoa.es\/salamanca\/\"},{\"@type\":\"ListItem\",\"position\":2,\"name\":\"Madame Eloise, Edith del Campo y Javier Garc\u00eda\"}]},{\"@type\":\"WebSite\",\"@id\":\"https:\/\/blogs.santosochoa.es\/salamanca\/#website\",\"url\":\"https:\/\/blogs.santosochoa.es\/salamanca\/\",\"name\":\"Santos Ochoa Salamanca\",\"description\":\"Tu Librer\u00eda Online\",\"potentialAction\":[{\"@type\":\"SearchAction\",\"target\":{\"@type\":\"EntryPoint\",\"urlTemplate\":\"https:\/\/blogs.santosochoa.es\/salamanca\/?s={search_term_string}\"},\"query-input\":{\"@type\":\"PropertyValueSpecification\",\"valueRequired\":true,\"valueName\":\"search_term_string\"}}],\"inLanguage\":\"es\"},{\"@type\":\"Person\",\"@id\":\"https:\/\/blogs.santosochoa.es\/salamanca\/#\/schema\/person\/a125e75c96c8702907b25e61f1c0b772\",\"name\":\"Santos Ochoa Salamanca\"}]}<\/script>\n<!-- \/ Yoast SEO plugin. -->","yoast_head_json":{"title":"Madame Eloise, Edith del Campo y Javier Garc\u00eda - Santos Ochoa Salamanca","description":"Madame Eloise y Edith del Campo presentan \"ReBelaciones\". Javier Garc\u00eda presenta \"El \u00e1ngel invisible\".","robots":{"index":"index","follow":"follow","max-snippet":"max-snippet:-1","max-image-preview":"max-image-preview:large","max-video-preview":"max-video-preview:-1"},"canonical":"https:\/\/blogs.santosochoa.es\/salamanca\/madame-eloise-edith-del-campo-y-javier-garcia\/","og_locale":"es_ES","og_type":"article","og_title":"Madame Eloise, Edith del Campo y Javier Garc\u00eda - Santos Ochoa Salamanca","og_description":"Madame Eloise y Edith del Campo presentan \"ReBelaciones\". Javier Garc\u00eda presenta \"El \u00e1ngel invisible\".","og_url":"https:\/\/blogs.santosochoa.es\/salamanca\/madame-eloise-edith-del-campo-y-javier-garcia\/","og_site_name":"Santos Ochoa Salamanca","article_published_time":"2024-10-16T10:04:37+00:00","article_modified_time":"2024-10-16T10:04:39+00:00","og_image":[{"width":591,"height":858,"url":"https:\/\/blogs.santosochoa.es\/salamanca\/wp-content\/uploads\/sites\/3\/2024\/09\/rebelaciones.jpg","type":"image\/jpeg"}],"author":"Santos Ochoa Salamanca","twitter_card":"summary_large_image","twitter_misc":{"Written by":"Santos Ochoa Salamanca","Est. reading time":"4 minutos"},"schema":{"@context":"https:\/\/schema.org","@graph":[{"@type":"Article","@id":"https:\/\/blogs.santosochoa.es\/salamanca\/madame-eloise-edith-del-campo-y-javier-garcia\/#article","isPartOf":{"@id":"https:\/\/blogs.santosochoa.es\/salamanca\/madame-eloise-edith-del-campo-y-javier-garcia\/"},"author":{"name":"Santos Ochoa Salamanca","@id":"https:\/\/blogs.santosochoa.es\/salamanca\/#\/schema\/person\/a125e75c96c8702907b25e61f1c0b772"},"headline":"Madame Eloise, Edith del Campo y Javier Garc\u00eda","datePublished":"2024-10-16T10:04:37+00:00","dateModified":"2024-10-16T10:04:39+00:00","mainEntityOfPage":{"@id":"https:\/\/blogs.santosochoa.es\/salamanca\/madame-eloise-edith-del-campo-y-javier-garcia\/"},"wordCount":828,"image":{"@id":"https:\/\/blogs.santosochoa.es\/salamanca\/madame-eloise-edith-del-campo-y-javier-garcia\/#primaryimage"},"thumbnailUrl":"https:\/\/blogs.santosochoa.es\/salamanca\/wp-content\/uploads\/sites\/3\/2024\/09\/rebelaciones.jpg","articleSection":["libros","libros salamanca"],"inLanguage":"es"},{"@type":"WebPage","@id":"https:\/\/blogs.santosochoa.es\/salamanca\/madame-eloise-edith-del-campo-y-javier-garcia\/","url":"https:\/\/blogs.santosochoa.es\/salamanca\/madame-eloise-edith-del-campo-y-javier-garcia\/","name":"Madame Eloise, Edith del Campo y Javier Garc\u00eda - Santos Ochoa Salamanca","isPartOf":{"@id":"https:\/\/blogs.santosochoa.es\/salamanca\/#website"},"primaryImageOfPage":{"@id":"https:\/\/blogs.santosochoa.es\/salamanca\/madame-eloise-edith-del-campo-y-javier-garcia\/#primaryimage"},"image":{"@id":"https:\/\/blogs.santosochoa.es\/salamanca\/madame-eloise-edith-del-campo-y-javier-garcia\/#primaryimage"},"thumbnailUrl":"https:\/\/blogs.santosochoa.es\/salamanca\/wp-content\/uploads\/sites\/3\/2024\/09\/rebelaciones.jpg","datePublished":"2024-10-16T10:04:37+00:00","dateModified":"2024-10-16T10:04:39+00:00","author":{"@id":"https:\/\/blogs.santosochoa.es\/salamanca\/#\/schema\/person\/a125e75c96c8702907b25e61f1c0b772"},"description":"Madame Eloise y Edith del Campo presentan \"ReBelaciones\". Javier Garc\u00eda presenta \"El \u00e1ngel invisible\".","breadcrumb":{"@id":"https:\/\/blogs.santosochoa.es\/salamanca\/madame-eloise-edith-del-campo-y-javier-garcia\/#breadcrumb"},"inLanguage":"es","potentialAction":[{"@type":"ReadAction","target":["https:\/\/blogs.santosochoa.es\/salamanca\/madame-eloise-edith-del-campo-y-javier-garcia\/"]}]},{"@type":"ImageObject","inLanguage":"es","@id":"https:\/\/blogs.santosochoa.es\/salamanca\/madame-eloise-edith-del-campo-y-javier-garcia\/#primaryimage","url":"https:\/\/blogs.santosochoa.es\/salamanca\/wp-content\/uploads\/sites\/3\/2024\/09\/rebelaciones.jpg","contentUrl":"https:\/\/blogs.santosochoa.es\/salamanca\/wp-content\/uploads\/sites\/3\/2024\/09\/rebelaciones.jpg","width":591,"height":858},{"@type":"BreadcrumbList","@id":"https:\/\/blogs.santosochoa.es\/salamanca\/madame-eloise-edith-del-campo-y-javier-garcia\/#breadcrumb","itemListElement":[{"@type":"ListItem","position":1,"name":"Home","item":"https:\/\/blogs.santosochoa.es\/salamanca\/"},{"@type":"ListItem","position":2,"name":"Madame Eloise, Edith del Campo y Javier Garc\u00eda"}]},{"@type":"WebSite","@id":"https:\/\/blogs.santosochoa.es\/salamanca\/#website","url":"https:\/\/blogs.santosochoa.es\/salamanca\/","name":"Santos Ochoa Salamanca","description":"Tu Librer\u00eda Online","potentialAction":[{"@type":"SearchAction","target":{"@type":"EntryPoint","urlTemplate":"https:\/\/blogs.santosochoa.es\/salamanca\/?s={search_term_string}"},"query-input":{"@type":"PropertyValueSpecification","valueRequired":true,"valueName":"search_term_string"}}],"inLanguage":"es"},{"@type":"Person","@id":"https:\/\/blogs.santosochoa.es\/salamanca\/#\/schema\/person\/a125e75c96c8702907b25e61f1c0b772","name":"Santos Ochoa Salamanca"}]}},"_links":{"self":[{"href":"https:\/\/blogs.santosochoa.es\/salamanca\/wp-json\/wp\/v2\/posts\/1736","targetHints":{"allow":["GET"]}}],"collection":[{"href":"https:\/\/blogs.santosochoa.es\/salamanca\/wp-json\/wp\/v2\/posts"}],"about":[{"href":"https:\/\/blogs.santosochoa.es\/salamanca\/wp-json\/wp\/v2\/types\/post"}],"author":[{"embeddable":true,"href":"https:\/\/blogs.santosochoa.es\/salamanca\/wp-json\/wp\/v2\/users\/2"}],"replies":[{"embeddable":true,"href":"https:\/\/blogs.santosochoa.es\/salamanca\/wp-json\/wp\/v2\/comments?post=1736"}],"version-history":[{"count":1,"href":"https:\/\/blogs.santosochoa.es\/salamanca\/wp-json\/wp\/v2\/posts\/1736\/revisions"}],"predecessor-version":[{"id":1737,"href":"https:\/\/blogs.santosochoa.es\/salamanca\/wp-json\/wp\/v2\/posts\/1736\/revisions\/1737"}],"wp:featuredmedia":[{"embeddable":true,"href":"https:\/\/blogs.santosochoa.es\/salamanca\/wp-json\/wp\/v2\/media\/1720"}],"wp:attachment":[{"href":"https:\/\/blogs.santosochoa.es\/salamanca\/wp-json\/wp\/v2\/media?parent=1736"}],"wp:term":[{"taxonomy":"category","embeddable":true,"href":"https:\/\/blogs.santosochoa.es\/salamanca\/wp-json\/wp\/v2\/categories?post=1736"},{"taxonomy":"post_tag","embeddable":true,"href":"https:\/\/blogs.santosochoa.es\/salamanca\/wp-json\/wp\/v2\/tags?post=1736"}],"curies":[{"name":"wp","href":"https:\/\/api.w.org\/{rel}","templated":true}]}}