{"id":1727,"date":"2024-10-10T11:15:34","date_gmt":"2024-10-10T09:15:34","guid":{"rendered":"https:\/\/blogs.santosochoa.es\/salamanca\/?p=1727"},"modified":"2024-10-11T13:13:40","modified_gmt":"2024-10-11T11:13:40","slug":"el-aliento-de-las-llamas-y-versos-contra-las-cuerdas","status":"publish","type":"post","link":"https:\/\/blogs.santosochoa.es\/salamanca\/el-aliento-de-las-llamas-y-versos-contra-las-cuerdas\/","title":{"rendered":"\u00c1ngela Banzas, Encuentro Po\u00e9tico y Cuentacuentos"},"content":{"rendered":"\n<p><\/p>\n\n\n\n<h2 class=\"wp-block-heading\"><strong>\u00c1ngela Banzas presenta <em>El aliento de las llamas.<\/em> Una historia hipn\u00f3tica con alma de cl\u00e1sico<\/strong><\/h2>\n\n\n\n<h3 class=\"wp-block-heading\"><strong>Mi\u00e9rcoles 16 de octubre<\/strong><strong>, a las 19:30 h.<\/strong><\/h3>\n\n\n\n<h4 class=\"wp-block-heading\">Librer\u00eda Santos Ochoa. (Gran V\u00eda, 12, Salamanca)<\/h4>\n\n\n\n<div class=\"wp-block-image\"><figure class=\"alignright size-full is-resized\"><a href=\"https:\/\/www.santosochoa.es\/libros\/banzas-angela_el-aliento-de-las-llamas_9788491298021\" target=\"_blank\" rel=\"noopener noreferrer\"><img decoding=\"async\" src=\"https:\/\/blogs.santosochoa.es\/salamanca\/wp-content\/uploads\/sites\/3\/2024\/09\/el-aliento-de-las-llamas_Angela-Banzas.jpg\" alt=\"\" class=\"wp-image-1712\" width=\"300\" srcset=\"https:\/\/blogs.santosochoa.es\/salamanca\/wp-content\/uploads\/sites\/3\/2024\/09\/el-aliento-de-las-llamas_Angela-Banzas.jpg 591w, https:\/\/blogs.santosochoa.es\/salamanca\/wp-content\/uploads\/sites\/3\/2024\/09\/el-aliento-de-las-llamas_Angela-Banzas-196x300.jpg 196w\" sizes=\"(max-width: 591px) 100vw, 591px\" \/><\/a><\/figure><\/div>\n\n\n\n<p><strong>\u00abEncuentra a Jimena. La nada, aqu\u00ed\u00bb.<\/strong><\/p>\n\n\n\n<h5 class=\"wp-block-heading\"><strong>Madrid, 1889. Largas lenguas de fuego desdibujan la solidez arquitect\u00f3nica del Gran Hotel Ingl\u00e9s. Entre la muchedumbre, el humo, los escombros y el caos, Elvira Pardo Losada detiene la camilla sobre la que los bomberos trasladan a uno de los heridos. Se trata de Leonardo, su gran amigo, c\u00f3mplice de sus verdaderos impulsos por la escritura. La mujer se acerca asustada para escuchar lo que su amigo le intenta decir. Malherido, acierta a esbozar unas palabras y le encomienda la que puede ser su \u00faltima voluntad.<\/strong><\/h5>\n\n\n\n<p>Contrariada y herida, v\u00edctima de una traici\u00f3n doble, decide viajar al pazo de Mari\u00f1\u00e1n, en Galicia, para cumplir su promesa, encontrar a Jimena, y aprovechar la distancia para escribir. Sin embargo, una vez all\u00ed, el misterio no ser\u00e1 solo dilucidar el paradero de la joven, sino que todos guardan secretos en un lugar donde la nada parece ser la \u00fanica realidad palpable.<\/p>\n\n\n\n<p>Con un estilo evocador, lleno de sutilezas y est\u00edmulos, \u00c1ngela Banzas nos ofrece en <em>El aliento de las llamas<\/em> una historia hipn\u00f3tica con alma de cl\u00e1sico. <strong>Amor, traici\u00f3n, venganza, literatura y mujeres se entrelazan de manera magistral en un universo de tramas y enigmas que envuelve y atrapa. <\/strong>Una novela extraordinaria que profundiza en lo que sucede cuando las llamas alimentan nuestros impulsos y la \u00fanica v\u00eda de redenci\u00f3n es arder.<\/p>\n\n\n\n<p>Natural de Santiago de Compostela,&nbsp;<strong>\u00c1ngela Banzas<\/strong>&nbsp;es licenciada en Ciencias Pol\u00edticas y de la Administraci\u00f3n por la Universidad de Santiago y MBA por la Escuela Europea de Negocios de Madrid. Su trayectoria profesional ha estado siempre ligada a la consultor\u00eda de Administraci\u00f3n P\u00fablica. Su primera novela,&nbsp;<em>El silencio de las olas<\/em>, obtuvo un gran \u00e9xito de p\u00fablico y ventas,&nbsp;<em>La conjura de la niebla<\/em>&nbsp;fue su segunda novela, en 2023 publica&nbsp;<em>La sombra de la rosa<\/em> y ahora vuelve a conquistarnos con <em>El aliento de las llamas.<\/em><\/p>\n\n\n\n<div style=\"height:50px\" aria-hidden=\"true\" class=\"wp-block-spacer\"><\/div>\n\n\n\n<h2 class=\"wp-block-heading\"><strong>Encuentro po\u00e9tico <em>Versos contra las cuerdas.<\/em> Celeste Jim\u00e9nez, Alberto P\u00e9rez Dom\u00ednguez y Teresa S\u00e1nchez Vicente<\/strong><\/h2>\n\n\n\n<h3 class=\"wp-block-heading\"><strong>Jueves 17 de octubre<\/strong><strong>, a las 19:30 h.<\/strong><\/h3>\n\n\n\n<h4 class=\"wp-block-heading\">Librer\u00eda Santos Ochoa. (Gran V\u00eda, 12, Salamanca)<\/h4>\n\n\n\n<div class=\"wp-block-image\"><figure class=\"alignleft size-large is-resized\"><img decoding=\"async\" src=\"https:\/\/blogs.santosochoa.es\/salamanca\/wp-content\/uploads\/sites\/3\/2024\/09\/Carteles-Agenda-SAL_202410_4-1024x1024.jpg\" alt=\"\" class=\"wp-image-1714\" width=\"300\" srcset=\"https:\/\/blogs.santosochoa.es\/salamanca\/wp-content\/uploads\/sites\/3\/2024\/09\/Carteles-Agenda-SAL_202410_4-1024x1024.jpg 1024w, https:\/\/blogs.santosochoa.es\/salamanca\/wp-content\/uploads\/sites\/3\/2024\/09\/Carteles-Agenda-SAL_202410_4-300x300.jpg 300w, https:\/\/blogs.santosochoa.es\/salamanca\/wp-content\/uploads\/sites\/3\/2024\/09\/Carteles-Agenda-SAL_202410_4-150x150.jpg 150w, https:\/\/blogs.santosochoa.es\/salamanca\/wp-content\/uploads\/sites\/3\/2024\/09\/Carteles-Agenda-SAL_202410_4-768x768.jpg 768w, https:\/\/blogs.santosochoa.es\/salamanca\/wp-content\/uploads\/sites\/3\/2024\/09\/Carteles-Agenda-SAL_202410_4-1536x1536.jpg 1536w, https:\/\/blogs.santosochoa.es\/salamanca\/wp-content\/uploads\/sites\/3\/2024\/09\/Carteles-Agenda-SAL_202410_4-1080x1080.jpg 1080w, https:\/\/blogs.santosochoa.es\/salamanca\/wp-content\/uploads\/sites\/3\/2024\/09\/Carteles-Agenda-SAL_202410_4.jpg 1936w\" sizes=\"(max-width: 1024px) 100vw, 1024px\" \/><\/figure><\/div>\n\n\n\n<h5 class=\"wp-block-heading\"><strong>La poes\u00eda se reivindica como modo de expresi\u00f3n art\u00edstica y herramienta de denuncia de la fea realidad. Los poetas est\u00e1n frecuentemente contra las cuerdas, en la unidad de cuidados intensivos del panorama cultural. Pero siempre resisten, sobreviven; m\u00e1s a\u00fan, nos proporcionan un lugar de sosiego y esperanza, un bal\u00f3n de ox\u00edgeno para lidiar con esa cruda realidad.<\/strong><\/h5>\n\n\n\n<p>Los poetas <strong>Celeste Jim\u00e9nez, Alberto P\u00e9rez Dom\u00ednguez y Teresa S\u00e1nchez Vicente<\/strong>, junto al escritor y profesor <strong>Francisco Javier Mart\u00edn Prieto<\/strong> conversar\u00e1n sobre lo humano y lo divino en este encuentro en el que tambi\u00e9n recitar\u00e1n algunos de sus poemas m\u00e1s emblem\u00e1ticos.<\/p>\n\n\n\n<p><strong>Celeste Jim\u00e9nez<\/strong> naci\u00f3 en Salamanca el D\u00eda del Libro de 1995, como dice ella, para respirar al escribir y viceversa. Es Persona Altamente Sensible y escribe principalmente prosa po\u00e9tica con temas de denuncia social. Ha sido reconocida con algunos premios como el III Premio a relato corto en la Feria del libro de Fuenlabrada&nbsp; en 2019. Destaca la investigaci\u00f3n que realiz\u00f3 sobre el artista Ram\u00f3n Plant\u00f3n o la publicaci\u00f3n de su primer libro, <em>El gitano del l\u00e1tigo en los ojos<\/em>. Documentalista, escritora, redactora, copy, correctora de textos, vegana y flamenca. Todo eso y mucho m\u00e1s es Celeste Jim\u00e9nez. Su \u00faltima obra, <em>Yo a trav\u00e9s del <\/em>7, habla sobre su cuerpo, sus chakras y su mente.<\/p>\n\n\n\n<p><strong>Alberto P\u00e9rez Dom\u00ednguez<\/strong> (B\u00e9jar, 1984). Ap\u00f3stata de la ingenier\u00eda, ha publicado, bajo el pseud\u00f3nimo Albert Peterson, el libro de relatos <em>El orador horadado<\/em> y las novelas <em>Los para\u00edsos amni\u00f3ticos<\/em>&nbsp; -finalista del VI Concurso Literario Nacional Bubok- y <em>El zapatero y la n\u00e1usea<\/em>. <em>Imposturas<\/em> y <em>A las afueras<\/em> recogieron, bajo el pseud\u00f3nimo Bertaud, una peque\u00f1a selecci\u00f3n de poemas publicados en blogs y fanzines entre los a\u00f1os 2005 y 2017. Ya con su nombre, public\u00f3 el poemario <em>V\u00edspera de lunes<\/em>, con el que gan\u00f3 el I Premio de Poes\u00eda In-Verso y Fundaci\u00f3n Escritura(s), y <em>El rock ha muerto<\/em>.<\/p>\n\n\n\n<p><strong>Teresa S\u00e1nchez Vicente<\/strong>. La poes\u00eda es quien te salva mientras te empuja por el precipicio. Es la llave del vac\u00edo que llevamos dentro como sociedad y como individuos. Teresa combina su vida de madre, maestra y amiga del arte con este asomarse por la mirilla de lo eterno a la paradoja del mundo. Colaboradora, acompa\u00f1amiento musical y arreglos musicales o de letra, con distintos cantautores, entre ellos Paco Cifuentes.<\/p>\n\n\n\n<div style=\"height:50px\" aria-hidden=\"true\" class=\"wp-block-spacer\"><\/div>\n\n\n\n<h2 class=\"wp-block-heading\"><strong>Cuentacuentos <em>El tambor m\u00e1gico<\/em>. Con la autora Carmen S\u00e1nchez Mart\u00edn<\/strong><\/h2>\n\n\n\n<h3 class=\"wp-block-heading\"><strong>S\u00e1bado 19 de octubre, a las 12:00 h<\/strong><\/h3>\n\n\n\n<h4 class=\"wp-block-heading\">Librer\u00eda Santos Ochoa. (Gran V\u00eda, 12, Salamanca)<\/h4>\n\n\n\n<p><strong>Edad recomendada:<\/strong> a partir de 4 a\u00f1os<\/p>\n\n\n\n<p>Entrada libre hasta completar aforo<\/p>\n\n\n\n<div class=\"wp-block-image\"><figure class=\"alignright size-large is-resized\"><img decoding=\"async\" src=\"https:\/\/blogs.santosochoa.es\/salamanca\/wp-content\/uploads\/sites\/3\/2024\/09\/el-tambor-magico_Carmen-Sanchez-Martin-1024x737.jpg\" alt=\"\" class=\"wp-image-1718\" width=\"300\" srcset=\"https:\/\/blogs.santosochoa.es\/salamanca\/wp-content\/uploads\/sites\/3\/2024\/09\/el-tambor-magico_Carmen-Sanchez-Martin-1024x737.jpg 1024w, https:\/\/blogs.santosochoa.es\/salamanca\/wp-content\/uploads\/sites\/3\/2024\/09\/el-tambor-magico_Carmen-Sanchez-Martin-300x216.jpg 300w, https:\/\/blogs.santosochoa.es\/salamanca\/wp-content\/uploads\/sites\/3\/2024\/09\/el-tambor-magico_Carmen-Sanchez-Martin-768x553.jpg 768w, https:\/\/blogs.santosochoa.es\/salamanca\/wp-content\/uploads\/sites\/3\/2024\/09\/el-tambor-magico_Carmen-Sanchez-Martin.jpg 1063w\" sizes=\"(max-width: 1024px) 100vw, 1024px\" \/><\/figure><\/div>\n\n\n\n<h5 class=\"wp-block-heading\"><strong>Silvia es una profesora de m\u00fasica muy especial; tiene un tambor lleno de animales. Cuando sus alumnos lo tocan, pueden sacar a sus animales favoritos. \u00bfQu\u00e9 animales sacar\u00e1n? Un d\u00eda, mientras bailan con ellos\u2026 \u00a1Se escapan! Adriana, Aurelio, Blanca, Enzo, Manuela y Selena tienen que salir a buscarlos por el colegio. \u00bfLos encontrar\u00e1n? \u00bfConseguir\u00e1n volver a meterlos en el tambor?<\/strong><\/h5>\n\n\n\n<p><strong>Carmen S\u00e1nchez Mart\u00edn<\/strong> naci\u00f3 en Salamanca en 1984, reside en Guijuelo donde trabaja como profesora de ingl\u00e9s en la academia ClasesCarmina, codo con codo con su madre. Su pasi\u00f3n por la lectura le viene desde la m\u00e1s tierna infancia, nada m\u00e1s aprender a leer supo que el mundo era un lugar incre\u00edble lleno de historias que quer\u00eda conocer. Esta pasi\u00f3n por las letras le ha llevado a tener un blog maravilloso con amigas lectoras de toda Espa\u00f1a, \u201cLectoras Cotorras\u201d. Tambi\u00e9n publica sus escritos propios en \u201cLavidaSonHilos\u201d y participa activamente en concursos de relatos. Desde que es madre, los cuentos vuelven a formar parte de su vida y se ha despertado en ella una creatividad que desea no perder nunca. <em>El brillo en los ojos de un ni\u00f1o la primera vez que le cuentas un cuento es de las mejores sensaciones del mundo.<\/em><\/p>\n","protected":false},"excerpt":{"rendered":"<p>\u00c1ngela Banzas presenta \u00abEl aliento de las llamas\u00bb. Encuentro \u00abVersos contra las cuerdas\u00bb. Cuentacuentos \u00abEl tambor m\u00e1gico\u00bb<\/p>\n","protected":false},"author":2,"featured_media":1712,"comment_status":"closed","ping_status":"closed","sticky":false,"template":"","format":"standard","meta":{"footnotes":""},"categories":[9,15],"tags":[],"class_list":["post-1727","post","type-post","status-publish","format-standard","has-post-thumbnail","hentry","category-libros","category-poesia"],"yoast_head":"<!-- This site is optimized with the Yoast SEO plugin v27.2 - https:\/\/yoast.com\/product\/yoast-seo-wordpress\/ -->\n<title>\u00c1ngela Banzas, Encuentro Po\u00e9tico y Cuentacuentos - Santos Ochoa Salamanca<\/title>\n<meta name=\"description\" content=\"\u00c1ngela Banzas presenta &quot;El aliento de las llamas&quot;. Encuentro &quot;Versos contra las cuerdas&quot;. Cuentacuentos &quot;El tambor m\u00e1gico&quot;\" \/>\n<meta name=\"robots\" content=\"index, follow, max-snippet:-1, max-image-preview:large, max-video-preview:-1\" \/>\n<link rel=\"canonical\" href=\"https:\/\/blogs.santosochoa.es\/salamanca\/el-aliento-de-las-llamas-y-versos-contra-las-cuerdas\/\" \/>\n<meta property=\"og:locale\" content=\"es_ES\" \/>\n<meta property=\"og:type\" content=\"article\" \/>\n<meta property=\"og:title\" content=\"\u00c1ngela Banzas, Encuentro Po\u00e9tico y Cuentacuentos - Santos Ochoa Salamanca\" \/>\n<meta property=\"og:description\" content=\"\u00c1ngela Banzas presenta &quot;El aliento de las llamas&quot;. Encuentro &quot;Versos contra las cuerdas&quot;. Cuentacuentos &quot;El tambor m\u00e1gico&quot;\" \/>\n<meta property=\"og:url\" content=\"https:\/\/blogs.santosochoa.es\/salamanca\/el-aliento-de-las-llamas-y-versos-contra-las-cuerdas\/\" \/>\n<meta property=\"og:site_name\" content=\"Santos Ochoa Salamanca\" \/>\n<meta property=\"article:published_time\" content=\"2024-10-10T09:15:34+00:00\" \/>\n<meta property=\"article:modified_time\" content=\"2024-10-11T11:13:40+00:00\" \/>\n<meta property=\"og:image\" content=\"https:\/\/blogs.santosochoa.es\/salamanca\/wp-content\/uploads\/sites\/3\/2024\/09\/el-aliento-de-las-llamas_Angela-Banzas.jpg\" \/>\n\t<meta property=\"og:image:width\" content=\"591\" \/>\n\t<meta property=\"og:image:height\" content=\"905\" \/>\n\t<meta property=\"og:image:type\" content=\"image\/jpeg\" \/>\n<meta name=\"author\" content=\"Santos Ochoa Salamanca\" \/>\n<meta name=\"twitter:card\" content=\"summary_large_image\" \/>\n<meta name=\"twitter:label1\" content=\"Written by\" \/>\n\t<meta name=\"twitter:data1\" content=\"Santos Ochoa Salamanca\" \/>\n\t<meta name=\"twitter:label2\" content=\"Est. reading time\" \/>\n\t<meta name=\"twitter:data2\" content=\"5 minutos\" \/>\n<script type=\"application\/ld+json\" class=\"yoast-schema-graph\">{\"@context\":\"https:\/\/schema.org\",\"@graph\":[{\"@type\":\"Article\",\"@id\":\"https:\/\/blogs.santosochoa.es\/salamanca\/el-aliento-de-las-llamas-y-versos-contra-las-cuerdas\/#article\",\"isPartOf\":{\"@id\":\"https:\/\/blogs.santosochoa.es\/salamanca\/el-aliento-de-las-llamas-y-versos-contra-las-cuerdas\/\"},\"author\":{\"name\":\"Santos Ochoa Salamanca\",\"@id\":\"https:\/\/blogs.santosochoa.es\/salamanca\/#\/schema\/person\/a125e75c96c8702907b25e61f1c0b772\"},\"headline\":\"\u00c1ngela Banzas, Encuentro Po\u00e9tico y Cuentacuentos\",\"datePublished\":\"2024-10-10T09:15:34+00:00\",\"dateModified\":\"2024-10-11T11:13:40+00:00\",\"mainEntityOfPage\":{\"@id\":\"https:\/\/blogs.santosochoa.es\/salamanca\/el-aliento-de-las-llamas-y-versos-contra-las-cuerdas\/\"},\"wordCount\":1090,\"image\":{\"@id\":\"https:\/\/blogs.santosochoa.es\/salamanca\/el-aliento-de-las-llamas-y-versos-contra-las-cuerdas\/#primaryimage\"},\"thumbnailUrl\":\"https:\/\/blogs.santosochoa.es\/salamanca\/wp-content\/uploads\/sites\/3\/2024\/09\/el-aliento-de-las-llamas_Angela-Banzas.jpg\",\"articleSection\":[\"libros\",\"poes\u00eda\"],\"inLanguage\":\"es\"},{\"@type\":\"WebPage\",\"@id\":\"https:\/\/blogs.santosochoa.es\/salamanca\/el-aliento-de-las-llamas-y-versos-contra-las-cuerdas\/\",\"url\":\"https:\/\/blogs.santosochoa.es\/salamanca\/el-aliento-de-las-llamas-y-versos-contra-las-cuerdas\/\",\"name\":\"\u00c1ngela Banzas, Encuentro Po\u00e9tico y Cuentacuentos - Santos Ochoa Salamanca\",\"isPartOf\":{\"@id\":\"https:\/\/blogs.santosochoa.es\/salamanca\/#website\"},\"primaryImageOfPage\":{\"@id\":\"https:\/\/blogs.santosochoa.es\/salamanca\/el-aliento-de-las-llamas-y-versos-contra-las-cuerdas\/#primaryimage\"},\"image\":{\"@id\":\"https:\/\/blogs.santosochoa.es\/salamanca\/el-aliento-de-las-llamas-y-versos-contra-las-cuerdas\/#primaryimage\"},\"thumbnailUrl\":\"https:\/\/blogs.santosochoa.es\/salamanca\/wp-content\/uploads\/sites\/3\/2024\/09\/el-aliento-de-las-llamas_Angela-Banzas.jpg\",\"datePublished\":\"2024-10-10T09:15:34+00:00\",\"dateModified\":\"2024-10-11T11:13:40+00:00\",\"author\":{\"@id\":\"https:\/\/blogs.santosochoa.es\/salamanca\/#\/schema\/person\/a125e75c96c8702907b25e61f1c0b772\"},\"description\":\"\u00c1ngela Banzas presenta \\\"El aliento de las llamas\\\". Encuentro \\\"Versos contra las cuerdas\\\". Cuentacuentos \\\"El tambor m\u00e1gico\\\"\",\"breadcrumb\":{\"@id\":\"https:\/\/blogs.santosochoa.es\/salamanca\/el-aliento-de-las-llamas-y-versos-contra-las-cuerdas\/#breadcrumb\"},\"inLanguage\":\"es\",\"potentialAction\":[{\"@type\":\"ReadAction\",\"target\":[\"https:\/\/blogs.santosochoa.es\/salamanca\/el-aliento-de-las-llamas-y-versos-contra-las-cuerdas\/\"]}]},{\"@type\":\"ImageObject\",\"inLanguage\":\"es\",\"@id\":\"https:\/\/blogs.santosochoa.es\/salamanca\/el-aliento-de-las-llamas-y-versos-contra-las-cuerdas\/#primaryimage\",\"url\":\"https:\/\/blogs.santosochoa.es\/salamanca\/wp-content\/uploads\/sites\/3\/2024\/09\/el-aliento-de-las-llamas_Angela-Banzas.jpg\",\"contentUrl\":\"https:\/\/blogs.santosochoa.es\/salamanca\/wp-content\/uploads\/sites\/3\/2024\/09\/el-aliento-de-las-llamas_Angela-Banzas.jpg\",\"width\":591,\"height\":905},{\"@type\":\"BreadcrumbList\",\"@id\":\"https:\/\/blogs.santosochoa.es\/salamanca\/el-aliento-de-las-llamas-y-versos-contra-las-cuerdas\/#breadcrumb\",\"itemListElement\":[{\"@type\":\"ListItem\",\"position\":1,\"name\":\"Home\",\"item\":\"https:\/\/blogs.santosochoa.es\/salamanca\/\"},{\"@type\":\"ListItem\",\"position\":2,\"name\":\"\u00c1ngela Banzas, Encuentro Po\u00e9tico y Cuentacuentos\"}]},{\"@type\":\"WebSite\",\"@id\":\"https:\/\/blogs.santosochoa.es\/salamanca\/#website\",\"url\":\"https:\/\/blogs.santosochoa.es\/salamanca\/\",\"name\":\"Santos Ochoa Salamanca\",\"description\":\"Tu Librer\u00eda Online\",\"potentialAction\":[{\"@type\":\"SearchAction\",\"target\":{\"@type\":\"EntryPoint\",\"urlTemplate\":\"https:\/\/blogs.santosochoa.es\/salamanca\/?s={search_term_string}\"},\"query-input\":{\"@type\":\"PropertyValueSpecification\",\"valueRequired\":true,\"valueName\":\"search_term_string\"}}],\"inLanguage\":\"es\"},{\"@type\":\"Person\",\"@id\":\"https:\/\/blogs.santosochoa.es\/salamanca\/#\/schema\/person\/a125e75c96c8702907b25e61f1c0b772\",\"name\":\"Santos Ochoa Salamanca\"}]}<\/script>\n<!-- \/ Yoast SEO plugin. -->","yoast_head_json":{"title":"\u00c1ngela Banzas, Encuentro Po\u00e9tico y Cuentacuentos - Santos Ochoa Salamanca","description":"\u00c1ngela Banzas presenta \"El aliento de las llamas\". Encuentro \"Versos contra las cuerdas\". Cuentacuentos \"El tambor m\u00e1gico\"","robots":{"index":"index","follow":"follow","max-snippet":"max-snippet:-1","max-image-preview":"max-image-preview:large","max-video-preview":"max-video-preview:-1"},"canonical":"https:\/\/blogs.santosochoa.es\/salamanca\/el-aliento-de-las-llamas-y-versos-contra-las-cuerdas\/","og_locale":"es_ES","og_type":"article","og_title":"\u00c1ngela Banzas, Encuentro Po\u00e9tico y Cuentacuentos - Santos Ochoa Salamanca","og_description":"\u00c1ngela Banzas presenta \"El aliento de las llamas\". Encuentro \"Versos contra las cuerdas\". Cuentacuentos \"El tambor m\u00e1gico\"","og_url":"https:\/\/blogs.santosochoa.es\/salamanca\/el-aliento-de-las-llamas-y-versos-contra-las-cuerdas\/","og_site_name":"Santos Ochoa Salamanca","article_published_time":"2024-10-10T09:15:34+00:00","article_modified_time":"2024-10-11T11:13:40+00:00","og_image":[{"width":591,"height":905,"url":"https:\/\/blogs.santosochoa.es\/salamanca\/wp-content\/uploads\/sites\/3\/2024\/09\/el-aliento-de-las-llamas_Angela-Banzas.jpg","type":"image\/jpeg"}],"author":"Santos Ochoa Salamanca","twitter_card":"summary_large_image","twitter_misc":{"Written by":"Santos Ochoa Salamanca","Est. reading time":"5 minutos"},"schema":{"@context":"https:\/\/schema.org","@graph":[{"@type":"Article","@id":"https:\/\/blogs.santosochoa.es\/salamanca\/el-aliento-de-las-llamas-y-versos-contra-las-cuerdas\/#article","isPartOf":{"@id":"https:\/\/blogs.santosochoa.es\/salamanca\/el-aliento-de-las-llamas-y-versos-contra-las-cuerdas\/"},"author":{"name":"Santos Ochoa Salamanca","@id":"https:\/\/blogs.santosochoa.es\/salamanca\/#\/schema\/person\/a125e75c96c8702907b25e61f1c0b772"},"headline":"\u00c1ngela Banzas, Encuentro Po\u00e9tico y Cuentacuentos","datePublished":"2024-10-10T09:15:34+00:00","dateModified":"2024-10-11T11:13:40+00:00","mainEntityOfPage":{"@id":"https:\/\/blogs.santosochoa.es\/salamanca\/el-aliento-de-las-llamas-y-versos-contra-las-cuerdas\/"},"wordCount":1090,"image":{"@id":"https:\/\/blogs.santosochoa.es\/salamanca\/el-aliento-de-las-llamas-y-versos-contra-las-cuerdas\/#primaryimage"},"thumbnailUrl":"https:\/\/blogs.santosochoa.es\/salamanca\/wp-content\/uploads\/sites\/3\/2024\/09\/el-aliento-de-las-llamas_Angela-Banzas.jpg","articleSection":["libros","poes\u00eda"],"inLanguage":"es"},{"@type":"WebPage","@id":"https:\/\/blogs.santosochoa.es\/salamanca\/el-aliento-de-las-llamas-y-versos-contra-las-cuerdas\/","url":"https:\/\/blogs.santosochoa.es\/salamanca\/el-aliento-de-las-llamas-y-versos-contra-las-cuerdas\/","name":"\u00c1ngela Banzas, Encuentro Po\u00e9tico y Cuentacuentos - Santos Ochoa Salamanca","isPartOf":{"@id":"https:\/\/blogs.santosochoa.es\/salamanca\/#website"},"primaryImageOfPage":{"@id":"https:\/\/blogs.santosochoa.es\/salamanca\/el-aliento-de-las-llamas-y-versos-contra-las-cuerdas\/#primaryimage"},"image":{"@id":"https:\/\/blogs.santosochoa.es\/salamanca\/el-aliento-de-las-llamas-y-versos-contra-las-cuerdas\/#primaryimage"},"thumbnailUrl":"https:\/\/blogs.santosochoa.es\/salamanca\/wp-content\/uploads\/sites\/3\/2024\/09\/el-aliento-de-las-llamas_Angela-Banzas.jpg","datePublished":"2024-10-10T09:15:34+00:00","dateModified":"2024-10-11T11:13:40+00:00","author":{"@id":"https:\/\/blogs.santosochoa.es\/salamanca\/#\/schema\/person\/a125e75c96c8702907b25e61f1c0b772"},"description":"\u00c1ngela Banzas presenta \"El aliento de las llamas\". Encuentro \"Versos contra las cuerdas\". Cuentacuentos \"El tambor m\u00e1gico\"","breadcrumb":{"@id":"https:\/\/blogs.santosochoa.es\/salamanca\/el-aliento-de-las-llamas-y-versos-contra-las-cuerdas\/#breadcrumb"},"inLanguage":"es","potentialAction":[{"@type":"ReadAction","target":["https:\/\/blogs.santosochoa.es\/salamanca\/el-aliento-de-las-llamas-y-versos-contra-las-cuerdas\/"]}]},{"@type":"ImageObject","inLanguage":"es","@id":"https:\/\/blogs.santosochoa.es\/salamanca\/el-aliento-de-las-llamas-y-versos-contra-las-cuerdas\/#primaryimage","url":"https:\/\/blogs.santosochoa.es\/salamanca\/wp-content\/uploads\/sites\/3\/2024\/09\/el-aliento-de-las-llamas_Angela-Banzas.jpg","contentUrl":"https:\/\/blogs.santosochoa.es\/salamanca\/wp-content\/uploads\/sites\/3\/2024\/09\/el-aliento-de-las-llamas_Angela-Banzas.jpg","width":591,"height":905},{"@type":"BreadcrumbList","@id":"https:\/\/blogs.santosochoa.es\/salamanca\/el-aliento-de-las-llamas-y-versos-contra-las-cuerdas\/#breadcrumb","itemListElement":[{"@type":"ListItem","position":1,"name":"Home","item":"https:\/\/blogs.santosochoa.es\/salamanca\/"},{"@type":"ListItem","position":2,"name":"\u00c1ngela Banzas, Encuentro Po\u00e9tico y Cuentacuentos"}]},{"@type":"WebSite","@id":"https:\/\/blogs.santosochoa.es\/salamanca\/#website","url":"https:\/\/blogs.santosochoa.es\/salamanca\/","name":"Santos Ochoa Salamanca","description":"Tu Librer\u00eda Online","potentialAction":[{"@type":"SearchAction","target":{"@type":"EntryPoint","urlTemplate":"https:\/\/blogs.santosochoa.es\/salamanca\/?s={search_term_string}"},"query-input":{"@type":"PropertyValueSpecification","valueRequired":true,"valueName":"search_term_string"}}],"inLanguage":"es"},{"@type":"Person","@id":"https:\/\/blogs.santosochoa.es\/salamanca\/#\/schema\/person\/a125e75c96c8702907b25e61f1c0b772","name":"Santos Ochoa Salamanca"}]}},"_links":{"self":[{"href":"https:\/\/blogs.santosochoa.es\/salamanca\/wp-json\/wp\/v2\/posts\/1727","targetHints":{"allow":["GET"]}}],"collection":[{"href":"https:\/\/blogs.santosochoa.es\/salamanca\/wp-json\/wp\/v2\/posts"}],"about":[{"href":"https:\/\/blogs.santosochoa.es\/salamanca\/wp-json\/wp\/v2\/types\/post"}],"author":[{"embeddable":true,"href":"https:\/\/blogs.santosochoa.es\/salamanca\/wp-json\/wp\/v2\/users\/2"}],"replies":[{"embeddable":true,"href":"https:\/\/blogs.santosochoa.es\/salamanca\/wp-json\/wp\/v2\/comments?post=1727"}],"version-history":[{"count":6,"href":"https:\/\/blogs.santosochoa.es\/salamanca\/wp-json\/wp\/v2\/posts\/1727\/revisions"}],"predecessor-version":[{"id":1734,"href":"https:\/\/blogs.santosochoa.es\/salamanca\/wp-json\/wp\/v2\/posts\/1727\/revisions\/1734"}],"wp:featuredmedia":[{"embeddable":true,"href":"https:\/\/blogs.santosochoa.es\/salamanca\/wp-json\/wp\/v2\/media\/1712"}],"wp:attachment":[{"href":"https:\/\/blogs.santosochoa.es\/salamanca\/wp-json\/wp\/v2\/media?parent=1727"}],"wp:term":[{"taxonomy":"category","embeddable":true,"href":"https:\/\/blogs.santosochoa.es\/salamanca\/wp-json\/wp\/v2\/categories?post=1727"},{"taxonomy":"post_tag","embeddable":true,"href":"https:\/\/blogs.santosochoa.es\/salamanca\/wp-json\/wp\/v2\/tags?post=1727"}],"curies":[{"name":"wp","href":"https:\/\/api.w.org\/{rel}","templated":true}]}}