{"id":1628,"date":"2024-04-02T12:42:37","date_gmt":"2024-04-02T10:42:37","guid":{"rendered":"https:\/\/blogs.santosochoa.es\/salamanca\/?p=1628"},"modified":"2024-04-02T12:45:14","modified_gmt":"2024-04-02T10:45:14","slug":"cuentacuentos-inma-munoz","status":"publish","type":"post","link":"https:\/\/blogs.santosochoa.es\/salamanca\/cuentacuentos-inma-munoz\/","title":{"rendered":"Cuentacuentos con Inma Mu\u00f1oz"},"content":{"rendered":"\n<h2 class=\"wp-block-heading\"><strong>Cuentacuentos infantil. \u00a1<em>D\u00e9jame dormir un poquito m\u00e1s<\/em>! Con la autora del cuento, Inma Mu\u00f1oz<\/strong><\/h2>\n\n\n\n<h3 class=\"wp-block-heading\"><strong>S\u00e1bado 6 de abril<\/strong><strong>, a las 18:00 h.<\/strong><\/h3>\n\n\n\n<h4 class=\"wp-block-heading\">Librer\u00eda Santos Ochoa. (Gran V\u00eda, 12, Salamanca)<\/h4>\n\n\n\n<p><strong>Edad recomendada:<\/strong> de 3 a 8 a\u00f1os. Entrada libre<\/p>\n\n\n\n<div class=\"wp-block-image\"><figure class=\"alignright size-large is-resized\"><img decoding=\"async\" src=\"https:\/\/blogs.santosochoa.es\/salamanca\/wp-content\/uploads\/sites\/3\/2024\/03\/dejame-dormir-un-poquito-mas.jpg\" alt=\"\" class=\"wp-image-1617\" width=\"300\" srcset=\"https:\/\/blogs.santosochoa.es\/salamanca\/wp-content\/uploads\/sites\/3\/2024\/03\/dejame-dormir-un-poquito-mas.jpg 591w, https:\/\/blogs.santosochoa.es\/salamanca\/wp-content\/uploads\/sites\/3\/2024\/03\/dejame-dormir-un-poquito-mas-300x290.jpg 300w\" sizes=\"(max-width: 591px) 100vw, 591px\" \/><\/figure><\/div>\n\n\n\n<h5 class=\"wp-block-heading\"><strong><em>D\u00e9jame dormir un poquito m\u00e1s<\/em> es la historia de Daniel al que le encanta dormir y so\u00f1ar, so\u00f1ar y dormir. Cada ma\u00f1ana, cuando est\u00e1 disfrutando de un fant\u00e1stico sue\u00f1o, su madre le despierta para ir al colegio y Daniel siempre le dice: \u00a1D\u00e9jame dormir un poquito m\u00e1s!<\/strong><\/h5>\n\n\n\n<p>Una historia divertida y que muchos ni\u00f1os y padres reconocer\u00e1n, ideal para ni\u00f1os de 3 a 8 a\u00f1os, que se divertir\u00e1n con los locos sue\u00f1os de Daniel y con las formas que tiene la madre de despertarle. Cada sue\u00f1o es una historia diferente que se van sucediendo durante toda la semana.<\/p>\n\n\n\n<p><strong>Inma Mu\u00f1oz<\/strong>. Soy escritora, narradora y aparejadora. Me considero una persona polifac\u00e9tica, que nunca me canso de aprender cosas nuevas. Compagin\u00e9 mis estudios de Arquitectura T\u00e9cnica con los de danza, m\u00fasica y teatro. Soy autora y editora de los libros <em>El Puntito Chimp\u00fan<\/em>,&nbsp;<em>El Sol de Elma<\/em>, <em>Un lugar para Gusti<\/em> y <em>Sigue la flecha<\/em>. Soy adem\u00e1s cuentacuentos y durante el a\u00f1o recorro los \u00e1mbitos culturales de Madrid acercando mis historias a los m\u00e1s peque\u00f1os. He podido contar en lugares como La Feria del Libro de Madrid &nbsp;y el Sal\u00f3n del libro infantil y juvenil, la Feria del libro de Valencia, el Marat\u00f3n de cuentos de Guadalajara, Parla Cuenta, espacios como Malakisd, Planeta invisibles y diversas librer\u00edas.<\/p>\n\n\n\n<p><strong>Tamara Aneg\u00f3n<\/strong>. Soy una ilustradora con gran inter\u00e9s en la creaci\u00f3n de im\u00e1genes capaces de expresar emociones, movimiento y ambientes a trav\u00e9s de gestos simples. Mis ilustraciones han encontrado sitio en distintos formatos como \u00e1lbumes ilustrados, juguetes, editorial, merchandising, etc.<\/p>\n","protected":false},"excerpt":{"rendered":"<p>Cuentacuentos infantil. \u00ab\u00a1D\u00e9jame dormir un poquito m\u00e1s!\u00bb. Con la autora del cuento, Inma Mu\u00f1oz<\/p>\n","protected":false},"author":2,"featured_media":1617,"comment_status":"closed","ping_status":"closed","sticky":false,"template":"","format":"standard","meta":{"footnotes":""},"categories":[12,16,9],"tags":[],"class_list":["post-1628","post","type-post","status-publish","format-standard","has-post-thumbnail","hentry","category-cuentacuentos","category-infantil","category-libros"],"yoast_head":"<!-- This site is optimized with the Yoast SEO plugin v27.2 - https:\/\/yoast.com\/product\/yoast-seo-wordpress\/ -->\n<title>Cuentacuentos con Inma Mu\u00f1oz - Santos Ochoa Salamanca<\/title>\n<meta name=\"description\" content=\"Cuentacuentos infantil. &quot;\u00a1D\u00e9jame dormir un poquito m\u00e1s!&quot; Con la autora del cuento, Inma Mu\u00f1oz\" \/>\n<meta name=\"robots\" content=\"index, follow, max-snippet:-1, max-image-preview:large, max-video-preview:-1\" \/>\n<link rel=\"canonical\" href=\"https:\/\/blogs.santosochoa.es\/salamanca\/cuentacuentos-inma-munoz\/\" \/>\n<meta property=\"og:locale\" content=\"es_ES\" \/>\n<meta property=\"og:type\" content=\"article\" \/>\n<meta property=\"og:title\" content=\"Cuentacuentos con Inma Mu\u00f1oz - Santos Ochoa Salamanca\" \/>\n<meta property=\"og:description\" content=\"Cuentacuentos infantil. &quot;\u00a1D\u00e9jame dormir un poquito m\u00e1s!&quot; Con la autora del cuento, Inma Mu\u00f1oz\" \/>\n<meta property=\"og:url\" content=\"https:\/\/blogs.santosochoa.es\/salamanca\/cuentacuentos-inma-munoz\/\" \/>\n<meta property=\"og:site_name\" content=\"Santos Ochoa Salamanca\" \/>\n<meta property=\"article:published_time\" content=\"2024-04-02T10:42:37+00:00\" \/>\n<meta property=\"article:modified_time\" content=\"2024-04-02T10:45:14+00:00\" \/>\n<meta property=\"og:image\" content=\"https:\/\/blogs.santosochoa.es\/salamanca\/wp-content\/uploads\/sites\/3\/2024\/03\/dejame-dormir-un-poquito-mas.jpg\" \/>\n\t<meta property=\"og:image:width\" content=\"591\" \/>\n\t<meta property=\"og:image:height\" content=\"571\" \/>\n\t<meta property=\"og:image:type\" content=\"image\/jpeg\" \/>\n<meta name=\"author\" content=\"Santos Ochoa Salamanca\" \/>\n<meta name=\"twitter:card\" content=\"summary_large_image\" \/>\n<meta name=\"twitter:label1\" content=\"Written by\" \/>\n\t<meta name=\"twitter:data1\" content=\"Santos Ochoa Salamanca\" \/>\n\t<meta name=\"twitter:label2\" content=\"Est. reading time\" \/>\n\t<meta name=\"twitter:data2\" content=\"2 minutos\" \/>\n<script type=\"application\/ld+json\" class=\"yoast-schema-graph\">{\"@context\":\"https:\/\/schema.org\",\"@graph\":[{\"@type\":\"Article\",\"@id\":\"https:\/\/blogs.santosochoa.es\/salamanca\/cuentacuentos-inma-munoz\/#article\",\"isPartOf\":{\"@id\":\"https:\/\/blogs.santosochoa.es\/salamanca\/cuentacuentos-inma-munoz\/\"},\"author\":{\"name\":\"Santos Ochoa Salamanca\",\"@id\":\"https:\/\/blogs.santosochoa.es\/salamanca\/#\/schema\/person\/a125e75c96c8702907b25e61f1c0b772\"},\"headline\":\"Cuentacuentos con Inma Mu\u00f1oz\",\"datePublished\":\"2024-04-02T10:42:37+00:00\",\"dateModified\":\"2024-04-02T10:45:14+00:00\",\"mainEntityOfPage\":{\"@id\":\"https:\/\/blogs.santosochoa.es\/salamanca\/cuentacuentos-inma-munoz\/\"},\"wordCount\":333,\"image\":{\"@id\":\"https:\/\/blogs.santosochoa.es\/salamanca\/cuentacuentos-inma-munoz\/#primaryimage\"},\"thumbnailUrl\":\"https:\/\/blogs.santosochoa.es\/salamanca\/wp-content\/uploads\/sites\/3\/2024\/03\/dejame-dormir-un-poquito-mas.jpg\",\"articleSection\":[\"cuentacuentos\",\"infantil\",\"libros\"],\"inLanguage\":\"es\"},{\"@type\":\"WebPage\",\"@id\":\"https:\/\/blogs.santosochoa.es\/salamanca\/cuentacuentos-inma-munoz\/\",\"url\":\"https:\/\/blogs.santosochoa.es\/salamanca\/cuentacuentos-inma-munoz\/\",\"name\":\"Cuentacuentos con Inma Mu\u00f1oz - Santos Ochoa Salamanca\",\"isPartOf\":{\"@id\":\"https:\/\/blogs.santosochoa.es\/salamanca\/#website\"},\"primaryImageOfPage\":{\"@id\":\"https:\/\/blogs.santosochoa.es\/salamanca\/cuentacuentos-inma-munoz\/#primaryimage\"},\"image\":{\"@id\":\"https:\/\/blogs.santosochoa.es\/salamanca\/cuentacuentos-inma-munoz\/#primaryimage\"},\"thumbnailUrl\":\"https:\/\/blogs.santosochoa.es\/salamanca\/wp-content\/uploads\/sites\/3\/2024\/03\/dejame-dormir-un-poquito-mas.jpg\",\"datePublished\":\"2024-04-02T10:42:37+00:00\",\"dateModified\":\"2024-04-02T10:45:14+00:00\",\"author\":{\"@id\":\"https:\/\/blogs.santosochoa.es\/salamanca\/#\/schema\/person\/a125e75c96c8702907b25e61f1c0b772\"},\"description\":\"Cuentacuentos infantil. \\\"\u00a1D\u00e9jame dormir un poquito m\u00e1s!\\\" Con la autora del cuento, Inma Mu\u00f1oz\",\"breadcrumb\":{\"@id\":\"https:\/\/blogs.santosochoa.es\/salamanca\/cuentacuentos-inma-munoz\/#breadcrumb\"},\"inLanguage\":\"es\",\"potentialAction\":[{\"@type\":\"ReadAction\",\"target\":[\"https:\/\/blogs.santosochoa.es\/salamanca\/cuentacuentos-inma-munoz\/\"]}]},{\"@type\":\"ImageObject\",\"inLanguage\":\"es\",\"@id\":\"https:\/\/blogs.santosochoa.es\/salamanca\/cuentacuentos-inma-munoz\/#primaryimage\",\"url\":\"https:\/\/blogs.santosochoa.es\/salamanca\/wp-content\/uploads\/sites\/3\/2024\/03\/dejame-dormir-un-poquito-mas.jpg\",\"contentUrl\":\"https:\/\/blogs.santosochoa.es\/salamanca\/wp-content\/uploads\/sites\/3\/2024\/03\/dejame-dormir-un-poquito-mas.jpg\",\"width\":591,\"height\":571},{\"@type\":\"BreadcrumbList\",\"@id\":\"https:\/\/blogs.santosochoa.es\/salamanca\/cuentacuentos-inma-munoz\/#breadcrumb\",\"itemListElement\":[{\"@type\":\"ListItem\",\"position\":1,\"name\":\"Home\",\"item\":\"https:\/\/blogs.santosochoa.es\/salamanca\/\"},{\"@type\":\"ListItem\",\"position\":2,\"name\":\"Cuentacuentos con Inma Mu\u00f1oz\"}]},{\"@type\":\"WebSite\",\"@id\":\"https:\/\/blogs.santosochoa.es\/salamanca\/#website\",\"url\":\"https:\/\/blogs.santosochoa.es\/salamanca\/\",\"name\":\"Santos Ochoa Salamanca\",\"description\":\"Tu Librer\u00eda Online\",\"potentialAction\":[{\"@type\":\"SearchAction\",\"target\":{\"@type\":\"EntryPoint\",\"urlTemplate\":\"https:\/\/blogs.santosochoa.es\/salamanca\/?s={search_term_string}\"},\"query-input\":{\"@type\":\"PropertyValueSpecification\",\"valueRequired\":true,\"valueName\":\"search_term_string\"}}],\"inLanguage\":\"es\"},{\"@type\":\"Person\",\"@id\":\"https:\/\/blogs.santosochoa.es\/salamanca\/#\/schema\/person\/a125e75c96c8702907b25e61f1c0b772\",\"name\":\"Santos Ochoa Salamanca\"}]}<\/script>\n<!-- \/ Yoast SEO plugin. -->","yoast_head_json":{"title":"Cuentacuentos con Inma Mu\u00f1oz - Santos Ochoa Salamanca","description":"Cuentacuentos infantil. \"\u00a1D\u00e9jame dormir un poquito m\u00e1s!\" Con la autora del cuento, Inma Mu\u00f1oz","robots":{"index":"index","follow":"follow","max-snippet":"max-snippet:-1","max-image-preview":"max-image-preview:large","max-video-preview":"max-video-preview:-1"},"canonical":"https:\/\/blogs.santosochoa.es\/salamanca\/cuentacuentos-inma-munoz\/","og_locale":"es_ES","og_type":"article","og_title":"Cuentacuentos con Inma Mu\u00f1oz - Santos Ochoa Salamanca","og_description":"Cuentacuentos infantil. \"\u00a1D\u00e9jame dormir un poquito m\u00e1s!\" Con la autora del cuento, Inma Mu\u00f1oz","og_url":"https:\/\/blogs.santosochoa.es\/salamanca\/cuentacuentos-inma-munoz\/","og_site_name":"Santos Ochoa Salamanca","article_published_time":"2024-04-02T10:42:37+00:00","article_modified_time":"2024-04-02T10:45:14+00:00","og_image":[{"width":591,"height":571,"url":"https:\/\/blogs.santosochoa.es\/salamanca\/wp-content\/uploads\/sites\/3\/2024\/03\/dejame-dormir-un-poquito-mas.jpg","type":"image\/jpeg"}],"author":"Santos Ochoa Salamanca","twitter_card":"summary_large_image","twitter_misc":{"Written by":"Santos Ochoa Salamanca","Est. reading time":"2 minutos"},"schema":{"@context":"https:\/\/schema.org","@graph":[{"@type":"Article","@id":"https:\/\/blogs.santosochoa.es\/salamanca\/cuentacuentos-inma-munoz\/#article","isPartOf":{"@id":"https:\/\/blogs.santosochoa.es\/salamanca\/cuentacuentos-inma-munoz\/"},"author":{"name":"Santos Ochoa Salamanca","@id":"https:\/\/blogs.santosochoa.es\/salamanca\/#\/schema\/person\/a125e75c96c8702907b25e61f1c0b772"},"headline":"Cuentacuentos con Inma Mu\u00f1oz","datePublished":"2024-04-02T10:42:37+00:00","dateModified":"2024-04-02T10:45:14+00:00","mainEntityOfPage":{"@id":"https:\/\/blogs.santosochoa.es\/salamanca\/cuentacuentos-inma-munoz\/"},"wordCount":333,"image":{"@id":"https:\/\/blogs.santosochoa.es\/salamanca\/cuentacuentos-inma-munoz\/#primaryimage"},"thumbnailUrl":"https:\/\/blogs.santosochoa.es\/salamanca\/wp-content\/uploads\/sites\/3\/2024\/03\/dejame-dormir-un-poquito-mas.jpg","articleSection":["cuentacuentos","infantil","libros"],"inLanguage":"es"},{"@type":"WebPage","@id":"https:\/\/blogs.santosochoa.es\/salamanca\/cuentacuentos-inma-munoz\/","url":"https:\/\/blogs.santosochoa.es\/salamanca\/cuentacuentos-inma-munoz\/","name":"Cuentacuentos con Inma Mu\u00f1oz - Santos Ochoa Salamanca","isPartOf":{"@id":"https:\/\/blogs.santosochoa.es\/salamanca\/#website"},"primaryImageOfPage":{"@id":"https:\/\/blogs.santosochoa.es\/salamanca\/cuentacuentos-inma-munoz\/#primaryimage"},"image":{"@id":"https:\/\/blogs.santosochoa.es\/salamanca\/cuentacuentos-inma-munoz\/#primaryimage"},"thumbnailUrl":"https:\/\/blogs.santosochoa.es\/salamanca\/wp-content\/uploads\/sites\/3\/2024\/03\/dejame-dormir-un-poquito-mas.jpg","datePublished":"2024-04-02T10:42:37+00:00","dateModified":"2024-04-02T10:45:14+00:00","author":{"@id":"https:\/\/blogs.santosochoa.es\/salamanca\/#\/schema\/person\/a125e75c96c8702907b25e61f1c0b772"},"description":"Cuentacuentos infantil. \"\u00a1D\u00e9jame dormir un poquito m\u00e1s!\" Con la autora del cuento, Inma Mu\u00f1oz","breadcrumb":{"@id":"https:\/\/blogs.santosochoa.es\/salamanca\/cuentacuentos-inma-munoz\/#breadcrumb"},"inLanguage":"es","potentialAction":[{"@type":"ReadAction","target":["https:\/\/blogs.santosochoa.es\/salamanca\/cuentacuentos-inma-munoz\/"]}]},{"@type":"ImageObject","inLanguage":"es","@id":"https:\/\/blogs.santosochoa.es\/salamanca\/cuentacuentos-inma-munoz\/#primaryimage","url":"https:\/\/blogs.santosochoa.es\/salamanca\/wp-content\/uploads\/sites\/3\/2024\/03\/dejame-dormir-un-poquito-mas.jpg","contentUrl":"https:\/\/blogs.santosochoa.es\/salamanca\/wp-content\/uploads\/sites\/3\/2024\/03\/dejame-dormir-un-poquito-mas.jpg","width":591,"height":571},{"@type":"BreadcrumbList","@id":"https:\/\/blogs.santosochoa.es\/salamanca\/cuentacuentos-inma-munoz\/#breadcrumb","itemListElement":[{"@type":"ListItem","position":1,"name":"Home","item":"https:\/\/blogs.santosochoa.es\/salamanca\/"},{"@type":"ListItem","position":2,"name":"Cuentacuentos con Inma Mu\u00f1oz"}]},{"@type":"WebSite","@id":"https:\/\/blogs.santosochoa.es\/salamanca\/#website","url":"https:\/\/blogs.santosochoa.es\/salamanca\/","name":"Santos Ochoa Salamanca","description":"Tu Librer\u00eda Online","potentialAction":[{"@type":"SearchAction","target":{"@type":"EntryPoint","urlTemplate":"https:\/\/blogs.santosochoa.es\/salamanca\/?s={search_term_string}"},"query-input":{"@type":"PropertyValueSpecification","valueRequired":true,"valueName":"search_term_string"}}],"inLanguage":"es"},{"@type":"Person","@id":"https:\/\/blogs.santosochoa.es\/salamanca\/#\/schema\/person\/a125e75c96c8702907b25e61f1c0b772","name":"Santos Ochoa Salamanca"}]}},"_links":{"self":[{"href":"https:\/\/blogs.santosochoa.es\/salamanca\/wp-json\/wp\/v2\/posts\/1628","targetHints":{"allow":["GET"]}}],"collection":[{"href":"https:\/\/blogs.santosochoa.es\/salamanca\/wp-json\/wp\/v2\/posts"}],"about":[{"href":"https:\/\/blogs.santosochoa.es\/salamanca\/wp-json\/wp\/v2\/types\/post"}],"author":[{"embeddable":true,"href":"https:\/\/blogs.santosochoa.es\/salamanca\/wp-json\/wp\/v2\/users\/2"}],"replies":[{"embeddable":true,"href":"https:\/\/blogs.santosochoa.es\/salamanca\/wp-json\/wp\/v2\/comments?post=1628"}],"version-history":[{"count":3,"href":"https:\/\/blogs.santosochoa.es\/salamanca\/wp-json\/wp\/v2\/posts\/1628\/revisions"}],"predecessor-version":[{"id":1631,"href":"https:\/\/blogs.santosochoa.es\/salamanca\/wp-json\/wp\/v2\/posts\/1628\/revisions\/1631"}],"wp:featuredmedia":[{"embeddable":true,"href":"https:\/\/blogs.santosochoa.es\/salamanca\/wp-json\/wp\/v2\/media\/1617"}],"wp:attachment":[{"href":"https:\/\/blogs.santosochoa.es\/salamanca\/wp-json\/wp\/v2\/media?parent=1628"}],"wp:term":[{"taxonomy":"category","embeddable":true,"href":"https:\/\/blogs.santosochoa.es\/salamanca\/wp-json\/wp\/v2\/categories?post=1628"},{"taxonomy":"post_tag","embeddable":true,"href":"https:\/\/blogs.santosochoa.es\/salamanca\/wp-json\/wp\/v2\/tags?post=1628"}],"curies":[{"name":"wp","href":"https:\/\/api.w.org\/{rel}","templated":true}]}}