{"id":1599,"date":"2024-01-17T13:07:55","date_gmt":"2024-01-17T12:07:55","guid":{"rendered":"https:\/\/blogs.santosochoa.es\/salamanca\/?p=1599"},"modified":"2024-01-17T13:07:57","modified_gmt":"2024-01-17T12:07:57","slug":"el-primer-caso-de-unamuno","status":"publish","type":"post","link":"https:\/\/blogs.santosochoa.es\/salamanca\/el-primer-caso-de-unamuno\/","title":{"rendered":"El primer caso de Unamuno"},"content":{"rendered":"\n<h2 class=\"wp-block-heading\"><strong>Luis Garc\u00eda Jambrina presenta <em>El primer caso de Unamuno<\/em>. Un fascinante thriller hist\u00f3rico<\/strong><\/h2>\n\n\n\n<h3 class=\"wp-block-heading\"><strong>Jueves 25 de enero<\/strong><strong>, a las 19:30 h.<\/strong><\/h3>\n\n\n\n<h4 class=\"wp-block-heading\">Librer\u00eda Santos Ochoa. (Gran V\u00eda, 12, Salamanca)<\/h4>\n\n\n\n<div class=\"wp-block-image\"><figure class=\"alignright size-large is-resized\"><img decoding=\"async\" src=\"https:\/\/blogs.santosochoa.es\/salamanca\/wp-content\/uploads\/sites\/3\/2024\/01\/el-primer-caso-de-unamuno_luis-garcia-jambrina.jpg\" alt=\"\" class=\"wp-image-1593\" width=\"300\" srcset=\"https:\/\/blogs.santosochoa.es\/salamanca\/wp-content\/uploads\/sites\/3\/2024\/01\/el-primer-caso-de-unamuno_luis-garcia-jambrina.jpg 591w, https:\/\/blogs.santosochoa.es\/salamanca\/wp-content\/uploads\/sites\/3\/2024\/01\/el-primer-caso-de-unamuno_luis-garcia-jambrina-190x300.jpg 190w\" sizes=\"(max-width: 591px) 100vw, 591px\" \/><\/figure><\/div>\n\n\n\n<p>El autor charlar\u00e1 con <strong>Francisca Noguerol<\/strong>, catedr\u00e1tica de Literatura de la Universidad de Salamanca.<\/p>\n\n\n\n<h5 class=\"wp-block-heading\"><strong>En el crudo diciembre de 1905, Enrique Maldonado, propietario de las tierras del municipio salamantino de Boada y cacique local, aparece brutalmente apu\u00f1alado en las afueras del pueblo. Los vecinos son los principales sospechosos de haberle dado muerte y Unamuno, que escribi\u00f3 un art\u00edculo incendiario para denunciar las condiciones de vida de los campesinos boadenses, decide investigar el crimen con la ayuda de Manuel Rivera, abogado defensor de los detenidos, y Teresa Maragall, una misteriosa anarquista.<\/strong><\/h5>\n\n\n\n<p>Conforme vayan apareciendo nuevos cad\u00e1veres, el perfil p\u00fablico de Unamuno como intelectual de renombre y pol\u00e9mico rector de la Universidad de Salamanca se ver\u00e1 dividido entre sus valedores y sus detractores, y su car\u00e1cter indomable se topar\u00e1 con el poder y sus insidias, dificultando las pesquisas y poniendo en peligro muchas vidas, entre ellas la suya.<\/p>\n\n\n\n<p><strong>Luis Garc\u00eda Jambrina<\/strong>&nbsp;(Zamora, 1960) es doctor en Filolog\u00eda Hisp\u00e1nica y profesor titular de Literatura Espa\u00f1ola en la Universidad de Salamanca, director de la revista&nbsp;<em>Cuadernos de la C\u00e1tedra Miguel de Unamuno<\/em>&nbsp;y, desde 1999, director de los Encuentros de Escritores y Cr\u00edticos de las Letras Espa\u00f1olas en Verines, a\u00f1o en que tambi\u00e9n recibi\u00f3 el Premio Fray Luis de Le\u00f3n de Ensayo. Como novelista, se dio a conocer con&nbsp;<em>El manuscrito de piedra<\/em>, que fue galardonada con el prestigioso Premio Internacional de Novela Hist\u00f3rica Ciudad de Zaragoza, de la que han aparecido cuarenta ediciones y ha sido traducida a varias lenguas. Esta obra marc\u00f3 el inicio de una exitosa serie protagonizada por Fernando de Rojas como pesquisidor, de la que forman parte otras cinco novelas. Tambi\u00e9n ha publicado&nbsp;<em>En tierra de lobos<\/em>,&nbsp;<em>La sombra de otro<\/em>,&nbsp;<em>As\u00ed en la guerra como en la paz<\/em> y el libro de relatos&nbsp;<em>Muertos S. A<\/em>. Junto a Manuel Mench\u00f3n es autor del ensayo&nbsp;<em>La doble muerte de Unamuno<\/em>.&nbsp;<em>El primer caso de Unamuno<\/em>&nbsp;es su \u00faltima novela.<\/p>\n","protected":false},"excerpt":{"rendered":"<p>Luis Garc\u00eda Jambrina presenta \u00abEl primer caso de Unamuno\u00bb. Un fascinante thriller hist\u00f3rico.<\/p>\n","protected":false},"author":2,"featured_media":1593,"comment_status":"closed","ping_status":"closed","sticky":false,"template":"","format":"standard","meta":{"footnotes":""},"categories":[9],"tags":[],"class_list":["post-1599","post","type-post","status-publish","format-standard","has-post-thumbnail","hentry","category-libros"],"yoast_head":"<!-- This site is optimized with the Yoast SEO plugin v27.2 - https:\/\/yoast.com\/product\/yoast-seo-wordpress\/ -->\n<title>El primer caso de Unamuno - Santos Ochoa Salamanca<\/title>\n<meta name=\"description\" content=\"Luis Garc\u00eda Jambrina presenta &quot;El primer caso de Unamuno&quot;. Un fascinante thriller hist\u00f3rico.\" \/>\n<meta name=\"robots\" content=\"index, follow, max-snippet:-1, max-image-preview:large, max-video-preview:-1\" \/>\n<link rel=\"canonical\" href=\"https:\/\/blogs.santosochoa.es\/salamanca\/el-primer-caso-de-unamuno\/\" \/>\n<meta property=\"og:locale\" content=\"es_ES\" \/>\n<meta property=\"og:type\" content=\"article\" \/>\n<meta property=\"og:title\" content=\"El primer caso de Unamuno - Santos Ochoa Salamanca\" \/>\n<meta property=\"og:description\" content=\"Luis Garc\u00eda Jambrina presenta &quot;El primer caso de Unamuno&quot;. Un fascinante thriller hist\u00f3rico.\" \/>\n<meta property=\"og:url\" content=\"https:\/\/blogs.santosochoa.es\/salamanca\/el-primer-caso-de-unamuno\/\" \/>\n<meta property=\"og:site_name\" content=\"Santos Ochoa Salamanca\" \/>\n<meta property=\"article:published_time\" content=\"2024-01-17T12:07:55+00:00\" \/>\n<meta property=\"article:modified_time\" content=\"2024-01-17T12:07:57+00:00\" \/>\n<meta property=\"og:image\" content=\"https:\/\/blogs.santosochoa.es\/salamanca\/wp-content\/uploads\/sites\/3\/2024\/01\/el-primer-caso-de-unamuno_luis-garcia-jambrina.jpg\" \/>\n\t<meta property=\"og:image:width\" content=\"591\" \/>\n\t<meta property=\"og:image:height\" content=\"935\" \/>\n\t<meta property=\"og:image:type\" content=\"image\/jpeg\" \/>\n<meta name=\"author\" content=\"Santos Ochoa Salamanca\" \/>\n<meta name=\"twitter:card\" content=\"summary_large_image\" \/>\n<meta name=\"twitter:label1\" content=\"Written by\" \/>\n\t<meta name=\"twitter:data1\" content=\"Santos Ochoa Salamanca\" \/>\n\t<meta name=\"twitter:label2\" content=\"Est. reading time\" \/>\n\t<meta name=\"twitter:data2\" content=\"2 minutos\" \/>\n<script type=\"application\/ld+json\" class=\"yoast-schema-graph\">{\"@context\":\"https:\/\/schema.org\",\"@graph\":[{\"@type\":\"Article\",\"@id\":\"https:\/\/blogs.santosochoa.es\/salamanca\/el-primer-caso-de-unamuno\/#article\",\"isPartOf\":{\"@id\":\"https:\/\/blogs.santosochoa.es\/salamanca\/el-primer-caso-de-unamuno\/\"},\"author\":{\"name\":\"Santos Ochoa Salamanca\",\"@id\":\"https:\/\/blogs.santosochoa.es\/salamanca\/#\/schema\/person\/a125e75c96c8702907b25e61f1c0b772\"},\"headline\":\"El primer caso de Unamuno\",\"datePublished\":\"2024-01-17T12:07:55+00:00\",\"dateModified\":\"2024-01-17T12:07:57+00:00\",\"mainEntityOfPage\":{\"@id\":\"https:\/\/blogs.santosochoa.es\/salamanca\/el-primer-caso-de-unamuno\/\"},\"wordCount\":382,\"image\":{\"@id\":\"https:\/\/blogs.santosochoa.es\/salamanca\/el-primer-caso-de-unamuno\/#primaryimage\"},\"thumbnailUrl\":\"https:\/\/blogs.santosochoa.es\/salamanca\/wp-content\/uploads\/sites\/3\/2024\/01\/el-primer-caso-de-unamuno_luis-garcia-jambrina.jpg\",\"articleSection\":[\"libros\"],\"inLanguage\":\"es\"},{\"@type\":\"WebPage\",\"@id\":\"https:\/\/blogs.santosochoa.es\/salamanca\/el-primer-caso-de-unamuno\/\",\"url\":\"https:\/\/blogs.santosochoa.es\/salamanca\/el-primer-caso-de-unamuno\/\",\"name\":\"El primer caso de Unamuno - Santos Ochoa Salamanca\",\"isPartOf\":{\"@id\":\"https:\/\/blogs.santosochoa.es\/salamanca\/#website\"},\"primaryImageOfPage\":{\"@id\":\"https:\/\/blogs.santosochoa.es\/salamanca\/el-primer-caso-de-unamuno\/#primaryimage\"},\"image\":{\"@id\":\"https:\/\/blogs.santosochoa.es\/salamanca\/el-primer-caso-de-unamuno\/#primaryimage\"},\"thumbnailUrl\":\"https:\/\/blogs.santosochoa.es\/salamanca\/wp-content\/uploads\/sites\/3\/2024\/01\/el-primer-caso-de-unamuno_luis-garcia-jambrina.jpg\",\"datePublished\":\"2024-01-17T12:07:55+00:00\",\"dateModified\":\"2024-01-17T12:07:57+00:00\",\"author\":{\"@id\":\"https:\/\/blogs.santosochoa.es\/salamanca\/#\/schema\/person\/a125e75c96c8702907b25e61f1c0b772\"},\"description\":\"Luis Garc\u00eda Jambrina presenta \\\"El primer caso de Unamuno\\\". Un fascinante thriller hist\u00f3rico.\",\"breadcrumb\":{\"@id\":\"https:\/\/blogs.santosochoa.es\/salamanca\/el-primer-caso-de-unamuno\/#breadcrumb\"},\"inLanguage\":\"es\",\"potentialAction\":[{\"@type\":\"ReadAction\",\"target\":[\"https:\/\/blogs.santosochoa.es\/salamanca\/el-primer-caso-de-unamuno\/\"]}]},{\"@type\":\"ImageObject\",\"inLanguage\":\"es\",\"@id\":\"https:\/\/blogs.santosochoa.es\/salamanca\/el-primer-caso-de-unamuno\/#primaryimage\",\"url\":\"https:\/\/blogs.santosochoa.es\/salamanca\/wp-content\/uploads\/sites\/3\/2024\/01\/el-primer-caso-de-unamuno_luis-garcia-jambrina.jpg\",\"contentUrl\":\"https:\/\/blogs.santosochoa.es\/salamanca\/wp-content\/uploads\/sites\/3\/2024\/01\/el-primer-caso-de-unamuno_luis-garcia-jambrina.jpg\",\"width\":591,\"height\":935},{\"@type\":\"BreadcrumbList\",\"@id\":\"https:\/\/blogs.santosochoa.es\/salamanca\/el-primer-caso-de-unamuno\/#breadcrumb\",\"itemListElement\":[{\"@type\":\"ListItem\",\"position\":1,\"name\":\"Home\",\"item\":\"https:\/\/blogs.santosochoa.es\/salamanca\/\"},{\"@type\":\"ListItem\",\"position\":2,\"name\":\"El primer caso de Unamuno\"}]},{\"@type\":\"WebSite\",\"@id\":\"https:\/\/blogs.santosochoa.es\/salamanca\/#website\",\"url\":\"https:\/\/blogs.santosochoa.es\/salamanca\/\",\"name\":\"Santos Ochoa Salamanca\",\"description\":\"Tu Librer\u00eda Online\",\"potentialAction\":[{\"@type\":\"SearchAction\",\"target\":{\"@type\":\"EntryPoint\",\"urlTemplate\":\"https:\/\/blogs.santosochoa.es\/salamanca\/?s={search_term_string}\"},\"query-input\":{\"@type\":\"PropertyValueSpecification\",\"valueRequired\":true,\"valueName\":\"search_term_string\"}}],\"inLanguage\":\"es\"},{\"@type\":\"Person\",\"@id\":\"https:\/\/blogs.santosochoa.es\/salamanca\/#\/schema\/person\/a125e75c96c8702907b25e61f1c0b772\",\"name\":\"Santos Ochoa Salamanca\"}]}<\/script>\n<!-- \/ Yoast SEO plugin. -->","yoast_head_json":{"title":"El primer caso de Unamuno - Santos Ochoa Salamanca","description":"Luis Garc\u00eda Jambrina presenta \"El primer caso de Unamuno\". Un fascinante thriller hist\u00f3rico.","robots":{"index":"index","follow":"follow","max-snippet":"max-snippet:-1","max-image-preview":"max-image-preview:large","max-video-preview":"max-video-preview:-1"},"canonical":"https:\/\/blogs.santosochoa.es\/salamanca\/el-primer-caso-de-unamuno\/","og_locale":"es_ES","og_type":"article","og_title":"El primer caso de Unamuno - Santos Ochoa Salamanca","og_description":"Luis Garc\u00eda Jambrina presenta \"El primer caso de Unamuno\". Un fascinante thriller hist\u00f3rico.","og_url":"https:\/\/blogs.santosochoa.es\/salamanca\/el-primer-caso-de-unamuno\/","og_site_name":"Santos Ochoa Salamanca","article_published_time":"2024-01-17T12:07:55+00:00","article_modified_time":"2024-01-17T12:07:57+00:00","og_image":[{"width":591,"height":935,"url":"https:\/\/blogs.santosochoa.es\/salamanca\/wp-content\/uploads\/sites\/3\/2024\/01\/el-primer-caso-de-unamuno_luis-garcia-jambrina.jpg","type":"image\/jpeg"}],"author":"Santos Ochoa Salamanca","twitter_card":"summary_large_image","twitter_misc":{"Written by":"Santos Ochoa Salamanca","Est. reading time":"2 minutos"},"schema":{"@context":"https:\/\/schema.org","@graph":[{"@type":"Article","@id":"https:\/\/blogs.santosochoa.es\/salamanca\/el-primer-caso-de-unamuno\/#article","isPartOf":{"@id":"https:\/\/blogs.santosochoa.es\/salamanca\/el-primer-caso-de-unamuno\/"},"author":{"name":"Santos Ochoa Salamanca","@id":"https:\/\/blogs.santosochoa.es\/salamanca\/#\/schema\/person\/a125e75c96c8702907b25e61f1c0b772"},"headline":"El primer caso de Unamuno","datePublished":"2024-01-17T12:07:55+00:00","dateModified":"2024-01-17T12:07:57+00:00","mainEntityOfPage":{"@id":"https:\/\/blogs.santosochoa.es\/salamanca\/el-primer-caso-de-unamuno\/"},"wordCount":382,"image":{"@id":"https:\/\/blogs.santosochoa.es\/salamanca\/el-primer-caso-de-unamuno\/#primaryimage"},"thumbnailUrl":"https:\/\/blogs.santosochoa.es\/salamanca\/wp-content\/uploads\/sites\/3\/2024\/01\/el-primer-caso-de-unamuno_luis-garcia-jambrina.jpg","articleSection":["libros"],"inLanguage":"es"},{"@type":"WebPage","@id":"https:\/\/blogs.santosochoa.es\/salamanca\/el-primer-caso-de-unamuno\/","url":"https:\/\/blogs.santosochoa.es\/salamanca\/el-primer-caso-de-unamuno\/","name":"El primer caso de Unamuno - Santos Ochoa Salamanca","isPartOf":{"@id":"https:\/\/blogs.santosochoa.es\/salamanca\/#website"},"primaryImageOfPage":{"@id":"https:\/\/blogs.santosochoa.es\/salamanca\/el-primer-caso-de-unamuno\/#primaryimage"},"image":{"@id":"https:\/\/blogs.santosochoa.es\/salamanca\/el-primer-caso-de-unamuno\/#primaryimage"},"thumbnailUrl":"https:\/\/blogs.santosochoa.es\/salamanca\/wp-content\/uploads\/sites\/3\/2024\/01\/el-primer-caso-de-unamuno_luis-garcia-jambrina.jpg","datePublished":"2024-01-17T12:07:55+00:00","dateModified":"2024-01-17T12:07:57+00:00","author":{"@id":"https:\/\/blogs.santosochoa.es\/salamanca\/#\/schema\/person\/a125e75c96c8702907b25e61f1c0b772"},"description":"Luis Garc\u00eda Jambrina presenta \"El primer caso de Unamuno\". Un fascinante thriller hist\u00f3rico.","breadcrumb":{"@id":"https:\/\/blogs.santosochoa.es\/salamanca\/el-primer-caso-de-unamuno\/#breadcrumb"},"inLanguage":"es","potentialAction":[{"@type":"ReadAction","target":["https:\/\/blogs.santosochoa.es\/salamanca\/el-primer-caso-de-unamuno\/"]}]},{"@type":"ImageObject","inLanguage":"es","@id":"https:\/\/blogs.santosochoa.es\/salamanca\/el-primer-caso-de-unamuno\/#primaryimage","url":"https:\/\/blogs.santosochoa.es\/salamanca\/wp-content\/uploads\/sites\/3\/2024\/01\/el-primer-caso-de-unamuno_luis-garcia-jambrina.jpg","contentUrl":"https:\/\/blogs.santosochoa.es\/salamanca\/wp-content\/uploads\/sites\/3\/2024\/01\/el-primer-caso-de-unamuno_luis-garcia-jambrina.jpg","width":591,"height":935},{"@type":"BreadcrumbList","@id":"https:\/\/blogs.santosochoa.es\/salamanca\/el-primer-caso-de-unamuno\/#breadcrumb","itemListElement":[{"@type":"ListItem","position":1,"name":"Home","item":"https:\/\/blogs.santosochoa.es\/salamanca\/"},{"@type":"ListItem","position":2,"name":"El primer caso de Unamuno"}]},{"@type":"WebSite","@id":"https:\/\/blogs.santosochoa.es\/salamanca\/#website","url":"https:\/\/blogs.santosochoa.es\/salamanca\/","name":"Santos Ochoa Salamanca","description":"Tu Librer\u00eda Online","potentialAction":[{"@type":"SearchAction","target":{"@type":"EntryPoint","urlTemplate":"https:\/\/blogs.santosochoa.es\/salamanca\/?s={search_term_string}"},"query-input":{"@type":"PropertyValueSpecification","valueRequired":true,"valueName":"search_term_string"}}],"inLanguage":"es"},{"@type":"Person","@id":"https:\/\/blogs.santosochoa.es\/salamanca\/#\/schema\/person\/a125e75c96c8702907b25e61f1c0b772","name":"Santos Ochoa Salamanca"}]}},"_links":{"self":[{"href":"https:\/\/blogs.santosochoa.es\/salamanca\/wp-json\/wp\/v2\/posts\/1599","targetHints":{"allow":["GET"]}}],"collection":[{"href":"https:\/\/blogs.santosochoa.es\/salamanca\/wp-json\/wp\/v2\/posts"}],"about":[{"href":"https:\/\/blogs.santosochoa.es\/salamanca\/wp-json\/wp\/v2\/types\/post"}],"author":[{"embeddable":true,"href":"https:\/\/blogs.santosochoa.es\/salamanca\/wp-json\/wp\/v2\/users\/2"}],"replies":[{"embeddable":true,"href":"https:\/\/blogs.santosochoa.es\/salamanca\/wp-json\/wp\/v2\/comments?post=1599"}],"version-history":[{"count":2,"href":"https:\/\/blogs.santosochoa.es\/salamanca\/wp-json\/wp\/v2\/posts\/1599\/revisions"}],"predecessor-version":[{"id":1601,"href":"https:\/\/blogs.santosochoa.es\/salamanca\/wp-json\/wp\/v2\/posts\/1599\/revisions\/1601"}],"wp:featuredmedia":[{"embeddable":true,"href":"https:\/\/blogs.santosochoa.es\/salamanca\/wp-json\/wp\/v2\/media\/1593"}],"wp:attachment":[{"href":"https:\/\/blogs.santosochoa.es\/salamanca\/wp-json\/wp\/v2\/media?parent=1599"}],"wp:term":[{"taxonomy":"category","embeddable":true,"href":"https:\/\/blogs.santosochoa.es\/salamanca\/wp-json\/wp\/v2\/categories?post=1599"},{"taxonomy":"post_tag","embeddable":true,"href":"https:\/\/blogs.santosochoa.es\/salamanca\/wp-json\/wp\/v2\/tags?post=1599"}],"curies":[{"name":"wp","href":"https:\/\/api.w.org\/{rel}","templated":true}]}}