{"id":1582,"date":"2023-11-22T12:51:41","date_gmt":"2023-11-22T11:51:41","guid":{"rendered":"https:\/\/blogs.santosochoa.es\/salamanca\/?p=1582"},"modified":"2023-11-22T12:58:01","modified_gmt":"2023-11-22T11:58:01","slug":"jose-ramon-ayllon-y-luisa-aguilar","status":"publish","type":"post","link":"https:\/\/blogs.santosochoa.es\/salamanca\/jose-ramon-ayllon-y-luisa-aguilar\/","title":{"rendered":"Breve historia de Occidente y Nadia nunca dice nada"},"content":{"rendered":"\n<h2 class=\"wp-block-heading\"><strong>Jos\u00e9 Ram\u00f3n Ayll\u00f3n presenta <em>Breve historia de occidente,<\/em> de la Grecia cl\u00e1sica al siglo XXI<\/strong>.<\/h2>\n\n\n\n<h3 class=\"wp-block-heading\"><strong>Martes 28 de noviembre<\/strong><strong>, a las 19:30 h.<\/strong><\/h3>\n\n\n\n<h4 class=\"wp-block-heading\">Librer\u00eda Santos Ochoa. (Gran V\u00eda, 12, Salamanca)<\/h4>\n\n\n\n<div class=\"wp-block-image\"><figure class=\"alignright size-large is-resized\"><a href=\"https:\/\/www.santosochoa.es\/libros\/ayllon-vega-jose-ramon_breve-historia-de-occidente_9788432165337\" target=\"_blank\" rel=\"noopener noreferrer\"><img decoding=\"async\" src=\"https:\/\/blogs.santosochoa.es\/salamanca\/wp-content\/uploads\/sites\/3\/2023\/11\/breve-historia-de-occidente_jose-ramon-ayllon.jpg\" alt=\"\" class=\"wp-image-1577\" width=\"300\" srcset=\"https:\/\/blogs.santosochoa.es\/salamanca\/wp-content\/uploads\/sites\/3\/2023\/11\/breve-historia-de-occidente_jose-ramon-ayllon.jpg 591w, https:\/\/blogs.santosochoa.es\/salamanca\/wp-content\/uploads\/sites\/3\/2023\/11\/breve-historia-de-occidente_jose-ramon-ayllon-204x300.jpg 204w\" sizes=\"(max-width: 591px) 100vw, 591px\" \/><\/a><\/figure><\/div>\n\n\n\n<p>El autor charlar\u00e1 con el profesor <strong>Javier Burguillo<\/strong>.<\/p>\n\n\n\n<h5 class=\"wp-block-heading\"><strong><a href=\"https:\/\/www.santosochoa.es\/libros\/ayllon-vega-jose-ramon_breve-historia-de-occidente_9788432165337\" target=\"_blank\" rel=\"noreferrer noopener\">La historia incomparable de la civilizaci\u00f3n occidental merece ser reescrita tantas veces como podamos, para tratar de explicar c\u00f3mo y por qu\u00e9 caminos han llegado Europa y Am\u00e9rica a ser lo que son.<\/a><\/strong><\/h5>\n\n\n\n<p>Si en un futuro muy lejano, perdida la memoria de Occidente, un arque\u00f3logo encontrara este libro, descubrir\u00eda que Europa trenz\u00f3 durante m\u00e1s de veinte siglos, con los mimbres de la raz\u00f3n griega, el derecho romano y el cristianismo, una civilizaci\u00f3n cuya creatividad inagotable invent\u00f3 los monasterios y las universidades; suprimi\u00f3 la esclavitud antigua; compuso el gregoriano y la m\u00fasica de c\u00e1mara; dise\u00f1\u00f3 los grandes estilos art\u00edsticos; se desdobl\u00f3 en Am\u00e9rica; alumbr\u00f3 la ciencia y protagoniz\u00f3 poco despu\u00e9s una espectacular revoluci\u00f3n tecnol\u00f3gica e industrial, al tiempo que cortaba la cabeza al Antiguo R\u00e9gimen y agonizaba comida por el c\u00e1ncer de las ideolog\u00edas.<\/p>\n\n\n\n<p><strong>Jos\u00e9 Ram\u00f3n Ayll\u00f3n<\/strong> (Espa\u00f1a,1955) ha cultivado la biograf\u00eda en El hombre que fue Chesterton y Sophie Scholl contra Hitler. Es autor de dos novelas hist\u00f3ricas: Querido Bruto y Etty en los barracones. Su breve an\u00e1lisis de la modernidad lleva por t\u00edtulo El mundo de las ideolog\u00edas. En Rialp ha publicado una introducci\u00f3n a la filosof\u00eda, titulada En torno al hombre, y Desfile de modelos, donde analiza las principales propuestas \u00e9ticas.<\/p>\n\n\n\n<div style=\"height:50px\" aria-hidden=\"true\" class=\"wp-block-spacer\"><\/div>\n\n\n\n<h2 class=\"wp-block-heading\"><strong><em>Nadia nunca dice nada<\/em>. Cuentacuentos con Luisa Aguilar, autora de <em>Orejas de mariposa<\/em><\/strong>.<\/h2>\n\n\n\n<h3 class=\"wp-block-heading\"><strong>S\u00e1bado 2 de diciembre<\/strong><strong>, a las 18:30 h.<\/strong><\/h3>\n\n\n\n<h4 class=\"wp-block-heading\">Librer\u00eda Santos Ochoa. (Gran V\u00eda, 12, Salamanca)<\/h4>\n\n\n\n<p><strong>Edad recomendada:<\/strong> a partir de 4 a\u00f1os.<\/p>\n\n\n\n<p><a href=\"https:\/\/blogs.santosochoa.es\/salamanca\/eventos\/nadia-nunca-dice-nada-luisa-aguilar\/\"><strong>Plazas limitadas.<\/strong> Inscripci\u00f3n pinchando aqu\u00ed.<\/a><\/p>\n\n\n\n<div class=\"wp-block-image\"><figure class=\"alignleft size-large is-resized\"><a href=\"https:\/\/www.santosochoa.es\/libros\/aguilar-luisa_nadia-nunca-dice-nada_9788448866471\" target=\"_blank\" rel=\"noopener noreferrer\"><img decoding=\"async\" src=\"https:\/\/blogs.santosochoa.es\/salamanca\/wp-content\/uploads\/sites\/3\/2023\/11\/nadia-nunca-dice-nada_luisa-aguilar.jpg\" alt=\"\" class=\"wp-image-1574\" width=\"300\" srcset=\"https:\/\/blogs.santosochoa.es\/salamanca\/wp-content\/uploads\/sites\/3\/2023\/11\/nadia-nunca-dice-nada_luisa-aguilar.jpg 827w, https:\/\/blogs.santosochoa.es\/salamanca\/wp-content\/uploads\/sites\/3\/2023\/11\/nadia-nunca-dice-nada_luisa-aguilar-297x300.jpg 297w, https:\/\/blogs.santosochoa.es\/salamanca\/wp-content\/uploads\/sites\/3\/2023\/11\/nadia-nunca-dice-nada_luisa-aguilar-150x150.jpg 150w, https:\/\/blogs.santosochoa.es\/salamanca\/wp-content\/uploads\/sites\/3\/2023\/11\/nadia-nunca-dice-nada_luisa-aguilar-768x775.jpg 768w\" sizes=\"(max-width: 827px) 100vw, 827px\" \/><\/a><\/figure><\/div>\n\n\n\n<h5 class=\"wp-block-heading\"><strong><a href=\"https:\/\/www.santosochoa.es\/libros\/aguilar-luisa_nadia-nunca-dice-nada_9788448866471\" target=\"_blank\" rel=\"noreferrer noopener\">Nadia&nbsp;es una ni\u00f1a que nunca dice nada, ni cuando se enfada ni cuando est\u00e1 triste. Da igual que sus padres le digan que est\u00e1n orgullosos de ella o que su hermano se lleve toda la atenci\u00f3n o que se sienta sola en el recreo&#8230;,&nbsp;ella nunca dice nada.&nbsp;Por eso, todos dicen: \u00a1Qu\u00e9 bien se porta Nadia! Pero&nbsp;\u00bfad\u00f3nde va todo lo que Nadia nunca dice?<\/a><\/strong><\/h5>\n\n\n\n<p>Un libro maravilloso que&nbsp;pone de relieve la ansiedad infantil&nbsp;en el entorno familiar a trav\u00e9s de&nbsp;Nadia, una protagonista muy especial&nbsp;que nos har\u00e1&nbsp;entender la importancia de aprender a expresar lo que sentimos con libertad y tranquilidad.<\/p>\n\n\n\n<p>Acompa\u00f1ado de las ilustraciones m\u00e1s espectaculares&nbsp;de Ricard L\u00f3pez, este cuento es indispensable para todas las familias con ni\u00f1os y ni\u00f1as de 4, 5 y6 a\u00f1os&nbsp;para abordar temas tan importantes como&nbsp;la ansiedad y la gesti\u00f3n de las emociones de una manera tranquila y accesible.<\/p>\n\n\n\n<p><strong>Luisa Aguilar<\/strong> (Asturias, 1974). Ha sido autora y actriz de Kamante Teatro de 1991 a 2010. En la compa\u00f1\u00eda asturiana inici\u00f3 su formaci\u00f3n esc\u00e9nica, que ha completado con cursos en Espa\u00f1a, Italia, Brasil y M\u00e9xico. Desde 2010 reside en M\u00e9xico, donde ha desarrollado su propio proyecto art\u00edstico, vinculado no solo a la escritura y al teatro, sino tambi\u00e9n al cine, la televisi\u00f3n y la moda. Sus textos teatrales y espect\u00e1culos producidos por Kamante han recibido el reconocimiento del p\u00fablico y la cr\u00edtica en festivales de Espa\u00f1a, Italia, M\u00e9xico, Argentina y Brasil. Ha recibido en Italia el Premio Europeo Nuove Mani (1999) para j\u00f3venes creadores y el Premio a la Mejor Actriz en la Feria Europea de Teatro para Ni\u00f1os y Ni\u00f1as (FETEN 2007) por \u00ab\u00a1Que viene el lobo!\u00bb.<\/p>\n","protected":false},"excerpt":{"rendered":"<p>Jos\u00e9 Ram\u00f3n Ayll\u00f3n presenta \u00abBreve historia de occidente\u00bb. \u00abNadia nunca dice nada\u00bb. Cuentacuentos con Luisa Aguilar, autora de \u00abOrejas de mariposa\u00bb<\/p>\n","protected":false},"author":2,"featured_media":1577,"comment_status":"closed","ping_status":"closed","sticky":false,"template":"","format":"standard","meta":{"footnotes":""},"categories":[12,16,9],"tags":[],"class_list":["post-1582","post","type-post","status-publish","format-standard","has-post-thumbnail","hentry","category-cuentacuentos","category-infantil","category-libros"],"yoast_head":"<!-- This site is optimized with the Yoast SEO plugin v27.2 - https:\/\/yoast.com\/product\/yoast-seo-wordpress\/ -->\n<title>Breve historia de Occidente y Nadia nunca dice nada - Santos Ochoa Salamanca<\/title>\n<meta name=\"description\" content=\"Jos\u00e9 Ram\u00f3n Ayll\u00f3n presenta &quot;Breve historia de occidente&quot;. &quot;Nadia nunca dice nada&quot;. Cuentacuentos con Luisa Aguilar, autora de &quot;Orejas de mariposa&quot;\" \/>\n<meta name=\"robots\" content=\"index, follow, max-snippet:-1, max-image-preview:large, max-video-preview:-1\" \/>\n<link rel=\"canonical\" href=\"https:\/\/blogs.santosochoa.es\/salamanca\/jose-ramon-ayllon-y-luisa-aguilar\/\" \/>\n<meta property=\"og:locale\" content=\"es_ES\" \/>\n<meta property=\"og:type\" content=\"article\" \/>\n<meta property=\"og:title\" content=\"Breve historia de Occidente y Nadia nunca dice nada - Santos Ochoa Salamanca\" \/>\n<meta property=\"og:description\" content=\"Jos\u00e9 Ram\u00f3n Ayll\u00f3n presenta &quot;Breve historia de occidente&quot;. &quot;Nadia nunca dice nada&quot;. Cuentacuentos con Luisa Aguilar, autora de &quot;Orejas de mariposa&quot;\" \/>\n<meta property=\"og:url\" content=\"https:\/\/blogs.santosochoa.es\/salamanca\/jose-ramon-ayllon-y-luisa-aguilar\/\" \/>\n<meta property=\"og:site_name\" content=\"Santos Ochoa Salamanca\" \/>\n<meta property=\"article:published_time\" content=\"2023-11-22T11:51:41+00:00\" \/>\n<meta property=\"article:modified_time\" content=\"2023-11-22T11:58:01+00:00\" \/>\n<meta property=\"og:image\" content=\"https:\/\/blogs.santosochoa.es\/salamanca\/wp-content\/uploads\/sites\/3\/2023\/11\/breve-historia-de-occidente_jose-ramon-ayllon.jpg\" \/>\n\t<meta property=\"og:image:width\" content=\"591\" \/>\n\t<meta property=\"og:image:height\" content=\"868\" \/>\n\t<meta property=\"og:image:type\" content=\"image\/jpeg\" \/>\n<meta name=\"author\" content=\"Santos Ochoa Salamanca\" \/>\n<meta name=\"twitter:card\" content=\"summary_large_image\" \/>\n<meta name=\"twitter:label1\" content=\"Written by\" \/>\n\t<meta name=\"twitter:data1\" content=\"Santos Ochoa Salamanca\" \/>\n\t<meta name=\"twitter:label2\" content=\"Est. reading time\" \/>\n\t<meta name=\"twitter:data2\" content=\"3 minutos\" \/>\n<script type=\"application\/ld+json\" class=\"yoast-schema-graph\">{\"@context\":\"https:\/\/schema.org\",\"@graph\":[{\"@type\":\"Article\",\"@id\":\"https:\/\/blogs.santosochoa.es\/salamanca\/jose-ramon-ayllon-y-luisa-aguilar\/#article\",\"isPartOf\":{\"@id\":\"https:\/\/blogs.santosochoa.es\/salamanca\/jose-ramon-ayllon-y-luisa-aguilar\/\"},\"author\":{\"name\":\"Santos Ochoa Salamanca\",\"@id\":\"https:\/\/blogs.santosochoa.es\/salamanca\/#\/schema\/person\/a125e75c96c8702907b25e61f1c0b772\"},\"headline\":\"Breve historia de Occidente y Nadia nunca dice nada\",\"datePublished\":\"2023-11-22T11:51:41+00:00\",\"dateModified\":\"2023-11-22T11:58:01+00:00\",\"mainEntityOfPage\":{\"@id\":\"https:\/\/blogs.santosochoa.es\/salamanca\/jose-ramon-ayllon-y-luisa-aguilar\/\"},\"wordCount\":635,\"image\":{\"@id\":\"https:\/\/blogs.santosochoa.es\/salamanca\/jose-ramon-ayllon-y-luisa-aguilar\/#primaryimage\"},\"thumbnailUrl\":\"https:\/\/blogs.santosochoa.es\/salamanca\/wp-content\/uploads\/sites\/3\/2023\/11\/breve-historia-de-occidente_jose-ramon-ayllon.jpg\",\"articleSection\":[\"cuentacuentos\",\"infantil\",\"libros\"],\"inLanguage\":\"es\"},{\"@type\":\"WebPage\",\"@id\":\"https:\/\/blogs.santosochoa.es\/salamanca\/jose-ramon-ayllon-y-luisa-aguilar\/\",\"url\":\"https:\/\/blogs.santosochoa.es\/salamanca\/jose-ramon-ayllon-y-luisa-aguilar\/\",\"name\":\"Breve historia de Occidente y Nadia nunca dice nada - Santos Ochoa Salamanca\",\"isPartOf\":{\"@id\":\"https:\/\/blogs.santosochoa.es\/salamanca\/#website\"},\"primaryImageOfPage\":{\"@id\":\"https:\/\/blogs.santosochoa.es\/salamanca\/jose-ramon-ayllon-y-luisa-aguilar\/#primaryimage\"},\"image\":{\"@id\":\"https:\/\/blogs.santosochoa.es\/salamanca\/jose-ramon-ayllon-y-luisa-aguilar\/#primaryimage\"},\"thumbnailUrl\":\"https:\/\/blogs.santosochoa.es\/salamanca\/wp-content\/uploads\/sites\/3\/2023\/11\/breve-historia-de-occidente_jose-ramon-ayllon.jpg\",\"datePublished\":\"2023-11-22T11:51:41+00:00\",\"dateModified\":\"2023-11-22T11:58:01+00:00\",\"author\":{\"@id\":\"https:\/\/blogs.santosochoa.es\/salamanca\/#\/schema\/person\/a125e75c96c8702907b25e61f1c0b772\"},\"description\":\"Jos\u00e9 Ram\u00f3n Ayll\u00f3n presenta \\\"Breve historia de occidente\\\". \\\"Nadia nunca dice nada\\\". Cuentacuentos con Luisa Aguilar, autora de \\\"Orejas de mariposa\\\"\",\"breadcrumb\":{\"@id\":\"https:\/\/blogs.santosochoa.es\/salamanca\/jose-ramon-ayllon-y-luisa-aguilar\/#breadcrumb\"},\"inLanguage\":\"es\",\"potentialAction\":[{\"@type\":\"ReadAction\",\"target\":[\"https:\/\/blogs.santosochoa.es\/salamanca\/jose-ramon-ayllon-y-luisa-aguilar\/\"]}]},{\"@type\":\"ImageObject\",\"inLanguage\":\"es\",\"@id\":\"https:\/\/blogs.santosochoa.es\/salamanca\/jose-ramon-ayllon-y-luisa-aguilar\/#primaryimage\",\"url\":\"https:\/\/blogs.santosochoa.es\/salamanca\/wp-content\/uploads\/sites\/3\/2023\/11\/breve-historia-de-occidente_jose-ramon-ayllon.jpg\",\"contentUrl\":\"https:\/\/blogs.santosochoa.es\/salamanca\/wp-content\/uploads\/sites\/3\/2023\/11\/breve-historia-de-occidente_jose-ramon-ayllon.jpg\",\"width\":591,\"height\":868},{\"@type\":\"BreadcrumbList\",\"@id\":\"https:\/\/blogs.santosochoa.es\/salamanca\/jose-ramon-ayllon-y-luisa-aguilar\/#breadcrumb\",\"itemListElement\":[{\"@type\":\"ListItem\",\"position\":1,\"name\":\"Home\",\"item\":\"https:\/\/blogs.santosochoa.es\/salamanca\/\"},{\"@type\":\"ListItem\",\"position\":2,\"name\":\"Breve historia de Occidente y Nadia nunca dice nada\"}]},{\"@type\":\"WebSite\",\"@id\":\"https:\/\/blogs.santosochoa.es\/salamanca\/#website\",\"url\":\"https:\/\/blogs.santosochoa.es\/salamanca\/\",\"name\":\"Santos Ochoa Salamanca\",\"description\":\"Tu Librer\u00eda Online\",\"potentialAction\":[{\"@type\":\"SearchAction\",\"target\":{\"@type\":\"EntryPoint\",\"urlTemplate\":\"https:\/\/blogs.santosochoa.es\/salamanca\/?s={search_term_string}\"},\"query-input\":{\"@type\":\"PropertyValueSpecification\",\"valueRequired\":true,\"valueName\":\"search_term_string\"}}],\"inLanguage\":\"es\"},{\"@type\":\"Person\",\"@id\":\"https:\/\/blogs.santosochoa.es\/salamanca\/#\/schema\/person\/a125e75c96c8702907b25e61f1c0b772\",\"name\":\"Santos Ochoa Salamanca\"}]}<\/script>\n<!-- \/ Yoast SEO plugin. -->","yoast_head_json":{"title":"Breve historia de Occidente y Nadia nunca dice nada - Santos Ochoa Salamanca","description":"Jos\u00e9 Ram\u00f3n Ayll\u00f3n presenta \"Breve historia de occidente\". \"Nadia nunca dice nada\". Cuentacuentos con Luisa Aguilar, autora de \"Orejas de mariposa\"","robots":{"index":"index","follow":"follow","max-snippet":"max-snippet:-1","max-image-preview":"max-image-preview:large","max-video-preview":"max-video-preview:-1"},"canonical":"https:\/\/blogs.santosochoa.es\/salamanca\/jose-ramon-ayllon-y-luisa-aguilar\/","og_locale":"es_ES","og_type":"article","og_title":"Breve historia de Occidente y Nadia nunca dice nada - Santos Ochoa Salamanca","og_description":"Jos\u00e9 Ram\u00f3n Ayll\u00f3n presenta \"Breve historia de occidente\". \"Nadia nunca dice nada\". Cuentacuentos con Luisa Aguilar, autora de \"Orejas de mariposa\"","og_url":"https:\/\/blogs.santosochoa.es\/salamanca\/jose-ramon-ayllon-y-luisa-aguilar\/","og_site_name":"Santos Ochoa Salamanca","article_published_time":"2023-11-22T11:51:41+00:00","article_modified_time":"2023-11-22T11:58:01+00:00","og_image":[{"width":591,"height":868,"url":"https:\/\/blogs.santosochoa.es\/salamanca\/wp-content\/uploads\/sites\/3\/2023\/11\/breve-historia-de-occidente_jose-ramon-ayllon.jpg","type":"image\/jpeg"}],"author":"Santos Ochoa Salamanca","twitter_card":"summary_large_image","twitter_misc":{"Written by":"Santos Ochoa Salamanca","Est. reading time":"3 minutos"},"schema":{"@context":"https:\/\/schema.org","@graph":[{"@type":"Article","@id":"https:\/\/blogs.santosochoa.es\/salamanca\/jose-ramon-ayllon-y-luisa-aguilar\/#article","isPartOf":{"@id":"https:\/\/blogs.santosochoa.es\/salamanca\/jose-ramon-ayllon-y-luisa-aguilar\/"},"author":{"name":"Santos Ochoa Salamanca","@id":"https:\/\/blogs.santosochoa.es\/salamanca\/#\/schema\/person\/a125e75c96c8702907b25e61f1c0b772"},"headline":"Breve historia de Occidente y Nadia nunca dice nada","datePublished":"2023-11-22T11:51:41+00:00","dateModified":"2023-11-22T11:58:01+00:00","mainEntityOfPage":{"@id":"https:\/\/blogs.santosochoa.es\/salamanca\/jose-ramon-ayllon-y-luisa-aguilar\/"},"wordCount":635,"image":{"@id":"https:\/\/blogs.santosochoa.es\/salamanca\/jose-ramon-ayllon-y-luisa-aguilar\/#primaryimage"},"thumbnailUrl":"https:\/\/blogs.santosochoa.es\/salamanca\/wp-content\/uploads\/sites\/3\/2023\/11\/breve-historia-de-occidente_jose-ramon-ayllon.jpg","articleSection":["cuentacuentos","infantil","libros"],"inLanguage":"es"},{"@type":"WebPage","@id":"https:\/\/blogs.santosochoa.es\/salamanca\/jose-ramon-ayllon-y-luisa-aguilar\/","url":"https:\/\/blogs.santosochoa.es\/salamanca\/jose-ramon-ayllon-y-luisa-aguilar\/","name":"Breve historia de Occidente y Nadia nunca dice nada - Santos Ochoa Salamanca","isPartOf":{"@id":"https:\/\/blogs.santosochoa.es\/salamanca\/#website"},"primaryImageOfPage":{"@id":"https:\/\/blogs.santosochoa.es\/salamanca\/jose-ramon-ayllon-y-luisa-aguilar\/#primaryimage"},"image":{"@id":"https:\/\/blogs.santosochoa.es\/salamanca\/jose-ramon-ayllon-y-luisa-aguilar\/#primaryimage"},"thumbnailUrl":"https:\/\/blogs.santosochoa.es\/salamanca\/wp-content\/uploads\/sites\/3\/2023\/11\/breve-historia-de-occidente_jose-ramon-ayllon.jpg","datePublished":"2023-11-22T11:51:41+00:00","dateModified":"2023-11-22T11:58:01+00:00","author":{"@id":"https:\/\/blogs.santosochoa.es\/salamanca\/#\/schema\/person\/a125e75c96c8702907b25e61f1c0b772"},"description":"Jos\u00e9 Ram\u00f3n Ayll\u00f3n presenta \"Breve historia de occidente\". \"Nadia nunca dice nada\". Cuentacuentos con Luisa Aguilar, autora de \"Orejas de mariposa\"","breadcrumb":{"@id":"https:\/\/blogs.santosochoa.es\/salamanca\/jose-ramon-ayllon-y-luisa-aguilar\/#breadcrumb"},"inLanguage":"es","potentialAction":[{"@type":"ReadAction","target":["https:\/\/blogs.santosochoa.es\/salamanca\/jose-ramon-ayllon-y-luisa-aguilar\/"]}]},{"@type":"ImageObject","inLanguage":"es","@id":"https:\/\/blogs.santosochoa.es\/salamanca\/jose-ramon-ayllon-y-luisa-aguilar\/#primaryimage","url":"https:\/\/blogs.santosochoa.es\/salamanca\/wp-content\/uploads\/sites\/3\/2023\/11\/breve-historia-de-occidente_jose-ramon-ayllon.jpg","contentUrl":"https:\/\/blogs.santosochoa.es\/salamanca\/wp-content\/uploads\/sites\/3\/2023\/11\/breve-historia-de-occidente_jose-ramon-ayllon.jpg","width":591,"height":868},{"@type":"BreadcrumbList","@id":"https:\/\/blogs.santosochoa.es\/salamanca\/jose-ramon-ayllon-y-luisa-aguilar\/#breadcrumb","itemListElement":[{"@type":"ListItem","position":1,"name":"Home","item":"https:\/\/blogs.santosochoa.es\/salamanca\/"},{"@type":"ListItem","position":2,"name":"Breve historia de Occidente y Nadia nunca dice nada"}]},{"@type":"WebSite","@id":"https:\/\/blogs.santosochoa.es\/salamanca\/#website","url":"https:\/\/blogs.santosochoa.es\/salamanca\/","name":"Santos Ochoa Salamanca","description":"Tu Librer\u00eda Online","potentialAction":[{"@type":"SearchAction","target":{"@type":"EntryPoint","urlTemplate":"https:\/\/blogs.santosochoa.es\/salamanca\/?s={search_term_string}"},"query-input":{"@type":"PropertyValueSpecification","valueRequired":true,"valueName":"search_term_string"}}],"inLanguage":"es"},{"@type":"Person","@id":"https:\/\/blogs.santosochoa.es\/salamanca\/#\/schema\/person\/a125e75c96c8702907b25e61f1c0b772","name":"Santos Ochoa Salamanca"}]}},"_links":{"self":[{"href":"https:\/\/blogs.santosochoa.es\/salamanca\/wp-json\/wp\/v2\/posts\/1582","targetHints":{"allow":["GET"]}}],"collection":[{"href":"https:\/\/blogs.santosochoa.es\/salamanca\/wp-json\/wp\/v2\/posts"}],"about":[{"href":"https:\/\/blogs.santosochoa.es\/salamanca\/wp-json\/wp\/v2\/types\/post"}],"author":[{"embeddable":true,"href":"https:\/\/blogs.santosochoa.es\/salamanca\/wp-json\/wp\/v2\/users\/2"}],"replies":[{"embeddable":true,"href":"https:\/\/blogs.santosochoa.es\/salamanca\/wp-json\/wp\/v2\/comments?post=1582"}],"version-history":[{"count":3,"href":"https:\/\/blogs.santosochoa.es\/salamanca\/wp-json\/wp\/v2\/posts\/1582\/revisions"}],"predecessor-version":[{"id":1585,"href":"https:\/\/blogs.santosochoa.es\/salamanca\/wp-json\/wp\/v2\/posts\/1582\/revisions\/1585"}],"wp:featuredmedia":[{"embeddable":true,"href":"https:\/\/blogs.santosochoa.es\/salamanca\/wp-json\/wp\/v2\/media\/1577"}],"wp:attachment":[{"href":"https:\/\/blogs.santosochoa.es\/salamanca\/wp-json\/wp\/v2\/media?parent=1582"}],"wp:term":[{"taxonomy":"category","embeddable":true,"href":"https:\/\/blogs.santosochoa.es\/salamanca\/wp-json\/wp\/v2\/categories?post=1582"},{"taxonomy":"post_tag","embeddable":true,"href":"https:\/\/blogs.santosochoa.es\/salamanca\/wp-json\/wp\/v2\/tags?post=1582"}],"curies":[{"name":"wp","href":"https:\/\/api.w.org\/{rel}","templated":true}]}}