{"id":157,"date":"2017-07-07T06:30:00","date_gmt":"2017-07-07T06:30:00","guid":{"rendered":"https:\/\/blogs.santosochoa.es\/salamanca\/poesia-teatralizada\/"},"modified":"2017-07-07T06:30:00","modified_gmt":"2017-07-07T06:30:00","slug":"poesia-teatralizada","status":"publish","type":"post","link":"https:\/\/blogs.santosochoa.es\/salamanca\/poesia-teatralizada\/","title":{"rendered":"Poes\u00eda teatralizada"},"content":{"rendered":"<p><span style=\"font-size: x-large\"><span style=\"color: #990000\"><span><b><i>Entre dos tierras<\/i><\/b>. Poes\u00eda teatralizada de Gabriel y Gal\u00e1n<\/span><\/span><br \/>Viernes 14 de julio, a las 19:30 h.<\/span><br \/>Librer\u00eda Santos Ochoa. Gran V\u00eda, 12. <b><span style=\"color: #990000\">&nbsp;<\/span><\/b><\/p>\n<div style=\"clear: both;text-align: center\"><a href=\"https:\/\/1.bp.blogspot.com\/-ufJVWBliqqU\/WVtbc3TAAPI\/AAAAAAAACrQ\/qyQL3bvV9roYN3NknoSsm1NX93hHR1NSgCLcBGAs\/s1600\/entre-dos-tierras.jpg\" style=\"clear: left;float: left;margin-bottom: 1em;margin-right: 1em\"><img loading=\"lazy\" decoding=\"async\" border=\"0\" height=\"320\" src=\"https:\/\/1.bp.blogspot.com\/-ufJVWBliqqU\/WVtbc3TAAPI\/AAAAAAAACrQ\/qyQL3bvV9roYN3NknoSsm1NX93hHR1NSgCLcBGAs\/s320\/entre-dos-tierras.jpg\" width=\"294\" \/><\/a><\/div>\n<p><b><span style=\"color: #990000\">En esta representaci\u00f3n, Pablo M\u00e1laga y Jes\u00fas Miranda recuperan los versos de Jos\u00e9 Mar\u00eda Gabriel y Gal\u00e1n, escogen los m\u00e1s populares de su obra y les dan vida para que los disfrutemos de forma amena y divertida.<\/span><\/b><\/p>\n<p><i>La galana, Mi vaquerilla, El embargo, Dos nidos, La montaraza, Los dichos del t\u00edo Fabi\u00e1n<\/i> o <i>Var\u00f3n<\/i> son algunos de los poemas m\u00e1s representativos de la obra del autor salmantino, elegidos para esta funci\u00f3n de entre las tres etapas de su escritura: Las Castellanas, Las Extreme\u00f1as y Las Religiosas. <\/p>\n<p><b>Gabriel y Gal\u00e1n<\/b> fue un minucioso observador de la vida y las gentes de su entorno. Su poes\u00eda retrata los quehaceres diarios de los labriegos que trabajan en la dehesa, los amor\u00edos entre los pastores y las j\u00f3venes zagalillas, la belleza del alma sencilla de los campesinos extreme\u00f1os y salmantinos&#8230; Su poes\u00eda sincera y arraigada en la tierra impresion\u00f3 a Miguel de Unamuno, quien se convirti\u00f3 en su amigo y admirador.<\/p>\n<p><b>Pablo M\u00e1laga<\/b> es actor y director teatral, profesor y monitor de teatro en la Universidad de la Experiencia de Salamanca, en la USAL y en el Instituto Mateo Hern\u00e1ndez. Forma parte del panorama teatral salmantino desde hace m\u00e1s de 35 a\u00f1os y su labor ha sido reconocida con el Premio Nacional de Teatro Escolar, el Premio de Teatro Buero Vallejo de Castilla y Le\u00f3n y el Premio a la Excelencia Cultural. Dirige los grupos de teatro Aforo Completo, Silencio Entre Cajas y Yo Tengo Un Tic, entre otros.<\/p>\n<p><b>Jes\u00fas Miranda<\/b> es un actor salmantino ya retirado que sigue actuando con grupos de teatro aficionado y pertenece a la asociaci\u00f3n cultural Tel\u00f3n Charro.<\/p>\n","protected":false},"excerpt":{"rendered":"<p>Entre dos tierras. Poes\u00eda teatralizada de Gabriel y Gal\u00e1nViernes 14 de julio, a las 19:30 h.Librer\u00eda Santos Ochoa. Gran V\u00eda, 12. &nbsp; En esta representaci\u00f3n, Pablo M\u00e1laga y Jes\u00fas Miranda recuperan los versos de Jos\u00e9 Mar\u00eda Gabriel y Gal\u00e1n, escogen los m\u00e1s populares de su obra y les dan vida para que los disfrutemos de [&hellip;]<\/p>\n","protected":false},"author":2,"featured_media":0,"comment_status":"open","ping_status":"open","sticky":false,"template":"","format":"standard","meta":{"footnotes":""},"categories":[15],"tags":[],"class_list":["post-157","post","type-post","status-publish","format-standard","hentry","category-poesia"],"yoast_head":"<!-- This site is optimized with the Yoast SEO plugin v27.2 - https:\/\/yoast.com\/product\/yoast-seo-wordpress\/ -->\n<title>Poes\u00eda teatralizada - Santos Ochoa Salamanca<\/title>\n<meta name=\"robots\" content=\"index, follow, max-snippet:-1, max-image-preview:large, max-video-preview:-1\" \/>\n<link rel=\"canonical\" href=\"https:\/\/blogs.santosochoa.es\/salamanca\/poesia-teatralizada\/\" \/>\n<meta property=\"og:locale\" content=\"es_ES\" \/>\n<meta property=\"og:type\" content=\"article\" \/>\n<meta property=\"og:title\" content=\"Poes\u00eda teatralizada - Santos Ochoa Salamanca\" \/>\n<meta property=\"og:description\" content=\"Entre dos tierras. Poes\u00eda teatralizada de Gabriel y Gal\u00e1nViernes 14 de julio, a las 19:30 h.Librer\u00eda Santos Ochoa. Gran V\u00eda, 12. &nbsp; En esta representaci\u00f3n, Pablo M\u00e1laga y Jes\u00fas Miranda recuperan los versos de Jos\u00e9 Mar\u00eda Gabriel y Gal\u00e1n, escogen los m\u00e1s populares de su obra y les dan vida para que los disfrutemos de [&hellip;]\" \/>\n<meta property=\"og:url\" content=\"https:\/\/blogs.santosochoa.es\/salamanca\/poesia-teatralizada\/\" \/>\n<meta property=\"og:site_name\" content=\"Santos Ochoa Salamanca\" \/>\n<meta property=\"article:published_time\" content=\"2017-07-07T06:30:00+00:00\" \/>\n<meta property=\"og:image\" content=\"https:\/\/1.bp.blogspot.com\/-ufJVWBliqqU\/WVtbc3TAAPI\/AAAAAAAACrQ\/qyQL3bvV9roYN3NknoSsm1NX93hHR1NSgCLcBGAs\/s320\/entre-dos-tierras.jpg\" \/>\n<meta name=\"author\" content=\"Santos Ochoa Salamanca\" \/>\n<meta name=\"twitter:card\" content=\"summary_large_image\" \/>\n<meta name=\"twitter:label1\" content=\"Written by\" \/>\n\t<meta name=\"twitter:data1\" content=\"Santos Ochoa Salamanca\" \/>\n\t<meta name=\"twitter:label2\" content=\"Est. reading time\" \/>\n\t<meta name=\"twitter:data2\" content=\"2 minutos\" \/>\n<script type=\"application\/ld+json\" class=\"yoast-schema-graph\">{\"@context\":\"https:\/\/schema.org\",\"@graph\":[{\"@type\":\"Article\",\"@id\":\"https:\/\/blogs.santosochoa.es\/salamanca\/poesia-teatralizada\/#article\",\"isPartOf\":{\"@id\":\"https:\/\/blogs.santosochoa.es\/salamanca\/poesia-teatralizada\/\"},\"author\":{\"name\":\"Santos Ochoa Salamanca\",\"@id\":\"https:\/\/blogs.santosochoa.es\/salamanca\/#\/schema\/person\/a125e75c96c8702907b25e61f1c0b772\"},\"headline\":\"Poes\u00eda teatralizada\",\"datePublished\":\"2017-07-07T06:30:00+00:00\",\"mainEntityOfPage\":{\"@id\":\"https:\/\/blogs.santosochoa.es\/salamanca\/poesia-teatralizada\/\"},\"wordCount\":322,\"commentCount\":0,\"image\":{\"@id\":\"https:\/\/blogs.santosochoa.es\/salamanca\/poesia-teatralizada\/#primaryimage\"},\"thumbnailUrl\":\"https:\/\/1.bp.blogspot.com\/-ufJVWBliqqU\/WVtbc3TAAPI\/AAAAAAAACrQ\/qyQL3bvV9roYN3NknoSsm1NX93hHR1NSgCLcBGAs\/s320\/entre-dos-tierras.jpg\",\"articleSection\":[\"poes\u00eda\"],\"inLanguage\":\"es\",\"potentialAction\":[{\"@type\":\"CommentAction\",\"name\":\"Comment\",\"target\":[\"https:\/\/blogs.santosochoa.es\/salamanca\/poesia-teatralizada\/#respond\"]}]},{\"@type\":\"WebPage\",\"@id\":\"https:\/\/blogs.santosochoa.es\/salamanca\/poesia-teatralizada\/\",\"url\":\"https:\/\/blogs.santosochoa.es\/salamanca\/poesia-teatralizada\/\",\"name\":\"Poes\u00eda teatralizada - Santos Ochoa Salamanca\",\"isPartOf\":{\"@id\":\"https:\/\/blogs.santosochoa.es\/salamanca\/#website\"},\"primaryImageOfPage\":{\"@id\":\"https:\/\/blogs.santosochoa.es\/salamanca\/poesia-teatralizada\/#primaryimage\"},\"image\":{\"@id\":\"https:\/\/blogs.santosochoa.es\/salamanca\/poesia-teatralizada\/#primaryimage\"},\"thumbnailUrl\":\"https:\/\/1.bp.blogspot.com\/-ufJVWBliqqU\/WVtbc3TAAPI\/AAAAAAAACrQ\/qyQL3bvV9roYN3NknoSsm1NX93hHR1NSgCLcBGAs\/s320\/entre-dos-tierras.jpg\",\"datePublished\":\"2017-07-07T06:30:00+00:00\",\"author\":{\"@id\":\"https:\/\/blogs.santosochoa.es\/salamanca\/#\/schema\/person\/a125e75c96c8702907b25e61f1c0b772\"},\"breadcrumb\":{\"@id\":\"https:\/\/blogs.santosochoa.es\/salamanca\/poesia-teatralizada\/#breadcrumb\"},\"inLanguage\":\"es\",\"potentialAction\":[{\"@type\":\"ReadAction\",\"target\":[\"https:\/\/blogs.santosochoa.es\/salamanca\/poesia-teatralizada\/\"]}]},{\"@type\":\"ImageObject\",\"inLanguage\":\"es\",\"@id\":\"https:\/\/blogs.santosochoa.es\/salamanca\/poesia-teatralizada\/#primaryimage\",\"url\":\"https:\/\/1.bp.blogspot.com\/-ufJVWBliqqU\/WVtbc3TAAPI\/AAAAAAAACrQ\/qyQL3bvV9roYN3NknoSsm1NX93hHR1NSgCLcBGAs\/s320\/entre-dos-tierras.jpg\",\"contentUrl\":\"https:\/\/1.bp.blogspot.com\/-ufJVWBliqqU\/WVtbc3TAAPI\/AAAAAAAACrQ\/qyQL3bvV9roYN3NknoSsm1NX93hHR1NSgCLcBGAs\/s320\/entre-dos-tierras.jpg\"},{\"@type\":\"BreadcrumbList\",\"@id\":\"https:\/\/blogs.santosochoa.es\/salamanca\/poesia-teatralizada\/#breadcrumb\",\"itemListElement\":[{\"@type\":\"ListItem\",\"position\":1,\"name\":\"Home\",\"item\":\"https:\/\/blogs.santosochoa.es\/salamanca\/\"},{\"@type\":\"ListItem\",\"position\":2,\"name\":\"Poes\u00eda teatralizada\"}]},{\"@type\":\"WebSite\",\"@id\":\"https:\/\/blogs.santosochoa.es\/salamanca\/#website\",\"url\":\"https:\/\/blogs.santosochoa.es\/salamanca\/\",\"name\":\"Santos Ochoa Salamanca\",\"description\":\"Tu Librer\u00eda Online\",\"potentialAction\":[{\"@type\":\"SearchAction\",\"target\":{\"@type\":\"EntryPoint\",\"urlTemplate\":\"https:\/\/blogs.santosochoa.es\/salamanca\/?s={search_term_string}\"},\"query-input\":{\"@type\":\"PropertyValueSpecification\",\"valueRequired\":true,\"valueName\":\"search_term_string\"}}],\"inLanguage\":\"es\"},{\"@type\":\"Person\",\"@id\":\"https:\/\/blogs.santosochoa.es\/salamanca\/#\/schema\/person\/a125e75c96c8702907b25e61f1c0b772\",\"name\":\"Santos Ochoa Salamanca\"}]}<\/script>\n<!-- \/ Yoast SEO plugin. -->","yoast_head_json":{"title":"Poes\u00eda teatralizada - Santos Ochoa Salamanca","robots":{"index":"index","follow":"follow","max-snippet":"max-snippet:-1","max-image-preview":"max-image-preview:large","max-video-preview":"max-video-preview:-1"},"canonical":"https:\/\/blogs.santosochoa.es\/salamanca\/poesia-teatralizada\/","og_locale":"es_ES","og_type":"article","og_title":"Poes\u00eda teatralizada - Santos Ochoa Salamanca","og_description":"Entre dos tierras. Poes\u00eda teatralizada de Gabriel y Gal\u00e1nViernes 14 de julio, a las 19:30 h.Librer\u00eda Santos Ochoa. Gran V\u00eda, 12. &nbsp; En esta representaci\u00f3n, Pablo M\u00e1laga y Jes\u00fas Miranda recuperan los versos de Jos\u00e9 Mar\u00eda Gabriel y Gal\u00e1n, escogen los m\u00e1s populares de su obra y les dan vida para que los disfrutemos de [&hellip;]","og_url":"https:\/\/blogs.santosochoa.es\/salamanca\/poesia-teatralizada\/","og_site_name":"Santos Ochoa Salamanca","article_published_time":"2017-07-07T06:30:00+00:00","og_image":[{"url":"https:\/\/1.bp.blogspot.com\/-ufJVWBliqqU\/WVtbc3TAAPI\/AAAAAAAACrQ\/qyQL3bvV9roYN3NknoSsm1NX93hHR1NSgCLcBGAs\/s320\/entre-dos-tierras.jpg","type":"","width":"","height":""}],"author":"Santos Ochoa Salamanca","twitter_card":"summary_large_image","twitter_misc":{"Written by":"Santos Ochoa Salamanca","Est. reading time":"2 minutos"},"schema":{"@context":"https:\/\/schema.org","@graph":[{"@type":"Article","@id":"https:\/\/blogs.santosochoa.es\/salamanca\/poesia-teatralizada\/#article","isPartOf":{"@id":"https:\/\/blogs.santosochoa.es\/salamanca\/poesia-teatralizada\/"},"author":{"name":"Santos Ochoa Salamanca","@id":"https:\/\/blogs.santosochoa.es\/salamanca\/#\/schema\/person\/a125e75c96c8702907b25e61f1c0b772"},"headline":"Poes\u00eda teatralizada","datePublished":"2017-07-07T06:30:00+00:00","mainEntityOfPage":{"@id":"https:\/\/blogs.santosochoa.es\/salamanca\/poesia-teatralizada\/"},"wordCount":322,"commentCount":0,"image":{"@id":"https:\/\/blogs.santosochoa.es\/salamanca\/poesia-teatralizada\/#primaryimage"},"thumbnailUrl":"https:\/\/1.bp.blogspot.com\/-ufJVWBliqqU\/WVtbc3TAAPI\/AAAAAAAACrQ\/qyQL3bvV9roYN3NknoSsm1NX93hHR1NSgCLcBGAs\/s320\/entre-dos-tierras.jpg","articleSection":["poes\u00eda"],"inLanguage":"es","potentialAction":[{"@type":"CommentAction","name":"Comment","target":["https:\/\/blogs.santosochoa.es\/salamanca\/poesia-teatralizada\/#respond"]}]},{"@type":"WebPage","@id":"https:\/\/blogs.santosochoa.es\/salamanca\/poesia-teatralizada\/","url":"https:\/\/blogs.santosochoa.es\/salamanca\/poesia-teatralizada\/","name":"Poes\u00eda teatralizada - Santos Ochoa Salamanca","isPartOf":{"@id":"https:\/\/blogs.santosochoa.es\/salamanca\/#website"},"primaryImageOfPage":{"@id":"https:\/\/blogs.santosochoa.es\/salamanca\/poesia-teatralizada\/#primaryimage"},"image":{"@id":"https:\/\/blogs.santosochoa.es\/salamanca\/poesia-teatralizada\/#primaryimage"},"thumbnailUrl":"https:\/\/1.bp.blogspot.com\/-ufJVWBliqqU\/WVtbc3TAAPI\/AAAAAAAACrQ\/qyQL3bvV9roYN3NknoSsm1NX93hHR1NSgCLcBGAs\/s320\/entre-dos-tierras.jpg","datePublished":"2017-07-07T06:30:00+00:00","author":{"@id":"https:\/\/blogs.santosochoa.es\/salamanca\/#\/schema\/person\/a125e75c96c8702907b25e61f1c0b772"},"breadcrumb":{"@id":"https:\/\/blogs.santosochoa.es\/salamanca\/poesia-teatralizada\/#breadcrumb"},"inLanguage":"es","potentialAction":[{"@type":"ReadAction","target":["https:\/\/blogs.santosochoa.es\/salamanca\/poesia-teatralizada\/"]}]},{"@type":"ImageObject","inLanguage":"es","@id":"https:\/\/blogs.santosochoa.es\/salamanca\/poesia-teatralizada\/#primaryimage","url":"https:\/\/1.bp.blogspot.com\/-ufJVWBliqqU\/WVtbc3TAAPI\/AAAAAAAACrQ\/qyQL3bvV9roYN3NknoSsm1NX93hHR1NSgCLcBGAs\/s320\/entre-dos-tierras.jpg","contentUrl":"https:\/\/1.bp.blogspot.com\/-ufJVWBliqqU\/WVtbc3TAAPI\/AAAAAAAACrQ\/qyQL3bvV9roYN3NknoSsm1NX93hHR1NSgCLcBGAs\/s320\/entre-dos-tierras.jpg"},{"@type":"BreadcrumbList","@id":"https:\/\/blogs.santosochoa.es\/salamanca\/poesia-teatralizada\/#breadcrumb","itemListElement":[{"@type":"ListItem","position":1,"name":"Home","item":"https:\/\/blogs.santosochoa.es\/salamanca\/"},{"@type":"ListItem","position":2,"name":"Poes\u00eda teatralizada"}]},{"@type":"WebSite","@id":"https:\/\/blogs.santosochoa.es\/salamanca\/#website","url":"https:\/\/blogs.santosochoa.es\/salamanca\/","name":"Santos Ochoa Salamanca","description":"Tu Librer\u00eda Online","potentialAction":[{"@type":"SearchAction","target":{"@type":"EntryPoint","urlTemplate":"https:\/\/blogs.santosochoa.es\/salamanca\/?s={search_term_string}"},"query-input":{"@type":"PropertyValueSpecification","valueRequired":true,"valueName":"search_term_string"}}],"inLanguage":"es"},{"@type":"Person","@id":"https:\/\/blogs.santosochoa.es\/salamanca\/#\/schema\/person\/a125e75c96c8702907b25e61f1c0b772","name":"Santos Ochoa Salamanca"}]}},"_links":{"self":[{"href":"https:\/\/blogs.santosochoa.es\/salamanca\/wp-json\/wp\/v2\/posts\/157","targetHints":{"allow":["GET"]}}],"collection":[{"href":"https:\/\/blogs.santosochoa.es\/salamanca\/wp-json\/wp\/v2\/posts"}],"about":[{"href":"https:\/\/blogs.santosochoa.es\/salamanca\/wp-json\/wp\/v2\/types\/post"}],"author":[{"embeddable":true,"href":"https:\/\/blogs.santosochoa.es\/salamanca\/wp-json\/wp\/v2\/users\/2"}],"replies":[{"embeddable":true,"href":"https:\/\/blogs.santosochoa.es\/salamanca\/wp-json\/wp\/v2\/comments?post=157"}],"version-history":[{"count":0,"href":"https:\/\/blogs.santosochoa.es\/salamanca\/wp-json\/wp\/v2\/posts\/157\/revisions"}],"wp:attachment":[{"href":"https:\/\/blogs.santosochoa.es\/salamanca\/wp-json\/wp\/v2\/media?parent=157"}],"wp:term":[{"taxonomy":"category","embeddable":true,"href":"https:\/\/blogs.santosochoa.es\/salamanca\/wp-json\/wp\/v2\/categories?post=157"},{"taxonomy":"post_tag","embeddable":true,"href":"https:\/\/blogs.santosochoa.es\/salamanca\/wp-json\/wp\/v2\/tags?post=157"}],"curies":[{"name":"wp","href":"https:\/\/api.w.org\/{rel}","templated":true}]}}