{"id":154,"date":"2017-09-28T14:23:00","date_gmt":"2017-09-28T14:23:00","guid":{"rendered":"https:\/\/blogs.santosochoa.es\/salamanca\/poesia-relatos-y-musica-para-bebes\/"},"modified":"2017-09-28T14:23:00","modified_gmt":"2017-09-28T14:23:00","slug":"poesia-relatos-y-musica-para-bebes","status":"publish","type":"post","link":"https:\/\/blogs.santosochoa.es\/salamanca\/poesia-relatos-y-musica-para-bebes\/","title":{"rendered":"Poes\u00eda, relatos y m\u00fasica para beb\u00e9s"},"content":{"rendered":"<p><span style=\"font-size: x-large\"><span style=\"color: #990000\"><span>Vicente Rodr\u00edguez Manchado presenta su nuevo libro de poemas, <b><i>Un dios de soles y fragmentos<\/i><\/b><\/span><\/span><br \/>Martes 3 de octubre, a las 19:30 h.<\/span><br \/>Librer\u00eda Santos Ochoa. Gran V\u00eda, 12.<\/p>\n<div style=\"clear: both;text-align: center\"><a href=\"https:\/\/4.bp.blogspot.com\/-qGaodakXANc\/Wc0DC6TMbuI\/AAAAAAAACs8\/F8GLBufc0cYQT0_PmX7i9VC15vWrGBxSACLcBGAs\/s1600\/un-dios-de-soles-y-fragmentos_vicente-rodriguez.jpg\" style=\"clear: left;float: left;margin-bottom: 1em;margin-right: 1em\"><img loading=\"lazy\" decoding=\"async\" border=\"0\" height=\"320\" src=\"https:\/\/4.bp.blogspot.com\/-qGaodakXANc\/Wc0DC6TMbuI\/AAAAAAAACs8\/F8GLBufc0cYQT0_PmX7i9VC15vWrGBxSACLcBGAs\/s320\/un-dios-de-soles-y-fragmentos_vicente-rodriguez.jpg\" width=\"200\" \/><\/a><\/div>\n<p><span style=\"color: #990000\"><b>Donde los ojos,<br \/>la edad y la memoria\u2026<br \/>y el dolor\u2026.<br \/>era su nombre<br \/>el nombre de mi olvido.<\/b><\/span><\/p>\n<p>M\u00e1s all\u00e1 de todo galard\u00f3n o reconocimiento, Vicente entiende su quehacer po\u00e9tico como una tarea compartida, sin urgencia, una tarea casi callada, incluso cuando se desarrolla en foros p\u00fablicos no siempre tan reducidos, y no importa en qu\u00e9 localidades.<\/p>\n<p>As\u00ed entregado, el verso aparece como el peque\u00f1o fruto de aquella alquimia por la cual lo desapercibido, lo desechado, es objeto de desescombro y ofrecido como pasi\u00f3n que anhela compa\u00f1\u00eda. Y todo ello en un lenguaje po\u00e9tico en el que las palabras de la calle, a trav\u00e9s de la met\u00e1fora, de la arquitectura de im\u00e1genes, aspiran a designar todo lo huidizo ante nuestros ojos y que, no obstante, permanece en nuestras vidas. As\u00ed nacido, el verso es una criatura nueva, con vida propia m\u00e1s all\u00e1 de los reflejos.<\/p>\n<p><b>Vicente Rodr\u00edguez Manchado<\/b>. Martiago (Salamanca), 1957. Publica en 1978 su primer poemario, <i>G\u00e9nesis<\/i>, al tiempo que iniciaba una intensa y entusiasta participaci\u00f3n en actividades culturales. Su libro <i>S\u00f3lo por habitarte<\/i> fue editado al obtener el Primer Premio en el XIX Certamen de Poes\u00eda Pepa Cantarero (Ba\u00f1os de la Encina, Ja\u00e9n, Octubre de 2015). Su poemario <i>Bajo otra luz, la \u00faltima<\/i>, galardonado con el Primer Premio en el XXXII Certamen Juan Bernier de Poes\u00eda del Ateneo de C\u00f3rdoba (2016). Entregado a un escribir constante y paciente (que da por f\u00e9rtiles tambi\u00e9n las temporadas de silencio) ha recibido diferentes premios, entre los que destacan el XXVI Premio Nacional de Poes\u00eda Conrado Blanco Le\u00f3n, 2014, de La Ba\u00f1eza (Le\u00f3n), el IX Certamen Literario De la Vi\u00f1a y el Vino, 2012, en Olite (Navarra), el XXXII Premio de Poes\u00eda Hilario \u00c1ngel Calero, 2014, de Pozoblanco, el XLVIII Premio La Flor del Almendro, 2015, de La Fregeneda (Salamanca), o el Primer Premio en el VI D\u00eda Internacional de la Poes\u00eda, 2015, de Segovia.<\/p>\n<p><span style=\"font-size: x-large\"><span style=\"color: #990000\"><span>El sevillano Jos\u00e9 Acevedo presenta un libro \u201csolo para osados\u201d: <i><b>Metamorfosis y otros relatos<\/b><\/i><\/span><\/span><br \/>Jueves 5 de octubre, a las 19:30 h.<\/span><br \/>Librer\u00eda Santos Ochoa. Gran V\u00eda, 12. <span style=\"color: #990000\"><b>&nbsp;<\/b><\/span><\/p>\n<div style=\"clear: both;text-align: center\"><a href=\"https:\/\/2.bp.blogspot.com\/-3hbwirMgqe8\/Wc0EFYijTGI\/AAAAAAAACtE\/TTkQhNIakD0iqGMqD7zRRoKrXVNoFSi_QCLcBGAs\/s1600\/metamorfosis-y-otros-relatos_jose-acevedo.jpg\" style=\"clear: right;float: right;margin-bottom: 1em;margin-left: 1em\"><img loading=\"lazy\" decoding=\"async\" border=\"0\" height=\"320\" src=\"https:\/\/2.bp.blogspot.com\/-3hbwirMgqe8\/Wc0EFYijTGI\/AAAAAAAACtE\/TTkQhNIakD0iqGMqD7zRRoKrXVNoFSi_QCLcBGAs\/s320\/metamorfosis-y-otros-relatos_jose-acevedo.jpg\" width=\"210\" \/><\/a><\/div>\n<p><span style=\"color: #990000\"><b>No lean este libro si pretenden imbuirse en una serie de relatos f\u00e1ciles, entendibles y descifrables. No lean este libro si procuran evadirse de una realidad que les aprieta y ahoga y para corregirla persiguen historias hiladas de presentaciones, nudos y desenlaces previsibles.<\/b><\/span><\/p>\n<p>No lean este libro si no tienen la mente abierta a nuevos mundos y nuevas realidades. Ser\u00eda absurdo y perder\u00edan el tiempo.<\/p>\n<p><span style=\"color: #990000\"><b>L\u00e9anlo si son osados y desean martillear su mente de historias imposibles pero mucho m\u00e1s reales de lo que creen, o no.<\/b><\/span><\/p>\n<p>L\u00e9anlo si buscan en un libro algo m\u00e1s que literatura y si son de los que piensan que la lectura es un ejercicio con infinidad de prismas y conceptos.<\/p>\n<p><i>Metamorfosis y otros relatos<\/i>, son cuarenta y nueve historias ilustradas, hiladas a partir de la mujer, de una mujer nacida del hombre para generar esperanza alg\u00fan d\u00eda. <\/p>\n<p><b>Jos\u00e9 Acevedo<\/b> naci\u00f3 en Sevilla, 1965. Curs\u00f3 estudios de Filosof\u00eda y Trabajo Social. Sus primeros trabajos p\u00fablicos fueron como director y editor de la revista musical independiente Visiones Atormentadas (1984-1986), colaborando en aquella \u00e9poca para las emisoras de radio Cadena Ser y Radio Popular.<\/p>\n<p>En el a\u00f1o 2000 publica algunos poemas sueltos y su relato <i>Flor de oto\u00f1o<\/i> en el libro de relatos compartidos <i>Instantes M\u00e1gicos <\/i>bajo la coordinaci\u00f3n del escritor Jos\u00e9 Carlos Carmona.<br \/>Ha compuesto letras de canciones para el grupo musical Besos Robados y traducido narrativa francesa no editada en Espa\u00f1a. En diciembre de 2013 Ediciones Carena publica su <i>Relatos para la tortura de un abandonado dom\u00e9stico<\/i>, once relatos, once formas de narrar el abandono desde distintos puntos de vista, con un ambiente \u00fanico que s\u00f3lo proporciona la desolaci\u00f3n m\u00e1s absoluta, la incomprensi\u00f3n ante lo inesperado, la tristeza del adi\u00f3s definitivo. El \u00faltimo de sus relatos, <i>Ruptura<\/i>, abre paso a su primera novela, <i>Carlos y alguien m\u00e1s<\/i> (Ediciones Carena, 2015), una larga y densa historia de amor, de belleza, de maltrato, donde el autor tiene el placer de conocer a Carlos, una persona que le sigue acompa\u00f1ando desde entonces.<\/p>\n<p><span style=\"color: #990000\"><span><span style=\"font-size: x-large\">Taller de <i><b>Estimulaci\u00f3n musical temprana<\/b><\/i> con el M\u00e9todo Suzuki (de 0 a 3 a\u00f1os)<\/span><\/span><\/span><br \/><span style=\"font-size: x-large\"><span style=\"font-size: large\">Dos sesiones:<\/span><br \/>Viernes 6 de octubre, a las 18:00 h.<br \/>S\u00e1bado 7 de octubre, a las 11:00 h.<\/span><br \/>Librer\u00eda Santos Ochoa. Gran V\u00eda, 12. <span style=\"color: #990000\"><b>&nbsp;<\/b><\/span><\/p>\n<div style=\"clear: both;text-align: center\"><a href=\"https:\/\/1.bp.blogspot.com\/-g8yr6Yj8-hc\/Wc0FB741vyI\/AAAAAAAACtM\/OqShoYZual4hS2iUd0WRJuYURov5v-2DACLcBGAs\/s1600\/estimulacion-musical-temprana-2.jpg\" style=\"clear: left;float: left;margin-bottom: 1em;margin-right: 1em\"><img loading=\"lazy\" decoding=\"async\" border=\"0\" height=\"320\" src=\"https:\/\/1.bp.blogspot.com\/-g8yr6Yj8-hc\/Wc0FB741vyI\/AAAAAAAACtM\/OqShoYZual4hS2iUd0WRJuYURov5v-2DACLcBGAs\/s320\/estimulacion-musical-temprana-2.jpg\" width=\"239\" \/><\/a><\/div>\n<p><span style=\"color: #990000\"><b>La estimulaci\u00f3n musical temprana con la metodolog\u00eda Suzuki es una actividad en la que los padres y los beb\u00e9s interact\u00faan, junto con otras familias, dentro de un entorno de seguridad y bienestar. Un espacio id\u00f3neo para que los beb\u00e9s puedan desarrollar sus habilidades f\u00edsicas, ps\u00edquicas, sociales, interpersonales, intrapersonales y musicales a trav\u00e9s de canciones populares, instrumentos de percusi\u00f3n, rimas y cuentos. Haciendo uso de un lenguaje consciente mediante el refuerzo positivo.<\/b><\/span><\/p>\n<p>El aprendizaje musical temprano sirve como base para un mejor desarrollo neuronal, f\u00edsico, psicol\u00f3gico, social, interpersonal e intrapersonal.<\/p>\n<p>En el taller, Rosa M\u00aa Lorenzo har\u00e1 una demostraci\u00f3n de una clase de Estimulaci\u00f3n Musical Temprana con el M\u00e9todo Suzuki con beb\u00e9s de 0 a 3 a\u00f1os finaliz\u00e1ndola con una actividad de cuentacuentos que permitir\u00e1 a los padres conocer y disfrutar de esta actividad musical junto a sus hijos. <\/p>\n<p><b>Rosa Mar\u00eda Lorenzo Cuesta<\/b>, es profesora Suzuki de Viola, Viol\u00edn y Estimulaci\u00f3n Musical Temprana, as\u00ed como profesora de Music Mind Games. Tiene m\u00e1s de 10 a\u00f1os de experiencia docente. Imparte metodolog\u00eda Suzuki, un m\u00e9todo de ense\u00f1anza especializada e individualizada que implica tambi\u00e9n a los padres dentro del aula. Esta inclusi\u00f3n es la clave de su \u00e9xito, pues los ni\u00f1os adquieren habilidades instrumentales a trav\u00e9s del disfrute que les supone realizar actividades musicales con sus padres.<\/p>\n<p><b>Edad:<\/b> de 0 a 3 a\u00f1os acompa\u00f1ados por un adulto<br \/><b>Plazas limitadas. Inscripci\u00f3n:<\/b> 646 88 08 16 o por email (playsuzuki@hotmail.com) indicando el nombre, la edad del beb\u00e9 y la sesi\u00f3n (viernes o s\u00e1bado).<\/p>\n","protected":false},"excerpt":{"rendered":"<p>Vicente Rodr\u00edguez Manchado presenta su nuevo libro de poemas, Un dios de soles y fragmentosMartes 3 de octubre, a las 19:30 h.Librer\u00eda Santos Ochoa. Gran V\u00eda, 12. Donde los ojos,la edad y la memoria\u2026y el dolor\u2026.era su nombreel nombre de mi olvido. M\u00e1s all\u00e1 de todo galard\u00f3n o reconocimiento, Vicente entiende su quehacer po\u00e9tico como [&hellip;]<\/p>\n","protected":false},"author":2,"featured_media":0,"comment_status":"open","ping_status":"open","sticky":false,"template":"","format":"standard","meta":{"footnotes":""},"categories":[9,14,10],"tags":[],"class_list":["post-154","post","type-post","status-publish","format-standard","hentry","category-libros","category-libros-salamanca","category-taller-infantil"],"yoast_head":"<!-- This site is optimized with the Yoast SEO plugin v27.2 - https:\/\/yoast.com\/product\/yoast-seo-wordpress\/ -->\n<title>Poes\u00eda, relatos y m\u00fasica para beb\u00e9s - Santos Ochoa Salamanca<\/title>\n<meta name=\"robots\" content=\"index, follow, max-snippet:-1, max-image-preview:large, max-video-preview:-1\" \/>\n<link rel=\"canonical\" href=\"https:\/\/blogs.santosochoa.es\/salamanca\/poesia-relatos-y-musica-para-bebes\/\" \/>\n<meta property=\"og:locale\" content=\"es_ES\" \/>\n<meta property=\"og:type\" content=\"article\" \/>\n<meta property=\"og:title\" content=\"Poes\u00eda, relatos y m\u00fasica para beb\u00e9s - Santos Ochoa Salamanca\" \/>\n<meta property=\"og:description\" content=\"Vicente Rodr\u00edguez Manchado presenta su nuevo libro de poemas, Un dios de soles y fragmentosMartes 3 de octubre, a las 19:30 h.Librer\u00eda Santos Ochoa. Gran V\u00eda, 12. Donde los ojos,la edad y la memoria\u2026y el dolor\u2026.era su nombreel nombre de mi olvido. M\u00e1s all\u00e1 de todo galard\u00f3n o reconocimiento, Vicente entiende su quehacer po\u00e9tico como [&hellip;]\" \/>\n<meta property=\"og:url\" content=\"https:\/\/blogs.santosochoa.es\/salamanca\/poesia-relatos-y-musica-para-bebes\/\" \/>\n<meta property=\"og:site_name\" content=\"Santos Ochoa Salamanca\" \/>\n<meta property=\"article:published_time\" content=\"2017-09-28T14:23:00+00:00\" \/>\n<meta property=\"og:image\" content=\"https:\/\/4.bp.blogspot.com\/-qGaodakXANc\/Wc0DC6TMbuI\/AAAAAAAACs8\/F8GLBufc0cYQT0_PmX7i9VC15vWrGBxSACLcBGAs\/s320\/un-dios-de-soles-y-fragmentos_vicente-rodriguez.jpg\" \/>\n<meta name=\"author\" content=\"Santos Ochoa Salamanca\" \/>\n<meta name=\"twitter:card\" content=\"summary_large_image\" \/>\n<meta name=\"twitter:label1\" content=\"Written by\" \/>\n\t<meta name=\"twitter:data1\" content=\"Santos Ochoa Salamanca\" \/>\n\t<meta name=\"twitter:label2\" content=\"Est. reading time\" \/>\n\t<meta name=\"twitter:data2\" content=\"5 minutos\" \/>\n<script type=\"application\/ld+json\" class=\"yoast-schema-graph\">{\"@context\":\"https:\/\/schema.org\",\"@graph\":[{\"@type\":\"Article\",\"@id\":\"https:\/\/blogs.santosochoa.es\/salamanca\/poesia-relatos-y-musica-para-bebes\/#article\",\"isPartOf\":{\"@id\":\"https:\/\/blogs.santosochoa.es\/salamanca\/poesia-relatos-y-musica-para-bebes\/\"},\"author\":{\"name\":\"Santos Ochoa Salamanca\",\"@id\":\"https:\/\/blogs.santosochoa.es\/salamanca\/#\/schema\/person\/a125e75c96c8702907b25e61f1c0b772\"},\"headline\":\"Poes\u00eda, relatos y m\u00fasica para beb\u00e9s\",\"datePublished\":\"2017-09-28T14:23:00+00:00\",\"mainEntityOfPage\":{\"@id\":\"https:\/\/blogs.santosochoa.es\/salamanca\/poesia-relatos-y-musica-para-bebes\/\"},\"wordCount\":1068,\"commentCount\":0,\"image\":{\"@id\":\"https:\/\/blogs.santosochoa.es\/salamanca\/poesia-relatos-y-musica-para-bebes\/#primaryimage\"},\"thumbnailUrl\":\"https:\/\/4.bp.blogspot.com\/-qGaodakXANc\/Wc0DC6TMbuI\/AAAAAAAACs8\/F8GLBufc0cYQT0_PmX7i9VC15vWrGBxSACLcBGAs\/s320\/un-dios-de-soles-y-fragmentos_vicente-rodriguez.jpg\",\"articleSection\":[\"libros\",\"libros salamanca\",\"taller infantil\"],\"inLanguage\":\"es\",\"potentialAction\":[{\"@type\":\"CommentAction\",\"name\":\"Comment\",\"target\":[\"https:\/\/blogs.santosochoa.es\/salamanca\/poesia-relatos-y-musica-para-bebes\/#respond\"]}]},{\"@type\":\"WebPage\",\"@id\":\"https:\/\/blogs.santosochoa.es\/salamanca\/poesia-relatos-y-musica-para-bebes\/\",\"url\":\"https:\/\/blogs.santosochoa.es\/salamanca\/poesia-relatos-y-musica-para-bebes\/\",\"name\":\"Poes\u00eda, relatos y m\u00fasica para beb\u00e9s - Santos Ochoa Salamanca\",\"isPartOf\":{\"@id\":\"https:\/\/blogs.santosochoa.es\/salamanca\/#website\"},\"primaryImageOfPage\":{\"@id\":\"https:\/\/blogs.santosochoa.es\/salamanca\/poesia-relatos-y-musica-para-bebes\/#primaryimage\"},\"image\":{\"@id\":\"https:\/\/blogs.santosochoa.es\/salamanca\/poesia-relatos-y-musica-para-bebes\/#primaryimage\"},\"thumbnailUrl\":\"https:\/\/4.bp.blogspot.com\/-qGaodakXANc\/Wc0DC6TMbuI\/AAAAAAAACs8\/F8GLBufc0cYQT0_PmX7i9VC15vWrGBxSACLcBGAs\/s320\/un-dios-de-soles-y-fragmentos_vicente-rodriguez.jpg\",\"datePublished\":\"2017-09-28T14:23:00+00:00\",\"author\":{\"@id\":\"https:\/\/blogs.santosochoa.es\/salamanca\/#\/schema\/person\/a125e75c96c8702907b25e61f1c0b772\"},\"breadcrumb\":{\"@id\":\"https:\/\/blogs.santosochoa.es\/salamanca\/poesia-relatos-y-musica-para-bebes\/#breadcrumb\"},\"inLanguage\":\"es\",\"potentialAction\":[{\"@type\":\"ReadAction\",\"target\":[\"https:\/\/blogs.santosochoa.es\/salamanca\/poesia-relatos-y-musica-para-bebes\/\"]}]},{\"@type\":\"ImageObject\",\"inLanguage\":\"es\",\"@id\":\"https:\/\/blogs.santosochoa.es\/salamanca\/poesia-relatos-y-musica-para-bebes\/#primaryimage\",\"url\":\"https:\/\/4.bp.blogspot.com\/-qGaodakXANc\/Wc0DC6TMbuI\/AAAAAAAACs8\/F8GLBufc0cYQT0_PmX7i9VC15vWrGBxSACLcBGAs\/s320\/un-dios-de-soles-y-fragmentos_vicente-rodriguez.jpg\",\"contentUrl\":\"https:\/\/4.bp.blogspot.com\/-qGaodakXANc\/Wc0DC6TMbuI\/AAAAAAAACs8\/F8GLBufc0cYQT0_PmX7i9VC15vWrGBxSACLcBGAs\/s320\/un-dios-de-soles-y-fragmentos_vicente-rodriguez.jpg\"},{\"@type\":\"BreadcrumbList\",\"@id\":\"https:\/\/blogs.santosochoa.es\/salamanca\/poesia-relatos-y-musica-para-bebes\/#breadcrumb\",\"itemListElement\":[{\"@type\":\"ListItem\",\"position\":1,\"name\":\"Home\",\"item\":\"https:\/\/blogs.santosochoa.es\/salamanca\/\"},{\"@type\":\"ListItem\",\"position\":2,\"name\":\"Poes\u00eda, relatos y m\u00fasica para beb\u00e9s\"}]},{\"@type\":\"WebSite\",\"@id\":\"https:\/\/blogs.santosochoa.es\/salamanca\/#website\",\"url\":\"https:\/\/blogs.santosochoa.es\/salamanca\/\",\"name\":\"Santos Ochoa Salamanca\",\"description\":\"Tu Librer\u00eda Online\",\"potentialAction\":[{\"@type\":\"SearchAction\",\"target\":{\"@type\":\"EntryPoint\",\"urlTemplate\":\"https:\/\/blogs.santosochoa.es\/salamanca\/?s={search_term_string}\"},\"query-input\":{\"@type\":\"PropertyValueSpecification\",\"valueRequired\":true,\"valueName\":\"search_term_string\"}}],\"inLanguage\":\"es\"},{\"@type\":\"Person\",\"@id\":\"https:\/\/blogs.santosochoa.es\/salamanca\/#\/schema\/person\/a125e75c96c8702907b25e61f1c0b772\",\"name\":\"Santos Ochoa Salamanca\"}]}<\/script>\n<!-- \/ Yoast SEO plugin. -->","yoast_head_json":{"title":"Poes\u00eda, relatos y m\u00fasica para beb\u00e9s - Santos Ochoa Salamanca","robots":{"index":"index","follow":"follow","max-snippet":"max-snippet:-1","max-image-preview":"max-image-preview:large","max-video-preview":"max-video-preview:-1"},"canonical":"https:\/\/blogs.santosochoa.es\/salamanca\/poesia-relatos-y-musica-para-bebes\/","og_locale":"es_ES","og_type":"article","og_title":"Poes\u00eda, relatos y m\u00fasica para beb\u00e9s - Santos Ochoa Salamanca","og_description":"Vicente Rodr\u00edguez Manchado presenta su nuevo libro de poemas, Un dios de soles y fragmentosMartes 3 de octubre, a las 19:30 h.Librer\u00eda Santos Ochoa. Gran V\u00eda, 12. Donde los ojos,la edad y la memoria\u2026y el dolor\u2026.era su nombreel nombre de mi olvido. M\u00e1s all\u00e1 de todo galard\u00f3n o reconocimiento, Vicente entiende su quehacer po\u00e9tico como [&hellip;]","og_url":"https:\/\/blogs.santosochoa.es\/salamanca\/poesia-relatos-y-musica-para-bebes\/","og_site_name":"Santos Ochoa Salamanca","article_published_time":"2017-09-28T14:23:00+00:00","og_image":[{"url":"https:\/\/4.bp.blogspot.com\/-qGaodakXANc\/Wc0DC6TMbuI\/AAAAAAAACs8\/F8GLBufc0cYQT0_PmX7i9VC15vWrGBxSACLcBGAs\/s320\/un-dios-de-soles-y-fragmentos_vicente-rodriguez.jpg","type":"","width":"","height":""}],"author":"Santos Ochoa Salamanca","twitter_card":"summary_large_image","twitter_misc":{"Written by":"Santos Ochoa Salamanca","Est. reading time":"5 minutos"},"schema":{"@context":"https:\/\/schema.org","@graph":[{"@type":"Article","@id":"https:\/\/blogs.santosochoa.es\/salamanca\/poesia-relatos-y-musica-para-bebes\/#article","isPartOf":{"@id":"https:\/\/blogs.santosochoa.es\/salamanca\/poesia-relatos-y-musica-para-bebes\/"},"author":{"name":"Santos Ochoa Salamanca","@id":"https:\/\/blogs.santosochoa.es\/salamanca\/#\/schema\/person\/a125e75c96c8702907b25e61f1c0b772"},"headline":"Poes\u00eda, relatos y m\u00fasica para beb\u00e9s","datePublished":"2017-09-28T14:23:00+00:00","mainEntityOfPage":{"@id":"https:\/\/blogs.santosochoa.es\/salamanca\/poesia-relatos-y-musica-para-bebes\/"},"wordCount":1068,"commentCount":0,"image":{"@id":"https:\/\/blogs.santosochoa.es\/salamanca\/poesia-relatos-y-musica-para-bebes\/#primaryimage"},"thumbnailUrl":"https:\/\/4.bp.blogspot.com\/-qGaodakXANc\/Wc0DC6TMbuI\/AAAAAAAACs8\/F8GLBufc0cYQT0_PmX7i9VC15vWrGBxSACLcBGAs\/s320\/un-dios-de-soles-y-fragmentos_vicente-rodriguez.jpg","articleSection":["libros","libros salamanca","taller infantil"],"inLanguage":"es","potentialAction":[{"@type":"CommentAction","name":"Comment","target":["https:\/\/blogs.santosochoa.es\/salamanca\/poesia-relatos-y-musica-para-bebes\/#respond"]}]},{"@type":"WebPage","@id":"https:\/\/blogs.santosochoa.es\/salamanca\/poesia-relatos-y-musica-para-bebes\/","url":"https:\/\/blogs.santosochoa.es\/salamanca\/poesia-relatos-y-musica-para-bebes\/","name":"Poes\u00eda, relatos y m\u00fasica para beb\u00e9s - Santos Ochoa Salamanca","isPartOf":{"@id":"https:\/\/blogs.santosochoa.es\/salamanca\/#website"},"primaryImageOfPage":{"@id":"https:\/\/blogs.santosochoa.es\/salamanca\/poesia-relatos-y-musica-para-bebes\/#primaryimage"},"image":{"@id":"https:\/\/blogs.santosochoa.es\/salamanca\/poesia-relatos-y-musica-para-bebes\/#primaryimage"},"thumbnailUrl":"https:\/\/4.bp.blogspot.com\/-qGaodakXANc\/Wc0DC6TMbuI\/AAAAAAAACs8\/F8GLBufc0cYQT0_PmX7i9VC15vWrGBxSACLcBGAs\/s320\/un-dios-de-soles-y-fragmentos_vicente-rodriguez.jpg","datePublished":"2017-09-28T14:23:00+00:00","author":{"@id":"https:\/\/blogs.santosochoa.es\/salamanca\/#\/schema\/person\/a125e75c96c8702907b25e61f1c0b772"},"breadcrumb":{"@id":"https:\/\/blogs.santosochoa.es\/salamanca\/poesia-relatos-y-musica-para-bebes\/#breadcrumb"},"inLanguage":"es","potentialAction":[{"@type":"ReadAction","target":["https:\/\/blogs.santosochoa.es\/salamanca\/poesia-relatos-y-musica-para-bebes\/"]}]},{"@type":"ImageObject","inLanguage":"es","@id":"https:\/\/blogs.santosochoa.es\/salamanca\/poesia-relatos-y-musica-para-bebes\/#primaryimage","url":"https:\/\/4.bp.blogspot.com\/-qGaodakXANc\/Wc0DC6TMbuI\/AAAAAAAACs8\/F8GLBufc0cYQT0_PmX7i9VC15vWrGBxSACLcBGAs\/s320\/un-dios-de-soles-y-fragmentos_vicente-rodriguez.jpg","contentUrl":"https:\/\/4.bp.blogspot.com\/-qGaodakXANc\/Wc0DC6TMbuI\/AAAAAAAACs8\/F8GLBufc0cYQT0_PmX7i9VC15vWrGBxSACLcBGAs\/s320\/un-dios-de-soles-y-fragmentos_vicente-rodriguez.jpg"},{"@type":"BreadcrumbList","@id":"https:\/\/blogs.santosochoa.es\/salamanca\/poesia-relatos-y-musica-para-bebes\/#breadcrumb","itemListElement":[{"@type":"ListItem","position":1,"name":"Home","item":"https:\/\/blogs.santosochoa.es\/salamanca\/"},{"@type":"ListItem","position":2,"name":"Poes\u00eda, relatos y m\u00fasica para beb\u00e9s"}]},{"@type":"WebSite","@id":"https:\/\/blogs.santosochoa.es\/salamanca\/#website","url":"https:\/\/blogs.santosochoa.es\/salamanca\/","name":"Santos Ochoa Salamanca","description":"Tu Librer\u00eda Online","potentialAction":[{"@type":"SearchAction","target":{"@type":"EntryPoint","urlTemplate":"https:\/\/blogs.santosochoa.es\/salamanca\/?s={search_term_string}"},"query-input":{"@type":"PropertyValueSpecification","valueRequired":true,"valueName":"search_term_string"}}],"inLanguage":"es"},{"@type":"Person","@id":"https:\/\/blogs.santosochoa.es\/salamanca\/#\/schema\/person\/a125e75c96c8702907b25e61f1c0b772","name":"Santos Ochoa Salamanca"}]}},"_links":{"self":[{"href":"https:\/\/blogs.santosochoa.es\/salamanca\/wp-json\/wp\/v2\/posts\/154","targetHints":{"allow":["GET"]}}],"collection":[{"href":"https:\/\/blogs.santosochoa.es\/salamanca\/wp-json\/wp\/v2\/posts"}],"about":[{"href":"https:\/\/blogs.santosochoa.es\/salamanca\/wp-json\/wp\/v2\/types\/post"}],"author":[{"embeddable":true,"href":"https:\/\/blogs.santosochoa.es\/salamanca\/wp-json\/wp\/v2\/users\/2"}],"replies":[{"embeddable":true,"href":"https:\/\/blogs.santosochoa.es\/salamanca\/wp-json\/wp\/v2\/comments?post=154"}],"version-history":[{"count":0,"href":"https:\/\/blogs.santosochoa.es\/salamanca\/wp-json\/wp\/v2\/posts\/154\/revisions"}],"wp:attachment":[{"href":"https:\/\/blogs.santosochoa.es\/salamanca\/wp-json\/wp\/v2\/media?parent=154"}],"wp:term":[{"taxonomy":"category","embeddable":true,"href":"https:\/\/blogs.santosochoa.es\/salamanca\/wp-json\/wp\/v2\/categories?post=154"},{"taxonomy":"post_tag","embeddable":true,"href":"https:\/\/blogs.santosochoa.es\/salamanca\/wp-json\/wp\/v2\/tags?post=154"}],"curies":[{"name":"wp","href":"https:\/\/api.w.org\/{rel}","templated":true}]}}