{"id":1525,"date":"2023-06-02T10:23:09","date_gmt":"2023-06-02T08:23:09","guid":{"rendered":"https:\/\/blogs.santosochoa.es\/salamanca\/?p=1525"},"modified":"2023-06-02T10:23:10","modified_gmt":"2023-06-02T08:23:10","slug":"fernando-diaz-villanueva-y-alberto-garin","status":"publish","type":"post","link":"https:\/\/blogs.santosochoa.es\/salamanca\/fernando-diaz-villanueva-y-alberto-garin\/","title":{"rendered":"Fernando D\u00edaz Villanueva y Alberto Gar\u00edn"},"content":{"rendered":"\n<h2 class=\"wp-block-heading\"><strong>Fernando D\u00edaz Villanueva y Alberto Gar\u00edn presentan sus libros <em>Hispanos<\/em> e <em>Historia irreverente del arte<\/em><\/strong><\/h2>\n\n\n\n<h3 class=\"wp-block-heading\"><strong>Jueves 8 de junio<\/strong><strong>, a las 19:30 h.<\/strong><\/h3>\n\n\n\n<h4 class=\"wp-block-heading\">Librer\u00eda Santos Ochoa. Gran V\u00eda, 12, Salamanca<\/h4>\n\n\n\n<div class=\"wp-block-image\"><figure class=\"alignright size-large is-resized\"><img decoding=\"async\" src=\"https:\/\/blogs.santosochoa.es\/salamanca\/wp-content\/uploads\/sites\/3\/2023\/06\/hispanos_historia-irreverente-del-arte.jpg\" alt=\"\" class=\"wp-image-1524\" width=\"300\" srcset=\"https:\/\/blogs.santosochoa.es\/salamanca\/wp-content\/uploads\/sites\/3\/2023\/06\/hispanos_historia-irreverente-del-arte.jpg 591w, https:\/\/blogs.santosochoa.es\/salamanca\/wp-content\/uploads\/sites\/3\/2023\/06\/hispanos_historia-irreverente-del-arte-197x300.jpg 197w\" sizes=\"(max-width: 591px) 100vw, 591px\" \/><\/figure><\/div>\n\n\n\n<h5 class=\"wp-block-heading\"><strong>Fernando D\u00edaz Villanueva y Alberto Gar\u00edn, director y colaborador habitual del podcast <em>La ContraHistoria<\/em>, forman una magn\u00edfica pareja radiof\u00f3nica y realizan una espl\u00e9ndida labor de divulgaci\u00f3n hist\u00f3rica con miles de seguidores en diferentes plataformas. Es un lujo tenerlos juntos en Salamanca para presentar sus \u00faltimos libros.<\/strong><\/h5>\n\n\n\n<p><strong><em>HISPANOS<\/em><\/strong>. Este libro no es una historia de Espa\u00f1a o de Portugal, de M\u00e9xico, Brasil, Chile, Colombia o Argentina. Esta es una historia sobre el viaje cultural que los hispanos han realizado a lo largo de m\u00e1s de dos mil a\u00f1os, desde la \u00e9poca romana hasta nuestros d\u00edas.<\/p>\n\n\n\n<p><strong>Fernando D\u00edaz Villanueva<\/strong>, periodista y uno de los m\u00e1s destacados divulgadores hist\u00f3ricos, regresa tras los pasos de la Hispanidad para sintetizar y explicar un completo mapa de una de las comunidades m\u00e1s numerosas del mundo, asentada en tres continentes y enriquecida con todo tipo de influencias externas. Una cultura, la hispana, en permanente evoluci\u00f3n cuyos pueblos crecieron, prosperaron y se expandieron por el orbe para dar forma a todo lo que conocemos y compartimos a ambos lados del oc\u00e9ano.<\/p>\n\n\n\n<p><strong><em>HISTORIA IRREVERENTE DEL ARTE.<\/em><\/strong> Este libro no es una historia del arte al uso. Tampoco es un recorrido por las grandes obras del arte universal que habitualmente aparecen en los manuales escolares. Ni un recetario para distinguir el arte rom\u00e1nico del g\u00f3tico.<\/p>\n\n\n\n<p>Esta es una historia del arte irreverente y rompedora que se centra en la Europa occidental y el Mediterr\u00e1neo, desde la ca\u00edda del Imperio romano de Occidente hasta el siglo XV.<\/p>\n\n\n\n<p><strong>Alberto Gar\u00edn<\/strong>, arque\u00f3logo e historiador del arte, ofrece al lector un sorprendente viaje art\u00edstico por lugares como Roma, Constantinopla, Damasco, Granada o Florencia, con el objetivo de explorar y observar, con agudeza y erudici\u00f3n, la sensibilidad de aquellos artistas que con su desempe\u00f1o han contribuido a construir la cultura y el mundo en el que vivimos.<\/p>\n","protected":false},"excerpt":{"rendered":"<p>Fernando D\u00edaz Villanueva y Alberto Gar\u00edn presentan sus \u00faltimos libros \u00abHispanos\u00bb e \u00abHistoria irreverente del arte\u00bb<\/p>\n","protected":false},"author":2,"featured_media":1526,"comment_status":"closed","ping_status":"closed","sticky":false,"template":"","format":"standard","meta":{"footnotes":""},"categories":[9],"tags":[],"class_list":["post-1525","post","type-post","status-publish","format-standard","has-post-thumbnail","hentry","category-libros"],"yoast_head":"<!-- This site is optimized with the Yoast SEO plugin v27.2 - https:\/\/yoast.com\/product\/yoast-seo-wordpress\/ -->\n<title>Fernando D\u00edaz Villanueva y Alberto Gar\u00edn - Santos Ochoa Salamanca<\/title>\n<meta name=\"description\" content=\"Fernando D\u00edaz Villanueva y Alberto Gar\u00edn presentan sus \u00faltimos libros &quot;Hispanos&quot; e &quot;Historia irreverente del arte&quot;\" \/>\n<meta name=\"robots\" content=\"index, follow, max-snippet:-1, max-image-preview:large, max-video-preview:-1\" \/>\n<link rel=\"canonical\" href=\"https:\/\/blogs.santosochoa.es\/salamanca\/fernando-diaz-villanueva-y-alberto-garin\/\" \/>\n<meta property=\"og:locale\" content=\"es_ES\" \/>\n<meta property=\"og:type\" content=\"article\" \/>\n<meta property=\"og:title\" content=\"Fernando D\u00edaz Villanueva y Alberto Gar\u00edn - Santos Ochoa Salamanca\" \/>\n<meta property=\"og:description\" content=\"Fernando D\u00edaz Villanueva y Alberto Gar\u00edn presentan sus \u00faltimos libros &quot;Hispanos&quot; e &quot;Historia irreverente del arte&quot;\" \/>\n<meta property=\"og:url\" content=\"https:\/\/blogs.santosochoa.es\/salamanca\/fernando-diaz-villanueva-y-alberto-garin\/\" \/>\n<meta property=\"og:site_name\" content=\"Santos Ochoa Salamanca\" \/>\n<meta property=\"article:published_time\" content=\"2023-06-02T08:23:09+00:00\" \/>\n<meta property=\"article:modified_time\" content=\"2023-06-02T08:23:10+00:00\" \/>\n<meta property=\"og:image\" content=\"https:\/\/blogs.santosochoa.es\/salamanca\/wp-content\/uploads\/sites\/3\/2023\/06\/Invitacioin-Hispanos-e-Historia-Irreverente-Salamanca-16.9.jpg\" \/>\n\t<meta property=\"og:image:width\" content=\"2250\" \/>\n\t<meta property=\"og:image:height\" content=\"1500\" \/>\n\t<meta property=\"og:image:type\" content=\"image\/jpeg\" \/>\n<meta name=\"author\" content=\"Santos Ochoa Salamanca\" \/>\n<meta name=\"twitter:card\" content=\"summary_large_image\" \/>\n<meta name=\"twitter:label1\" content=\"Written by\" \/>\n\t<meta name=\"twitter:data1\" content=\"Santos Ochoa Salamanca\" \/>\n\t<meta name=\"twitter:label2\" content=\"Est. reading time\" \/>\n\t<meta name=\"twitter:data2\" content=\"2 minutos\" \/>\n<script type=\"application\/ld+json\" class=\"yoast-schema-graph\">{\"@context\":\"https:\/\/schema.org\",\"@graph\":[{\"@type\":\"Article\",\"@id\":\"https:\/\/blogs.santosochoa.es\/salamanca\/fernando-diaz-villanueva-y-alberto-garin\/#article\",\"isPartOf\":{\"@id\":\"https:\/\/blogs.santosochoa.es\/salamanca\/fernando-diaz-villanueva-y-alberto-garin\/\"},\"author\":{\"name\":\"Santos Ochoa Salamanca\",\"@id\":\"https:\/\/blogs.santosochoa.es\/salamanca\/#\/schema\/person\/a125e75c96c8702907b25e61f1c0b772\"},\"headline\":\"Fernando D\u00edaz Villanueva y Alberto Gar\u00edn\",\"datePublished\":\"2023-06-02T08:23:09+00:00\",\"dateModified\":\"2023-06-02T08:23:10+00:00\",\"mainEntityOfPage\":{\"@id\":\"https:\/\/blogs.santosochoa.es\/salamanca\/fernando-diaz-villanueva-y-alberto-garin\/\"},\"wordCount\":368,\"image\":{\"@id\":\"https:\/\/blogs.santosochoa.es\/salamanca\/fernando-diaz-villanueva-y-alberto-garin\/#primaryimage\"},\"thumbnailUrl\":\"https:\/\/blogs.santosochoa.es\/salamanca\/wp-content\/uploads\/sites\/3\/2023\/06\/Invitacioin-Hispanos-e-Historia-Irreverente-Salamanca-16.9.jpg\",\"articleSection\":[\"libros\"],\"inLanguage\":\"es\"},{\"@type\":\"WebPage\",\"@id\":\"https:\/\/blogs.santosochoa.es\/salamanca\/fernando-diaz-villanueva-y-alberto-garin\/\",\"url\":\"https:\/\/blogs.santosochoa.es\/salamanca\/fernando-diaz-villanueva-y-alberto-garin\/\",\"name\":\"Fernando D\u00edaz Villanueva y Alberto Gar\u00edn - Santos Ochoa Salamanca\",\"isPartOf\":{\"@id\":\"https:\/\/blogs.santosochoa.es\/salamanca\/#website\"},\"primaryImageOfPage\":{\"@id\":\"https:\/\/blogs.santosochoa.es\/salamanca\/fernando-diaz-villanueva-y-alberto-garin\/#primaryimage\"},\"image\":{\"@id\":\"https:\/\/blogs.santosochoa.es\/salamanca\/fernando-diaz-villanueva-y-alberto-garin\/#primaryimage\"},\"thumbnailUrl\":\"https:\/\/blogs.santosochoa.es\/salamanca\/wp-content\/uploads\/sites\/3\/2023\/06\/Invitacioin-Hispanos-e-Historia-Irreverente-Salamanca-16.9.jpg\",\"datePublished\":\"2023-06-02T08:23:09+00:00\",\"dateModified\":\"2023-06-02T08:23:10+00:00\",\"author\":{\"@id\":\"https:\/\/blogs.santosochoa.es\/salamanca\/#\/schema\/person\/a125e75c96c8702907b25e61f1c0b772\"},\"description\":\"Fernando D\u00edaz Villanueva y Alberto Gar\u00edn presentan sus \u00faltimos libros \\\"Hispanos\\\" e \\\"Historia irreverente del arte\\\"\",\"breadcrumb\":{\"@id\":\"https:\/\/blogs.santosochoa.es\/salamanca\/fernando-diaz-villanueva-y-alberto-garin\/#breadcrumb\"},\"inLanguage\":\"es\",\"potentialAction\":[{\"@type\":\"ReadAction\",\"target\":[\"https:\/\/blogs.santosochoa.es\/salamanca\/fernando-diaz-villanueva-y-alberto-garin\/\"]}]},{\"@type\":\"ImageObject\",\"inLanguage\":\"es\",\"@id\":\"https:\/\/blogs.santosochoa.es\/salamanca\/fernando-diaz-villanueva-y-alberto-garin\/#primaryimage\",\"url\":\"https:\/\/blogs.santosochoa.es\/salamanca\/wp-content\/uploads\/sites\/3\/2023\/06\/Invitacioin-Hispanos-e-Historia-Irreverente-Salamanca-16.9.jpg\",\"contentUrl\":\"https:\/\/blogs.santosochoa.es\/salamanca\/wp-content\/uploads\/sites\/3\/2023\/06\/Invitacioin-Hispanos-e-Historia-Irreverente-Salamanca-16.9.jpg\",\"width\":2250,\"height\":1500},{\"@type\":\"BreadcrumbList\",\"@id\":\"https:\/\/blogs.santosochoa.es\/salamanca\/fernando-diaz-villanueva-y-alberto-garin\/#breadcrumb\",\"itemListElement\":[{\"@type\":\"ListItem\",\"position\":1,\"name\":\"Home\",\"item\":\"https:\/\/blogs.santosochoa.es\/salamanca\/\"},{\"@type\":\"ListItem\",\"position\":2,\"name\":\"Fernando D\u00edaz Villanueva y Alberto Gar\u00edn\"}]},{\"@type\":\"WebSite\",\"@id\":\"https:\/\/blogs.santosochoa.es\/salamanca\/#website\",\"url\":\"https:\/\/blogs.santosochoa.es\/salamanca\/\",\"name\":\"Santos Ochoa Salamanca\",\"description\":\"Tu Librer\u00eda Online\",\"potentialAction\":[{\"@type\":\"SearchAction\",\"target\":{\"@type\":\"EntryPoint\",\"urlTemplate\":\"https:\/\/blogs.santosochoa.es\/salamanca\/?s={search_term_string}\"},\"query-input\":{\"@type\":\"PropertyValueSpecification\",\"valueRequired\":true,\"valueName\":\"search_term_string\"}}],\"inLanguage\":\"es\"},{\"@type\":\"Person\",\"@id\":\"https:\/\/blogs.santosochoa.es\/salamanca\/#\/schema\/person\/a125e75c96c8702907b25e61f1c0b772\",\"name\":\"Santos Ochoa Salamanca\"}]}<\/script>\n<!-- \/ Yoast SEO plugin. -->","yoast_head_json":{"title":"Fernando D\u00edaz Villanueva y Alberto Gar\u00edn - Santos Ochoa Salamanca","description":"Fernando D\u00edaz Villanueva y Alberto Gar\u00edn presentan sus \u00faltimos libros \"Hispanos\" e \"Historia irreverente del arte\"","robots":{"index":"index","follow":"follow","max-snippet":"max-snippet:-1","max-image-preview":"max-image-preview:large","max-video-preview":"max-video-preview:-1"},"canonical":"https:\/\/blogs.santosochoa.es\/salamanca\/fernando-diaz-villanueva-y-alberto-garin\/","og_locale":"es_ES","og_type":"article","og_title":"Fernando D\u00edaz Villanueva y Alberto Gar\u00edn - Santos Ochoa Salamanca","og_description":"Fernando D\u00edaz Villanueva y Alberto Gar\u00edn presentan sus \u00faltimos libros \"Hispanos\" e \"Historia irreverente del arte\"","og_url":"https:\/\/blogs.santosochoa.es\/salamanca\/fernando-diaz-villanueva-y-alberto-garin\/","og_site_name":"Santos Ochoa Salamanca","article_published_time":"2023-06-02T08:23:09+00:00","article_modified_time":"2023-06-02T08:23:10+00:00","og_image":[{"width":2250,"height":1500,"url":"https:\/\/blogs.santosochoa.es\/salamanca\/wp-content\/uploads\/sites\/3\/2023\/06\/Invitacioin-Hispanos-e-Historia-Irreverente-Salamanca-16.9.jpg","type":"image\/jpeg"}],"author":"Santos Ochoa Salamanca","twitter_card":"summary_large_image","twitter_misc":{"Written by":"Santos Ochoa Salamanca","Est. reading time":"2 minutos"},"schema":{"@context":"https:\/\/schema.org","@graph":[{"@type":"Article","@id":"https:\/\/blogs.santosochoa.es\/salamanca\/fernando-diaz-villanueva-y-alberto-garin\/#article","isPartOf":{"@id":"https:\/\/blogs.santosochoa.es\/salamanca\/fernando-diaz-villanueva-y-alberto-garin\/"},"author":{"name":"Santos Ochoa Salamanca","@id":"https:\/\/blogs.santosochoa.es\/salamanca\/#\/schema\/person\/a125e75c96c8702907b25e61f1c0b772"},"headline":"Fernando D\u00edaz Villanueva y Alberto Gar\u00edn","datePublished":"2023-06-02T08:23:09+00:00","dateModified":"2023-06-02T08:23:10+00:00","mainEntityOfPage":{"@id":"https:\/\/blogs.santosochoa.es\/salamanca\/fernando-diaz-villanueva-y-alberto-garin\/"},"wordCount":368,"image":{"@id":"https:\/\/blogs.santosochoa.es\/salamanca\/fernando-diaz-villanueva-y-alberto-garin\/#primaryimage"},"thumbnailUrl":"https:\/\/blogs.santosochoa.es\/salamanca\/wp-content\/uploads\/sites\/3\/2023\/06\/Invitacioin-Hispanos-e-Historia-Irreverente-Salamanca-16.9.jpg","articleSection":["libros"],"inLanguage":"es"},{"@type":"WebPage","@id":"https:\/\/blogs.santosochoa.es\/salamanca\/fernando-diaz-villanueva-y-alberto-garin\/","url":"https:\/\/blogs.santosochoa.es\/salamanca\/fernando-diaz-villanueva-y-alberto-garin\/","name":"Fernando D\u00edaz Villanueva y Alberto Gar\u00edn - Santos Ochoa Salamanca","isPartOf":{"@id":"https:\/\/blogs.santosochoa.es\/salamanca\/#website"},"primaryImageOfPage":{"@id":"https:\/\/blogs.santosochoa.es\/salamanca\/fernando-diaz-villanueva-y-alberto-garin\/#primaryimage"},"image":{"@id":"https:\/\/blogs.santosochoa.es\/salamanca\/fernando-diaz-villanueva-y-alberto-garin\/#primaryimage"},"thumbnailUrl":"https:\/\/blogs.santosochoa.es\/salamanca\/wp-content\/uploads\/sites\/3\/2023\/06\/Invitacioin-Hispanos-e-Historia-Irreverente-Salamanca-16.9.jpg","datePublished":"2023-06-02T08:23:09+00:00","dateModified":"2023-06-02T08:23:10+00:00","author":{"@id":"https:\/\/blogs.santosochoa.es\/salamanca\/#\/schema\/person\/a125e75c96c8702907b25e61f1c0b772"},"description":"Fernando D\u00edaz Villanueva y Alberto Gar\u00edn presentan sus \u00faltimos libros \"Hispanos\" e \"Historia irreverente del arte\"","breadcrumb":{"@id":"https:\/\/blogs.santosochoa.es\/salamanca\/fernando-diaz-villanueva-y-alberto-garin\/#breadcrumb"},"inLanguage":"es","potentialAction":[{"@type":"ReadAction","target":["https:\/\/blogs.santosochoa.es\/salamanca\/fernando-diaz-villanueva-y-alberto-garin\/"]}]},{"@type":"ImageObject","inLanguage":"es","@id":"https:\/\/blogs.santosochoa.es\/salamanca\/fernando-diaz-villanueva-y-alberto-garin\/#primaryimage","url":"https:\/\/blogs.santosochoa.es\/salamanca\/wp-content\/uploads\/sites\/3\/2023\/06\/Invitacioin-Hispanos-e-Historia-Irreverente-Salamanca-16.9.jpg","contentUrl":"https:\/\/blogs.santosochoa.es\/salamanca\/wp-content\/uploads\/sites\/3\/2023\/06\/Invitacioin-Hispanos-e-Historia-Irreverente-Salamanca-16.9.jpg","width":2250,"height":1500},{"@type":"BreadcrumbList","@id":"https:\/\/blogs.santosochoa.es\/salamanca\/fernando-diaz-villanueva-y-alberto-garin\/#breadcrumb","itemListElement":[{"@type":"ListItem","position":1,"name":"Home","item":"https:\/\/blogs.santosochoa.es\/salamanca\/"},{"@type":"ListItem","position":2,"name":"Fernando D\u00edaz Villanueva y Alberto Gar\u00edn"}]},{"@type":"WebSite","@id":"https:\/\/blogs.santosochoa.es\/salamanca\/#website","url":"https:\/\/blogs.santosochoa.es\/salamanca\/","name":"Santos Ochoa Salamanca","description":"Tu Librer\u00eda Online","potentialAction":[{"@type":"SearchAction","target":{"@type":"EntryPoint","urlTemplate":"https:\/\/blogs.santosochoa.es\/salamanca\/?s={search_term_string}"},"query-input":{"@type":"PropertyValueSpecification","valueRequired":true,"valueName":"search_term_string"}}],"inLanguage":"es"},{"@type":"Person","@id":"https:\/\/blogs.santosochoa.es\/salamanca\/#\/schema\/person\/a125e75c96c8702907b25e61f1c0b772","name":"Santos Ochoa Salamanca"}]}},"_links":{"self":[{"href":"https:\/\/blogs.santosochoa.es\/salamanca\/wp-json\/wp\/v2\/posts\/1525","targetHints":{"allow":["GET"]}}],"collection":[{"href":"https:\/\/blogs.santosochoa.es\/salamanca\/wp-json\/wp\/v2\/posts"}],"about":[{"href":"https:\/\/blogs.santosochoa.es\/salamanca\/wp-json\/wp\/v2\/types\/post"}],"author":[{"embeddable":true,"href":"https:\/\/blogs.santosochoa.es\/salamanca\/wp-json\/wp\/v2\/users\/2"}],"replies":[{"embeddable":true,"href":"https:\/\/blogs.santosochoa.es\/salamanca\/wp-json\/wp\/v2\/comments?post=1525"}],"version-history":[{"count":1,"href":"https:\/\/blogs.santosochoa.es\/salamanca\/wp-json\/wp\/v2\/posts\/1525\/revisions"}],"predecessor-version":[{"id":1527,"href":"https:\/\/blogs.santosochoa.es\/salamanca\/wp-json\/wp\/v2\/posts\/1525\/revisions\/1527"}],"wp:featuredmedia":[{"embeddable":true,"href":"https:\/\/blogs.santosochoa.es\/salamanca\/wp-json\/wp\/v2\/media\/1526"}],"wp:attachment":[{"href":"https:\/\/blogs.santosochoa.es\/salamanca\/wp-json\/wp\/v2\/media?parent=1525"}],"wp:term":[{"taxonomy":"category","embeddable":true,"href":"https:\/\/blogs.santosochoa.es\/salamanca\/wp-json\/wp\/v2\/categories?post=1525"},{"taxonomy":"post_tag","embeddable":true,"href":"https:\/\/blogs.santosochoa.es\/salamanca\/wp-json\/wp\/v2\/tags?post=1525"}],"curies":[{"name":"wp","href":"https:\/\/api.w.org\/{rel}","templated":true}]}}