{"id":1512,"date":"2023-05-10T13:30:00","date_gmt":"2023-05-10T11:30:00","guid":{"rendered":"https:\/\/blogs.santosochoa.es\/salamanca\/?p=1512"},"modified":"2023-05-09T13:32:18","modified_gmt":"2023-05-09T11:32:18","slug":"conchi-lillo-y-cuento-musicalizado","status":"publish","type":"post","link":"https:\/\/blogs.santosochoa.es\/salamanca\/conchi-lillo-y-cuento-musicalizado\/","title":{"rendered":"Conchi Lillo y Cuento Musicalizado"},"content":{"rendered":"\n<h2 class=\"wp-block-heading\"><strong>Conchi Lillo presenta <em>\u00a1Abre los ojos!<\/em> Descubre la verdadera ciencia detr\u00e1s de tu mirada<\/strong><\/h2>\n\n\n\n<h3 class=\"wp-block-heading\"><strong>Viernes 19 de mayo<\/strong><strong>, a las 19:30 h.<\/strong><\/h3>\n\n\n\n<h4 class=\"wp-block-heading\">Librer\u00eda Santos Ochoa. Gran V\u00eda, 12, Salamanca<\/h4>\n\n\n\n<div class=\"wp-block-image\"><figure class=\"alignright size-large is-resized\"><img decoding=\"async\" src=\"https:\/\/blogs.santosochoa.es\/salamanca\/wp-content\/uploads\/sites\/3\/2023\/05\/abre-los-ojos_conchi-lillo.jpg\" alt=\"\" class=\"wp-image-1509\" width=\"300\" srcset=\"https:\/\/blogs.santosochoa.es\/salamanca\/wp-content\/uploads\/sites\/3\/2023\/05\/abre-los-ojos_conchi-lillo.jpg 591w, https:\/\/blogs.santosochoa.es\/salamanca\/wp-content\/uploads\/sites\/3\/2023\/05\/abre-los-ojos_conchi-lillo-211x300.jpg 211w\" sizes=\"(max-width: 591px) 100vw, 591px\" \/><\/figure><\/div>\n\n\n\n<p>Acompa\u00f1a a la autora <strong>Jos\u00e9 Ram\u00f3n Alonso<\/strong>, catedr\u00e1tico de neurociencia, escritor y divulgador.<\/p>\n\n\n\n<p><strong>Ni Bowie ten\u00eda cada iris de diferente color, ni las pseudociencias mejorar\u00e1n tu salud visual. Descubre la (verdadera) ciencia detr\u00e1s de tu mirada.<\/strong><\/p>\n\n\n\n<h5 class=\"wp-block-heading\"><strong>\u00bfVe lo mismo que yo la persona que tengo al lado? \u00bfPor qu\u00e9 los piratas llevaban parche? \u00bfLas mujeres pueden ver m\u00e1s colores que los hombres? \u00bfQu\u00e9 relaci\u00f3n hay entre la sinestesia y la psicodelia? En el futuro \u00bfhabr\u00e1 herramientas que nos permitan tener visi\u00f3n mejorada?<\/strong><\/h5>\n\n\n\n<p>Poder percibir el mundo que nos rodea, sus formas, sus colores, distinguir el movimiento, los contrastes y otras caracter\u00edsticas que nuestros ojos son capaces de recibir, y nuestro cerebro de procesar, es realmente asombroso. El funcionamiento del sistema visual es tan fascinante como complejo y en cada organismo de este planeta posee caracter\u00edsticas particulares e inherentes a esa especie y tambi\u00e9n, como todo, algunas imperfecciones.<\/p>\n\n\n\n<p>Este libro es una gu\u00eda \u00fanica que combina biolog\u00eda, neurociencia y tecnolog\u00eda para explicarnos la ciencia que hay detr\u00e1s de la mirada y, es tambi\u00e9n, un asombroso gabinete de curiosidades. \u00a1Abre los ojos!<\/p>\n\n\n\n<p><strong>Conchi Lillo<\/strong> es bi\u00f3loga y doctora en Neurociencias. Trabaj\u00f3 en The Scripps Research Institute (La Jolla, California, USA) y desde 2011 es profesora titular en la Facultad de Biolog\u00eda de la Universidad de Salamanca. Investiga en el \u00e1rea de la neurobiolog\u00eda de la visi\u00f3n en el Instituto de Neurociencias de Castilla y Le\u00f3n (INCYL), est\u00e1 adscrita al Instituto de Investigaci\u00f3n Biom\u00e9dica de Salamanca (IBSAL) y posee una s\u00f3lida trayectoria cient\u00edfica. Adem\u00e1s, dirige el Servicio de Microscop\u00eda Electr\u00f3nica de la USAL y actualmente es miembro de la Junta Directiva de la Sociedad Espa\u00f1ola de Neurociencias. En paralelo ha ido acumulando una dilatada experiencia en divulgaci\u00f3n y comunicaci\u00f3n de la ciencia para todos los p\u00fablicos con talleres, charlas o art\u00edculos de divulgaci\u00f3n. Colabora regularmente con varias plataformas de divulgaci\u00f3n cient\u00edfica de nuestro pa\u00eds, como Naukas o Desgranando Ciencia, The Conversation y en radio, ha participado en RNE y actualmente tiene una secci\u00f3n semanal de ciencia en Ser Salamanca.<\/p>\n\n\n\n<div style=\"height:50px\" aria-hidden=\"true\" class=\"wp-block-spacer\"><\/div>\n\n\n\n<h2 class=\"wp-block-heading\"><strong>Musicalizando cuentos en familia. <em>Un libro<\/em>, de Herv\u00e9 Tullet, con Silvia Gal\u00e1n<\/strong><\/h2>\n\n\n\n<h3 class=\"wp-block-heading\"><strong>S\u00e1bado 20 de mayo<\/strong><strong>, a las 11:30 h.<\/strong><\/h3>\n\n\n\n<h4 class=\"wp-block-heading\">Librer\u00eda Santos Ochoa. Gran V\u00eda, 12, Salamanca<\/h4>\n\n\n\n<p><strong>Edad recomendada:<\/strong> de 0 a 5 a\u00f1os<\/p>\n\n\n\n<p><a href=\"https:\/\/blogs.santosochoa.es\/salamanca\/eventos\/musicalizando-cuentos-silvia-galan\/\" target=\"_blank\" rel=\"noreferrer noopener\"><strong>Plazas limitadas.<\/strong> Inscripci\u00f3n gratuita pinchando aqu\u00ed.<\/a><\/p>\n\n\n\n<div class=\"wp-block-image\"><figure class=\"alignleft size-large is-resized\"><img decoding=\"async\" src=\"https:\/\/blogs.santosochoa.es\/salamanca\/wp-content\/uploads\/sites\/3\/2023\/05\/silvia-galan_un-libro.jpg\" alt=\"\" class=\"wp-image-1503\" width=\"300\" srcset=\"https:\/\/blogs.santosochoa.es\/salamanca\/wp-content\/uploads\/sites\/3\/2023\/05\/silvia-galan_un-libro.jpg 1024w, https:\/\/blogs.santosochoa.es\/salamanca\/wp-content\/uploads\/sites\/3\/2023\/05\/silvia-galan_un-libro-300x300.jpg 300w, https:\/\/blogs.santosochoa.es\/salamanca\/wp-content\/uploads\/sites\/3\/2023\/05\/silvia-galan_un-libro-150x150.jpg 150w, https:\/\/blogs.santosochoa.es\/salamanca\/wp-content\/uploads\/sites\/3\/2023\/05\/silvia-galan_un-libro-768x768.jpg 768w\" sizes=\"(max-width: 1024px) 100vw, 1024px\" \/><\/figure><\/div>\n\n\n\n<h5 class=\"wp-block-heading\"><strong>El lenguaje hablado y el lenguaje musical comparten muchos aspectos en com\u00fan: los ritmos, el fraseo, la estructura, las cadencias, la entonaci\u00f3n&#8230; Los cuentos fomentan la motivaci\u00f3n y la concentraci\u00f3n, construyen identidad, transmiten valores y ayudan a desarrollar el lenguaje y la sensibilidad art\u00edstica. En este taller compartiremos la magia de los cuentos y la m\u00fasica en familia.<\/strong><\/h5>\n\n\n\n<p>Silvia Gal\u00e1n pone m\u00fasica al cl\u00e1sico de Herv\u00e9 Tullet <em>Un libro<\/em>, un baile de c\u00edrculos de colores que se encadena en divertida complicidad con el lector, despertando la curiosidad, convirtiendo la lectura en un juego y un placer donde tanto el ni\u00f1o como el adulto se sentir\u00e1n cautivados y querr\u00e1n volver al principio una y otra vez\u2026<\/p>\n\n\n\n<p><strong>Silvia Gal\u00e1n Hern\u00e1ndez<\/strong> es profesional de la Educaci\u00f3n Musical Temprana dirigida a la primera infancia (0-5 a\u00f1os) as\u00ed como facilitadora de Canto Prenatal y Voz en el Parto. Con una experiencia docente de m\u00e1s de 10 a\u00f1os, ha dedicado su vida profesional a la educaci\u00f3n musical en diferentes escuelas de m\u00fasica, centros de educaci\u00f3n infantil, centros de educaci\u00f3n secundaria y universidad. Desde 2017 dirige su propio proyecto \u2018V\u00ednculo. M\u00fasica desde beb\u00e9\u2019 &#8211;<a href=\"https:\/\/vinculomusica.es\/\" target=\"_blank\" rel=\"noreferrer noopener\">www.vinculomusica.es<\/a>&#8211; que sit\u00faa el foco en la m\u00fasica, la educaci\u00f3n, la infancia y la familia, llegando a muchas familias con hijos\/as de 0 a 5 a\u00f1os de Salamanca, \u00c1vila y Segovia.<\/p>\n","protected":false},"excerpt":{"rendered":"<p>Conchi Lillo presenta \u00ab\u00a1Abre los ojos!\u00bb | Musicalizando cuentos en familia. \u00abUn libro\u00bb, de Herv\u00e9 Tullet, con Silvia Gal\u00e1n<\/p>\n","protected":false},"author":2,"featured_media":1509,"comment_status":"closed","ping_status":"closed","sticky":false,"template":"","format":"standard","meta":{"footnotes":""},"categories":[12,16,9,14],"tags":[],"class_list":["post-1512","post","type-post","status-publish","format-standard","has-post-thumbnail","hentry","category-cuentacuentos","category-infantil","category-libros","category-libros-salamanca"],"yoast_head":"<!-- This site is optimized with the Yoast SEO plugin v27.2 - https:\/\/yoast.com\/product\/yoast-seo-wordpress\/ -->\n<title>Conchi Lillo y Cuento Musicalizado - Santos Ochoa Salamanca<\/title>\n<meta name=\"description\" content=\"Conchi Lillo presenta &quot;\u00a1Abre los ojos!&quot; | Musicalizando cuentos en familia. &quot;Un libro&quot;, de Herv\u00e9 Tullet, con Silvia Gal\u00e1n\" \/>\n<meta name=\"robots\" content=\"index, follow, max-snippet:-1, max-image-preview:large, max-video-preview:-1\" \/>\n<link rel=\"canonical\" href=\"https:\/\/blogs.santosochoa.es\/salamanca\/conchi-lillo-y-cuento-musicalizado\/\" \/>\n<meta property=\"og:locale\" content=\"es_ES\" \/>\n<meta property=\"og:type\" content=\"article\" \/>\n<meta property=\"og:title\" content=\"Conchi Lillo y Cuento Musicalizado - Santos Ochoa Salamanca\" \/>\n<meta property=\"og:description\" content=\"Conchi Lillo presenta &quot;\u00a1Abre los ojos!&quot; | Musicalizando cuentos en familia. &quot;Un libro&quot;, de Herv\u00e9 Tullet, con Silvia Gal\u00e1n\" \/>\n<meta property=\"og:url\" content=\"https:\/\/blogs.santosochoa.es\/salamanca\/conchi-lillo-y-cuento-musicalizado\/\" \/>\n<meta property=\"og:site_name\" content=\"Santos Ochoa Salamanca\" \/>\n<meta property=\"article:published_time\" content=\"2023-05-10T11:30:00+00:00\" \/>\n<meta property=\"og:image\" content=\"https:\/\/blogs.santosochoa.es\/salamanca\/wp-content\/uploads\/sites\/3\/2023\/05\/abre-los-ojos_conchi-lillo.jpg\" \/>\n\t<meta property=\"og:image:width\" content=\"591\" \/>\n\t<meta property=\"og:image:height\" content=\"841\" \/>\n\t<meta property=\"og:image:type\" content=\"image\/jpeg\" \/>\n<meta name=\"author\" content=\"Santos Ochoa Salamanca\" \/>\n<meta name=\"twitter:card\" content=\"summary_large_image\" \/>\n<meta name=\"twitter:label1\" content=\"Written by\" \/>\n\t<meta name=\"twitter:data1\" content=\"Santos Ochoa Salamanca\" \/>\n\t<meta name=\"twitter:label2\" content=\"Est. reading time\" \/>\n\t<meta name=\"twitter:data2\" content=\"3 minutos\" \/>\n<script type=\"application\/ld+json\" class=\"yoast-schema-graph\">{\"@context\":\"https:\/\/schema.org\",\"@graph\":[{\"@type\":\"Article\",\"@id\":\"https:\/\/blogs.santosochoa.es\/salamanca\/conchi-lillo-y-cuento-musicalizado\/#article\",\"isPartOf\":{\"@id\":\"https:\/\/blogs.santosochoa.es\/salamanca\/conchi-lillo-y-cuento-musicalizado\/\"},\"author\":{\"name\":\"Santos Ochoa Salamanca\",\"@id\":\"https:\/\/blogs.santosochoa.es\/salamanca\/#\/schema\/person\/a125e75c96c8702907b25e61f1c0b772\"},\"headline\":\"Conchi Lillo y Cuento Musicalizado\",\"datePublished\":\"2023-05-10T11:30:00+00:00\",\"mainEntityOfPage\":{\"@id\":\"https:\/\/blogs.santosochoa.es\/salamanca\/conchi-lillo-y-cuento-musicalizado\/\"},\"wordCount\":694,\"image\":{\"@id\":\"https:\/\/blogs.santosochoa.es\/salamanca\/conchi-lillo-y-cuento-musicalizado\/#primaryimage\"},\"thumbnailUrl\":\"https:\/\/blogs.santosochoa.es\/salamanca\/wp-content\/uploads\/sites\/3\/2023\/05\/abre-los-ojos_conchi-lillo.jpg\",\"articleSection\":[\"cuentacuentos\",\"infantil\",\"libros\",\"libros salamanca\"],\"inLanguage\":\"es\"},{\"@type\":\"WebPage\",\"@id\":\"https:\/\/blogs.santosochoa.es\/salamanca\/conchi-lillo-y-cuento-musicalizado\/\",\"url\":\"https:\/\/blogs.santosochoa.es\/salamanca\/conchi-lillo-y-cuento-musicalizado\/\",\"name\":\"Conchi Lillo y Cuento Musicalizado - Santos Ochoa Salamanca\",\"isPartOf\":{\"@id\":\"https:\/\/blogs.santosochoa.es\/salamanca\/#website\"},\"primaryImageOfPage\":{\"@id\":\"https:\/\/blogs.santosochoa.es\/salamanca\/conchi-lillo-y-cuento-musicalizado\/#primaryimage\"},\"image\":{\"@id\":\"https:\/\/blogs.santosochoa.es\/salamanca\/conchi-lillo-y-cuento-musicalizado\/#primaryimage\"},\"thumbnailUrl\":\"https:\/\/blogs.santosochoa.es\/salamanca\/wp-content\/uploads\/sites\/3\/2023\/05\/abre-los-ojos_conchi-lillo.jpg\",\"datePublished\":\"2023-05-10T11:30:00+00:00\",\"author\":{\"@id\":\"https:\/\/blogs.santosochoa.es\/salamanca\/#\/schema\/person\/a125e75c96c8702907b25e61f1c0b772\"},\"description\":\"Conchi Lillo presenta \\\"\u00a1Abre los ojos!\\\" | Musicalizando cuentos en familia. \\\"Un libro\\\", de Herv\u00e9 Tullet, con Silvia Gal\u00e1n\",\"breadcrumb\":{\"@id\":\"https:\/\/blogs.santosochoa.es\/salamanca\/conchi-lillo-y-cuento-musicalizado\/#breadcrumb\"},\"inLanguage\":\"es\",\"potentialAction\":[{\"@type\":\"ReadAction\",\"target\":[\"https:\/\/blogs.santosochoa.es\/salamanca\/conchi-lillo-y-cuento-musicalizado\/\"]}]},{\"@type\":\"ImageObject\",\"inLanguage\":\"es\",\"@id\":\"https:\/\/blogs.santosochoa.es\/salamanca\/conchi-lillo-y-cuento-musicalizado\/#primaryimage\",\"url\":\"https:\/\/blogs.santosochoa.es\/salamanca\/wp-content\/uploads\/sites\/3\/2023\/05\/abre-los-ojos_conchi-lillo.jpg\",\"contentUrl\":\"https:\/\/blogs.santosochoa.es\/salamanca\/wp-content\/uploads\/sites\/3\/2023\/05\/abre-los-ojos_conchi-lillo.jpg\",\"width\":591,\"height\":841},{\"@type\":\"BreadcrumbList\",\"@id\":\"https:\/\/blogs.santosochoa.es\/salamanca\/conchi-lillo-y-cuento-musicalizado\/#breadcrumb\",\"itemListElement\":[{\"@type\":\"ListItem\",\"position\":1,\"name\":\"Home\",\"item\":\"https:\/\/blogs.santosochoa.es\/salamanca\/\"},{\"@type\":\"ListItem\",\"position\":2,\"name\":\"Conchi Lillo y Cuento Musicalizado\"}]},{\"@type\":\"WebSite\",\"@id\":\"https:\/\/blogs.santosochoa.es\/salamanca\/#website\",\"url\":\"https:\/\/blogs.santosochoa.es\/salamanca\/\",\"name\":\"Santos Ochoa Salamanca\",\"description\":\"Tu Librer\u00eda Online\",\"potentialAction\":[{\"@type\":\"SearchAction\",\"target\":{\"@type\":\"EntryPoint\",\"urlTemplate\":\"https:\/\/blogs.santosochoa.es\/salamanca\/?s={search_term_string}\"},\"query-input\":{\"@type\":\"PropertyValueSpecification\",\"valueRequired\":true,\"valueName\":\"search_term_string\"}}],\"inLanguage\":\"es\"},{\"@type\":\"Person\",\"@id\":\"https:\/\/blogs.santosochoa.es\/salamanca\/#\/schema\/person\/a125e75c96c8702907b25e61f1c0b772\",\"name\":\"Santos Ochoa Salamanca\"}]}<\/script>\n<!-- \/ Yoast SEO plugin. -->","yoast_head_json":{"title":"Conchi Lillo y Cuento Musicalizado - Santos Ochoa Salamanca","description":"Conchi Lillo presenta \"\u00a1Abre los ojos!\" | Musicalizando cuentos en familia. \"Un libro\", de Herv\u00e9 Tullet, con Silvia Gal\u00e1n","robots":{"index":"index","follow":"follow","max-snippet":"max-snippet:-1","max-image-preview":"max-image-preview:large","max-video-preview":"max-video-preview:-1"},"canonical":"https:\/\/blogs.santosochoa.es\/salamanca\/conchi-lillo-y-cuento-musicalizado\/","og_locale":"es_ES","og_type":"article","og_title":"Conchi Lillo y Cuento Musicalizado - Santos Ochoa Salamanca","og_description":"Conchi Lillo presenta \"\u00a1Abre los ojos!\" | Musicalizando cuentos en familia. \"Un libro\", de Herv\u00e9 Tullet, con Silvia Gal\u00e1n","og_url":"https:\/\/blogs.santosochoa.es\/salamanca\/conchi-lillo-y-cuento-musicalizado\/","og_site_name":"Santos Ochoa Salamanca","article_published_time":"2023-05-10T11:30:00+00:00","og_image":[{"width":591,"height":841,"url":"https:\/\/blogs.santosochoa.es\/salamanca\/wp-content\/uploads\/sites\/3\/2023\/05\/abre-los-ojos_conchi-lillo.jpg","type":"image\/jpeg"}],"author":"Santos Ochoa Salamanca","twitter_card":"summary_large_image","twitter_misc":{"Written by":"Santos Ochoa Salamanca","Est. reading time":"3 minutos"},"schema":{"@context":"https:\/\/schema.org","@graph":[{"@type":"Article","@id":"https:\/\/blogs.santosochoa.es\/salamanca\/conchi-lillo-y-cuento-musicalizado\/#article","isPartOf":{"@id":"https:\/\/blogs.santosochoa.es\/salamanca\/conchi-lillo-y-cuento-musicalizado\/"},"author":{"name":"Santos Ochoa Salamanca","@id":"https:\/\/blogs.santosochoa.es\/salamanca\/#\/schema\/person\/a125e75c96c8702907b25e61f1c0b772"},"headline":"Conchi Lillo y Cuento Musicalizado","datePublished":"2023-05-10T11:30:00+00:00","mainEntityOfPage":{"@id":"https:\/\/blogs.santosochoa.es\/salamanca\/conchi-lillo-y-cuento-musicalizado\/"},"wordCount":694,"image":{"@id":"https:\/\/blogs.santosochoa.es\/salamanca\/conchi-lillo-y-cuento-musicalizado\/#primaryimage"},"thumbnailUrl":"https:\/\/blogs.santosochoa.es\/salamanca\/wp-content\/uploads\/sites\/3\/2023\/05\/abre-los-ojos_conchi-lillo.jpg","articleSection":["cuentacuentos","infantil","libros","libros salamanca"],"inLanguage":"es"},{"@type":"WebPage","@id":"https:\/\/blogs.santosochoa.es\/salamanca\/conchi-lillo-y-cuento-musicalizado\/","url":"https:\/\/blogs.santosochoa.es\/salamanca\/conchi-lillo-y-cuento-musicalizado\/","name":"Conchi Lillo y Cuento Musicalizado - Santos Ochoa Salamanca","isPartOf":{"@id":"https:\/\/blogs.santosochoa.es\/salamanca\/#website"},"primaryImageOfPage":{"@id":"https:\/\/blogs.santosochoa.es\/salamanca\/conchi-lillo-y-cuento-musicalizado\/#primaryimage"},"image":{"@id":"https:\/\/blogs.santosochoa.es\/salamanca\/conchi-lillo-y-cuento-musicalizado\/#primaryimage"},"thumbnailUrl":"https:\/\/blogs.santosochoa.es\/salamanca\/wp-content\/uploads\/sites\/3\/2023\/05\/abre-los-ojos_conchi-lillo.jpg","datePublished":"2023-05-10T11:30:00+00:00","author":{"@id":"https:\/\/blogs.santosochoa.es\/salamanca\/#\/schema\/person\/a125e75c96c8702907b25e61f1c0b772"},"description":"Conchi Lillo presenta \"\u00a1Abre los ojos!\" | Musicalizando cuentos en familia. \"Un libro\", de Herv\u00e9 Tullet, con Silvia Gal\u00e1n","breadcrumb":{"@id":"https:\/\/blogs.santosochoa.es\/salamanca\/conchi-lillo-y-cuento-musicalizado\/#breadcrumb"},"inLanguage":"es","potentialAction":[{"@type":"ReadAction","target":["https:\/\/blogs.santosochoa.es\/salamanca\/conchi-lillo-y-cuento-musicalizado\/"]}]},{"@type":"ImageObject","inLanguage":"es","@id":"https:\/\/blogs.santosochoa.es\/salamanca\/conchi-lillo-y-cuento-musicalizado\/#primaryimage","url":"https:\/\/blogs.santosochoa.es\/salamanca\/wp-content\/uploads\/sites\/3\/2023\/05\/abre-los-ojos_conchi-lillo.jpg","contentUrl":"https:\/\/blogs.santosochoa.es\/salamanca\/wp-content\/uploads\/sites\/3\/2023\/05\/abre-los-ojos_conchi-lillo.jpg","width":591,"height":841},{"@type":"BreadcrumbList","@id":"https:\/\/blogs.santosochoa.es\/salamanca\/conchi-lillo-y-cuento-musicalizado\/#breadcrumb","itemListElement":[{"@type":"ListItem","position":1,"name":"Home","item":"https:\/\/blogs.santosochoa.es\/salamanca\/"},{"@type":"ListItem","position":2,"name":"Conchi Lillo y Cuento Musicalizado"}]},{"@type":"WebSite","@id":"https:\/\/blogs.santosochoa.es\/salamanca\/#website","url":"https:\/\/blogs.santosochoa.es\/salamanca\/","name":"Santos Ochoa Salamanca","description":"Tu Librer\u00eda Online","potentialAction":[{"@type":"SearchAction","target":{"@type":"EntryPoint","urlTemplate":"https:\/\/blogs.santosochoa.es\/salamanca\/?s={search_term_string}"},"query-input":{"@type":"PropertyValueSpecification","valueRequired":true,"valueName":"search_term_string"}}],"inLanguage":"es"},{"@type":"Person","@id":"https:\/\/blogs.santosochoa.es\/salamanca\/#\/schema\/person\/a125e75c96c8702907b25e61f1c0b772","name":"Santos Ochoa Salamanca"}]}},"_links":{"self":[{"href":"https:\/\/blogs.santosochoa.es\/salamanca\/wp-json\/wp\/v2\/posts\/1512","targetHints":{"allow":["GET"]}}],"collection":[{"href":"https:\/\/blogs.santosochoa.es\/salamanca\/wp-json\/wp\/v2\/posts"}],"about":[{"href":"https:\/\/blogs.santosochoa.es\/salamanca\/wp-json\/wp\/v2\/types\/post"}],"author":[{"embeddable":true,"href":"https:\/\/blogs.santosochoa.es\/salamanca\/wp-json\/wp\/v2\/users\/2"}],"replies":[{"embeddable":true,"href":"https:\/\/blogs.santosochoa.es\/salamanca\/wp-json\/wp\/v2\/comments?post=1512"}],"version-history":[{"count":2,"href":"https:\/\/blogs.santosochoa.es\/salamanca\/wp-json\/wp\/v2\/posts\/1512\/revisions"}],"predecessor-version":[{"id":1514,"href":"https:\/\/blogs.santosochoa.es\/salamanca\/wp-json\/wp\/v2\/posts\/1512\/revisions\/1514"}],"wp:featuredmedia":[{"embeddable":true,"href":"https:\/\/blogs.santosochoa.es\/salamanca\/wp-json\/wp\/v2\/media\/1509"}],"wp:attachment":[{"href":"https:\/\/blogs.santosochoa.es\/salamanca\/wp-json\/wp\/v2\/media?parent=1512"}],"wp:term":[{"taxonomy":"category","embeddable":true,"href":"https:\/\/blogs.santosochoa.es\/salamanca\/wp-json\/wp\/v2\/categories?post=1512"},{"taxonomy":"post_tag","embeddable":true,"href":"https:\/\/blogs.santosochoa.es\/salamanca\/wp-json\/wp\/v2\/tags?post=1512"}],"curies":[{"name":"wp","href":"https:\/\/api.w.org\/{rel}","templated":true}]}}