{"id":150,"date":"2017-10-26T10:20:00","date_gmt":"2017-10-26T10:20:00","guid":{"rendered":"https:\/\/blogs.santosochoa.es\/salamanca\/halloween-canciones-biografia-club-de-lectura-y-novela\/"},"modified":"2017-10-26T10:20:00","modified_gmt":"2017-10-26T10:20:00","slug":"halloween-canciones-biografia-club-de-lectura-y-novela","status":"publish","type":"post","link":"https:\/\/blogs.santosochoa.es\/salamanca\/halloween-canciones-biografia-club-de-lectura-y-novela\/","title":{"rendered":"Halloween, canciones, biograf\u00eda, club de lectura y novela"},"content":{"rendered":"<p><span style=\"font-size: x-large\"><span><span style=\"color: #990000\">Tarde de Hallowen en Santos Ochoa<br \/><i><b>\u00a1Cuentacuentos y talleres de mieeeedoooo!<\/b><\/i><\/span><\/span><br \/>Martes 31 de octubre<\/span><br \/>Librer\u00eda Santos Ochoa. Gran V\u00eda, 12<b>&nbsp;<\/b><\/p>\n<div style=\"clear: both;text-align: center\"><a href=\"https:\/\/1.bp.blogspot.com\/-l2ND1jnK1J0\/WfGyPR5SKYI\/AAAAAAAACx4\/HVbyntNwC8cGZa10ZhlyBQHwyo3KlKGqACLcBGAs\/s1600\/halloween.jpg\" style=\"clear: left;float: left;margin-bottom: 1em;margin-right: 1em\"><img loading=\"lazy\" decoding=\"async\" border=\"0\" height=\"320\" src=\"https:\/\/1.bp.blogspot.com\/-l2ND1jnK1J0\/WfGyPR5SKYI\/AAAAAAAACx4\/HVbyntNwC8cGZa10ZhlyBQHwyo3KlKGqACLcBGAs\/s320\/halloween.jpg\" width=\"213\" \/><\/a><\/div>\n<p><b>De 6 a 8 a\u00f1os &gt; 17:30 \u2013 19 h.<br \/>De 9 a 12 a\u00f1os &gt; 19 \u2013 20:30 h.<\/b><\/p>\n<p><span style=\"color: #990000\"><b>\u00bfSabes de d\u00f3nde viene el nombre de Halloween? Es una contracci\u00f3n del ingl\u00e9s <i>All Hallows\u2019 Eve<\/i>, que significa V\u00edspera de Todos los Santos. Es una fiesta de origen celta que se ha extendido a todo el mundo y que tambi\u00e9n se llama Noche de Brujas o Noche de Difuntos.<\/b><\/span><\/p>\n<p>En resumen, el 31 de octubre por todas partes salen calabazas con ojos, zombis, brujas, duendes\u2026 Se comen dulces, se hacen fiestas de disfraces, se cuentan historias de fantasmas, se juega al truco o trato\u2026 Es una forma muy divertida dar la bienvenida al fr\u00edo y al oto\u00f1o.<\/p>\n<p>En Santos Ochoa lo queremos celebrar y hemos preparado cuentos y talleres para pasarlo en grande \u00bfqui\u00e9n se apunta?<\/p>\n<p><b>Plazas limitadas. Inscripci\u00f3n gratuita<\/b> en la tienda, por tel\u00e9fono (923 09 09 48) o por email (enviando nombre y edad del ni\u00f1o a <a href=\"mailto:salamanca.gv@santosochoa.es\" target=\"_blank\">salamanca.gv@santosochoa.es<\/a>).<\/p>\n<p><span style=\"font-size: x-large\"><span style=\"color: #990000\"><span>Andr\u00e9s Su\u00e1rez presenta <i><b>M\u00e1s all\u00e1 de mis canciones<\/b><\/i><\/span><\/span><br \/>Jueves 2 de noviembre, a las 19:00 h.<\/span><br \/>Librer\u00eda Santos Ochoa. Gran V\u00eda, 12. <span style=\"color: #990000\"><b>&nbsp;<\/b><\/span><\/p>\n<div style=\"clear: both;text-align: center\"><a href=\"https:\/\/2.bp.blogspot.com\/-a42t__skpDs\/WfGzHIcK9II\/AAAAAAAACyE\/twbw_KQyRFQIVbH5XuHX3xokkq_l44LMwCLcBGAs\/s1600\/mas-alla-de-mis-canciones_andres-suarez.jpg\" style=\"clear: right;float: right;margin-bottom: 1em;margin-left: 1em\"><img loading=\"lazy\" decoding=\"async\" border=\"0\" height=\"320\" src=\"https:\/\/2.bp.blogspot.com\/-a42t__skpDs\/WfGzHIcK9II\/AAAAAAAACyE\/twbw_KQyRFQIVbH5XuHX3xokkq_l44LMwCLcBGAs\/s320\/mas-alla-de-mis-canciones_andres-suarez.jpg\" width=\"286\" \/><\/a><\/div>\n<p><span style=\"color: #990000\"><b>M\u00e1s all\u00e1 de las canciones hay una historia, un momento, una sensaci\u00f3n&#8230; Aquella tarde que se escap\u00f3, el tren que no llegaba nunca o la noche infinita en la que nos sentimos eternos.<br \/>En este libro Andr\u00e9s Su\u00e1rez relata, con una prosa po\u00e9tica, una sensibilidad y una crudeza que tocan directamente las entra\u00f1as, la intrahistoria de algunos de sus temas m\u00e1s hermosos, personales e ic\u00f3nicos. Quince letras de canciones y los relatos de las semillas que las inspiraron. Y tres canciones in\u00e9ditas que, adem\u00e1s, incluir\u00e1n un c\u00f3digo QR exclusivo con la canci\u00f3n expresamente grabada para ti, lector o lectora.<\/b><\/span><\/p>\n<p>Cada canci\u00f3n y cada relato viene acompa\u00f1ado de las maravillosas ilustraciones de la artista Marta Bellveh\u00ed.<br \/><b><br \/>Andr\u00e9s Su\u00e1rez<\/b> es un artista revelaci\u00f3n con un crecimiento imparable en los \u00faltimos a\u00f1os. Ha pasado de cantar en garitos emblem\u00e1ticos a llenar recintos de 15.000 personas, convirti\u00e9ndose en uno de los cantautores m\u00e1s importantes y seguidos de nuestro pa\u00eds. Sus canciones son poes\u00eda pura. En <i>M\u00e1s all\u00e1 de mis canciones<\/i> recrea, a trav\u00e9s de relatos en prosa po\u00e9tica, la intrahistoria de sus canciones m\u00e1s conocidas.<br \/><i><br \/>Soy un ferrolano de Pant\u00edn que trata de mimar la memoria y la palabra. Muy de los suyos en este estado de permanente morri\u00f1a. Amo la m\u00fasica por encima de todo. Todav\u00eda me excita. He grabado siete discos, creo, estoy sumamente vivo. Escribo por vez primera lo que nunca antes me atrev\u00ed a cantar. Tal vez este sea un homenaje a aquellos que nunca me han pedido ser canci\u00f3n.<\/i><\/p>\n<p><span style=\"font-size: x-large\"><span style=\"color: #990000\"><span>Miren Zaitegui presenta la biograf\u00eda de <i><b>Gloria Fuertes &#8230;Y que ya todo lo am\u00e9<\/b><\/i><\/span><\/span><br \/>Viernes 3 de noviembre, a las 19:30 h.<\/span><br \/>Librer\u00eda Santos Ochoa. Gran V\u00eda, 12. <span style=\"color: #990000\"><b>&nbsp;<\/b><\/span><\/p>\n<div style=\"clear: both;text-align: center\"><a href=\"https:\/\/1.bp.blogspot.com\/-PnztW4wWqB4\/WfGzfaKqjgI\/AAAAAAAACyI\/2uU00Ype9Ik79ilbuCzMvWNjD4Z0nt6lwCLcBGAs\/s1600\/gloria-fuertes_miren-zaitegui.jpg\" style=\"clear: left;float: left;margin-bottom: 1em;margin-right: 1em\"><img loading=\"lazy\" decoding=\"async\" border=\"0\" height=\"320\" src=\"https:\/\/1.bp.blogspot.com\/-PnztW4wWqB4\/WfGzfaKqjgI\/AAAAAAAACyI\/2uU00Ype9Ik79ilbuCzMvWNjD4Z0nt6lwCLcBGAs\/s320\/gloria-fuertes_miren-zaitegui.jpg\" width=\"201\" \/><\/a><\/div>\n<p><span style=\"color: #990000\"><b>Este libro est\u00e1 dedicado a la escritora y poeta madrile\u00f1a Gloria Fuertes, que naci\u00f3 hace justo ahora 100 a\u00f1os. Se trata de una figura poco reconocida, sobre todo en Espa\u00f1a, de la que nos hemos quedado principalmente con su faceta de poeta para la infancia. Pero fue una escritora con una enorme val\u00eda tanto por la calidad y frescura de su obra po\u00e9tica como por su modo de entender y defender la vida, la paz, el compromiso, la independencia personal.<\/b><\/span><\/p>\n<p>Esta biograf\u00eda es una invitaci\u00f3n a recorrer la vida de esta mujer que opt\u00f3 por vivir creando poes\u00eda llena de sentimiento y sensibilidad. Una aventura al disfrute de sus poemas que contagian pasi\u00f3n, amor y vitalidad.<\/p>\n<p><b>Miren Zaitegui Urmeneta <\/b>naci\u00f3 en Pamplona y actualmente reside en El Escorial. Es periodista y librera de viejo, profesiones y pasiones que ejerce simult\u00e1neamente. Trabaja en medios escritos y en la radio, al tiempo que regenta una librer\u00eda de libro antiguo y de ocasi\u00f3n. Lectora impenitente, tendente a la anarqu\u00eda, colabora en Cadena Ser y en San Pablo Radio recomendando cada semana un libro a sus oyentes.<\/p>\n<p><span><span style=\"color: #990000\"><span style=\"font-size: x-large\">Club de Lectura Infantil<\/span><\/span><\/span><br \/><span><span style=\"color: #990000\"><span style=\"font-size: x-large\">En noviembre <i><b>C\u00f3mo arreglar un libro mojado<\/b><\/i><\/span><\/span><\/span><\/p>\n<p>Este s\u00e1bado 4 de noviembre, a las 12 h. nos reunimos para comentar el libro que hemos le\u00eddo en octubre: <i>3333<\/i>, de Ricardo G\u00f3mez. Y el s\u00e1bado 25 el siguiente libro. \u00bfTe apuntas al club?<span style=\"font-size: large\">&nbsp;<\/span><\/p>\n<div style=\"clear: both;text-align: center\"><a href=\"https:\/\/3.bp.blogspot.com\/-nX8KgHJ_6IQ\/WfG0M0ICmEI\/AAAAAAAACyQ\/3N4gMkGxG6kUZ2B_nzN0BPXcHVcmwTxKgCLcBGAs\/s1600\/como-arreglar-un-libro-mojado_roberto-sanchez.jpg\" style=\"clear: right;float: right;margin-bottom: 1em;margin-left: 1em\"><img loading=\"lazy\" decoding=\"async\" border=\"0\" height=\"320\" src=\"https:\/\/3.bp.blogspot.com\/-nX8KgHJ_6IQ\/WfG0M0ICmEI\/AAAAAAAACyQ\/3N4gMkGxG6kUZ2B_nzN0BPXcHVcmwTxKgCLcBGAs\/s320\/como-arreglar-un-libro-mojado_roberto-sanchez.jpg\" width=\"202\" \/><\/a><\/div>\n<p><span style=\"font-size: large\">S\u00e1bado 25 de noviembre, a las 12:00 h.<\/span><br \/>Librer\u00eda Santos Ochoa. Gran V\u00eda, 12. <br \/><b>Edad: de 8 a 11 a\u00f1os<br \/>Inscripci\u00f3n gratuita en la librer\u00eda<\/b><\/p>\n<p><span style=\"color: #990000\"><b>Este mes <i>C\u00f3mo arreglar un libro mojado<\/i>, de Roberto Aliaga, Premio SM El Barco de Vapor 2017.<\/b><\/span><\/p>\n<p>Ha sido un accidente, lo prometo: yo no quer\u00eda mojar el libro. El libro que no es un libro. Y tampoco quer\u00eda leerlo, en serio. Eso tambi\u00e9n ha sido un accidente. El caso es que quien lo ha escrito tiene un problema bien gordo&#8230; \u00bfY ahora qu\u00e9 hacemos?<\/p>\n<p><b>\u00bfC\u00f3mo funciona el club?<\/b><br \/>Cada mes proponemos un libro distinto escogido entre los m\u00e1s recomendados de la secci\u00f3n infantil. Los ni\u00f1os que quieran participar pueden inscribirse al comprar el libro y unas semanas despu\u00e9s nos reunimos para comentarlo. El Club de Lectura es una actividad gratuita y tambi\u00e9n pueden asistir los padres que lo deseen.<\/p>\n<p><span style=\"font-size: x-large\"><span style=\"color: #990000\"><span>Luz Gab\u00e1s presenta y firma su \u00faltima y emocionante novela, <i><b>Como fuego en el hielo<\/b><\/i><\/span><\/span><br \/>S\u00e1bado 4 de noviembre, a las 19:30 h.<\/span><br \/>Librer\u00eda Santos Ochoa. Gran V\u00eda, 12. <span style=\"color: #990000\"><b>&nbsp;<\/b><\/span><\/p>\n<div style=\"clear: both;text-align: center\"><a href=\"https:\/\/3.bp.blogspot.com\/-J6-6WO1LTac\/WfG1UbQi2XI\/AAAAAAAACyc\/FUIVSMBSziYyH5pppleQ6Mmj-FzhAwxfwCLcBGAs\/s1600\/como-fuego-en-el-hielo_luz-gabas.jpg\" style=\"clear: left;float: left;margin-bottom: 1em;margin-right: 1em\"><img loading=\"lazy\" decoding=\"async\" border=\"0\" height=\"320\" src=\"https:\/\/3.bp.blogspot.com\/-J6-6WO1LTac\/WfG1UbQi2XI\/AAAAAAAACyc\/FUIVSMBSziYyH5pppleQ6Mmj-FzhAwxfwCLcBGAs\/s320\/como-fuego-en-el-hielo_luz-gabas.jpg\" width=\"210\" \/><\/a><\/div>\n<p><span style=\"color: #990000\"><b>El fat\u00eddico d\u00eda en el que Attua tuvo que ocupar el lugar de su padre supo que su prometedor futuro se hab\u00eda truncado. Ahora deb\u00eda regentar las termas que hab\u00edan sido el sustento de su familia, en una tierra fronteriza a la que \u00e9l nunca hubiera elegido regresar.<\/b><\/span><\/p>\n<p>Junto al suyo, tambi\u00e9n se frustr\u00f3 el deseo de Cristela, quien anhelaba una vida a su lado y, adem\u00e1s, alejarse de su insoportable rutina en un entorno hostil. Un nuevo rev\u00e9s del destino pondr\u00e1 a prueba el irrefrenable amor entre ellos; y as\u00ed, entre malentendidos y obligaciones, decisiones y obsesiones, traiciones y lealtades, Luz Gab\u00e1s teje una bella historia de amor, honor y superaci\u00f3n.<\/p>\n<p>Los convulsos a\u00f1os de mediados del siglo XIX, entre guerras carlistas y revoluciones; la construcci\u00f3n de un sue\u00f1o en las indomables monta\u00f1as que separan Francia y Espa\u00f1a; y una historia de amor que traspasa todas las barreras. Una novela escrita con el apasionante pulso narrativo de la autora de Palmeras en la nieve.<\/p>\n<p><b>Luz Gab\u00e1s<\/b> naci\u00f3 en 1968 en Monz\u00f3n (Huesca). Despu\u00e9s de vivir un a\u00f1o en San Luis Obispo (California), estudi\u00f3 en Zaragoza, donde se licenci\u00f3 en Filolog\u00eda Inglesa y obtuvo m\u00e1s tarde la plaza de profesora titular de escuela universitaria. En 2007, decidi\u00f3 trasladarse al Valle de Benasque y escribir su primera novela.<\/p>\n<p><i>Palmeras en la nieve <\/i>(2012) se convirti\u00f3 r\u00e1pidamente en el debut espa\u00f1ol de m\u00e1s \u00e9xito de ese a\u00f1o, copando las listas de los m\u00e1s vendidos durante m\u00e1s de 50 semanas, y fue traducida a distintos idiomas. La adaptaci\u00f3n al cine de la novela supuso un rotundo \u00e9xito en taquilla y la pel\u00edcula consigui\u00f3 dos premios Goya.<\/p>\n<p>Con <i>Regreso a tu piel<\/i> (2014), Luz Gab\u00e1s se consolid\u00f3 como una de las grandes autoras de nuestros d\u00edas, por lo que ha recibido el reconocimiento de lectores y asociaciones de libreros de toda la geograf\u00eda espa\u00f1ola. En 2017, ambas novelas, cuya traducci\u00f3n ha supervisado personalmente, ser\u00e1n publicadas en Estados Unidos.<\/p>\n<p>Luz dedica el tiempo libre que su actividad literaria le permite a su familia, sus amigos y sus animales.<\/p>\n","protected":false},"excerpt":{"rendered":"<p>Tarde de Hallowen en Santos Ochoa\u00a1Cuentacuentos y talleres de mieeeedoooo!Martes 31 de octubreLibrer\u00eda Santos Ochoa. Gran V\u00eda, 12&nbsp; De 6 a 8 a\u00f1os &gt; 17:30 \u2013 19 h.De 9 a 12 a\u00f1os &gt; 19 \u2013 20:30 h. \u00bfSabes de d\u00f3nde viene el nombre de Halloween? Es una contracci\u00f3n del ingl\u00e9s All Hallows\u2019 Eve, que significa [&hellip;]<\/p>\n","protected":false},"author":2,"featured_media":0,"comment_status":"open","ping_status":"open","sticky":false,"template":"","format":"standard","meta":{"footnotes":""},"categories":[13,12,9],"tags":[],"class_list":["post-150","post","type-post","status-publish","format-standard","hentry","category-club-de-lectura","category-cuentacuentos","category-libros"],"yoast_head":"<!-- This site is optimized with the Yoast SEO plugin v27.2 - https:\/\/yoast.com\/product\/yoast-seo-wordpress\/ -->\n<title>Halloween, canciones, biograf\u00eda, club de lectura y novela - Santos Ochoa Salamanca<\/title>\n<meta name=\"robots\" content=\"index, follow, max-snippet:-1, max-image-preview:large, max-video-preview:-1\" \/>\n<link rel=\"canonical\" href=\"https:\/\/blogs.santosochoa.es\/salamanca\/halloween-canciones-biografia-club-de-lectura-y-novela\/\" \/>\n<meta property=\"og:locale\" content=\"es_ES\" \/>\n<meta property=\"og:type\" content=\"article\" \/>\n<meta property=\"og:title\" content=\"Halloween, canciones, biograf\u00eda, club de lectura y novela - Santos Ochoa Salamanca\" \/>\n<meta property=\"og:description\" content=\"Tarde de Hallowen en Santos Ochoa\u00a1Cuentacuentos y talleres de mieeeedoooo!Martes 31 de octubreLibrer\u00eda Santos Ochoa. Gran V\u00eda, 12&nbsp; De 6 a 8 a\u00f1os &gt; 17:30 \u2013 19 h.De 9 a 12 a\u00f1os &gt; 19 \u2013 20:30 h. \u00bfSabes de d\u00f3nde viene el nombre de Halloween? Es una contracci\u00f3n del ingl\u00e9s All Hallows\u2019 Eve, que significa [&hellip;]\" \/>\n<meta property=\"og:url\" content=\"https:\/\/blogs.santosochoa.es\/salamanca\/halloween-canciones-biografia-club-de-lectura-y-novela\/\" \/>\n<meta property=\"og:site_name\" content=\"Santos Ochoa Salamanca\" \/>\n<meta property=\"article:published_time\" content=\"2017-10-26T10:20:00+00:00\" \/>\n<meta property=\"og:image\" content=\"https:\/\/1.bp.blogspot.com\/-l2ND1jnK1J0\/WfGyPR5SKYI\/AAAAAAAACx4\/HVbyntNwC8cGZa10ZhlyBQHwyo3KlKGqACLcBGAs\/s320\/halloween.jpg\" \/>\n<meta name=\"author\" content=\"Santos Ochoa Salamanca\" \/>\n<meta name=\"twitter:card\" content=\"summary_large_image\" \/>\n<meta name=\"twitter:label1\" content=\"Written by\" \/>\n\t<meta name=\"twitter:data1\" content=\"Santos Ochoa Salamanca\" \/>\n\t<meta name=\"twitter:label2\" content=\"Est. reading time\" \/>\n\t<meta name=\"twitter:data2\" content=\"7 minutos\" \/>\n<script type=\"application\/ld+json\" class=\"yoast-schema-graph\">{\"@context\":\"https:\/\/schema.org\",\"@graph\":[{\"@type\":\"Article\",\"@id\":\"https:\/\/blogs.santosochoa.es\/salamanca\/halloween-canciones-biografia-club-de-lectura-y-novela\/#article\",\"isPartOf\":{\"@id\":\"https:\/\/blogs.santosochoa.es\/salamanca\/halloween-canciones-biografia-club-de-lectura-y-novela\/\"},\"author\":{\"name\":\"Santos Ochoa Salamanca\",\"@id\":\"https:\/\/blogs.santosochoa.es\/salamanca\/#\/schema\/person\/a125e75c96c8702907b25e61f1c0b772\"},\"headline\":\"Halloween, canciones, biograf\u00eda, club de lectura y novela\",\"datePublished\":\"2017-10-26T10:20:00+00:00\",\"mainEntityOfPage\":{\"@id\":\"https:\/\/blogs.santosochoa.es\/salamanca\/halloween-canciones-biografia-club-de-lectura-y-novela\/\"},\"wordCount\":1328,\"commentCount\":0,\"image\":{\"@id\":\"https:\/\/blogs.santosochoa.es\/salamanca\/halloween-canciones-biografia-club-de-lectura-y-novela\/#primaryimage\"},\"thumbnailUrl\":\"https:\/\/1.bp.blogspot.com\/-l2ND1jnK1J0\/WfGyPR5SKYI\/AAAAAAAACx4\/HVbyntNwC8cGZa10ZhlyBQHwyo3KlKGqACLcBGAs\/s320\/halloween.jpg\",\"articleSection\":[\"club de lectura\",\"cuentacuentos\",\"libros\"],\"inLanguage\":\"es\",\"potentialAction\":[{\"@type\":\"CommentAction\",\"name\":\"Comment\",\"target\":[\"https:\/\/blogs.santosochoa.es\/salamanca\/halloween-canciones-biografia-club-de-lectura-y-novela\/#respond\"]}]},{\"@type\":\"WebPage\",\"@id\":\"https:\/\/blogs.santosochoa.es\/salamanca\/halloween-canciones-biografia-club-de-lectura-y-novela\/\",\"url\":\"https:\/\/blogs.santosochoa.es\/salamanca\/halloween-canciones-biografia-club-de-lectura-y-novela\/\",\"name\":\"Halloween, canciones, biograf\u00eda, club de lectura y novela - Santos Ochoa Salamanca\",\"isPartOf\":{\"@id\":\"https:\/\/blogs.santosochoa.es\/salamanca\/#website\"},\"primaryImageOfPage\":{\"@id\":\"https:\/\/blogs.santosochoa.es\/salamanca\/halloween-canciones-biografia-club-de-lectura-y-novela\/#primaryimage\"},\"image\":{\"@id\":\"https:\/\/blogs.santosochoa.es\/salamanca\/halloween-canciones-biografia-club-de-lectura-y-novela\/#primaryimage\"},\"thumbnailUrl\":\"https:\/\/1.bp.blogspot.com\/-l2ND1jnK1J0\/WfGyPR5SKYI\/AAAAAAAACx4\/HVbyntNwC8cGZa10ZhlyBQHwyo3KlKGqACLcBGAs\/s320\/halloween.jpg\",\"datePublished\":\"2017-10-26T10:20:00+00:00\",\"author\":{\"@id\":\"https:\/\/blogs.santosochoa.es\/salamanca\/#\/schema\/person\/a125e75c96c8702907b25e61f1c0b772\"},\"breadcrumb\":{\"@id\":\"https:\/\/blogs.santosochoa.es\/salamanca\/halloween-canciones-biografia-club-de-lectura-y-novela\/#breadcrumb\"},\"inLanguage\":\"es\",\"potentialAction\":[{\"@type\":\"ReadAction\",\"target\":[\"https:\/\/blogs.santosochoa.es\/salamanca\/halloween-canciones-biografia-club-de-lectura-y-novela\/\"]}]},{\"@type\":\"ImageObject\",\"inLanguage\":\"es\",\"@id\":\"https:\/\/blogs.santosochoa.es\/salamanca\/halloween-canciones-biografia-club-de-lectura-y-novela\/#primaryimage\",\"url\":\"https:\/\/1.bp.blogspot.com\/-l2ND1jnK1J0\/WfGyPR5SKYI\/AAAAAAAACx4\/HVbyntNwC8cGZa10ZhlyBQHwyo3KlKGqACLcBGAs\/s320\/halloween.jpg\",\"contentUrl\":\"https:\/\/1.bp.blogspot.com\/-l2ND1jnK1J0\/WfGyPR5SKYI\/AAAAAAAACx4\/HVbyntNwC8cGZa10ZhlyBQHwyo3KlKGqACLcBGAs\/s320\/halloween.jpg\"},{\"@type\":\"BreadcrumbList\",\"@id\":\"https:\/\/blogs.santosochoa.es\/salamanca\/halloween-canciones-biografia-club-de-lectura-y-novela\/#breadcrumb\",\"itemListElement\":[{\"@type\":\"ListItem\",\"position\":1,\"name\":\"Home\",\"item\":\"https:\/\/blogs.santosochoa.es\/salamanca\/\"},{\"@type\":\"ListItem\",\"position\":2,\"name\":\"Halloween, canciones, biograf\u00eda, club de lectura y novela\"}]},{\"@type\":\"WebSite\",\"@id\":\"https:\/\/blogs.santosochoa.es\/salamanca\/#website\",\"url\":\"https:\/\/blogs.santosochoa.es\/salamanca\/\",\"name\":\"Santos Ochoa Salamanca\",\"description\":\"Tu Librer\u00eda Online\",\"potentialAction\":[{\"@type\":\"SearchAction\",\"target\":{\"@type\":\"EntryPoint\",\"urlTemplate\":\"https:\/\/blogs.santosochoa.es\/salamanca\/?s={search_term_string}\"},\"query-input\":{\"@type\":\"PropertyValueSpecification\",\"valueRequired\":true,\"valueName\":\"search_term_string\"}}],\"inLanguage\":\"es\"},{\"@type\":\"Person\",\"@id\":\"https:\/\/blogs.santosochoa.es\/salamanca\/#\/schema\/person\/a125e75c96c8702907b25e61f1c0b772\",\"name\":\"Santos Ochoa Salamanca\"}]}<\/script>\n<!-- \/ Yoast SEO plugin. -->","yoast_head_json":{"title":"Halloween, canciones, biograf\u00eda, club de lectura y novela - Santos Ochoa Salamanca","robots":{"index":"index","follow":"follow","max-snippet":"max-snippet:-1","max-image-preview":"max-image-preview:large","max-video-preview":"max-video-preview:-1"},"canonical":"https:\/\/blogs.santosochoa.es\/salamanca\/halloween-canciones-biografia-club-de-lectura-y-novela\/","og_locale":"es_ES","og_type":"article","og_title":"Halloween, canciones, biograf\u00eda, club de lectura y novela - Santos Ochoa Salamanca","og_description":"Tarde de Hallowen en Santos Ochoa\u00a1Cuentacuentos y talleres de mieeeedoooo!Martes 31 de octubreLibrer\u00eda Santos Ochoa. Gran V\u00eda, 12&nbsp; De 6 a 8 a\u00f1os &gt; 17:30 \u2013 19 h.De 9 a 12 a\u00f1os &gt; 19 \u2013 20:30 h. \u00bfSabes de d\u00f3nde viene el nombre de Halloween? Es una contracci\u00f3n del ingl\u00e9s All Hallows\u2019 Eve, que significa [&hellip;]","og_url":"https:\/\/blogs.santosochoa.es\/salamanca\/halloween-canciones-biografia-club-de-lectura-y-novela\/","og_site_name":"Santos Ochoa Salamanca","article_published_time":"2017-10-26T10:20:00+00:00","og_image":[{"url":"https:\/\/1.bp.blogspot.com\/-l2ND1jnK1J0\/WfGyPR5SKYI\/AAAAAAAACx4\/HVbyntNwC8cGZa10ZhlyBQHwyo3KlKGqACLcBGAs\/s320\/halloween.jpg","type":"","width":"","height":""}],"author":"Santos Ochoa Salamanca","twitter_card":"summary_large_image","twitter_misc":{"Written by":"Santos Ochoa Salamanca","Est. reading time":"7 minutos"},"schema":{"@context":"https:\/\/schema.org","@graph":[{"@type":"Article","@id":"https:\/\/blogs.santosochoa.es\/salamanca\/halloween-canciones-biografia-club-de-lectura-y-novela\/#article","isPartOf":{"@id":"https:\/\/blogs.santosochoa.es\/salamanca\/halloween-canciones-biografia-club-de-lectura-y-novela\/"},"author":{"name":"Santos Ochoa Salamanca","@id":"https:\/\/blogs.santosochoa.es\/salamanca\/#\/schema\/person\/a125e75c96c8702907b25e61f1c0b772"},"headline":"Halloween, canciones, biograf\u00eda, club de lectura y novela","datePublished":"2017-10-26T10:20:00+00:00","mainEntityOfPage":{"@id":"https:\/\/blogs.santosochoa.es\/salamanca\/halloween-canciones-biografia-club-de-lectura-y-novela\/"},"wordCount":1328,"commentCount":0,"image":{"@id":"https:\/\/blogs.santosochoa.es\/salamanca\/halloween-canciones-biografia-club-de-lectura-y-novela\/#primaryimage"},"thumbnailUrl":"https:\/\/1.bp.blogspot.com\/-l2ND1jnK1J0\/WfGyPR5SKYI\/AAAAAAAACx4\/HVbyntNwC8cGZa10ZhlyBQHwyo3KlKGqACLcBGAs\/s320\/halloween.jpg","articleSection":["club de lectura","cuentacuentos","libros"],"inLanguage":"es","potentialAction":[{"@type":"CommentAction","name":"Comment","target":["https:\/\/blogs.santosochoa.es\/salamanca\/halloween-canciones-biografia-club-de-lectura-y-novela\/#respond"]}]},{"@type":"WebPage","@id":"https:\/\/blogs.santosochoa.es\/salamanca\/halloween-canciones-biografia-club-de-lectura-y-novela\/","url":"https:\/\/blogs.santosochoa.es\/salamanca\/halloween-canciones-biografia-club-de-lectura-y-novela\/","name":"Halloween, canciones, biograf\u00eda, club de lectura y novela - Santos Ochoa Salamanca","isPartOf":{"@id":"https:\/\/blogs.santosochoa.es\/salamanca\/#website"},"primaryImageOfPage":{"@id":"https:\/\/blogs.santosochoa.es\/salamanca\/halloween-canciones-biografia-club-de-lectura-y-novela\/#primaryimage"},"image":{"@id":"https:\/\/blogs.santosochoa.es\/salamanca\/halloween-canciones-biografia-club-de-lectura-y-novela\/#primaryimage"},"thumbnailUrl":"https:\/\/1.bp.blogspot.com\/-l2ND1jnK1J0\/WfGyPR5SKYI\/AAAAAAAACx4\/HVbyntNwC8cGZa10ZhlyBQHwyo3KlKGqACLcBGAs\/s320\/halloween.jpg","datePublished":"2017-10-26T10:20:00+00:00","author":{"@id":"https:\/\/blogs.santosochoa.es\/salamanca\/#\/schema\/person\/a125e75c96c8702907b25e61f1c0b772"},"breadcrumb":{"@id":"https:\/\/blogs.santosochoa.es\/salamanca\/halloween-canciones-biografia-club-de-lectura-y-novela\/#breadcrumb"},"inLanguage":"es","potentialAction":[{"@type":"ReadAction","target":["https:\/\/blogs.santosochoa.es\/salamanca\/halloween-canciones-biografia-club-de-lectura-y-novela\/"]}]},{"@type":"ImageObject","inLanguage":"es","@id":"https:\/\/blogs.santosochoa.es\/salamanca\/halloween-canciones-biografia-club-de-lectura-y-novela\/#primaryimage","url":"https:\/\/1.bp.blogspot.com\/-l2ND1jnK1J0\/WfGyPR5SKYI\/AAAAAAAACx4\/HVbyntNwC8cGZa10ZhlyBQHwyo3KlKGqACLcBGAs\/s320\/halloween.jpg","contentUrl":"https:\/\/1.bp.blogspot.com\/-l2ND1jnK1J0\/WfGyPR5SKYI\/AAAAAAAACx4\/HVbyntNwC8cGZa10ZhlyBQHwyo3KlKGqACLcBGAs\/s320\/halloween.jpg"},{"@type":"BreadcrumbList","@id":"https:\/\/blogs.santosochoa.es\/salamanca\/halloween-canciones-biografia-club-de-lectura-y-novela\/#breadcrumb","itemListElement":[{"@type":"ListItem","position":1,"name":"Home","item":"https:\/\/blogs.santosochoa.es\/salamanca\/"},{"@type":"ListItem","position":2,"name":"Halloween, canciones, biograf\u00eda, club de lectura y novela"}]},{"@type":"WebSite","@id":"https:\/\/blogs.santosochoa.es\/salamanca\/#website","url":"https:\/\/blogs.santosochoa.es\/salamanca\/","name":"Santos Ochoa Salamanca","description":"Tu Librer\u00eda Online","potentialAction":[{"@type":"SearchAction","target":{"@type":"EntryPoint","urlTemplate":"https:\/\/blogs.santosochoa.es\/salamanca\/?s={search_term_string}"},"query-input":{"@type":"PropertyValueSpecification","valueRequired":true,"valueName":"search_term_string"}}],"inLanguage":"es"},{"@type":"Person","@id":"https:\/\/blogs.santosochoa.es\/salamanca\/#\/schema\/person\/a125e75c96c8702907b25e61f1c0b772","name":"Santos Ochoa Salamanca"}]}},"_links":{"self":[{"href":"https:\/\/blogs.santosochoa.es\/salamanca\/wp-json\/wp\/v2\/posts\/150","targetHints":{"allow":["GET"]}}],"collection":[{"href":"https:\/\/blogs.santosochoa.es\/salamanca\/wp-json\/wp\/v2\/posts"}],"about":[{"href":"https:\/\/blogs.santosochoa.es\/salamanca\/wp-json\/wp\/v2\/types\/post"}],"author":[{"embeddable":true,"href":"https:\/\/blogs.santosochoa.es\/salamanca\/wp-json\/wp\/v2\/users\/2"}],"replies":[{"embeddable":true,"href":"https:\/\/blogs.santosochoa.es\/salamanca\/wp-json\/wp\/v2\/comments?post=150"}],"version-history":[{"count":0,"href":"https:\/\/blogs.santosochoa.es\/salamanca\/wp-json\/wp\/v2\/posts\/150\/revisions"}],"wp:attachment":[{"href":"https:\/\/blogs.santosochoa.es\/salamanca\/wp-json\/wp\/v2\/media?parent=150"}],"wp:term":[{"taxonomy":"category","embeddable":true,"href":"https:\/\/blogs.santosochoa.es\/salamanca\/wp-json\/wp\/v2\/categories?post=150"},{"taxonomy":"post_tag","embeddable":true,"href":"https:\/\/blogs.santosochoa.es\/salamanca\/wp-json\/wp\/v2\/tags?post=150"}],"curies":[{"name":"wp","href":"https:\/\/api.w.org\/{rel}","templated":true}]}}