{"id":1492,"date":"2023-04-20T15:45:00","date_gmt":"2023-04-20T13:45:00","guid":{"rendered":"https:\/\/blogs.santosochoa.es\/salamanca\/?p=1492"},"modified":"2023-04-18T15:46:23","modified_gmt":"2023-04-18T13:46:23","slug":"martin-prieto-e-italo-calvino","status":"publish","type":"post","link":"https:\/\/blogs.santosochoa.es\/salamanca\/martin-prieto-e-italo-calvino\/","title":{"rendered":"Mart\u00edn Prieto e Italo Calvino"},"content":{"rendered":"\n<h2 class=\"wp-block-heading\"><strong><em>Del peso del ensayo a la levedad del relato<\/em>. Charla del escritor y profesor Francisco Javier Mart\u00edn Prieto<\/strong><\/h2>\n\n\n\n<h3 class=\"wp-block-heading\"><strong>Jueves 27 de abril<\/strong><strong>, a las 19:30 h.<\/strong><\/h3>\n\n\n\n<h4 class=\"wp-block-heading\">Librer\u00eda Santos Ochoa. Gran V\u00eda, 12, Salamanca<\/h4>\n\n\n\n<div class=\"wp-block-image\"><figure class=\"alignright size-large is-resized\"><a href=\"https:\/\/www.santosochoa.es\/libros\/calvino-italo_seis-propuestas-para-el-proximo-milenio_9788419553058\" target=\"_blank\" rel=\"noopener noreferrer\"><img decoding=\"async\" src=\"https:\/\/blogs.santosochoa.es\/salamanca\/wp-content\/uploads\/sites\/3\/2023\/04\/seis-propuestas-para-el-proximo-milenio.jpg\" alt=\"\" class=\"wp-image-1487\" width=\"300\" srcset=\"https:\/\/blogs.santosochoa.es\/salamanca\/wp-content\/uploads\/sites\/3\/2023\/04\/seis-propuestas-para-el-proximo-milenio.jpg 591w, https:\/\/blogs.santosochoa.es\/salamanca\/wp-content\/uploads\/sites\/3\/2023\/04\/seis-propuestas-para-el-proximo-milenio-204x300.jpg 204w\" sizes=\"(max-width: 591px) 100vw, 591px\" \/><\/a><\/figure><\/div>\n\n\n\n<h5 class=\"wp-block-heading\"><strong>En 1985, Italo Calvino fue invitado a dar una serie de conferencias en la Universidad de Harvard, el tema era libre y el autor decidi\u00f3 analizar una serie de cualidades literarias que consideraba necesario salvaguardar para el nuevo milenio que se acercaba: levedad, rapidez, exactitud, visibilidad, multiplicidad, consistencia.<\/strong><\/h5>\n\n\n\n<p>Estas conferencias hubieran tenido lugar en el a\u00f1o acad\u00e9mico 1985-1986 pero, lamentablemente, el escritor muri\u00f3 antes de poder impartirlas y sin acabar del todo su obra: el \u00faltimo cap\u00edtulo, sobre la consistencia quedar\u00e1 solo en forma de apuntes.<\/p>\n\n\n\n<p>\u00bfPor qu\u00e9 eligi\u00f3 este tema Calvino? Porque, como \u00e9l mismo explica, el segundo milenio fue el tiempo del libro, de su formaci\u00f3n, definici\u00f3n y desarrollo. El escritor sabe que en el futuro el libro conocer\u00e1 la crisis y tendr\u00e1 que sobrevivir a una era de revoluciones tecnol\u00f3gicas, as\u00ed como a la difusi\u00f3n de nuevos medios. Es entonces necesario reflexionar sobre su redefinici\u00f3n de valores, y lo que hace Calvino es apostar por la literatura (con treinta a\u00f1os de antelaci\u00f3n respecto a la crisis cultural actual).<\/p>\n\n\n\n<p><strong>Francisco Javier Mart\u00edn Prieto<\/strong>&nbsp;(Salamanca 1964). Ha publicado nueve novelas cortas:&nbsp;<em>El archivo, Encrucijada de perdedores, El mundo desde el subsuelo, Salamanca connection, Mausoleo blues, Los vecinos tambi\u00e9n mueren, Juego de 3,&nbsp;El poni<\/em>&nbsp;y&nbsp;<em>Tobor<\/em>, todas ellas bajo el formato preferido del autor: ensayo novelado.<\/p>\n\n\n\n<p>Licenciado en Filosof\u00eda y Ciencias de la Educaci\u00f3n por la Universidad de Salamanca, realiza los cursos de Doctorado en la Universidad Pontificia de la misma ciudad. Diplomado en T\u00e9cnicas de Investigaci\u00f3n Social por el Instituto de Sociolog\u00eda Aplicada (ISAM) de Madrid. Master MBA, funda y dirige Desarrollo Empresarial.<\/p>\n","protected":false},"excerpt":{"rendered":"<p>\u00abDel peso del ensayo a la levedad del relato\u00bb. Charla con el escritor y profesor Francisco Javier Mart\u00edn Prieto.<\/p>\n","protected":false},"author":2,"featured_media":1487,"comment_status":"closed","ping_status":"closed","sticky":false,"template":"","format":"standard","meta":{"footnotes":""},"categories":[11,9],"tags":[],"class_list":["post-1492","post","type-post","status-publish","format-standard","has-post-thumbnail","hentry","category-charlas","category-libros"],"yoast_head":"<!-- This site is optimized with the Yoast SEO plugin v27.2 - https:\/\/yoast.com\/product\/yoast-seo-wordpress\/ -->\n<title>Mart\u00edn Prieto e Italo Calvino - Santos Ochoa Salamanca<\/title>\n<meta name=\"description\" content=\"&quot;Del peso del ensayo a la levedad del relato&quot;. Charla con el escritor y profesor Francisco Javier Mart\u00edn Prieto.\" \/>\n<meta name=\"robots\" content=\"index, follow, max-snippet:-1, max-image-preview:large, max-video-preview:-1\" \/>\n<link rel=\"canonical\" href=\"https:\/\/blogs.santosochoa.es\/salamanca\/martin-prieto-e-italo-calvino\/\" \/>\n<meta property=\"og:locale\" content=\"es_ES\" \/>\n<meta property=\"og:type\" content=\"article\" \/>\n<meta property=\"og:title\" content=\"Mart\u00edn Prieto e Italo Calvino - Santos Ochoa Salamanca\" \/>\n<meta property=\"og:description\" content=\"&quot;Del peso del ensayo a la levedad del relato&quot;. Charla con el escritor y profesor Francisco Javier Mart\u00edn Prieto.\" \/>\n<meta property=\"og:url\" content=\"https:\/\/blogs.santosochoa.es\/salamanca\/martin-prieto-e-italo-calvino\/\" \/>\n<meta property=\"og:site_name\" content=\"Santos Ochoa Salamanca\" \/>\n<meta property=\"article:published_time\" content=\"2023-04-20T13:45:00+00:00\" \/>\n<meta property=\"og:image\" content=\"https:\/\/blogs.santosochoa.es\/salamanca\/wp-content\/uploads\/sites\/3\/2023\/04\/seis-propuestas-para-el-proximo-milenio.jpg\" \/>\n\t<meta property=\"og:image:width\" content=\"591\" \/>\n\t<meta property=\"og:image:height\" content=\"869\" \/>\n\t<meta property=\"og:image:type\" content=\"image\/jpeg\" \/>\n<meta name=\"author\" content=\"Santos Ochoa Salamanca\" \/>\n<meta name=\"twitter:card\" content=\"summary_large_image\" \/>\n<meta name=\"twitter:label1\" content=\"Written by\" \/>\n\t<meta name=\"twitter:data1\" content=\"Santos Ochoa Salamanca\" \/>\n\t<meta name=\"twitter:label2\" content=\"Est. reading time\" \/>\n\t<meta name=\"twitter:data2\" content=\"2 minutos\" \/>\n<script type=\"application\/ld+json\" class=\"yoast-schema-graph\">{\"@context\":\"https:\/\/schema.org\",\"@graph\":[{\"@type\":\"Article\",\"@id\":\"https:\/\/blogs.santosochoa.es\/salamanca\/martin-prieto-e-italo-calvino\/#article\",\"isPartOf\":{\"@id\":\"https:\/\/blogs.santosochoa.es\/salamanca\/martin-prieto-e-italo-calvino\/\"},\"author\":{\"name\":\"Santos Ochoa Salamanca\",\"@id\":\"https:\/\/blogs.santosochoa.es\/salamanca\/#\/schema\/person\/a125e75c96c8702907b25e61f1c0b772\"},\"headline\":\"Mart\u00edn Prieto e Italo Calvino\",\"datePublished\":\"2023-04-20T13:45:00+00:00\",\"mainEntityOfPage\":{\"@id\":\"https:\/\/blogs.santosochoa.es\/salamanca\/martin-prieto-e-italo-calvino\/\"},\"wordCount\":323,\"image\":{\"@id\":\"https:\/\/blogs.santosochoa.es\/salamanca\/martin-prieto-e-italo-calvino\/#primaryimage\"},\"thumbnailUrl\":\"https:\/\/blogs.santosochoa.es\/salamanca\/wp-content\/uploads\/sites\/3\/2023\/04\/seis-propuestas-para-el-proximo-milenio.jpg\",\"articleSection\":[\"charlas\",\"libros\"],\"inLanguage\":\"es\"},{\"@type\":\"WebPage\",\"@id\":\"https:\/\/blogs.santosochoa.es\/salamanca\/martin-prieto-e-italo-calvino\/\",\"url\":\"https:\/\/blogs.santosochoa.es\/salamanca\/martin-prieto-e-italo-calvino\/\",\"name\":\"Mart\u00edn Prieto e Italo Calvino - Santos Ochoa Salamanca\",\"isPartOf\":{\"@id\":\"https:\/\/blogs.santosochoa.es\/salamanca\/#website\"},\"primaryImageOfPage\":{\"@id\":\"https:\/\/blogs.santosochoa.es\/salamanca\/martin-prieto-e-italo-calvino\/#primaryimage\"},\"image\":{\"@id\":\"https:\/\/blogs.santosochoa.es\/salamanca\/martin-prieto-e-italo-calvino\/#primaryimage\"},\"thumbnailUrl\":\"https:\/\/blogs.santosochoa.es\/salamanca\/wp-content\/uploads\/sites\/3\/2023\/04\/seis-propuestas-para-el-proximo-milenio.jpg\",\"datePublished\":\"2023-04-20T13:45:00+00:00\",\"author\":{\"@id\":\"https:\/\/blogs.santosochoa.es\/salamanca\/#\/schema\/person\/a125e75c96c8702907b25e61f1c0b772\"},\"description\":\"\\\"Del peso del ensayo a la levedad del relato\\\". Charla con el escritor y profesor Francisco Javier Mart\u00edn Prieto.\",\"breadcrumb\":{\"@id\":\"https:\/\/blogs.santosochoa.es\/salamanca\/martin-prieto-e-italo-calvino\/#breadcrumb\"},\"inLanguage\":\"es\",\"potentialAction\":[{\"@type\":\"ReadAction\",\"target\":[\"https:\/\/blogs.santosochoa.es\/salamanca\/martin-prieto-e-italo-calvino\/\"]}]},{\"@type\":\"ImageObject\",\"inLanguage\":\"es\",\"@id\":\"https:\/\/blogs.santosochoa.es\/salamanca\/martin-prieto-e-italo-calvino\/#primaryimage\",\"url\":\"https:\/\/blogs.santosochoa.es\/salamanca\/wp-content\/uploads\/sites\/3\/2023\/04\/seis-propuestas-para-el-proximo-milenio.jpg\",\"contentUrl\":\"https:\/\/blogs.santosochoa.es\/salamanca\/wp-content\/uploads\/sites\/3\/2023\/04\/seis-propuestas-para-el-proximo-milenio.jpg\",\"width\":591,\"height\":869},{\"@type\":\"BreadcrumbList\",\"@id\":\"https:\/\/blogs.santosochoa.es\/salamanca\/martin-prieto-e-italo-calvino\/#breadcrumb\",\"itemListElement\":[{\"@type\":\"ListItem\",\"position\":1,\"name\":\"Home\",\"item\":\"https:\/\/blogs.santosochoa.es\/salamanca\/\"},{\"@type\":\"ListItem\",\"position\":2,\"name\":\"Mart\u00edn Prieto e Italo Calvino\"}]},{\"@type\":\"WebSite\",\"@id\":\"https:\/\/blogs.santosochoa.es\/salamanca\/#website\",\"url\":\"https:\/\/blogs.santosochoa.es\/salamanca\/\",\"name\":\"Santos Ochoa Salamanca\",\"description\":\"Tu Librer\u00eda Online\",\"potentialAction\":[{\"@type\":\"SearchAction\",\"target\":{\"@type\":\"EntryPoint\",\"urlTemplate\":\"https:\/\/blogs.santosochoa.es\/salamanca\/?s={search_term_string}\"},\"query-input\":{\"@type\":\"PropertyValueSpecification\",\"valueRequired\":true,\"valueName\":\"search_term_string\"}}],\"inLanguage\":\"es\"},{\"@type\":\"Person\",\"@id\":\"https:\/\/blogs.santosochoa.es\/salamanca\/#\/schema\/person\/a125e75c96c8702907b25e61f1c0b772\",\"name\":\"Santos Ochoa Salamanca\"}]}<\/script>\n<!-- \/ Yoast SEO plugin. -->","yoast_head_json":{"title":"Mart\u00edn Prieto e Italo Calvino - Santos Ochoa Salamanca","description":"\"Del peso del ensayo a la levedad del relato\". Charla con el escritor y profesor Francisco Javier Mart\u00edn Prieto.","robots":{"index":"index","follow":"follow","max-snippet":"max-snippet:-1","max-image-preview":"max-image-preview:large","max-video-preview":"max-video-preview:-1"},"canonical":"https:\/\/blogs.santosochoa.es\/salamanca\/martin-prieto-e-italo-calvino\/","og_locale":"es_ES","og_type":"article","og_title":"Mart\u00edn Prieto e Italo Calvino - Santos Ochoa Salamanca","og_description":"\"Del peso del ensayo a la levedad del relato\". Charla con el escritor y profesor Francisco Javier Mart\u00edn Prieto.","og_url":"https:\/\/blogs.santosochoa.es\/salamanca\/martin-prieto-e-italo-calvino\/","og_site_name":"Santos Ochoa Salamanca","article_published_time":"2023-04-20T13:45:00+00:00","og_image":[{"width":591,"height":869,"url":"https:\/\/blogs.santosochoa.es\/salamanca\/wp-content\/uploads\/sites\/3\/2023\/04\/seis-propuestas-para-el-proximo-milenio.jpg","type":"image\/jpeg"}],"author":"Santos Ochoa Salamanca","twitter_card":"summary_large_image","twitter_misc":{"Written by":"Santos Ochoa Salamanca","Est. reading time":"2 minutos"},"schema":{"@context":"https:\/\/schema.org","@graph":[{"@type":"Article","@id":"https:\/\/blogs.santosochoa.es\/salamanca\/martin-prieto-e-italo-calvino\/#article","isPartOf":{"@id":"https:\/\/blogs.santosochoa.es\/salamanca\/martin-prieto-e-italo-calvino\/"},"author":{"name":"Santos Ochoa Salamanca","@id":"https:\/\/blogs.santosochoa.es\/salamanca\/#\/schema\/person\/a125e75c96c8702907b25e61f1c0b772"},"headline":"Mart\u00edn Prieto e Italo Calvino","datePublished":"2023-04-20T13:45:00+00:00","mainEntityOfPage":{"@id":"https:\/\/blogs.santosochoa.es\/salamanca\/martin-prieto-e-italo-calvino\/"},"wordCount":323,"image":{"@id":"https:\/\/blogs.santosochoa.es\/salamanca\/martin-prieto-e-italo-calvino\/#primaryimage"},"thumbnailUrl":"https:\/\/blogs.santosochoa.es\/salamanca\/wp-content\/uploads\/sites\/3\/2023\/04\/seis-propuestas-para-el-proximo-milenio.jpg","articleSection":["charlas","libros"],"inLanguage":"es"},{"@type":"WebPage","@id":"https:\/\/blogs.santosochoa.es\/salamanca\/martin-prieto-e-italo-calvino\/","url":"https:\/\/blogs.santosochoa.es\/salamanca\/martin-prieto-e-italo-calvino\/","name":"Mart\u00edn Prieto e Italo Calvino - Santos Ochoa Salamanca","isPartOf":{"@id":"https:\/\/blogs.santosochoa.es\/salamanca\/#website"},"primaryImageOfPage":{"@id":"https:\/\/blogs.santosochoa.es\/salamanca\/martin-prieto-e-italo-calvino\/#primaryimage"},"image":{"@id":"https:\/\/blogs.santosochoa.es\/salamanca\/martin-prieto-e-italo-calvino\/#primaryimage"},"thumbnailUrl":"https:\/\/blogs.santosochoa.es\/salamanca\/wp-content\/uploads\/sites\/3\/2023\/04\/seis-propuestas-para-el-proximo-milenio.jpg","datePublished":"2023-04-20T13:45:00+00:00","author":{"@id":"https:\/\/blogs.santosochoa.es\/salamanca\/#\/schema\/person\/a125e75c96c8702907b25e61f1c0b772"},"description":"\"Del peso del ensayo a la levedad del relato\". Charla con el escritor y profesor Francisco Javier Mart\u00edn Prieto.","breadcrumb":{"@id":"https:\/\/blogs.santosochoa.es\/salamanca\/martin-prieto-e-italo-calvino\/#breadcrumb"},"inLanguage":"es","potentialAction":[{"@type":"ReadAction","target":["https:\/\/blogs.santosochoa.es\/salamanca\/martin-prieto-e-italo-calvino\/"]}]},{"@type":"ImageObject","inLanguage":"es","@id":"https:\/\/blogs.santosochoa.es\/salamanca\/martin-prieto-e-italo-calvino\/#primaryimage","url":"https:\/\/blogs.santosochoa.es\/salamanca\/wp-content\/uploads\/sites\/3\/2023\/04\/seis-propuestas-para-el-proximo-milenio.jpg","contentUrl":"https:\/\/blogs.santosochoa.es\/salamanca\/wp-content\/uploads\/sites\/3\/2023\/04\/seis-propuestas-para-el-proximo-milenio.jpg","width":591,"height":869},{"@type":"BreadcrumbList","@id":"https:\/\/blogs.santosochoa.es\/salamanca\/martin-prieto-e-italo-calvino\/#breadcrumb","itemListElement":[{"@type":"ListItem","position":1,"name":"Home","item":"https:\/\/blogs.santosochoa.es\/salamanca\/"},{"@type":"ListItem","position":2,"name":"Mart\u00edn Prieto e Italo Calvino"}]},{"@type":"WebSite","@id":"https:\/\/blogs.santosochoa.es\/salamanca\/#website","url":"https:\/\/blogs.santosochoa.es\/salamanca\/","name":"Santos Ochoa Salamanca","description":"Tu Librer\u00eda Online","potentialAction":[{"@type":"SearchAction","target":{"@type":"EntryPoint","urlTemplate":"https:\/\/blogs.santosochoa.es\/salamanca\/?s={search_term_string}"},"query-input":{"@type":"PropertyValueSpecification","valueRequired":true,"valueName":"search_term_string"}}],"inLanguage":"es"},{"@type":"Person","@id":"https:\/\/blogs.santosochoa.es\/salamanca\/#\/schema\/person\/a125e75c96c8702907b25e61f1c0b772","name":"Santos Ochoa Salamanca"}]}},"_links":{"self":[{"href":"https:\/\/blogs.santosochoa.es\/salamanca\/wp-json\/wp\/v2\/posts\/1492","targetHints":{"allow":["GET"]}}],"collection":[{"href":"https:\/\/blogs.santosochoa.es\/salamanca\/wp-json\/wp\/v2\/posts"}],"about":[{"href":"https:\/\/blogs.santosochoa.es\/salamanca\/wp-json\/wp\/v2\/types\/post"}],"author":[{"embeddable":true,"href":"https:\/\/blogs.santosochoa.es\/salamanca\/wp-json\/wp\/v2\/users\/2"}],"replies":[{"embeddable":true,"href":"https:\/\/blogs.santosochoa.es\/salamanca\/wp-json\/wp\/v2\/comments?post=1492"}],"version-history":[{"count":3,"href":"https:\/\/blogs.santosochoa.es\/salamanca\/wp-json\/wp\/v2\/posts\/1492\/revisions"}],"predecessor-version":[{"id":1495,"href":"https:\/\/blogs.santosochoa.es\/salamanca\/wp-json\/wp\/v2\/posts\/1492\/revisions\/1495"}],"wp:featuredmedia":[{"embeddable":true,"href":"https:\/\/blogs.santosochoa.es\/salamanca\/wp-json\/wp\/v2\/media\/1487"}],"wp:attachment":[{"href":"https:\/\/blogs.santosochoa.es\/salamanca\/wp-json\/wp\/v2\/media?parent=1492"}],"wp:term":[{"taxonomy":"category","embeddable":true,"href":"https:\/\/blogs.santosochoa.es\/salamanca\/wp-json\/wp\/v2\/categories?post=1492"},{"taxonomy":"post_tag","embeddable":true,"href":"https:\/\/blogs.santosochoa.es\/salamanca\/wp-json\/wp\/v2\/tags?post=1492"}],"curies":[{"name":"wp","href":"https:\/\/api.w.org\/{rel}","templated":true}]}}