{"id":1488,"date":"2023-04-17T12:20:33","date_gmt":"2023-04-17T10:20:33","guid":{"rendered":"https:\/\/blogs.santosochoa.es\/salamanca\/?p=1488"},"modified":"2023-04-17T12:20:34","modified_gmt":"2023-04-17T10:20:34","slug":"huerfanos-de-sombra","status":"publish","type":"post","link":"https:\/\/blogs.santosochoa.es\/salamanca\/huerfanos-de-sombra\/","title":{"rendered":"Hu\u00e9rfanos de sombra"},"content":{"rendered":"\n<h2 class=\"wp-block-heading\"><strong>Mar\u00eda Sur\u00e9 presenta <em>Hu\u00e9rfanos de sombra<\/em>. El bien y el mal tienen memoria\u2026<\/strong><\/h2>\n\n\n\n<h3 class=\"wp-block-heading\"><strong>Viernes 21 de abril<\/strong><strong>, a las 19:30 h.<\/strong><\/h3>\n\n\n\n<h4 class=\"wp-block-heading\">Librer\u00eda Santos Ochoa. Gran V\u00eda, 12, Salamanca<\/h4>\n\n\n\n<div class=\"wp-block-image\"><figure class=\"alignright size-large is-resized\"><img decoding=\"async\" src=\"https:\/\/blogs.santosochoa.es\/salamanca\/wp-content\/uploads\/sites\/3\/2023\/03\/huerfanos-de-sombra_maria-sure.jpg\" alt=\"\" class=\"wp-image-1478\" width=\"300\" srcset=\"https:\/\/blogs.santosochoa.es\/salamanca\/wp-content\/uploads\/sites\/3\/2023\/03\/huerfanos-de-sombra_maria-sure.jpg 591w, https:\/\/blogs.santosochoa.es\/salamanca\/wp-content\/uploads\/sites\/3\/2023\/03\/huerfanos-de-sombra_maria-sure-198x300.jpg 198w\" sizes=\"(max-width: 591px) 100vw, 591px\" \/><\/figure><\/div>\n\n\n\n<p><strong>Una novela negra ambientada entre Cornualles, Inglaterra, Bilbao y un peque\u00f1o pueblo de Salamanca, donde dos guardias civiles deber\u00e1n investigar la desaparici\u00f3n de un ni\u00f1o.<\/strong><\/p>\n\n\n\n<h5 class=\"wp-block-heading\"><strong>Aldeanegra, agosto de 2018. Un vecino hura\u00f1o y solitario es testigo del secuestro de un ni\u00f1o. Cuando el hombre aparece muerto y con m\u00faltiples signos de violencia, la investigaci\u00f3n recae en dos guardias civiles que se han visto obligados a formar equipo.<\/strong><\/h5>\n\n\n\n<p>Laura se qued\u00f3 embarazada demasiado pronto y ahora vive tranquila junto a su hijo y el abuelo paterno del ni\u00f1o. Al igual que Hannah, una anciana de origen alem\u00e1n que recal\u00f3 en el pueblo hace d\u00e9cadas. Pero cuando el peque\u00f1o Marcos desaparece, tambi\u00e9n lo hace la paz en Aldeanegra.<\/p>\n\n\n\n<p><strong>Mar\u00eda Sur\u00e9<\/strong> (Salamanca, 1973), vive en Valencia. Estudi\u00f3 Ingenier\u00eda Inform\u00e1tica en la Universidad Polit\u00e9cnica de Valencia y actualmente trabaja como analista y programadora inform\u00e1tica. Hasta la fecha ha publicado tres novelas. Desde siempre ha sentido un gran inter\u00e9s por el pasado de su ciudad de adopci\u00f3n, lo que la ha llevado a investigar sobre su historia. En su anterior novela, <em>L\u00e1grimas de polvo rojo,<\/em> traza un recorrido por la Valencia moderna, donde a\u00fan pueden visitarse lugares donde hace siglos se expon\u00eda a los ajusticiados como advertencia.<\/p>\n","protected":false},"excerpt":{"rendered":"<p>Una novela negra ambientada entre Inglaterra, Bilbao y un peque\u00f1o pueblo de Salamanca, donde ha desaparecido un ni\u00f1o.<\/p>\n","protected":false},"author":2,"featured_media":1478,"comment_status":"closed","ping_status":"closed","sticky":false,"template":"","format":"standard","meta":{"footnotes":""},"categories":[9,14],"tags":[],"class_list":["post-1488","post","type-post","status-publish","format-standard","has-post-thumbnail","hentry","category-libros","category-libros-salamanca"],"yoast_head":"<!-- This site is optimized with the Yoast SEO plugin v27.2 - https:\/\/yoast.com\/product\/yoast-seo-wordpress\/ -->\n<title>Hu\u00e9rfanos de sombra - Santos Ochoa Salamanca<\/title>\n<meta name=\"description\" content=\"Una novela negra ambientada entre Inglaterra, Bilbao y un peque\u00f1o pueblo de Salamanca, donde ha desaparecido un ni\u00f1o.\" \/>\n<meta name=\"robots\" content=\"index, follow, max-snippet:-1, max-image-preview:large, max-video-preview:-1\" \/>\n<link rel=\"canonical\" href=\"https:\/\/blogs.santosochoa.es\/salamanca\/huerfanos-de-sombra\/\" \/>\n<meta property=\"og:locale\" content=\"es_ES\" \/>\n<meta property=\"og:type\" content=\"article\" \/>\n<meta property=\"og:title\" content=\"Hu\u00e9rfanos de sombra - Santos Ochoa Salamanca\" \/>\n<meta property=\"og:description\" content=\"Una novela negra ambientada entre Inglaterra, Bilbao y un peque\u00f1o pueblo de Salamanca, donde ha desaparecido un ni\u00f1o.\" \/>\n<meta property=\"og:url\" content=\"https:\/\/blogs.santosochoa.es\/salamanca\/huerfanos-de-sombra\/\" \/>\n<meta property=\"og:site_name\" content=\"Santos Ochoa Salamanca\" \/>\n<meta property=\"article:published_time\" content=\"2023-04-17T10:20:33+00:00\" \/>\n<meta property=\"article:modified_time\" content=\"2023-04-17T10:20:34+00:00\" \/>\n<meta property=\"og:image\" content=\"https:\/\/blogs.santosochoa.es\/salamanca\/wp-content\/uploads\/sites\/3\/2023\/03\/huerfanos-de-sombra_maria-sure.jpg\" \/>\n\t<meta property=\"og:image:width\" content=\"591\" \/>\n\t<meta property=\"og:image:height\" content=\"894\" \/>\n\t<meta property=\"og:image:type\" content=\"image\/jpeg\" \/>\n<meta name=\"author\" content=\"Santos Ochoa Salamanca\" \/>\n<meta name=\"twitter:card\" content=\"summary_large_image\" \/>\n<meta name=\"twitter:label1\" content=\"Written by\" \/>\n\t<meta name=\"twitter:data1\" content=\"Santos Ochoa Salamanca\" \/>\n\t<meta name=\"twitter:label2\" content=\"Est. reading time\" \/>\n\t<meta name=\"twitter:data2\" content=\"1 minuto\" \/>\n<script type=\"application\/ld+json\" class=\"yoast-schema-graph\">{\"@context\":\"https:\/\/schema.org\",\"@graph\":[{\"@type\":\"Article\",\"@id\":\"https:\/\/blogs.santosochoa.es\/salamanca\/huerfanos-de-sombra\/#article\",\"isPartOf\":{\"@id\":\"https:\/\/blogs.santosochoa.es\/salamanca\/huerfanos-de-sombra\/\"},\"author\":{\"name\":\"Santos Ochoa Salamanca\",\"@id\":\"https:\/\/blogs.santosochoa.es\/salamanca\/#\/schema\/person\/a125e75c96c8702907b25e61f1c0b772\"},\"headline\":\"Hu\u00e9rfanos de sombra\",\"datePublished\":\"2023-04-17T10:20:33+00:00\",\"dateModified\":\"2023-04-17T10:20:34+00:00\",\"mainEntityOfPage\":{\"@id\":\"https:\/\/blogs.santosochoa.es\/salamanca\/huerfanos-de-sombra\/\"},\"wordCount\":256,\"image\":{\"@id\":\"https:\/\/blogs.santosochoa.es\/salamanca\/huerfanos-de-sombra\/#primaryimage\"},\"thumbnailUrl\":\"https:\/\/blogs.santosochoa.es\/salamanca\/wp-content\/uploads\/sites\/3\/2023\/03\/huerfanos-de-sombra_maria-sure.jpg\",\"articleSection\":[\"libros\",\"libros salamanca\"],\"inLanguage\":\"es\"},{\"@type\":\"WebPage\",\"@id\":\"https:\/\/blogs.santosochoa.es\/salamanca\/huerfanos-de-sombra\/\",\"url\":\"https:\/\/blogs.santosochoa.es\/salamanca\/huerfanos-de-sombra\/\",\"name\":\"Hu\u00e9rfanos de sombra - Santos Ochoa Salamanca\",\"isPartOf\":{\"@id\":\"https:\/\/blogs.santosochoa.es\/salamanca\/#website\"},\"primaryImageOfPage\":{\"@id\":\"https:\/\/blogs.santosochoa.es\/salamanca\/huerfanos-de-sombra\/#primaryimage\"},\"image\":{\"@id\":\"https:\/\/blogs.santosochoa.es\/salamanca\/huerfanos-de-sombra\/#primaryimage\"},\"thumbnailUrl\":\"https:\/\/blogs.santosochoa.es\/salamanca\/wp-content\/uploads\/sites\/3\/2023\/03\/huerfanos-de-sombra_maria-sure.jpg\",\"datePublished\":\"2023-04-17T10:20:33+00:00\",\"dateModified\":\"2023-04-17T10:20:34+00:00\",\"author\":{\"@id\":\"https:\/\/blogs.santosochoa.es\/salamanca\/#\/schema\/person\/a125e75c96c8702907b25e61f1c0b772\"},\"description\":\"Una novela negra ambientada entre Inglaterra, Bilbao y un peque\u00f1o pueblo de Salamanca, donde ha desaparecido un ni\u00f1o.\",\"breadcrumb\":{\"@id\":\"https:\/\/blogs.santosochoa.es\/salamanca\/huerfanos-de-sombra\/#breadcrumb\"},\"inLanguage\":\"es\",\"potentialAction\":[{\"@type\":\"ReadAction\",\"target\":[\"https:\/\/blogs.santosochoa.es\/salamanca\/huerfanos-de-sombra\/\"]}]},{\"@type\":\"ImageObject\",\"inLanguage\":\"es\",\"@id\":\"https:\/\/blogs.santosochoa.es\/salamanca\/huerfanos-de-sombra\/#primaryimage\",\"url\":\"https:\/\/blogs.santosochoa.es\/salamanca\/wp-content\/uploads\/sites\/3\/2023\/03\/huerfanos-de-sombra_maria-sure.jpg\",\"contentUrl\":\"https:\/\/blogs.santosochoa.es\/salamanca\/wp-content\/uploads\/sites\/3\/2023\/03\/huerfanos-de-sombra_maria-sure.jpg\",\"width\":591,\"height\":894},{\"@type\":\"BreadcrumbList\",\"@id\":\"https:\/\/blogs.santosochoa.es\/salamanca\/huerfanos-de-sombra\/#breadcrumb\",\"itemListElement\":[{\"@type\":\"ListItem\",\"position\":1,\"name\":\"Home\",\"item\":\"https:\/\/blogs.santosochoa.es\/salamanca\/\"},{\"@type\":\"ListItem\",\"position\":2,\"name\":\"Hu\u00e9rfanos de sombra\"}]},{\"@type\":\"WebSite\",\"@id\":\"https:\/\/blogs.santosochoa.es\/salamanca\/#website\",\"url\":\"https:\/\/blogs.santosochoa.es\/salamanca\/\",\"name\":\"Santos Ochoa Salamanca\",\"description\":\"Tu Librer\u00eda Online\",\"potentialAction\":[{\"@type\":\"SearchAction\",\"target\":{\"@type\":\"EntryPoint\",\"urlTemplate\":\"https:\/\/blogs.santosochoa.es\/salamanca\/?s={search_term_string}\"},\"query-input\":{\"@type\":\"PropertyValueSpecification\",\"valueRequired\":true,\"valueName\":\"search_term_string\"}}],\"inLanguage\":\"es\"},{\"@type\":\"Person\",\"@id\":\"https:\/\/blogs.santosochoa.es\/salamanca\/#\/schema\/person\/a125e75c96c8702907b25e61f1c0b772\",\"name\":\"Santos Ochoa Salamanca\"}]}<\/script>\n<!-- \/ Yoast SEO plugin. -->","yoast_head_json":{"title":"Hu\u00e9rfanos de sombra - Santos Ochoa Salamanca","description":"Una novela negra ambientada entre Inglaterra, Bilbao y un peque\u00f1o pueblo de Salamanca, donde ha desaparecido un ni\u00f1o.","robots":{"index":"index","follow":"follow","max-snippet":"max-snippet:-1","max-image-preview":"max-image-preview:large","max-video-preview":"max-video-preview:-1"},"canonical":"https:\/\/blogs.santosochoa.es\/salamanca\/huerfanos-de-sombra\/","og_locale":"es_ES","og_type":"article","og_title":"Hu\u00e9rfanos de sombra - Santos Ochoa Salamanca","og_description":"Una novela negra ambientada entre Inglaterra, Bilbao y un peque\u00f1o pueblo de Salamanca, donde ha desaparecido un ni\u00f1o.","og_url":"https:\/\/blogs.santosochoa.es\/salamanca\/huerfanos-de-sombra\/","og_site_name":"Santos Ochoa Salamanca","article_published_time":"2023-04-17T10:20:33+00:00","article_modified_time":"2023-04-17T10:20:34+00:00","og_image":[{"width":591,"height":894,"url":"https:\/\/blogs.santosochoa.es\/salamanca\/wp-content\/uploads\/sites\/3\/2023\/03\/huerfanos-de-sombra_maria-sure.jpg","type":"image\/jpeg"}],"author":"Santos Ochoa Salamanca","twitter_card":"summary_large_image","twitter_misc":{"Written by":"Santos Ochoa Salamanca","Est. reading time":"1 minuto"},"schema":{"@context":"https:\/\/schema.org","@graph":[{"@type":"Article","@id":"https:\/\/blogs.santosochoa.es\/salamanca\/huerfanos-de-sombra\/#article","isPartOf":{"@id":"https:\/\/blogs.santosochoa.es\/salamanca\/huerfanos-de-sombra\/"},"author":{"name":"Santos Ochoa Salamanca","@id":"https:\/\/blogs.santosochoa.es\/salamanca\/#\/schema\/person\/a125e75c96c8702907b25e61f1c0b772"},"headline":"Hu\u00e9rfanos de sombra","datePublished":"2023-04-17T10:20:33+00:00","dateModified":"2023-04-17T10:20:34+00:00","mainEntityOfPage":{"@id":"https:\/\/blogs.santosochoa.es\/salamanca\/huerfanos-de-sombra\/"},"wordCount":256,"image":{"@id":"https:\/\/blogs.santosochoa.es\/salamanca\/huerfanos-de-sombra\/#primaryimage"},"thumbnailUrl":"https:\/\/blogs.santosochoa.es\/salamanca\/wp-content\/uploads\/sites\/3\/2023\/03\/huerfanos-de-sombra_maria-sure.jpg","articleSection":["libros","libros salamanca"],"inLanguage":"es"},{"@type":"WebPage","@id":"https:\/\/blogs.santosochoa.es\/salamanca\/huerfanos-de-sombra\/","url":"https:\/\/blogs.santosochoa.es\/salamanca\/huerfanos-de-sombra\/","name":"Hu\u00e9rfanos de sombra - Santos Ochoa Salamanca","isPartOf":{"@id":"https:\/\/blogs.santosochoa.es\/salamanca\/#website"},"primaryImageOfPage":{"@id":"https:\/\/blogs.santosochoa.es\/salamanca\/huerfanos-de-sombra\/#primaryimage"},"image":{"@id":"https:\/\/blogs.santosochoa.es\/salamanca\/huerfanos-de-sombra\/#primaryimage"},"thumbnailUrl":"https:\/\/blogs.santosochoa.es\/salamanca\/wp-content\/uploads\/sites\/3\/2023\/03\/huerfanos-de-sombra_maria-sure.jpg","datePublished":"2023-04-17T10:20:33+00:00","dateModified":"2023-04-17T10:20:34+00:00","author":{"@id":"https:\/\/blogs.santosochoa.es\/salamanca\/#\/schema\/person\/a125e75c96c8702907b25e61f1c0b772"},"description":"Una novela negra ambientada entre Inglaterra, Bilbao y un peque\u00f1o pueblo de Salamanca, donde ha desaparecido un ni\u00f1o.","breadcrumb":{"@id":"https:\/\/blogs.santosochoa.es\/salamanca\/huerfanos-de-sombra\/#breadcrumb"},"inLanguage":"es","potentialAction":[{"@type":"ReadAction","target":["https:\/\/blogs.santosochoa.es\/salamanca\/huerfanos-de-sombra\/"]}]},{"@type":"ImageObject","inLanguage":"es","@id":"https:\/\/blogs.santosochoa.es\/salamanca\/huerfanos-de-sombra\/#primaryimage","url":"https:\/\/blogs.santosochoa.es\/salamanca\/wp-content\/uploads\/sites\/3\/2023\/03\/huerfanos-de-sombra_maria-sure.jpg","contentUrl":"https:\/\/blogs.santosochoa.es\/salamanca\/wp-content\/uploads\/sites\/3\/2023\/03\/huerfanos-de-sombra_maria-sure.jpg","width":591,"height":894},{"@type":"BreadcrumbList","@id":"https:\/\/blogs.santosochoa.es\/salamanca\/huerfanos-de-sombra\/#breadcrumb","itemListElement":[{"@type":"ListItem","position":1,"name":"Home","item":"https:\/\/blogs.santosochoa.es\/salamanca\/"},{"@type":"ListItem","position":2,"name":"Hu\u00e9rfanos de sombra"}]},{"@type":"WebSite","@id":"https:\/\/blogs.santosochoa.es\/salamanca\/#website","url":"https:\/\/blogs.santosochoa.es\/salamanca\/","name":"Santos Ochoa Salamanca","description":"Tu Librer\u00eda Online","potentialAction":[{"@type":"SearchAction","target":{"@type":"EntryPoint","urlTemplate":"https:\/\/blogs.santosochoa.es\/salamanca\/?s={search_term_string}"},"query-input":{"@type":"PropertyValueSpecification","valueRequired":true,"valueName":"search_term_string"}}],"inLanguage":"es"},{"@type":"Person","@id":"https:\/\/blogs.santosochoa.es\/salamanca\/#\/schema\/person\/a125e75c96c8702907b25e61f1c0b772","name":"Santos Ochoa Salamanca"}]}},"_links":{"self":[{"href":"https:\/\/blogs.santosochoa.es\/salamanca\/wp-json\/wp\/v2\/posts\/1488","targetHints":{"allow":["GET"]}}],"collection":[{"href":"https:\/\/blogs.santosochoa.es\/salamanca\/wp-json\/wp\/v2\/posts"}],"about":[{"href":"https:\/\/blogs.santosochoa.es\/salamanca\/wp-json\/wp\/v2\/types\/post"}],"author":[{"embeddable":true,"href":"https:\/\/blogs.santosochoa.es\/salamanca\/wp-json\/wp\/v2\/users\/2"}],"replies":[{"embeddable":true,"href":"https:\/\/blogs.santosochoa.es\/salamanca\/wp-json\/wp\/v2\/comments?post=1488"}],"version-history":[{"count":2,"href":"https:\/\/blogs.santosochoa.es\/salamanca\/wp-json\/wp\/v2\/posts\/1488\/revisions"}],"predecessor-version":[{"id":1490,"href":"https:\/\/blogs.santosochoa.es\/salamanca\/wp-json\/wp\/v2\/posts\/1488\/revisions\/1490"}],"wp:featuredmedia":[{"embeddable":true,"href":"https:\/\/blogs.santosochoa.es\/salamanca\/wp-json\/wp\/v2\/media\/1478"}],"wp:attachment":[{"href":"https:\/\/blogs.santosochoa.es\/salamanca\/wp-json\/wp\/v2\/media?parent=1488"}],"wp:term":[{"taxonomy":"category","embeddable":true,"href":"https:\/\/blogs.santosochoa.es\/salamanca\/wp-json\/wp\/v2\/categories?post=1488"},{"taxonomy":"post_tag","embeddable":true,"href":"https:\/\/blogs.santosochoa.es\/salamanca\/wp-json\/wp\/v2\/tags?post=1488"}],"curies":[{"name":"wp","href":"https:\/\/api.w.org\/{rel}","templated":true}]}}