{"id":1480,"date":"2023-03-30T12:08:32","date_gmt":"2023-03-30T10:08:32","guid":{"rendered":"https:\/\/blogs.santosochoa.es\/salamanca\/?p=1480"},"modified":"2023-03-30T12:08:34","modified_gmt":"2023-03-30T10:08:34","slug":"salus-casaseca-hector-abad-faciolince-y-paola-boutellier","status":"publish","type":"post","link":"https:\/\/blogs.santosochoa.es\/salamanca\/salus-casaseca-hector-abad-faciolince-y-paola-boutellier\/","title":{"rendered":"Salus Casaseca, H\u00e9ctor Abad Faciolince y Paola Boutellier"},"content":{"rendered":"\n<h2 class=\"wp-block-heading\"><strong>Salus Casaseca presenta <em>La tiza de oro<\/em>, un libro que trenza psicolog\u00eda con literatura, ensayo y poes\u00eda.<\/strong><\/h2>\n\n\n\n<h3 class=\"wp-block-heading\"><strong>Martes 11 de abril<\/strong><strong>, a las 19:30 h.<\/strong><\/h3>\n\n\n\n<h4 class=\"wp-block-heading\">Librer\u00eda Santos Ochoa. Gran V\u00eda, 12, Salamanca<\/h4>\n\n\n\n<div class=\"wp-block-image\"><figure class=\"alignright size-large is-resized\"><a href=\"https:\/\/www.santosochoa.es\/libros\/salus-casaseca_la-tiza-de-oro_9788418975905\" target=\"_blank\" rel=\"noopener noreferrer\"><img decoding=\"async\" src=\"https:\/\/blogs.santosochoa.es\/salamanca\/wp-content\/uploads\/sites\/3\/2023\/03\/la-tiza-de-oro_salustiano-casaseca.jpg\" alt=\"\" class=\"wp-image-1473\" width=\"300\" srcset=\"https:\/\/blogs.santosochoa.es\/salamanca\/wp-content\/uploads\/sites\/3\/2023\/03\/la-tiza-de-oro_salustiano-casaseca.jpg 591w, https:\/\/blogs.santosochoa.es\/salamanca\/wp-content\/uploads\/sites\/3\/2023\/03\/la-tiza-de-oro_salustiano-casaseca-187x300.jpg 187w\" sizes=\"(max-width: 591px) 100vw, 591px\" \/><\/a><\/figure><\/div>\n\n\n\n<p>Acompa\u00f1a al autor <strong>Lina Rodr\u00edguez Cacho<\/strong>, profesora de Literatura de la Universidad de Salamanca.<\/p>\n\n\n\n<h5 class=\"wp-block-heading\"><strong><em>La tiza de oro<\/em> aborda la insatisfacci\u00f3n de no haber comprendido por qu\u00e9 seguimos repitiendo los m\u00e9todos que llevan a repetir a tanto alumnado; o por qu\u00e9 no acabamos de ver que la heterogeneidad no baja nivel, sino que lo sube. Nos ocupa \u00fanicamente la preocupaci\u00f3n de acabar bien los temas y examinar despu\u00e9s, anhelando una objetividad sin imaginaci\u00f3n.<\/strong><\/h5>\n\n\n\n<p>Hay en el libro una cr\u00edtica a los opinadores que solo son capaces de aprender lo que ya saben, a los que nadan r\u00edo abajo, seguros de que todo acaba en junio, cuando dan la nota. El buen maestro es como un concertista de jazz, que sorprende a cada paso.<\/p>\n\n\n\n<p><strong><em>Tiza de oro el d\u00eda que consigas<\/em><\/strong><\/p>\n\n\n\n<p><strong><em>que en medio del concierto<\/em><\/strong><\/p>\n\n\n\n<p><strong><em>nadie piense en la nota<\/em><\/strong><\/p>\n\n\n\n<p><strong><em>que vas a dar despu\u00e9s.<\/em><\/strong><\/p>\n\n\n\n<p><strong>Salus Casaseca<\/strong> es maestro de Salamanca. Ha cursado estudios de Psicolog\u00eda y Pedagog\u00eda. Es especialista en Lengua y Literatura y Orientaci\u00f3n Escolar. Como doctor, ha impartido clases de Psicolog\u00eda en la UPSA. Es autor de <em>Escribir en el aula, Talleres de escritura, El aprendizaje cooperativo de la comprensi\u00f3n lectora, El aprendizaje cooperativo de la composici\u00f3n escrita, El arte de ense\u00f1ar, Voces, esta clase es un poema<\/em>. Su afici\u00f3n al cine le ha llevado a defender la necesidad de ense\u00f1ar este arte en la escuela. Con <em>La tiza de oro<\/em> se estrena en la aventura de indagar en lo estable, en lo que hay m\u00e1s all\u00e1 de leyes y tendencias. Y lo consigue trenzando la psicolog\u00eda con la literatura, el ensayo y la poes\u00eda.<\/p>\n\n\n\n<div style=\"height:51px\" aria-hidden=\"true\" class=\"wp-block-spacer\"><\/div>\n\n\n\n<h2 class=\"wp-block-heading\"><strong>H\u00e9ctor Abad Faciolince presenta <em>Salvo mi coraz\u00f3n, todo est\u00e1 bien<\/em>. Una historia original y emocionante sobre la familia, el bien y la fe.<\/strong><\/h2>\n\n\n\n<h3 class=\"wp-block-heading\"><strong>Jueves 13 de abril<\/strong><strong>, a las 19:30 h.<\/strong><\/h3>\n\n\n\n<h4 class=\"wp-block-heading\">Librer\u00eda Santos Ochoa. Gran V\u00eda, 12, Salamanca<\/h4>\n\n\n\n<div class=\"wp-block-image\"><figure class=\"alignleft size-large is-resized\"><a href=\"https:\/\/www.santosochoa.es\/libros\/abad-faciolince-hector_salvo-mi-corazon-todo-esta-bien_9788420461854\" target=\"_blank\" rel=\"noopener noreferrer\"><img decoding=\"async\" src=\"https:\/\/blogs.santosochoa.es\/salamanca\/wp-content\/uploads\/sites\/3\/2022\/10\/salvo-mi-corazon-todo-esta-bien_hector-abad-faciolince.jpg\" alt=\"\" class=\"wp-image-1357\" width=\"300\" srcset=\"https:\/\/blogs.santosochoa.es\/salamanca\/wp-content\/uploads\/sites\/3\/2022\/10\/salvo-mi-corazon-todo-esta-bien_hector-abad-faciolince.jpg 591w, https:\/\/blogs.santosochoa.es\/salamanca\/wp-content\/uploads\/sites\/3\/2022\/10\/salvo-mi-corazon-todo-esta-bien_hector-abad-faciolince-189x300.jpg 189w\" sizes=\"(max-width: 591px) 100vw, 591px\" \/><\/a><\/figure><\/div>\n\n\n\n<p>Acompa\u00f1a al autor el escritor <strong>Francisco Javier Mart\u00edn Prieto<\/strong>.<\/p>\n\n\n\n<h5 class=\"wp-block-heading\"><strong>El sacerdote Luis C\u00f3rdoba est\u00e1 a la espera de un trasplante de coraz\u00f3n. Es un cura amable, alto, gordo, pero su mismo tama\u00f1o hace que no sea f\u00e1cil encontrar un donante. Como los m\u00e9dicos le aconsejan reposo y su residencia tiene muchas escaleras, recibe hospedaje en una casa donde viven dos mujeres, una de ellas reci\u00e9n separada, y tres ni\u00f1os. C\u00f3rdoba, que es bueno y culto \u2014cr\u00edtico de cine y experto en \u00f3pera\u2014, goza compartiendo lo que sabe con las mujeres sin esposo y los ni\u00f1os sin padre. Pronto se ve envuelto y fascinado por la vida familiar y, sin pretenderlo, empieza a desempe\u00f1ar el papel de paterfamilias y a replantearse sus opciones de vida.<\/strong><\/h5>\n\n\n\n<p><em>Salvo mi coraz\u00f3n, todo est\u00e1 bien<\/em> es la historia de un sacerdote bondadoso \u2014inspirado en un cura real\u2014 que pone a prueba sus creencias y su optimismo inquebrantable en un mundo hostil. Su crisis existencial, en medio de personajes llenos de ganas de vivir, nos muestra una visi\u00f3n del matrimonio como una fortaleza sitiada: los que est\u00e1n dentro quieren salir, y los que est\u00e1n fuera quieren entrar.<\/p>\n\n\n\n<p><strong>H\u00e9ctor Abad Faciolince<\/strong>\u00a0naci\u00f3 en Medell\u00edn (Colombia), en 1958. Estudi\u00f3 Lenguas y Literaturas Modernas en la Universidad de Tur\u00edn (Italia). Adem\u00e1s de ensayos, traducciones y cr\u00edticas literarias, ha publicado, entre otros, los siguientes libros:\u00a0<em>Asuntos de un hidalgo disoluto<\/em>\u00a0(Alfaguara, 1994),\u00a0<em>Tratado de culinaria para mujeres tristes<\/em>\u00a0(Alfaguara, 1997),\u00a0<em>Fragmentos de amor furtivo<\/em>\u00a0(Alfaguara, 1998),\u00a0<em>Angosta\u00a0<\/em>(2003),\u00a0<em>El olvido que seremos<\/em>\u00a0(2006; Alfaguara, 2017; llevada al cine en 2020 por Fernando Trueba, reconocida por los festivales de Cannes y San Sebasti\u00e1n y ganadora del Goya 2021 a la mejor pel\u00edcula iberoamericana y de cinco de los principales premios Platino 2021),\u00a0<em>La Oculta<\/em>\u00a0(Alfaguara, 2015),\u00a0<em>Lo que fue presente\u00a0<\/em>(Alfaguara, 2020) y\u00a0<em>Salvo mi coraz\u00f3n, todo est\u00e1 bien<\/em>\u00a0(Alfaguara, 2022). Con su tercera novela,\u00a0<em>Basura\u00a0<\/em>(2000), obtuvo en Espa\u00f1a el I Premio Casa de Am\u00e9rica de Narrativa Innovadora. Ha publicado tambi\u00e9n un libro de poemas,\u00a0<em>Testamento involuntario<\/em>\u00a0(2011); uno de ensayos,\u00a0<em>Las formas de la pereza<\/em>\u00a0(2007), y otro de narrativa,\u00a0<em>Traiciones de la memoria<\/em>\u00a0(Alfaguara, 2009). De sus libros hay traducciones a m\u00e1s de quince idiomas.<\/p>\n\n\n\n<div style=\"height:50px\" aria-hidden=\"true\" class=\"wp-block-spacer\"><\/div>\n\n\n\n<h2 class=\"wp-block-heading\"><strong>Paola Boutellier presenta <em>A\u00fan no es tarde<\/em>. Un secreto, un asesino, una verdad por descubrir.<\/strong><\/h2>\n\n\n\n<h3 class=\"wp-block-heading\"><strong>S\u00e1bado 15 de abril, a las 18:30 h.<\/strong><\/h3>\n\n\n\n<h4 class=\"wp-block-heading\">Librer\u00eda Santos Ochoa. Gran V\u00eda, 12, Salamanca<\/h4>\n\n\n\n<div class=\"wp-block-image\"><figure class=\"alignright size-large is-resized\"><a href=\"https:\/\/www.santosochoa.es\/libros\/boutellier-paola_aun-no-es-tarde_9788466674225\" target=\"_blank\" rel=\"noopener noreferrer\"><img decoding=\"async\" src=\"https:\/\/blogs.santosochoa.es\/salamanca\/wp-content\/uploads\/sites\/3\/2023\/03\/aun-no-es-tarde_paola-boutellier.jpg\" alt=\"\" class=\"wp-image-1476\" width=\"300\" srcset=\"https:\/\/blogs.santosochoa.es\/salamanca\/wp-content\/uploads\/sites\/3\/2023\/03\/aun-no-es-tarde_paola-boutellier.jpg 591w, https:\/\/blogs.santosochoa.es\/salamanca\/wp-content\/uploads\/sites\/3\/2023\/03\/aun-no-es-tarde_paola-boutellier-198x300.jpg 198w\" sizes=\"(max-width: 591px) 100vw, 591px\" \/><\/a><\/figure><\/div>\n\n\n\n<h5 class=\"wp-block-heading\"><strong>Un secreto escondido en la niebla<\/strong><\/h5>\n\n\n\n<p>En un oscuro callej\u00f3n del centro de Londres aparece ahorcada la hija de un importante pol\u00edtico. A la ma\u00f1ana siguiente, los peri\u00f3dicos anuncian que se trata de un suicidio y la polic\u00eda, sospechosamente, intenta dar el caso por cerrado. Ese mismo d\u00eda, el inspector Harry Moore recibe un misterioso encargo: alguien quiere contratarlo como investigador privado y est\u00e1 dispuesto a todo con tal de conocer la verdad.<\/p>\n\n\n\n<h5 class=\"wp-block-heading\"><strong>Un asesino entre la multitud<\/strong><\/h5>\n\n\n\n<p>Despu\u00e9s de los terribles sucesos que sacudieron el pasado de su familia y la peque\u00f1a ciudad de Torquay, la joven periodista Mera necesitaba alejarse y empezar de cero. Sin embargo, poco despu\u00e9s de comenzar una nueva y tranquila rutina en la capital inglesa, los hermanos Harry y Luca Moore vuelven a su vida y, una vez m\u00e1s, necesitan su ayuda para desenterrar un tenebroso misterio.<\/p>\n\n\n\n<h5 class=\"wp-block-heading\"><strong>Nunca es tarde para descubrir la verdad<\/strong><\/h5>\n\n\n\n<p>Tras el \u00e9xito de <em>A ojos de nadie<\/em> y <em>Asesinato de un culpable<\/em>, Paola Boutellier nos traslada a las calles de Londres, donde cualquiera puede pasar desapercibido, incluso aquellos que guardan grandes secretos. Con una trama brillantemente adictiva, esta novela es el desenlace perfecto de una trilog\u00eda que nos obliga a dudar de todo y de todos hasta el final.<\/p>\n\n\n\n<p><strong>Paola Boutellier<\/strong> (M\u00e1laga, 1993) es graduada en Comunicaci\u00f3n Audiovisual y est\u00e1 especializada en posproducci\u00f3n de v\u00eddeo y sonido. En 2017 decidi\u00f3 trasladarse a Madrid para realizar el m\u00e1ster en Direcci\u00f3n de Marketing y Comunicaci\u00f3n Digital de la CEREM International Business School. Su pasi\u00f3n por el cine, las series y, sobre todo los libros, la llev\u00f3 a crear en 2016 la comunidad Bicheando Libros.<\/p>\n\n\n\n<p>Ahora cuenta en sus redes sociales con m\u00e1s de 190.000 seguidores con los que comparte su pasi\u00f3n por la lectura. Sus anteriores novelas, <em>A ojos de nadie<\/em> y <em>Asesinato de un culpable<\/em> han enamorado a miles de lectores.<\/p>\n","protected":false},"excerpt":{"rendered":"<p>Salus Casaseca presenta \u00abLa tiza de oro\u00bb. H\u00e9ctor Abad Faciolince presenta \u00abSalvo mi coraz\u00f3n, todo est\u00e1 bien\u00bb. Paola Boutellier presenta \u00abA\u00fan no es tarde\u00bb<\/p>\n","protected":false},"author":2,"featured_media":1357,"comment_status":"closed","ping_status":"closed","sticky":false,"template":"","format":"standard","meta":{"footnotes":""},"categories":[9,14],"tags":[],"class_list":["post-1480","post","type-post","status-publish","format-standard","has-post-thumbnail","hentry","category-libros","category-libros-salamanca"],"yoast_head":"<!-- This site is optimized with the Yoast SEO plugin v27.2 - https:\/\/yoast.com\/product\/yoast-seo-wordpress\/ -->\n<title>Salus Casaseca, H\u00e9ctor Abad Faciolince y Paola Boutellier - Santos Ochoa Salamanca<\/title>\n<meta name=\"description\" content=\"Salus Casaseca presenta &quot;La tiza de oro&quot;. H\u00e9ctor Abad Faciolince presenta &quot;Salvo mi coraz\u00f3n, todo est\u00e1 bien&quot;. Paola Boutellier presenta &quot;A\u00fan no es tarde&quot;\" \/>\n<meta name=\"robots\" content=\"index, follow, max-snippet:-1, max-image-preview:large, max-video-preview:-1\" \/>\n<link rel=\"canonical\" href=\"https:\/\/blogs.santosochoa.es\/salamanca\/salus-casaseca-hector-abad-faciolince-y-paola-boutellier\/\" \/>\n<meta property=\"og:locale\" content=\"es_ES\" \/>\n<meta property=\"og:type\" content=\"article\" \/>\n<meta property=\"og:title\" content=\"Salus Casaseca, H\u00e9ctor Abad Faciolince y Paola Boutellier - Santos Ochoa Salamanca\" \/>\n<meta property=\"og:description\" content=\"Salus Casaseca presenta &quot;La tiza de oro&quot;. H\u00e9ctor Abad Faciolince presenta &quot;Salvo mi coraz\u00f3n, todo est\u00e1 bien&quot;. Paola Boutellier presenta &quot;A\u00fan no es tarde&quot;\" \/>\n<meta property=\"og:url\" content=\"https:\/\/blogs.santosochoa.es\/salamanca\/salus-casaseca-hector-abad-faciolince-y-paola-boutellier\/\" \/>\n<meta property=\"og:site_name\" content=\"Santos Ochoa Salamanca\" \/>\n<meta property=\"article:published_time\" content=\"2023-03-30T10:08:32+00:00\" \/>\n<meta property=\"article:modified_time\" content=\"2023-03-30T10:08:34+00:00\" \/>\n<meta property=\"og:image\" content=\"https:\/\/blogs.santosochoa.es\/salamanca\/wp-content\/uploads\/sites\/3\/2022\/10\/salvo-mi-corazon-todo-esta-bien_hector-abad-faciolince.jpg\" \/>\n\t<meta property=\"og:image:width\" content=\"591\" \/>\n\t<meta property=\"og:image:height\" content=\"937\" \/>\n\t<meta property=\"og:image:type\" content=\"image\/jpeg\" \/>\n<meta name=\"author\" content=\"Santos Ochoa Salamanca\" \/>\n<meta name=\"twitter:card\" content=\"summary_large_image\" \/>\n<meta name=\"twitter:label1\" content=\"Written by\" \/>\n\t<meta name=\"twitter:data1\" content=\"Santos Ochoa Salamanca\" \/>\n\t<meta name=\"twitter:label2\" content=\"Est. reading time\" \/>\n\t<meta name=\"twitter:data2\" content=\"6 minutos\" \/>\n<script type=\"application\/ld+json\" class=\"yoast-schema-graph\">{\"@context\":\"https:\/\/schema.org\",\"@graph\":[{\"@type\":\"Article\",\"@id\":\"https:\/\/blogs.santosochoa.es\/salamanca\/salus-casaseca-hector-abad-faciolince-y-paola-boutellier\/#article\",\"isPartOf\":{\"@id\":\"https:\/\/blogs.santosochoa.es\/salamanca\/salus-casaseca-hector-abad-faciolince-y-paola-boutellier\/\"},\"author\":{\"name\":\"Santos Ochoa Salamanca\",\"@id\":\"https:\/\/blogs.santosochoa.es\/salamanca\/#\/schema\/person\/a125e75c96c8702907b25e61f1c0b772\"},\"headline\":\"Salus Casaseca, H\u00e9ctor Abad Faciolince y Paola Boutellier\",\"datePublished\":\"2023-03-30T10:08:32+00:00\",\"dateModified\":\"2023-03-30T10:08:34+00:00\",\"mainEntityOfPage\":{\"@id\":\"https:\/\/blogs.santosochoa.es\/salamanca\/salus-casaseca-hector-abad-faciolince-y-paola-boutellier\/\"},\"wordCount\":1110,\"image\":{\"@id\":\"https:\/\/blogs.santosochoa.es\/salamanca\/salus-casaseca-hector-abad-faciolince-y-paola-boutellier\/#primaryimage\"},\"thumbnailUrl\":\"https:\/\/blogs.santosochoa.es\/salamanca\/wp-content\/uploads\/sites\/3\/2022\/10\/salvo-mi-corazon-todo-esta-bien_hector-abad-faciolince.jpg\",\"articleSection\":[\"libros\",\"libros salamanca\"],\"inLanguage\":\"es\"},{\"@type\":\"WebPage\",\"@id\":\"https:\/\/blogs.santosochoa.es\/salamanca\/salus-casaseca-hector-abad-faciolince-y-paola-boutellier\/\",\"url\":\"https:\/\/blogs.santosochoa.es\/salamanca\/salus-casaseca-hector-abad-faciolince-y-paola-boutellier\/\",\"name\":\"Salus Casaseca, H\u00e9ctor Abad Faciolince y Paola Boutellier - Santos Ochoa Salamanca\",\"isPartOf\":{\"@id\":\"https:\/\/blogs.santosochoa.es\/salamanca\/#website\"},\"primaryImageOfPage\":{\"@id\":\"https:\/\/blogs.santosochoa.es\/salamanca\/salus-casaseca-hector-abad-faciolince-y-paola-boutellier\/#primaryimage\"},\"image\":{\"@id\":\"https:\/\/blogs.santosochoa.es\/salamanca\/salus-casaseca-hector-abad-faciolince-y-paola-boutellier\/#primaryimage\"},\"thumbnailUrl\":\"https:\/\/blogs.santosochoa.es\/salamanca\/wp-content\/uploads\/sites\/3\/2022\/10\/salvo-mi-corazon-todo-esta-bien_hector-abad-faciolince.jpg\",\"datePublished\":\"2023-03-30T10:08:32+00:00\",\"dateModified\":\"2023-03-30T10:08:34+00:00\",\"author\":{\"@id\":\"https:\/\/blogs.santosochoa.es\/salamanca\/#\/schema\/person\/a125e75c96c8702907b25e61f1c0b772\"},\"description\":\"Salus Casaseca presenta \\\"La tiza de oro\\\". H\u00e9ctor Abad Faciolince presenta \\\"Salvo mi coraz\u00f3n, todo est\u00e1 bien\\\". Paola Boutellier presenta \\\"A\u00fan no es tarde\\\"\",\"breadcrumb\":{\"@id\":\"https:\/\/blogs.santosochoa.es\/salamanca\/salus-casaseca-hector-abad-faciolince-y-paola-boutellier\/#breadcrumb\"},\"inLanguage\":\"es\",\"potentialAction\":[{\"@type\":\"ReadAction\",\"target\":[\"https:\/\/blogs.santosochoa.es\/salamanca\/salus-casaseca-hector-abad-faciolince-y-paola-boutellier\/\"]}]},{\"@type\":\"ImageObject\",\"inLanguage\":\"es\",\"@id\":\"https:\/\/blogs.santosochoa.es\/salamanca\/salus-casaseca-hector-abad-faciolince-y-paola-boutellier\/#primaryimage\",\"url\":\"https:\/\/blogs.santosochoa.es\/salamanca\/wp-content\/uploads\/sites\/3\/2022\/10\/salvo-mi-corazon-todo-esta-bien_hector-abad-faciolince.jpg\",\"contentUrl\":\"https:\/\/blogs.santosochoa.es\/salamanca\/wp-content\/uploads\/sites\/3\/2022\/10\/salvo-mi-corazon-todo-esta-bien_hector-abad-faciolince.jpg\",\"width\":591,\"height\":937},{\"@type\":\"BreadcrumbList\",\"@id\":\"https:\/\/blogs.santosochoa.es\/salamanca\/salus-casaseca-hector-abad-faciolince-y-paola-boutellier\/#breadcrumb\",\"itemListElement\":[{\"@type\":\"ListItem\",\"position\":1,\"name\":\"Home\",\"item\":\"https:\/\/blogs.santosochoa.es\/salamanca\/\"},{\"@type\":\"ListItem\",\"position\":2,\"name\":\"Salus Casaseca, H\u00e9ctor Abad Faciolince y Paola Boutellier\"}]},{\"@type\":\"WebSite\",\"@id\":\"https:\/\/blogs.santosochoa.es\/salamanca\/#website\",\"url\":\"https:\/\/blogs.santosochoa.es\/salamanca\/\",\"name\":\"Santos Ochoa Salamanca\",\"description\":\"Tu Librer\u00eda Online\",\"potentialAction\":[{\"@type\":\"SearchAction\",\"target\":{\"@type\":\"EntryPoint\",\"urlTemplate\":\"https:\/\/blogs.santosochoa.es\/salamanca\/?s={search_term_string}\"},\"query-input\":{\"@type\":\"PropertyValueSpecification\",\"valueRequired\":true,\"valueName\":\"search_term_string\"}}],\"inLanguage\":\"es\"},{\"@type\":\"Person\",\"@id\":\"https:\/\/blogs.santosochoa.es\/salamanca\/#\/schema\/person\/a125e75c96c8702907b25e61f1c0b772\",\"name\":\"Santos Ochoa Salamanca\"}]}<\/script>\n<!-- \/ Yoast SEO plugin. -->","yoast_head_json":{"title":"Salus Casaseca, H\u00e9ctor Abad Faciolince y Paola Boutellier - Santos Ochoa Salamanca","description":"Salus Casaseca presenta \"La tiza de oro\". H\u00e9ctor Abad Faciolince presenta \"Salvo mi coraz\u00f3n, todo est\u00e1 bien\". Paola Boutellier presenta \"A\u00fan no es tarde\"","robots":{"index":"index","follow":"follow","max-snippet":"max-snippet:-1","max-image-preview":"max-image-preview:large","max-video-preview":"max-video-preview:-1"},"canonical":"https:\/\/blogs.santosochoa.es\/salamanca\/salus-casaseca-hector-abad-faciolince-y-paola-boutellier\/","og_locale":"es_ES","og_type":"article","og_title":"Salus Casaseca, H\u00e9ctor Abad Faciolince y Paola Boutellier - Santos Ochoa Salamanca","og_description":"Salus Casaseca presenta \"La tiza de oro\". H\u00e9ctor Abad Faciolince presenta \"Salvo mi coraz\u00f3n, todo est\u00e1 bien\". Paola Boutellier presenta \"A\u00fan no es tarde\"","og_url":"https:\/\/blogs.santosochoa.es\/salamanca\/salus-casaseca-hector-abad-faciolince-y-paola-boutellier\/","og_site_name":"Santos Ochoa Salamanca","article_published_time":"2023-03-30T10:08:32+00:00","article_modified_time":"2023-03-30T10:08:34+00:00","og_image":[{"width":591,"height":937,"url":"https:\/\/blogs.santosochoa.es\/salamanca\/wp-content\/uploads\/sites\/3\/2022\/10\/salvo-mi-corazon-todo-esta-bien_hector-abad-faciolince.jpg","type":"image\/jpeg"}],"author":"Santos Ochoa Salamanca","twitter_card":"summary_large_image","twitter_misc":{"Written by":"Santos Ochoa Salamanca","Est. reading time":"6 minutos"},"schema":{"@context":"https:\/\/schema.org","@graph":[{"@type":"Article","@id":"https:\/\/blogs.santosochoa.es\/salamanca\/salus-casaseca-hector-abad-faciolince-y-paola-boutellier\/#article","isPartOf":{"@id":"https:\/\/blogs.santosochoa.es\/salamanca\/salus-casaseca-hector-abad-faciolince-y-paola-boutellier\/"},"author":{"name":"Santos Ochoa Salamanca","@id":"https:\/\/blogs.santosochoa.es\/salamanca\/#\/schema\/person\/a125e75c96c8702907b25e61f1c0b772"},"headline":"Salus Casaseca, H\u00e9ctor Abad Faciolince y Paola Boutellier","datePublished":"2023-03-30T10:08:32+00:00","dateModified":"2023-03-30T10:08:34+00:00","mainEntityOfPage":{"@id":"https:\/\/blogs.santosochoa.es\/salamanca\/salus-casaseca-hector-abad-faciolince-y-paola-boutellier\/"},"wordCount":1110,"image":{"@id":"https:\/\/blogs.santosochoa.es\/salamanca\/salus-casaseca-hector-abad-faciolince-y-paola-boutellier\/#primaryimage"},"thumbnailUrl":"https:\/\/blogs.santosochoa.es\/salamanca\/wp-content\/uploads\/sites\/3\/2022\/10\/salvo-mi-corazon-todo-esta-bien_hector-abad-faciolince.jpg","articleSection":["libros","libros salamanca"],"inLanguage":"es"},{"@type":"WebPage","@id":"https:\/\/blogs.santosochoa.es\/salamanca\/salus-casaseca-hector-abad-faciolince-y-paola-boutellier\/","url":"https:\/\/blogs.santosochoa.es\/salamanca\/salus-casaseca-hector-abad-faciolince-y-paola-boutellier\/","name":"Salus Casaseca, H\u00e9ctor Abad Faciolince y Paola Boutellier - Santos Ochoa Salamanca","isPartOf":{"@id":"https:\/\/blogs.santosochoa.es\/salamanca\/#website"},"primaryImageOfPage":{"@id":"https:\/\/blogs.santosochoa.es\/salamanca\/salus-casaseca-hector-abad-faciolince-y-paola-boutellier\/#primaryimage"},"image":{"@id":"https:\/\/blogs.santosochoa.es\/salamanca\/salus-casaseca-hector-abad-faciolince-y-paola-boutellier\/#primaryimage"},"thumbnailUrl":"https:\/\/blogs.santosochoa.es\/salamanca\/wp-content\/uploads\/sites\/3\/2022\/10\/salvo-mi-corazon-todo-esta-bien_hector-abad-faciolince.jpg","datePublished":"2023-03-30T10:08:32+00:00","dateModified":"2023-03-30T10:08:34+00:00","author":{"@id":"https:\/\/blogs.santosochoa.es\/salamanca\/#\/schema\/person\/a125e75c96c8702907b25e61f1c0b772"},"description":"Salus Casaseca presenta \"La tiza de oro\". H\u00e9ctor Abad Faciolince presenta \"Salvo mi coraz\u00f3n, todo est\u00e1 bien\". Paola Boutellier presenta \"A\u00fan no es tarde\"","breadcrumb":{"@id":"https:\/\/blogs.santosochoa.es\/salamanca\/salus-casaseca-hector-abad-faciolince-y-paola-boutellier\/#breadcrumb"},"inLanguage":"es","potentialAction":[{"@type":"ReadAction","target":["https:\/\/blogs.santosochoa.es\/salamanca\/salus-casaseca-hector-abad-faciolince-y-paola-boutellier\/"]}]},{"@type":"ImageObject","inLanguage":"es","@id":"https:\/\/blogs.santosochoa.es\/salamanca\/salus-casaseca-hector-abad-faciolince-y-paola-boutellier\/#primaryimage","url":"https:\/\/blogs.santosochoa.es\/salamanca\/wp-content\/uploads\/sites\/3\/2022\/10\/salvo-mi-corazon-todo-esta-bien_hector-abad-faciolince.jpg","contentUrl":"https:\/\/blogs.santosochoa.es\/salamanca\/wp-content\/uploads\/sites\/3\/2022\/10\/salvo-mi-corazon-todo-esta-bien_hector-abad-faciolince.jpg","width":591,"height":937},{"@type":"BreadcrumbList","@id":"https:\/\/blogs.santosochoa.es\/salamanca\/salus-casaseca-hector-abad-faciolince-y-paola-boutellier\/#breadcrumb","itemListElement":[{"@type":"ListItem","position":1,"name":"Home","item":"https:\/\/blogs.santosochoa.es\/salamanca\/"},{"@type":"ListItem","position":2,"name":"Salus Casaseca, H\u00e9ctor Abad Faciolince y Paola Boutellier"}]},{"@type":"WebSite","@id":"https:\/\/blogs.santosochoa.es\/salamanca\/#website","url":"https:\/\/blogs.santosochoa.es\/salamanca\/","name":"Santos Ochoa Salamanca","description":"Tu Librer\u00eda Online","potentialAction":[{"@type":"SearchAction","target":{"@type":"EntryPoint","urlTemplate":"https:\/\/blogs.santosochoa.es\/salamanca\/?s={search_term_string}"},"query-input":{"@type":"PropertyValueSpecification","valueRequired":true,"valueName":"search_term_string"}}],"inLanguage":"es"},{"@type":"Person","@id":"https:\/\/blogs.santosochoa.es\/salamanca\/#\/schema\/person\/a125e75c96c8702907b25e61f1c0b772","name":"Santos Ochoa Salamanca"}]}},"_links":{"self":[{"href":"https:\/\/blogs.santosochoa.es\/salamanca\/wp-json\/wp\/v2\/posts\/1480","targetHints":{"allow":["GET"]}}],"collection":[{"href":"https:\/\/blogs.santosochoa.es\/salamanca\/wp-json\/wp\/v2\/posts"}],"about":[{"href":"https:\/\/blogs.santosochoa.es\/salamanca\/wp-json\/wp\/v2\/types\/post"}],"author":[{"embeddable":true,"href":"https:\/\/blogs.santosochoa.es\/salamanca\/wp-json\/wp\/v2\/users\/2"}],"replies":[{"embeddable":true,"href":"https:\/\/blogs.santosochoa.es\/salamanca\/wp-json\/wp\/v2\/comments?post=1480"}],"version-history":[{"count":2,"href":"https:\/\/blogs.santosochoa.es\/salamanca\/wp-json\/wp\/v2\/posts\/1480\/revisions"}],"predecessor-version":[{"id":1482,"href":"https:\/\/blogs.santosochoa.es\/salamanca\/wp-json\/wp\/v2\/posts\/1480\/revisions\/1482"}],"wp:featuredmedia":[{"embeddable":true,"href":"https:\/\/blogs.santosochoa.es\/salamanca\/wp-json\/wp\/v2\/media\/1357"}],"wp:attachment":[{"href":"https:\/\/blogs.santosochoa.es\/salamanca\/wp-json\/wp\/v2\/media?parent=1480"}],"wp:term":[{"taxonomy":"category","embeddable":true,"href":"https:\/\/blogs.santosochoa.es\/salamanca\/wp-json\/wp\/v2\/categories?post=1480"},{"taxonomy":"post_tag","embeddable":true,"href":"https:\/\/blogs.santosochoa.es\/salamanca\/wp-json\/wp\/v2\/tags?post=1480"}],"curies":[{"name":"wp","href":"https:\/\/api.w.org\/{rel}","templated":true}]}}