{"id":1466,"date":"2023-03-15T13:53:25","date_gmt":"2023-03-15T12:53:25","guid":{"rendered":"https:\/\/blogs.santosochoa.es\/salamanca\/?p=1466"},"modified":"2023-03-15T13:53:27","modified_gmt":"2023-03-15T12:53:27","slug":"victor-sombra-luis-garcia-jambrina-y-jesus-sanchez-adalid","status":"publish","type":"post","link":"https:\/\/blogs.santosochoa.es\/salamanca\/victor-sombra-luis-garcia-jambrina-y-jesus-sanchez-adalid\/","title":{"rendered":"V\u00edctor Sombra, Luis Garc\u00eda Jambrina y Jes\u00fas S\u00e1nchez Adalid"},"content":{"rendered":"\n<h2 class=\"wp-block-heading\"><strong>V\u00edctor Sombra presenta <em>A doble ciego<\/em>, una novela inteligente y apasionante, una intriga sobre los cr\u00edmenes del sistema<\/strong>.<\/h2>\n\n\n\n<h3 class=\"wp-block-heading\"><strong>Martes 21 de marzo<\/strong><strong>, a las 19:30 h.<\/strong><\/h3>\n\n\n\n<h4 class=\"wp-block-heading\">Librer\u00eda Santos Ochoa. Gran V\u00eda, 12, Salamanca<\/h4>\n\n\n\n<div class=\"wp-block-image\"><figure class=\"alignright size-large is-resized\"><a href=\"https:\/\/www.santosochoa.es\/libros\/sombra-victor_a-doble-ciego_9788439741565\" target=\"_blank\" rel=\"noopener noreferrer\"><img decoding=\"async\" src=\"https:\/\/blogs.santosochoa.es\/salamanca\/wp-content\/uploads\/sites\/3\/2023\/02\/a-doble-ciego_victor-sombra.jpg\" alt=\"\" class=\"wp-image-1448\" width=\"300\" srcset=\"https:\/\/blogs.santosochoa.es\/salamanca\/wp-content\/uploads\/sites\/3\/2023\/02\/a-doble-ciego_victor-sombra.jpg 591w, https:\/\/blogs.santosochoa.es\/salamanca\/wp-content\/uploads\/sites\/3\/2023\/02\/a-doble-ciego_victor-sombra-178x300.jpg 178w\" sizes=\"(max-width: 591px) 100vw, 591px\" \/><\/a><\/figure><\/div>\n\n\n\n<h5 class=\"wp-block-heading\"><strong>Un grupo de j\u00f3venes activistas y hackers de diferente procedencia se presenta al concurso a la mejor innovaci\u00f3n n\u00f3rdica con un proyecto para recopilar datos de cualquier sistema y crear conexiones con el big data. No logran resultar premiados, pero al final del evento reciben un misterioso encargo para recabar datos sobre un medicamento y su uso en pacientes de distintos lugares del mundo. El grupo acepta sin saber apenas nada de qui\u00e9n les ha hecho un encargo tan bien retribuido ni para qu\u00e9 servir\u00e1n sus resultados. Poco a poco se ir\u00e1n desvelando algunos engranajes de la interacci\u00f3n entre el sector farmac\u00e9utico y el dinero.<\/strong><\/h5>\n\n\n\n<p><em>A doble ciego<\/em> es una novela negra sin disparos ni apu\u00f1alamientos, una inteligente y apasionante trama de espionaje situada entre Noruega y Espa\u00f1a en la que Sombra se adentra en las encrucijadas del big data y la producci\u00f3n de medicamentos, y pone de manifiesto lo que \u00e9l denomina \u00abcrowdkilling\u00bb: los delitos sist\u00e9micos en los que todos participamos, los que se mimetizan con el d\u00eda a d\u00eda y se detectan apenas como un ruido de fondo.<\/p>\n\n\n\n<p><em>\u00abUna manera nueva de contar, un thriller que estremece y al mismo tiempo piensa\u00bb<\/em>. Bel\u00e9n Gopegui.<\/p>\n\n\n\n<p><strong>V\u00edctor Sombra<\/strong> (Salamanca, 1969) es un narrador que busca situarse en la intersecci\u00f3n de distintos estilos y g\u00e9neros para asomarse a las encrucijadas sociales, tecnol\u00f3gicas y pol\u00edticas de nuestro tiempo. Es autor de <em>La quimera del Hombre Tanque<\/em> y <em>Canje<\/em>. Ambas novelas combinan la reflexi\u00f3n social y pol\u00edtica con una descarnada intriga criminal. En una novela anterior, <em>Aquiescencia<\/em>, se cuestiona, en el marco de los debates y negociaciones internacionales, la naturaleza y definici\u00f3n de Internet. Tambi\u00e9n ha publicado el libro de ensayos <em>Cuarto de derrota<\/em>. En este libro, Sombra a\u00fana reflexiones sobre ciencia, literatura y pol\u00edtica para transitar en algunos de los escenarios en que se dirime la crisis de la globalizaci\u00f3n: sanidad, vivienda, expansi\u00f3n de las plataformas tecnol\u00f3gicas, fundamentalismo religioso.<\/p>\n\n\n\n<p>Con su \u00faltima novela, <em>A doble ciego<\/em>, Sombra pretende componer una serie dedicada a lo que denomina \u00abcrowdkilling\u00bb, esto es, cr\u00edmenes sist\u00e9micos en los que todos participamos, ya sea en el \u00e1mbito de la producci\u00f3n de medicamentos, el medioambiente o el relato medi\u00e1tico que compone nuestros d\u00edas. Desde hace m\u00e1s de quince a\u00f1os, reside en Ginebra, donde trabaja para las Naciones Unidas y presta servicios de consultor\u00eda para una <em>hedge fund<\/em>. V\u00edctor Sombra resume as\u00ed su estilo: \u00abSi sufres de insomnio, lees y escribes mucho, los remordimientos y los secretos pueden alimentar la vocaci\u00f3n literaria\u00bb.<\/p>\n\n\n\n<div style=\"height:50px\" aria-hidden=\"true\" class=\"wp-block-spacer\"><\/div>\n\n\n\n<h2 class=\"wp-block-heading\"><strong>Luis Garc\u00eda Jambrina presenta <em>As\u00ed en la guerra como en la paz<\/em>. Un alegato en favor de la vida y el amor en un tiempo de ira y de destrucci\u00f3n<\/strong><\/h2>\n\n\n\n<h3 class=\"wp-block-heading\"><strong>Jueves 23 de marzo<\/strong><strong>, a las 19:30 h.<\/strong><\/h3>\n\n\n\n<h4 class=\"wp-block-heading\">Librer\u00eda Santos Ochoa. Gran V\u00eda, 12, Salamanca<\/h4>\n\n\n\n<div class=\"wp-block-image\"><figure class=\"alignleft size-large is-resized\"><a href=\"https:\/\/www.santosochoa.es\/libros\/garcia-jambrina-luis_asi-en-la-guerra-como-en-la-paz_9788467067576\" target=\"_blank\" rel=\"noopener noreferrer\"><img decoding=\"async\" src=\"https:\/\/blogs.santosochoa.es\/salamanca\/wp-content\/uploads\/sites\/3\/2023\/02\/asi-en-la-guerra-como-en-la-paz_luis-garcia-jambrina.jpg\" alt=\"\" class=\"wp-image-1450\" width=\"300\" srcset=\"https:\/\/blogs.santosochoa.es\/salamanca\/wp-content\/uploads\/sites\/3\/2023\/02\/asi-en-la-guerra-como-en-la-paz_luis-garcia-jambrina.jpg 591w, https:\/\/blogs.santosochoa.es\/salamanca\/wp-content\/uploads\/sites\/3\/2023\/02\/asi-en-la-guerra-como-en-la-paz_luis-garcia-jambrina-199x300.jpg 199w\" sizes=\"(max-width: 591px) 100vw, 591px\" \/><\/a><\/figure><\/div>\n\n\n\n<p>Acompa\u00f1a al autor <strong>Soledad Murillo<\/strong>, profesora de Sociolog\u00eda de la Universidad de Salamanca.<\/p>\n\n\n\n<h5 class=\"wp-block-heading\"><strong>Invierno de 1808-1809. El ej\u00e9rcito brit\u00e1nico al mando de sir John Moore es enviado a ayudar a la causa espa\u00f1ola durante la Guerra de la Independencia, pero al poco tiempo se ver\u00e1 obligado a replegarse a la ciudad de A Coru\u00f1a perseguido por las fuerzas de Napole\u00f3n.<\/strong><\/h5>\n\n\n\n<p>La irlandesa Catherine Gallagher, esposa de un soldado de infanter\u00eda, nos cuenta desde dentro c\u00f3mo fue el d\u00eda a d\u00eda de esa tr\u00e1gica retirada por tierras de Zamora, Le\u00f3n y Galicia en un invierno especialmente duro e inclemente.<\/p>\n\n\n\n<p>Basada en unos hechos hist\u00f3ricos que conmovieron a la opini\u00f3n p\u00fablica de la \u00e9poca, esta novela da voz a las grandes olvidadas de entonces, aquellas mujeres que acompa\u00f1aban, a veces con sus hijos, a las tropas brit\u00e1nicas en campa\u00f1a.<\/p>\n\n\n\n<p>Una historia conmovedora llena de emoci\u00f3n, tenacidad y hero\u00edsmo, protagonizada por una mujer singular envuelta en unas circunstancias extraordinarias.<\/p>\n\n\n\n<p><strong>Luis Garc\u00eda Jambrina<\/strong> es doctor en Filolog\u00eda Hisp\u00e1nica por la Universidad de Salamanca y profesor titular de la misma. Es autor del libro de cuentos <em>Muertos S. A.<\/em> y de una decena de novelas, entre las que destacan <em>En tierra de lobos, La sombra de otro<\/em> y la exitosa serie compuesta por <em>El manuscrito de piedra, El manuscrito de nieve, El manuscrito de fuego, El manuscrito de aire, El manuscrito de barro<\/em> y <em>El manuscrito de niebla<\/em>. Junto a Manuel Mench\u00f3n, ha publicado el ensayo <em>La doble muerte de Unamuno<\/em>.<\/p>\n\n\n\n<div style=\"height:50px\" aria-hidden=\"true\" class=\"wp-block-spacer\"><\/div>\n\n\n\n<h2 class=\"wp-block-heading\"><strong>Jes\u00fas S\u00e1nchez Adalid presenta <em>Una luz en la noche de Roma<\/em>. Una formidable historia basada en hechos y testimonios reales<\/strong>.<\/h2>\n\n\n\n<h3 class=\"wp-block-heading\"><strong>Viernes 24 de marzo<\/strong><strong>, a las 19:30 h.<\/strong><\/h3>\n\n\n\n<h4 class=\"wp-block-heading\">Librer\u00eda Santos Ochoa. Gran V\u00eda, 12, Salamanca<\/h4>\n\n\n\n<div class=\"wp-block-image\"><figure class=\"alignright size-large is-resized\"><img decoding=\"async\" src=\"https:\/\/blogs.santosochoa.es\/salamanca\/wp-content\/uploads\/sites\/3\/2023\/03\/una-luz-en-la-noche-de-roma.jpg\" alt=\"\" class=\"wp-image-1465\" width=\"300\" srcset=\"https:\/\/blogs.santosochoa.es\/salamanca\/wp-content\/uploads\/sites\/3\/2023\/03\/una-luz-en-la-noche-de-roma.jpg 591w, https:\/\/blogs.santosochoa.es\/salamanca\/wp-content\/uploads\/sites\/3\/2023\/03\/una-luz-en-la-noche-de-roma-204x300.jpg 204w\" sizes=\"(max-width: 591px) 100vw, 591px\" \/><\/figure><\/div>\n\n\n\n<p><strong>Una novela imprescindible y esperanzadora para los tiempos que corren.<\/strong><\/p>\n\n\n\n<h5 class=\"wp-block-heading\"><strong>En el verano de 1943, Gina, una estudiante de familia acomodada, se enamora perdidamente de Betto, un intr\u00e9pido muchacho jud\u00edo que forma parte de una organizaci\u00f3n clandestina. Entre ambos surge una original, intensa y prohibida relaci\u00f3n que transcurre en el devenir de una de las tragedias m\u00e1s impresionantes de la historia reciente de Europa.<\/strong><\/h5>\n\n\n\n<p>Tras la estramb\u00f3tica ca\u00edda de Mussolini, Roma se precipita hacia una tormenta de violencia que culminar\u00e1 con la ocupaci\u00f3n de la ciudad por las tropas de Hitler. Por otra parte, cuando las SS se disponen a capturar a todos los jud\u00edos del barrio hebreo, en el hospital de la isla Tiberina ser\u00e1 ideado un sofisticado enga\u00f1o para salvar a un buen n\u00famero de personas: el llamado \u00abS\u00edndrome K\u00bb.<\/p>\n\n\n\n<p>La idea de narrar esta formidable historia surge cuando alguien se puso en contacto con el escritor Jes\u00fas S\u00e1nchez Adalid y le inform\u00f3 de la existencia de unos documentos de valor inestimable. Nadie sabe por qu\u00e9 motivo estos datos hist\u00f3ricos permanec\u00edan sin salir a la luz desde hace ocho d\u00e9cadas, guardados en el secreto de algunos archivos de la Segunda Guerra Mundial. Tras una investigaci\u00f3n apasionante, S\u00e1nchez Adalid encontr\u00f3 a los descendientes de los protagonistas reales, que le proporcionaron el fant\u00e1stico elenco de testimonios, revelaciones, nombres, fechas y an\u00e9cdotas que componen el cuerpo de la narraci\u00f3n.<\/p>\n\n\n\n<p><strong>Jes\u00fas S\u00e1nchez Adalid<\/strong> (Badajoz, 1962) es autor de novelas hist\u00f3ricas como <em>El moz\u00e1rabe<\/em> o <em>El cautivo<\/em> y ha recibido importantes galardones como escritor, destacando el Premio Fernando Lara en 2007 por su novela <em>El alma de la ciudad<\/em> o el Premio de Novela Hist\u00f3rica Alfonso X el Sabio en 2012 por <em>Alcazaba<\/em>. Tambi\u00e9n fue reconocido por el conjunto de su obra con el Premio Internacional de Novela Hist\u00f3rica Ciudad de Zaragoza, considerado el m\u00e1ximo galard\u00f3n en el g\u00e9nero. Adem\u00e1s, ha sido distinguido con la Medalla de Extremadura en 2009 y es acad\u00e9mico de n\u00famero de la Real Academia de las Artes y las Letras de Extremadura; tambi\u00e9n es patrono de la prestigiosa Fundaci\u00f3n Paradigma C\u00f3rdoba.<\/p>\n","protected":false},"excerpt":{"rendered":"<p>V\u00edctor Sombra \u00abA doble ciego\u00bb. Luis Garc\u00eda Jambrina \u00abAs\u00ed en la guerra como en la paz\u00bb. Jes\u00fas S\u00e1nchez Adalid \u00abUna luz en la noche de Roma\u00bb.<\/p>\n","protected":false},"author":2,"featured_media":1448,"comment_status":"closed","ping_status":"closed","sticky":false,"template":"","format":"standard","meta":{"footnotes":""},"categories":[9,14],"tags":[],"class_list":["post-1466","post","type-post","status-publish","format-standard","has-post-thumbnail","hentry","category-libros","category-libros-salamanca"],"yoast_head":"<!-- This site is optimized with the Yoast SEO plugin v27.2 - https:\/\/yoast.com\/product\/yoast-seo-wordpress\/ -->\n<title>V\u00edctor Sombra, Luis Garc\u00eda Jambrina y Jes\u00fas S\u00e1nchez Adalid - Santos Ochoa Salamanca<\/title>\n<meta name=\"description\" content=\"V\u00edctor Sombra &quot;A doble ciego&quot;. Luis Garc\u00eda Jambrina &quot;As\u00ed en la guerra como en la paz&quot;. Jes\u00fas S\u00e1nchez Adalid &quot;Una luz en la noche de Roma&quot;.\" \/>\n<meta name=\"robots\" content=\"index, follow, max-snippet:-1, max-image-preview:large, max-video-preview:-1\" \/>\n<link rel=\"canonical\" href=\"https:\/\/blogs.santosochoa.es\/salamanca\/victor-sombra-luis-garcia-jambrina-y-jesus-sanchez-adalid\/\" \/>\n<meta property=\"og:locale\" content=\"es_ES\" \/>\n<meta property=\"og:type\" content=\"article\" \/>\n<meta property=\"og:title\" content=\"V\u00edctor Sombra, Luis Garc\u00eda Jambrina y Jes\u00fas S\u00e1nchez Adalid - Santos Ochoa Salamanca\" \/>\n<meta property=\"og:description\" content=\"V\u00edctor Sombra &quot;A doble ciego&quot;. Luis Garc\u00eda Jambrina &quot;As\u00ed en la guerra como en la paz&quot;. Jes\u00fas S\u00e1nchez Adalid &quot;Una luz en la noche de Roma&quot;.\" \/>\n<meta property=\"og:url\" content=\"https:\/\/blogs.santosochoa.es\/salamanca\/victor-sombra-luis-garcia-jambrina-y-jesus-sanchez-adalid\/\" \/>\n<meta property=\"og:site_name\" content=\"Santos Ochoa Salamanca\" \/>\n<meta property=\"article:published_time\" content=\"2023-03-15T12:53:25+00:00\" \/>\n<meta property=\"article:modified_time\" content=\"2023-03-15T12:53:27+00:00\" \/>\n<meta property=\"og:image\" content=\"https:\/\/blogs.santosochoa.es\/salamanca\/wp-content\/uploads\/sites\/3\/2023\/02\/a-doble-ciego_victor-sombra.jpg\" \/>\n\t<meta property=\"og:image:width\" content=\"591\" \/>\n\t<meta property=\"og:image:height\" content=\"998\" \/>\n\t<meta property=\"og:image:type\" content=\"image\/jpeg\" \/>\n<meta name=\"author\" content=\"Santos Ochoa Salamanca\" \/>\n<meta name=\"twitter:card\" content=\"summary_large_image\" \/>\n<meta name=\"twitter:label1\" content=\"Written by\" \/>\n\t<meta name=\"twitter:data1\" content=\"Santos Ochoa Salamanca\" \/>\n\t<meta name=\"twitter:label2\" content=\"Est. reading time\" \/>\n\t<meta name=\"twitter:data2\" content=\"6 minutos\" \/>\n<script type=\"application\/ld+json\" class=\"yoast-schema-graph\">{\"@context\":\"https:\/\/schema.org\",\"@graph\":[{\"@type\":\"Article\",\"@id\":\"https:\/\/blogs.santosochoa.es\/salamanca\/victor-sombra-luis-garcia-jambrina-y-jesus-sanchez-adalid\/#article\",\"isPartOf\":{\"@id\":\"https:\/\/blogs.santosochoa.es\/salamanca\/victor-sombra-luis-garcia-jambrina-y-jesus-sanchez-adalid\/\"},\"author\":{\"name\":\"Santos Ochoa Salamanca\",\"@id\":\"https:\/\/blogs.santosochoa.es\/salamanca\/#\/schema\/person\/a125e75c96c8702907b25e61f1c0b772\"},\"headline\":\"V\u00edctor Sombra, Luis Garc\u00eda Jambrina y Jes\u00fas S\u00e1nchez Adalid\",\"datePublished\":\"2023-03-15T12:53:25+00:00\",\"dateModified\":\"2023-03-15T12:53:27+00:00\",\"mainEntityOfPage\":{\"@id\":\"https:\/\/blogs.santosochoa.es\/salamanca\/victor-sombra-luis-garcia-jambrina-y-jesus-sanchez-adalid\/\"},\"wordCount\":1226,\"image\":{\"@id\":\"https:\/\/blogs.santosochoa.es\/salamanca\/victor-sombra-luis-garcia-jambrina-y-jesus-sanchez-adalid\/#primaryimage\"},\"thumbnailUrl\":\"https:\/\/blogs.santosochoa.es\/salamanca\/wp-content\/uploads\/sites\/3\/2023\/02\/a-doble-ciego_victor-sombra.jpg\",\"articleSection\":[\"libros\",\"libros salamanca\"],\"inLanguage\":\"es\"},{\"@type\":\"WebPage\",\"@id\":\"https:\/\/blogs.santosochoa.es\/salamanca\/victor-sombra-luis-garcia-jambrina-y-jesus-sanchez-adalid\/\",\"url\":\"https:\/\/blogs.santosochoa.es\/salamanca\/victor-sombra-luis-garcia-jambrina-y-jesus-sanchez-adalid\/\",\"name\":\"V\u00edctor Sombra, Luis Garc\u00eda Jambrina y Jes\u00fas S\u00e1nchez Adalid - Santos Ochoa Salamanca\",\"isPartOf\":{\"@id\":\"https:\/\/blogs.santosochoa.es\/salamanca\/#website\"},\"primaryImageOfPage\":{\"@id\":\"https:\/\/blogs.santosochoa.es\/salamanca\/victor-sombra-luis-garcia-jambrina-y-jesus-sanchez-adalid\/#primaryimage\"},\"image\":{\"@id\":\"https:\/\/blogs.santosochoa.es\/salamanca\/victor-sombra-luis-garcia-jambrina-y-jesus-sanchez-adalid\/#primaryimage\"},\"thumbnailUrl\":\"https:\/\/blogs.santosochoa.es\/salamanca\/wp-content\/uploads\/sites\/3\/2023\/02\/a-doble-ciego_victor-sombra.jpg\",\"datePublished\":\"2023-03-15T12:53:25+00:00\",\"dateModified\":\"2023-03-15T12:53:27+00:00\",\"author\":{\"@id\":\"https:\/\/blogs.santosochoa.es\/salamanca\/#\/schema\/person\/a125e75c96c8702907b25e61f1c0b772\"},\"description\":\"V\u00edctor Sombra \\\"A doble ciego\\\". Luis Garc\u00eda Jambrina \\\"As\u00ed en la guerra como en la paz\\\". Jes\u00fas S\u00e1nchez Adalid \\\"Una luz en la noche de Roma\\\".\",\"breadcrumb\":{\"@id\":\"https:\/\/blogs.santosochoa.es\/salamanca\/victor-sombra-luis-garcia-jambrina-y-jesus-sanchez-adalid\/#breadcrumb\"},\"inLanguage\":\"es\",\"potentialAction\":[{\"@type\":\"ReadAction\",\"target\":[\"https:\/\/blogs.santosochoa.es\/salamanca\/victor-sombra-luis-garcia-jambrina-y-jesus-sanchez-adalid\/\"]}]},{\"@type\":\"ImageObject\",\"inLanguage\":\"es\",\"@id\":\"https:\/\/blogs.santosochoa.es\/salamanca\/victor-sombra-luis-garcia-jambrina-y-jesus-sanchez-adalid\/#primaryimage\",\"url\":\"https:\/\/blogs.santosochoa.es\/salamanca\/wp-content\/uploads\/sites\/3\/2023\/02\/a-doble-ciego_victor-sombra.jpg\",\"contentUrl\":\"https:\/\/blogs.santosochoa.es\/salamanca\/wp-content\/uploads\/sites\/3\/2023\/02\/a-doble-ciego_victor-sombra.jpg\",\"width\":591,\"height\":998},{\"@type\":\"BreadcrumbList\",\"@id\":\"https:\/\/blogs.santosochoa.es\/salamanca\/victor-sombra-luis-garcia-jambrina-y-jesus-sanchez-adalid\/#breadcrumb\",\"itemListElement\":[{\"@type\":\"ListItem\",\"position\":1,\"name\":\"Home\",\"item\":\"https:\/\/blogs.santosochoa.es\/salamanca\/\"},{\"@type\":\"ListItem\",\"position\":2,\"name\":\"V\u00edctor Sombra, Luis Garc\u00eda Jambrina y Jes\u00fas S\u00e1nchez Adalid\"}]},{\"@type\":\"WebSite\",\"@id\":\"https:\/\/blogs.santosochoa.es\/salamanca\/#website\",\"url\":\"https:\/\/blogs.santosochoa.es\/salamanca\/\",\"name\":\"Santos Ochoa Salamanca\",\"description\":\"Tu Librer\u00eda Online\",\"potentialAction\":[{\"@type\":\"SearchAction\",\"target\":{\"@type\":\"EntryPoint\",\"urlTemplate\":\"https:\/\/blogs.santosochoa.es\/salamanca\/?s={search_term_string}\"},\"query-input\":{\"@type\":\"PropertyValueSpecification\",\"valueRequired\":true,\"valueName\":\"search_term_string\"}}],\"inLanguage\":\"es\"},{\"@type\":\"Person\",\"@id\":\"https:\/\/blogs.santosochoa.es\/salamanca\/#\/schema\/person\/a125e75c96c8702907b25e61f1c0b772\",\"name\":\"Santos Ochoa Salamanca\"}]}<\/script>\n<!-- \/ Yoast SEO plugin. -->","yoast_head_json":{"title":"V\u00edctor Sombra, Luis Garc\u00eda Jambrina y Jes\u00fas S\u00e1nchez Adalid - Santos Ochoa Salamanca","description":"V\u00edctor Sombra \"A doble ciego\". Luis Garc\u00eda Jambrina \"As\u00ed en la guerra como en la paz\". Jes\u00fas S\u00e1nchez Adalid \"Una luz en la noche de Roma\".","robots":{"index":"index","follow":"follow","max-snippet":"max-snippet:-1","max-image-preview":"max-image-preview:large","max-video-preview":"max-video-preview:-1"},"canonical":"https:\/\/blogs.santosochoa.es\/salamanca\/victor-sombra-luis-garcia-jambrina-y-jesus-sanchez-adalid\/","og_locale":"es_ES","og_type":"article","og_title":"V\u00edctor Sombra, Luis Garc\u00eda Jambrina y Jes\u00fas S\u00e1nchez Adalid - Santos Ochoa Salamanca","og_description":"V\u00edctor Sombra \"A doble ciego\". Luis Garc\u00eda Jambrina \"As\u00ed en la guerra como en la paz\". Jes\u00fas S\u00e1nchez Adalid \"Una luz en la noche de Roma\".","og_url":"https:\/\/blogs.santosochoa.es\/salamanca\/victor-sombra-luis-garcia-jambrina-y-jesus-sanchez-adalid\/","og_site_name":"Santos Ochoa Salamanca","article_published_time":"2023-03-15T12:53:25+00:00","article_modified_time":"2023-03-15T12:53:27+00:00","og_image":[{"width":591,"height":998,"url":"https:\/\/blogs.santosochoa.es\/salamanca\/wp-content\/uploads\/sites\/3\/2023\/02\/a-doble-ciego_victor-sombra.jpg","type":"image\/jpeg"}],"author":"Santos Ochoa Salamanca","twitter_card":"summary_large_image","twitter_misc":{"Written by":"Santos Ochoa Salamanca","Est. reading time":"6 minutos"},"schema":{"@context":"https:\/\/schema.org","@graph":[{"@type":"Article","@id":"https:\/\/blogs.santosochoa.es\/salamanca\/victor-sombra-luis-garcia-jambrina-y-jesus-sanchez-adalid\/#article","isPartOf":{"@id":"https:\/\/blogs.santosochoa.es\/salamanca\/victor-sombra-luis-garcia-jambrina-y-jesus-sanchez-adalid\/"},"author":{"name":"Santos Ochoa Salamanca","@id":"https:\/\/blogs.santosochoa.es\/salamanca\/#\/schema\/person\/a125e75c96c8702907b25e61f1c0b772"},"headline":"V\u00edctor Sombra, Luis Garc\u00eda Jambrina y Jes\u00fas S\u00e1nchez Adalid","datePublished":"2023-03-15T12:53:25+00:00","dateModified":"2023-03-15T12:53:27+00:00","mainEntityOfPage":{"@id":"https:\/\/blogs.santosochoa.es\/salamanca\/victor-sombra-luis-garcia-jambrina-y-jesus-sanchez-adalid\/"},"wordCount":1226,"image":{"@id":"https:\/\/blogs.santosochoa.es\/salamanca\/victor-sombra-luis-garcia-jambrina-y-jesus-sanchez-adalid\/#primaryimage"},"thumbnailUrl":"https:\/\/blogs.santosochoa.es\/salamanca\/wp-content\/uploads\/sites\/3\/2023\/02\/a-doble-ciego_victor-sombra.jpg","articleSection":["libros","libros salamanca"],"inLanguage":"es"},{"@type":"WebPage","@id":"https:\/\/blogs.santosochoa.es\/salamanca\/victor-sombra-luis-garcia-jambrina-y-jesus-sanchez-adalid\/","url":"https:\/\/blogs.santosochoa.es\/salamanca\/victor-sombra-luis-garcia-jambrina-y-jesus-sanchez-adalid\/","name":"V\u00edctor Sombra, Luis Garc\u00eda Jambrina y Jes\u00fas S\u00e1nchez Adalid - Santos Ochoa Salamanca","isPartOf":{"@id":"https:\/\/blogs.santosochoa.es\/salamanca\/#website"},"primaryImageOfPage":{"@id":"https:\/\/blogs.santosochoa.es\/salamanca\/victor-sombra-luis-garcia-jambrina-y-jesus-sanchez-adalid\/#primaryimage"},"image":{"@id":"https:\/\/blogs.santosochoa.es\/salamanca\/victor-sombra-luis-garcia-jambrina-y-jesus-sanchez-adalid\/#primaryimage"},"thumbnailUrl":"https:\/\/blogs.santosochoa.es\/salamanca\/wp-content\/uploads\/sites\/3\/2023\/02\/a-doble-ciego_victor-sombra.jpg","datePublished":"2023-03-15T12:53:25+00:00","dateModified":"2023-03-15T12:53:27+00:00","author":{"@id":"https:\/\/blogs.santosochoa.es\/salamanca\/#\/schema\/person\/a125e75c96c8702907b25e61f1c0b772"},"description":"V\u00edctor Sombra \"A doble ciego\". Luis Garc\u00eda Jambrina \"As\u00ed en la guerra como en la paz\". Jes\u00fas S\u00e1nchez Adalid \"Una luz en la noche de Roma\".","breadcrumb":{"@id":"https:\/\/blogs.santosochoa.es\/salamanca\/victor-sombra-luis-garcia-jambrina-y-jesus-sanchez-adalid\/#breadcrumb"},"inLanguage":"es","potentialAction":[{"@type":"ReadAction","target":["https:\/\/blogs.santosochoa.es\/salamanca\/victor-sombra-luis-garcia-jambrina-y-jesus-sanchez-adalid\/"]}]},{"@type":"ImageObject","inLanguage":"es","@id":"https:\/\/blogs.santosochoa.es\/salamanca\/victor-sombra-luis-garcia-jambrina-y-jesus-sanchez-adalid\/#primaryimage","url":"https:\/\/blogs.santosochoa.es\/salamanca\/wp-content\/uploads\/sites\/3\/2023\/02\/a-doble-ciego_victor-sombra.jpg","contentUrl":"https:\/\/blogs.santosochoa.es\/salamanca\/wp-content\/uploads\/sites\/3\/2023\/02\/a-doble-ciego_victor-sombra.jpg","width":591,"height":998},{"@type":"BreadcrumbList","@id":"https:\/\/blogs.santosochoa.es\/salamanca\/victor-sombra-luis-garcia-jambrina-y-jesus-sanchez-adalid\/#breadcrumb","itemListElement":[{"@type":"ListItem","position":1,"name":"Home","item":"https:\/\/blogs.santosochoa.es\/salamanca\/"},{"@type":"ListItem","position":2,"name":"V\u00edctor Sombra, Luis Garc\u00eda Jambrina y Jes\u00fas S\u00e1nchez Adalid"}]},{"@type":"WebSite","@id":"https:\/\/blogs.santosochoa.es\/salamanca\/#website","url":"https:\/\/blogs.santosochoa.es\/salamanca\/","name":"Santos Ochoa Salamanca","description":"Tu Librer\u00eda Online","potentialAction":[{"@type":"SearchAction","target":{"@type":"EntryPoint","urlTemplate":"https:\/\/blogs.santosochoa.es\/salamanca\/?s={search_term_string}"},"query-input":{"@type":"PropertyValueSpecification","valueRequired":true,"valueName":"search_term_string"}}],"inLanguage":"es"},{"@type":"Person","@id":"https:\/\/blogs.santosochoa.es\/salamanca\/#\/schema\/person\/a125e75c96c8702907b25e61f1c0b772","name":"Santos Ochoa Salamanca"}]}},"_links":{"self":[{"href":"https:\/\/blogs.santosochoa.es\/salamanca\/wp-json\/wp\/v2\/posts\/1466","targetHints":{"allow":["GET"]}}],"collection":[{"href":"https:\/\/blogs.santosochoa.es\/salamanca\/wp-json\/wp\/v2\/posts"}],"about":[{"href":"https:\/\/blogs.santosochoa.es\/salamanca\/wp-json\/wp\/v2\/types\/post"}],"author":[{"embeddable":true,"href":"https:\/\/blogs.santosochoa.es\/salamanca\/wp-json\/wp\/v2\/users\/2"}],"replies":[{"embeddable":true,"href":"https:\/\/blogs.santosochoa.es\/salamanca\/wp-json\/wp\/v2\/comments?post=1466"}],"version-history":[{"count":2,"href":"https:\/\/blogs.santosochoa.es\/salamanca\/wp-json\/wp\/v2\/posts\/1466\/revisions"}],"predecessor-version":[{"id":1468,"href":"https:\/\/blogs.santosochoa.es\/salamanca\/wp-json\/wp\/v2\/posts\/1466\/revisions\/1468"}],"wp:featuredmedia":[{"embeddable":true,"href":"https:\/\/blogs.santosochoa.es\/salamanca\/wp-json\/wp\/v2\/media\/1448"}],"wp:attachment":[{"href":"https:\/\/blogs.santosochoa.es\/salamanca\/wp-json\/wp\/v2\/media?parent=1466"}],"wp:term":[{"taxonomy":"category","embeddable":true,"href":"https:\/\/blogs.santosochoa.es\/salamanca\/wp-json\/wp\/v2\/categories?post=1466"},{"taxonomy":"post_tag","embeddable":true,"href":"https:\/\/blogs.santosochoa.es\/salamanca\/wp-json\/wp\/v2\/tags?post=1466"}],"curies":[{"name":"wp","href":"https:\/\/api.w.org\/{rel}","templated":true}]}}