{"id":1434,"date":"2023-02-16T12:19:39","date_gmt":"2023-02-16T11:19:39","guid":{"rendered":"https:\/\/blogs.santosochoa.es\/salamanca\/?p=1434"},"modified":"2023-02-16T12:19:41","modified_gmt":"2023-02-16T11:19:41","slug":"el-poder-de-las-palabras-con-mariano-sigman","status":"publish","type":"post","link":"https:\/\/blogs.santosochoa.es\/salamanca\/el-poder-de-las-palabras-con-mariano-sigman\/","title":{"rendered":"\u00abEl poder de las palabras\u00bb con Mariano Sigman"},"content":{"rendered":"\n<h2 class=\"wp-block-heading\"><strong><em>El poder de las palabras. C\u00f3mo cambiar tu cerebro (y tu vida) conversando<\/em>. Charla y libro de Mariano Sigman<\/strong><\/h2>\n\n\n\n<h3 class=\"wp-block-heading\"><strong>Jueves 23 de febrero<\/strong><strong>, a las 19:00 h.<\/strong><\/h3>\n\n\n\n<h4 class=\"wp-block-heading\">Librer\u00eda Santos Ochoa. Gran V\u00eda, 12, Salamanca<\/h4>\n\n\n\n<div class=\"wp-block-image\"><figure class=\"alignright size-large is-resized\"><a href=\"https:\/\/www.santosochoa.es\/libros\/sigman-mariano_el-poder-de-las-palabras_9788418006494\" target=\"_blank\" rel=\"noopener noreferrer\"><img decoding=\"async\" src=\"https:\/\/blogs.santosochoa.es\/salamanca\/wp-content\/uploads\/sites\/3\/2023\/01\/el-poder-de-las-palabras_mariano-sigman.jpg\" alt=\"\" class=\"wp-image-1428\" width=\"300\" srcset=\"https:\/\/blogs.santosochoa.es\/salamanca\/wp-content\/uploads\/sites\/3\/2023\/01\/el-poder-de-las-palabras_mariano-sigman.jpg 591w, https:\/\/blogs.santosochoa.es\/salamanca\/wp-content\/uploads\/sites\/3\/2023\/01\/el-poder-de-las-palabras_mariano-sigman-186x300.jpg 186w\" sizes=\"(max-width: 591px) 100vw, 591px\" \/><\/a><\/figure><\/div>\n\n\n\n<p><strong>H\u00e1blate bien. Gestiona tus emociones y mejora tu vida a trav\u00e9s del poder de las palabras. Aprende con Mariano Sigman, uno de los neurocient\u00edficos m\u00e1s destacados del mundo, c\u00f3mo la conversaci\u00f3n es la f\u00e1brica de ideas m\u00e1s extraordinaria para tu desarrollo personal.<\/strong><\/p>\n\n\n\n<h5 class=\"wp-block-heading\"><strong>Nuestra mente es mucho m\u00e1s maleable de lo que pensamos. Aunque nos resulte sorprendente, conservamos durante toda la vida la misma capacidad de aprender que ten\u00edamos cuando \u00e9ramos ni\u00f1os. Lo que s\u00ed perdemos con el paso del tiempo es la necesidad y la motivaci\u00f3n para aprender, de modo que vamos construyendo sentencias sobre lo que no podemos ser: el que est\u00e1 convencido de que las matem\u00e1ticas no son lo suyo, la que siente que no naci\u00f3 para la m\u00fasica, la que cree que no puede manejar su enfado y el que no puede superar sus miedos. Demoler estas creencias es el punto de partida para mejorar cualquier cosa, en cualquier momento de la vida.<\/strong><\/h5>\n\n\n\n<p>Esta es la buena noticia: se pueden cambiar ideas y sentimientos, aun aquellos que est\u00e1n profundamente arraigados. La mala noticia es que para transformarlos no basta con propon\u00e9rselo. As\u00ed como concluimos a la velocidad de un rayo si una persona nos parece confiable, inteligente o divertida, tambi\u00e9n los juicios sobre nosotros mismos son precipitados e imprecisos. Ese es el h\u00e1bito que tenemos que aprender: el de hablar con uno mismo.<\/p>\n\n\n\n<p>Por suerte, la mala noticia no es tan mala. Disponemos de una herramienta simple y potente: las buenas conversaciones. Mezclando neurociencia, historias de vida y mucho humor, este libro explica c\u00f3mo y por qu\u00e9 estas buenas conversaciones mejoran la toma de decisiones, las ideas, la memoria y la vida emocional y, as\u00ed, pueden cambiar tu vida.<\/p>\n\n\n\n<p><strong>Mariano Sigman<\/strong> obtuvo su doctorado en neurociencia en Nueva York y fue investigador en Par\u00eds antes de volver a Argentina. Es un referente en el mundo en la neurociencia de las decisiones, en neurociencia y educaci\u00f3n, y en la neurociencia de la comunicaci\u00f3n humana. Es uno de los directores del proyecto Human Brain Project, el esfuerzo m\u00e1s vasto del mundo para entender y emular el cerebro humano. Ha trabajado con magos, cocineros, ajedrecistas, m\u00fasicos y artistas pl\u00e1sticos para reunir el conocimiento de la neurociencia a distintos aspectos de la cultura humana. Ha desarrollado adem\u00e1s una extensa carrera de divulgaci\u00f3n cient\u00edfica que incluye columnas en las principales radios de Argentina, programas de televisi\u00f3n y cientos de art\u00edculos publicados en distintos medios editoriales del mundo.<\/p>\n","protected":false},"excerpt":{"rendered":"<p>El poder de las palabras. C\u00f3mo cambiar tu cerebro (y tu vida) conversando. Charla y libro de Mariano Sigman Jueves 23 de febrero, a las 19:00 h. Librer\u00eda Santos Ochoa. Gran V\u00eda, 12, Salamanca H\u00e1blate bien. Gestiona tus emociones y mejora tu vida a trav\u00e9s del poder de las palabras. Aprende con Mariano Sigman, uno [&hellip;]<\/p>\n","protected":false},"author":2,"featured_media":1428,"comment_status":"closed","ping_status":"closed","sticky":false,"template":"","format":"standard","meta":{"footnotes":""},"categories":[11,19,9],"tags":[],"class_list":["post-1434","post","type-post","status-publish","format-standard","has-post-thumbnail","hentry","category-charlas","category-el-arte-de-vivir","category-libros"],"yoast_head":"<!-- This site is optimized with the Yoast SEO plugin v27.2 - https:\/\/yoast.com\/product\/yoast-seo-wordpress\/ -->\n<title>&quot;El poder de las palabras&quot; con Mariano Sigman - Santos Ochoa Salamanca<\/title>\n<meta name=\"description\" content=\"El poder de las palabras. C\u00f3mo cambiar tu cerebro (y tu vida) conversando. Charla y libro de Mariano Sigman\" \/>\n<meta name=\"robots\" content=\"index, follow, max-snippet:-1, max-image-preview:large, max-video-preview:-1\" \/>\n<link rel=\"canonical\" href=\"https:\/\/blogs.santosochoa.es\/salamanca\/el-poder-de-las-palabras-con-mariano-sigman\/\" \/>\n<meta property=\"og:locale\" content=\"es_ES\" \/>\n<meta property=\"og:type\" content=\"article\" \/>\n<meta property=\"og:title\" content=\"&quot;El poder de las palabras&quot; con Mariano Sigman - Santos Ochoa Salamanca\" \/>\n<meta property=\"og:description\" content=\"El poder de las palabras. C\u00f3mo cambiar tu cerebro (y tu vida) conversando. Charla y libro de Mariano Sigman\" \/>\n<meta property=\"og:url\" content=\"https:\/\/blogs.santosochoa.es\/salamanca\/el-poder-de-las-palabras-con-mariano-sigman\/\" \/>\n<meta property=\"og:site_name\" content=\"Santos Ochoa Salamanca\" \/>\n<meta property=\"article:published_time\" content=\"2023-02-16T11:19:39+00:00\" \/>\n<meta property=\"article:modified_time\" content=\"2023-02-16T11:19:41+00:00\" \/>\n<meta property=\"og:image\" content=\"https:\/\/blogs.santosochoa.es\/salamanca\/wp-content\/uploads\/sites\/3\/2023\/01\/el-poder-de-las-palabras_mariano-sigman.jpg\" \/>\n\t<meta property=\"og:image:width\" content=\"591\" \/>\n\t<meta property=\"og:image:height\" content=\"952\" \/>\n\t<meta property=\"og:image:type\" content=\"image\/jpeg\" \/>\n<meta name=\"author\" content=\"Santos Ochoa Salamanca\" \/>\n<meta name=\"twitter:card\" content=\"summary_large_image\" \/>\n<meta name=\"twitter:label1\" content=\"Written by\" \/>\n\t<meta name=\"twitter:data1\" content=\"Santos Ochoa Salamanca\" \/>\n\t<meta name=\"twitter:label2\" content=\"Est. reading time\" \/>\n\t<meta name=\"twitter:data2\" content=\"2 minutos\" \/>\n<script type=\"application\/ld+json\" class=\"yoast-schema-graph\">{\"@context\":\"https:\/\/schema.org\",\"@graph\":[{\"@type\":\"Article\",\"@id\":\"https:\/\/blogs.santosochoa.es\/salamanca\/el-poder-de-las-palabras-con-mariano-sigman\/#article\",\"isPartOf\":{\"@id\":\"https:\/\/blogs.santosochoa.es\/salamanca\/el-poder-de-las-palabras-con-mariano-sigman\/\"},\"author\":{\"name\":\"Santos Ochoa Salamanca\",\"@id\":\"https:\/\/blogs.santosochoa.es\/salamanca\/#\/schema\/person\/a125e75c96c8702907b25e61f1c0b772\"},\"headline\":\"\u00abEl poder de las palabras\u00bb con Mariano Sigman\",\"datePublished\":\"2023-02-16T11:19:39+00:00\",\"dateModified\":\"2023-02-16T11:19:41+00:00\",\"mainEntityOfPage\":{\"@id\":\"https:\/\/blogs.santosochoa.es\/salamanca\/el-poder-de-las-palabras-con-mariano-sigman\/\"},\"wordCount\":477,\"image\":{\"@id\":\"https:\/\/blogs.santosochoa.es\/salamanca\/el-poder-de-las-palabras-con-mariano-sigman\/#primaryimage\"},\"thumbnailUrl\":\"https:\/\/blogs.santosochoa.es\/salamanca\/wp-content\/uploads\/sites\/3\/2023\/01\/el-poder-de-las-palabras_mariano-sigman.jpg\",\"articleSection\":[\"charlas\",\"el arte de vivir\",\"libros\"],\"inLanguage\":\"es\"},{\"@type\":\"WebPage\",\"@id\":\"https:\/\/blogs.santosochoa.es\/salamanca\/el-poder-de-las-palabras-con-mariano-sigman\/\",\"url\":\"https:\/\/blogs.santosochoa.es\/salamanca\/el-poder-de-las-palabras-con-mariano-sigman\/\",\"name\":\"\\\"El poder de las palabras\\\" con Mariano Sigman - Santos Ochoa Salamanca\",\"isPartOf\":{\"@id\":\"https:\/\/blogs.santosochoa.es\/salamanca\/#website\"},\"primaryImageOfPage\":{\"@id\":\"https:\/\/blogs.santosochoa.es\/salamanca\/el-poder-de-las-palabras-con-mariano-sigman\/#primaryimage\"},\"image\":{\"@id\":\"https:\/\/blogs.santosochoa.es\/salamanca\/el-poder-de-las-palabras-con-mariano-sigman\/#primaryimage\"},\"thumbnailUrl\":\"https:\/\/blogs.santosochoa.es\/salamanca\/wp-content\/uploads\/sites\/3\/2023\/01\/el-poder-de-las-palabras_mariano-sigman.jpg\",\"datePublished\":\"2023-02-16T11:19:39+00:00\",\"dateModified\":\"2023-02-16T11:19:41+00:00\",\"author\":{\"@id\":\"https:\/\/blogs.santosochoa.es\/salamanca\/#\/schema\/person\/a125e75c96c8702907b25e61f1c0b772\"},\"description\":\"El poder de las palabras. C\u00f3mo cambiar tu cerebro (y tu vida) conversando. Charla y libro de Mariano Sigman\",\"breadcrumb\":{\"@id\":\"https:\/\/blogs.santosochoa.es\/salamanca\/el-poder-de-las-palabras-con-mariano-sigman\/#breadcrumb\"},\"inLanguage\":\"es\",\"potentialAction\":[{\"@type\":\"ReadAction\",\"target\":[\"https:\/\/blogs.santosochoa.es\/salamanca\/el-poder-de-las-palabras-con-mariano-sigman\/\"]}]},{\"@type\":\"ImageObject\",\"inLanguage\":\"es\",\"@id\":\"https:\/\/blogs.santosochoa.es\/salamanca\/el-poder-de-las-palabras-con-mariano-sigman\/#primaryimage\",\"url\":\"https:\/\/blogs.santosochoa.es\/salamanca\/wp-content\/uploads\/sites\/3\/2023\/01\/el-poder-de-las-palabras_mariano-sigman.jpg\",\"contentUrl\":\"https:\/\/blogs.santosochoa.es\/salamanca\/wp-content\/uploads\/sites\/3\/2023\/01\/el-poder-de-las-palabras_mariano-sigman.jpg\",\"width\":591,\"height\":952},{\"@type\":\"BreadcrumbList\",\"@id\":\"https:\/\/blogs.santosochoa.es\/salamanca\/el-poder-de-las-palabras-con-mariano-sigman\/#breadcrumb\",\"itemListElement\":[{\"@type\":\"ListItem\",\"position\":1,\"name\":\"Home\",\"item\":\"https:\/\/blogs.santosochoa.es\/salamanca\/\"},{\"@type\":\"ListItem\",\"position\":2,\"name\":\"\u00abEl poder de las palabras\u00bb con Mariano Sigman\"}]},{\"@type\":\"WebSite\",\"@id\":\"https:\/\/blogs.santosochoa.es\/salamanca\/#website\",\"url\":\"https:\/\/blogs.santosochoa.es\/salamanca\/\",\"name\":\"Santos Ochoa Salamanca\",\"description\":\"Tu Librer\u00eda Online\",\"potentialAction\":[{\"@type\":\"SearchAction\",\"target\":{\"@type\":\"EntryPoint\",\"urlTemplate\":\"https:\/\/blogs.santosochoa.es\/salamanca\/?s={search_term_string}\"},\"query-input\":{\"@type\":\"PropertyValueSpecification\",\"valueRequired\":true,\"valueName\":\"search_term_string\"}}],\"inLanguage\":\"es\"},{\"@type\":\"Person\",\"@id\":\"https:\/\/blogs.santosochoa.es\/salamanca\/#\/schema\/person\/a125e75c96c8702907b25e61f1c0b772\",\"name\":\"Santos Ochoa Salamanca\"}]}<\/script>\n<!-- \/ Yoast SEO plugin. -->","yoast_head_json":{"title":"\"El poder de las palabras\" con Mariano Sigman - Santos Ochoa Salamanca","description":"El poder de las palabras. C\u00f3mo cambiar tu cerebro (y tu vida) conversando. Charla y libro de Mariano Sigman","robots":{"index":"index","follow":"follow","max-snippet":"max-snippet:-1","max-image-preview":"max-image-preview:large","max-video-preview":"max-video-preview:-1"},"canonical":"https:\/\/blogs.santosochoa.es\/salamanca\/el-poder-de-las-palabras-con-mariano-sigman\/","og_locale":"es_ES","og_type":"article","og_title":"\"El poder de las palabras\" con Mariano Sigman - Santos Ochoa Salamanca","og_description":"El poder de las palabras. C\u00f3mo cambiar tu cerebro (y tu vida) conversando. Charla y libro de Mariano Sigman","og_url":"https:\/\/blogs.santosochoa.es\/salamanca\/el-poder-de-las-palabras-con-mariano-sigman\/","og_site_name":"Santos Ochoa Salamanca","article_published_time":"2023-02-16T11:19:39+00:00","article_modified_time":"2023-02-16T11:19:41+00:00","og_image":[{"width":591,"height":952,"url":"https:\/\/blogs.santosochoa.es\/salamanca\/wp-content\/uploads\/sites\/3\/2023\/01\/el-poder-de-las-palabras_mariano-sigman.jpg","type":"image\/jpeg"}],"author":"Santos Ochoa Salamanca","twitter_card":"summary_large_image","twitter_misc":{"Written by":"Santos Ochoa Salamanca","Est. reading time":"2 minutos"},"schema":{"@context":"https:\/\/schema.org","@graph":[{"@type":"Article","@id":"https:\/\/blogs.santosochoa.es\/salamanca\/el-poder-de-las-palabras-con-mariano-sigman\/#article","isPartOf":{"@id":"https:\/\/blogs.santosochoa.es\/salamanca\/el-poder-de-las-palabras-con-mariano-sigman\/"},"author":{"name":"Santos Ochoa Salamanca","@id":"https:\/\/blogs.santosochoa.es\/salamanca\/#\/schema\/person\/a125e75c96c8702907b25e61f1c0b772"},"headline":"\u00abEl poder de las palabras\u00bb con Mariano Sigman","datePublished":"2023-02-16T11:19:39+00:00","dateModified":"2023-02-16T11:19:41+00:00","mainEntityOfPage":{"@id":"https:\/\/blogs.santosochoa.es\/salamanca\/el-poder-de-las-palabras-con-mariano-sigman\/"},"wordCount":477,"image":{"@id":"https:\/\/blogs.santosochoa.es\/salamanca\/el-poder-de-las-palabras-con-mariano-sigman\/#primaryimage"},"thumbnailUrl":"https:\/\/blogs.santosochoa.es\/salamanca\/wp-content\/uploads\/sites\/3\/2023\/01\/el-poder-de-las-palabras_mariano-sigman.jpg","articleSection":["charlas","el arte de vivir","libros"],"inLanguage":"es"},{"@type":"WebPage","@id":"https:\/\/blogs.santosochoa.es\/salamanca\/el-poder-de-las-palabras-con-mariano-sigman\/","url":"https:\/\/blogs.santosochoa.es\/salamanca\/el-poder-de-las-palabras-con-mariano-sigman\/","name":"\"El poder de las palabras\" con Mariano Sigman - Santos Ochoa Salamanca","isPartOf":{"@id":"https:\/\/blogs.santosochoa.es\/salamanca\/#website"},"primaryImageOfPage":{"@id":"https:\/\/blogs.santosochoa.es\/salamanca\/el-poder-de-las-palabras-con-mariano-sigman\/#primaryimage"},"image":{"@id":"https:\/\/blogs.santosochoa.es\/salamanca\/el-poder-de-las-palabras-con-mariano-sigman\/#primaryimage"},"thumbnailUrl":"https:\/\/blogs.santosochoa.es\/salamanca\/wp-content\/uploads\/sites\/3\/2023\/01\/el-poder-de-las-palabras_mariano-sigman.jpg","datePublished":"2023-02-16T11:19:39+00:00","dateModified":"2023-02-16T11:19:41+00:00","author":{"@id":"https:\/\/blogs.santosochoa.es\/salamanca\/#\/schema\/person\/a125e75c96c8702907b25e61f1c0b772"},"description":"El poder de las palabras. C\u00f3mo cambiar tu cerebro (y tu vida) conversando. Charla y libro de Mariano Sigman","breadcrumb":{"@id":"https:\/\/blogs.santosochoa.es\/salamanca\/el-poder-de-las-palabras-con-mariano-sigman\/#breadcrumb"},"inLanguage":"es","potentialAction":[{"@type":"ReadAction","target":["https:\/\/blogs.santosochoa.es\/salamanca\/el-poder-de-las-palabras-con-mariano-sigman\/"]}]},{"@type":"ImageObject","inLanguage":"es","@id":"https:\/\/blogs.santosochoa.es\/salamanca\/el-poder-de-las-palabras-con-mariano-sigman\/#primaryimage","url":"https:\/\/blogs.santosochoa.es\/salamanca\/wp-content\/uploads\/sites\/3\/2023\/01\/el-poder-de-las-palabras_mariano-sigman.jpg","contentUrl":"https:\/\/blogs.santosochoa.es\/salamanca\/wp-content\/uploads\/sites\/3\/2023\/01\/el-poder-de-las-palabras_mariano-sigman.jpg","width":591,"height":952},{"@type":"BreadcrumbList","@id":"https:\/\/blogs.santosochoa.es\/salamanca\/el-poder-de-las-palabras-con-mariano-sigman\/#breadcrumb","itemListElement":[{"@type":"ListItem","position":1,"name":"Home","item":"https:\/\/blogs.santosochoa.es\/salamanca\/"},{"@type":"ListItem","position":2,"name":"\u00abEl poder de las palabras\u00bb con Mariano Sigman"}]},{"@type":"WebSite","@id":"https:\/\/blogs.santosochoa.es\/salamanca\/#website","url":"https:\/\/blogs.santosochoa.es\/salamanca\/","name":"Santos Ochoa Salamanca","description":"Tu Librer\u00eda Online","potentialAction":[{"@type":"SearchAction","target":{"@type":"EntryPoint","urlTemplate":"https:\/\/blogs.santosochoa.es\/salamanca\/?s={search_term_string}"},"query-input":{"@type":"PropertyValueSpecification","valueRequired":true,"valueName":"search_term_string"}}],"inLanguage":"es"},{"@type":"Person","@id":"https:\/\/blogs.santosochoa.es\/salamanca\/#\/schema\/person\/a125e75c96c8702907b25e61f1c0b772","name":"Santos Ochoa Salamanca"}]}},"_links":{"self":[{"href":"https:\/\/blogs.santosochoa.es\/salamanca\/wp-json\/wp\/v2\/posts\/1434","targetHints":{"allow":["GET"]}}],"collection":[{"href":"https:\/\/blogs.santosochoa.es\/salamanca\/wp-json\/wp\/v2\/posts"}],"about":[{"href":"https:\/\/blogs.santosochoa.es\/salamanca\/wp-json\/wp\/v2\/types\/post"}],"author":[{"embeddable":true,"href":"https:\/\/blogs.santosochoa.es\/salamanca\/wp-json\/wp\/v2\/users\/2"}],"replies":[{"embeddable":true,"href":"https:\/\/blogs.santosochoa.es\/salamanca\/wp-json\/wp\/v2\/comments?post=1434"}],"version-history":[{"count":2,"href":"https:\/\/blogs.santosochoa.es\/salamanca\/wp-json\/wp\/v2\/posts\/1434\/revisions"}],"predecessor-version":[{"id":1436,"href":"https:\/\/blogs.santosochoa.es\/salamanca\/wp-json\/wp\/v2\/posts\/1434\/revisions\/1436"}],"wp:featuredmedia":[{"embeddable":true,"href":"https:\/\/blogs.santosochoa.es\/salamanca\/wp-json\/wp\/v2\/media\/1428"}],"wp:attachment":[{"href":"https:\/\/blogs.santosochoa.es\/salamanca\/wp-json\/wp\/v2\/media?parent=1434"}],"wp:term":[{"taxonomy":"category","embeddable":true,"href":"https:\/\/blogs.santosochoa.es\/salamanca\/wp-json\/wp\/v2\/categories?post=1434"},{"taxonomy":"post_tag","embeddable":true,"href":"https:\/\/blogs.santosochoa.es\/salamanca\/wp-json\/wp\/v2\/tags?post=1434"}],"curies":[{"name":"wp","href":"https:\/\/api.w.org\/{rel}","templated":true}]}}