{"id":1415,"date":"2023-01-11T13:57:28","date_gmt":"2023-01-11T12:57:28","guid":{"rendered":"https:\/\/blogs.santosochoa.es\/salamanca\/?p=1415"},"modified":"2023-01-11T13:57:30","modified_gmt":"2023-01-11T12:57:30","slug":"poesia-y-estimulacion-musical-temprana","status":"publish","type":"post","link":"https:\/\/blogs.santosochoa.es\/salamanca\/poesia-y-estimulacion-musical-temprana\/","title":{"rendered":"Poes\u00eda y Estimulaci\u00f3n Musical Temprana"},"content":{"rendered":"\n<h2 class=\"wp-block-heading\"><strong>Lorena Blanco presenta <em>Vuela, sue\u00f1a, vive. Cr\u00f3nicas de una mente desordenada<\/em><\/strong>.<\/h2>\n\n\n\n<h3 class=\"wp-block-heading\"><strong>Jueves 19 de enero<\/strong><strong>, a las 19:30 h.<\/strong><\/h3>\n\n\n\n<h4 class=\"wp-block-heading\">Librer\u00eda Santos Ochoa. Gran V\u00eda, 12, Salamanca<\/h4>\n\n\n\n<div class=\"wp-block-image\"><figure class=\"alignright size-large is-resized\"><img decoding=\"async\" src=\"https:\/\/blogs.santosochoa.es\/salamanca\/wp-content\/uploads\/sites\/3\/2023\/01\/vuela-suena-vive_lorena-blanco.jpg\" alt=\"\" class=\"wp-image-1407\" width=\"300\" srcset=\"https:\/\/blogs.santosochoa.es\/salamanca\/wp-content\/uploads\/sites\/3\/2023\/01\/vuela-suena-vive_lorena-blanco.jpg 591w, https:\/\/blogs.santosochoa.es\/salamanca\/wp-content\/uploads\/sites\/3\/2023\/01\/vuela-suena-vive_lorena-blanco-211x300.jpg 211w\" sizes=\"(max-width: 591px) 100vw, 591px\" \/><\/figure><\/div>\n\n\n\n<h5 class=\"wp-block-heading\"><strong>Valent\u00eda, fuerza y amor propio. <em>Vuela, sue\u00f1a, vive. Cr\u00f3nicas de una mente desordenada<\/em> es un libro donde predomina la poes\u00eda, jugando con su forma y experimentando con ella, utilizando la prosa m\u00e1s l\u00edrica y el verso m\u00e1s narrativo, destruyendo la concepci\u00f3n cl\u00e1sica y tradicional de la poes\u00eda que en la literatura rom\u00e1ntica predomina.<\/strong><\/h5>\n\n\n\n<p>Temas como la inseguridad, el miedo o el desamor se desarrollan alrededor del tema principal, el crecimiento personal, plasm\u00e1ndose la evoluci\u00f3n gradual en cada una de las tres partes.<\/p>\n\n\n\n<p>Tres partes a trav\u00e9s de las cuales los sentimientos y vivencias que un adolescente experimenta son convertidas en poes\u00eda, convirtiendo en versos todo ello, consiguiendo conectar con el lector y con su parte m\u00e1s \u00edntima.<\/p>\n\n\n\n<p><strong>Lorena Blanco<\/strong> (Salamanca, 2003) escribe bajo el pseud\u00f3nimo de L.M. White, es estudiante de Magisterio en la Universidad de Salamanca, jugadora del Club Deportivo Ribert y entrenadora de la escuela de f\u00fatbol del mismo club. Durante su corta vida ha experimentado numerosas vivencias que han marcado un antes y un despu\u00e9s en su forma de pensar y percibir el mundo que la rodea. Por ello decidi\u00f3 que nada le impedir\u00eda hacer lo que tanto tiempo so\u00f1\u00f3: escribir. Tras varios a\u00f1os intentando descubrir su estilo, comenz\u00f3 a escribir su primer libro de poes\u00eda con diecis\u00e9is a\u00f1os. Es una persona luchadora, algo t\u00edmida pero muy cercana con la gente correcta, comprensiva y ambiciosa a la hora de conseguir sus objetivos.<\/p>\n\n\n\n<div style=\"height:50px\" aria-hidden=\"true\" class=\"wp-block-spacer\"><\/div>\n\n\n\n<h2 class=\"wp-block-heading\"><strong>Taller de Estimulaci\u00f3n Musical Temprana con el M\u00e9todo Suzuki (de 0 a 3 a\u00f1os)<\/strong><\/h2>\n\n\n\n<h3 class=\"wp-block-heading\"><strong>S\u00e1bado 21 de enero<\/strong><strong>, a las 12:00 h.<\/strong><\/h3>\n\n\n\n<h4 class=\"wp-block-heading\">Librer\u00eda Santos Ochoa. Gran V\u00eda, 12, Salamanca<\/h4>\n\n\n\n<p><strong>Edad:<\/strong> de 0 a 3 a\u00f1os (acompa\u00f1ados por un adulto)<\/p>\n\n\n\n<p><a href=\"https:\/\/blogs.santosochoa.es\/salamanca\/eventos\/taller-de-estimulacion-musical-temprana\/\" target=\"_blank\" rel=\"noreferrer noopener\"><strong>Plazas limitadas.<\/strong> Inscripci\u00f3n online pinchando aqu\u00ed<\/a>.<\/p>\n\n\n\n<div class=\"wp-block-image\"><figure class=\"alignleft size-large is-resized\"><img decoding=\"async\" src=\"https:\/\/blogs.santosochoa.es\/salamanca\/wp-content\/uploads\/sites\/3\/2023\/01\/play-suzuki_2.jpg\" alt=\"\" class=\"wp-image-1409\" width=\"300\" srcset=\"https:\/\/blogs.santosochoa.es\/salamanca\/wp-content\/uploads\/sites\/3\/2023\/01\/play-suzuki_2.jpg 556w, https:\/\/blogs.santosochoa.es\/salamanca\/wp-content\/uploads\/sites\/3\/2023\/01\/play-suzuki_2-225x300.jpg 225w\" sizes=\"(max-width: 556px) 100vw, 556px\" \/><\/figure><\/div>\n\n\n\n<h5 class=\"wp-block-heading\"><strong>La estimulaci\u00f3n musical temprana con la metodolog\u00eda Suzuki es una actividad en la que los padres y los beb\u00e9s interact\u00faan, junto con otras familias, dentro de un entorno de seguridad y bienestar. Un espacio id\u00f3neo para que los beb\u00e9s puedan desarrollar sus habilidades f\u00edsicas, ps\u00edquicas, sociales, interpersonales, intrapersonales y musicales a trav\u00e9s de canciones populares, instrumentos de percusi\u00f3n, rimas y cuentos. Haciendo uso de un lenguaje consciente mediante el refuerzo positivo.<\/strong><\/h5>\n\n\n\n<p>En este taller, Rosa Mar\u00eda Lorenzo ofrecer\u00e1 una demostraci\u00f3n de una sesi\u00f3n de Estimulaci\u00f3n Musical Temprana con el M\u00e9todo Suzuki para beb\u00e9s de 0 a 3 a\u00f1os y terminar\u00e1 con un cuentacuentos que permitir\u00e1 a los padres conocer y disfrutar de esta actividad musical junto a sus hijos.<\/p>\n\n\n\n<blockquote class=\"wp-block-quote is-layout-flow wp-block-quote-is-layout-flow\"><p><strong>El aprendizaje musical temprano sirve como base para un mejor desarrollo neuronal, f\u00edsico, psicol\u00f3gico, social, interpersonal e intrapersonal.<\/strong><\/p><\/blockquote>\n\n\n\n<p><strong>Rosa Mar\u00eda Lorenzo Cuesta<\/strong>, es Pedagoga Musical Sist\u00e9mica, profesora Suzuki de Viol\u00edn, Viola y Estimulaci\u00f3n musical Temprana (SET) y profesora de Music Mind Games. Con experiencia docente de m\u00e1s de 20 a\u00f1os tanto en Conservatorios Profesionales y Superiores de M\u00fasica, como en Escuelas Municipales y por supuesto en Escuelas especializadas en Metodolog\u00eda Suzuki. Es una apasionada de la pedagog\u00eda musical y de la educaci\u00f3n infantil desde edades tempranas. Su filosof\u00eda consiste en respetar los tiempos de aprendizaje y crear un entorno seguro, libre de presi\u00f3n y de juicios de valor.<\/p>\n","protected":false},"excerpt":{"rendered":"<p>Lorena Blanco presenta \u00abVuela, sue\u00f1a, vive. Cr\u00f3nicas de una mente desordenada\u00bb. Taller de Estimulaci\u00f3n Musical Temprana con el M\u00e9todo Suzuki (de 0 a 3 a\u00f1os)<\/p>\n","protected":false},"author":2,"featured_media":1407,"comment_status":"closed","ping_status":"closed","sticky":false,"template":"","format":"standard","meta":{"footnotes":""},"categories":[16,9,14,15],"tags":[],"class_list":["post-1415","post","type-post","status-publish","format-standard","has-post-thumbnail","hentry","category-infantil","category-libros","category-libros-salamanca","category-poesia"],"yoast_head":"<!-- This site is optimized with the Yoast SEO plugin v27.2 - https:\/\/yoast.com\/product\/yoast-seo-wordpress\/ -->\n<title>Poes\u00eda y Estimulaci\u00f3n Musical Temprana - Santos Ochoa Salamanca<\/title>\n<meta name=\"description\" content=\"Lorena Blanco presenta &quot;Vuela, sue\u00f1a, vive. Cr\u00f3nicas de una mente desordenada&quot;. Taller de Estimulaci\u00f3n Musical Temprana con el M\u00e9todo Suzuki (de 0 a 3 a\u00f1os)\" \/>\n<meta name=\"robots\" content=\"index, follow, max-snippet:-1, max-image-preview:large, max-video-preview:-1\" \/>\n<link rel=\"canonical\" href=\"https:\/\/blogs.santosochoa.es\/salamanca\/poesia-y-estimulacion-musical-temprana\/\" \/>\n<meta property=\"og:locale\" content=\"es_ES\" \/>\n<meta property=\"og:type\" content=\"article\" \/>\n<meta property=\"og:title\" content=\"Poes\u00eda y Estimulaci\u00f3n Musical Temprana - Santos Ochoa Salamanca\" \/>\n<meta property=\"og:description\" content=\"Lorena Blanco presenta &quot;Vuela, sue\u00f1a, vive. Cr\u00f3nicas de una mente desordenada&quot;. Taller de Estimulaci\u00f3n Musical Temprana con el M\u00e9todo Suzuki (de 0 a 3 a\u00f1os)\" \/>\n<meta property=\"og:url\" content=\"https:\/\/blogs.santosochoa.es\/salamanca\/poesia-y-estimulacion-musical-temprana\/\" \/>\n<meta property=\"og:site_name\" content=\"Santos Ochoa Salamanca\" \/>\n<meta property=\"article:published_time\" content=\"2023-01-11T12:57:28+00:00\" \/>\n<meta property=\"article:modified_time\" content=\"2023-01-11T12:57:30+00:00\" \/>\n<meta property=\"og:image\" content=\"https:\/\/blogs.santosochoa.es\/salamanca\/wp-content\/uploads\/sites\/3\/2023\/01\/vuela-suena-vive_lorena-blanco.jpg\" \/>\n\t<meta property=\"og:image:width\" content=\"591\" \/>\n\t<meta property=\"og:image:height\" content=\"839\" \/>\n\t<meta property=\"og:image:type\" content=\"image\/jpeg\" \/>\n<meta name=\"author\" content=\"Santos Ochoa Salamanca\" \/>\n<meta name=\"twitter:card\" content=\"summary_large_image\" \/>\n<meta name=\"twitter:label1\" content=\"Written by\" \/>\n\t<meta name=\"twitter:data1\" content=\"Santos Ochoa Salamanca\" \/>\n\t<meta name=\"twitter:label2\" content=\"Est. reading time\" \/>\n\t<meta name=\"twitter:data2\" content=\"3 minutos\" \/>\n<script type=\"application\/ld+json\" class=\"yoast-schema-graph\">{\"@context\":\"https:\/\/schema.org\",\"@graph\":[{\"@type\":\"Article\",\"@id\":\"https:\/\/blogs.santosochoa.es\/salamanca\/poesia-y-estimulacion-musical-temprana\/#article\",\"isPartOf\":{\"@id\":\"https:\/\/blogs.santosochoa.es\/salamanca\/poesia-y-estimulacion-musical-temprana\/\"},\"author\":{\"name\":\"Santos Ochoa Salamanca\",\"@id\":\"https:\/\/blogs.santosochoa.es\/salamanca\/#\/schema\/person\/a125e75c96c8702907b25e61f1c0b772\"},\"headline\":\"Poes\u00eda y Estimulaci\u00f3n Musical Temprana\",\"datePublished\":\"2023-01-11T12:57:28+00:00\",\"dateModified\":\"2023-01-11T12:57:30+00:00\",\"mainEntityOfPage\":{\"@id\":\"https:\/\/blogs.santosochoa.es\/salamanca\/poesia-y-estimulacion-musical-temprana\/\"},\"wordCount\":596,\"image\":{\"@id\":\"https:\/\/blogs.santosochoa.es\/salamanca\/poesia-y-estimulacion-musical-temprana\/#primaryimage\"},\"thumbnailUrl\":\"https:\/\/blogs.santosochoa.es\/salamanca\/wp-content\/uploads\/sites\/3\/2023\/01\/vuela-suena-vive_lorena-blanco.jpg\",\"articleSection\":[\"infantil\",\"libros\",\"libros salamanca\",\"poes\u00eda\"],\"inLanguage\":\"es\"},{\"@type\":\"WebPage\",\"@id\":\"https:\/\/blogs.santosochoa.es\/salamanca\/poesia-y-estimulacion-musical-temprana\/\",\"url\":\"https:\/\/blogs.santosochoa.es\/salamanca\/poesia-y-estimulacion-musical-temprana\/\",\"name\":\"Poes\u00eda y Estimulaci\u00f3n Musical Temprana - Santos Ochoa Salamanca\",\"isPartOf\":{\"@id\":\"https:\/\/blogs.santosochoa.es\/salamanca\/#website\"},\"primaryImageOfPage\":{\"@id\":\"https:\/\/blogs.santosochoa.es\/salamanca\/poesia-y-estimulacion-musical-temprana\/#primaryimage\"},\"image\":{\"@id\":\"https:\/\/blogs.santosochoa.es\/salamanca\/poesia-y-estimulacion-musical-temprana\/#primaryimage\"},\"thumbnailUrl\":\"https:\/\/blogs.santosochoa.es\/salamanca\/wp-content\/uploads\/sites\/3\/2023\/01\/vuela-suena-vive_lorena-blanco.jpg\",\"datePublished\":\"2023-01-11T12:57:28+00:00\",\"dateModified\":\"2023-01-11T12:57:30+00:00\",\"author\":{\"@id\":\"https:\/\/blogs.santosochoa.es\/salamanca\/#\/schema\/person\/a125e75c96c8702907b25e61f1c0b772\"},\"description\":\"Lorena Blanco presenta \\\"Vuela, sue\u00f1a, vive. Cr\u00f3nicas de una mente desordenada\\\". Taller de Estimulaci\u00f3n Musical Temprana con el M\u00e9todo Suzuki (de 0 a 3 a\u00f1os)\",\"breadcrumb\":{\"@id\":\"https:\/\/blogs.santosochoa.es\/salamanca\/poesia-y-estimulacion-musical-temprana\/#breadcrumb\"},\"inLanguage\":\"es\",\"potentialAction\":[{\"@type\":\"ReadAction\",\"target\":[\"https:\/\/blogs.santosochoa.es\/salamanca\/poesia-y-estimulacion-musical-temprana\/\"]}]},{\"@type\":\"ImageObject\",\"inLanguage\":\"es\",\"@id\":\"https:\/\/blogs.santosochoa.es\/salamanca\/poesia-y-estimulacion-musical-temprana\/#primaryimage\",\"url\":\"https:\/\/blogs.santosochoa.es\/salamanca\/wp-content\/uploads\/sites\/3\/2023\/01\/vuela-suena-vive_lorena-blanco.jpg\",\"contentUrl\":\"https:\/\/blogs.santosochoa.es\/salamanca\/wp-content\/uploads\/sites\/3\/2023\/01\/vuela-suena-vive_lorena-blanco.jpg\",\"width\":591,\"height\":839},{\"@type\":\"BreadcrumbList\",\"@id\":\"https:\/\/blogs.santosochoa.es\/salamanca\/poesia-y-estimulacion-musical-temprana\/#breadcrumb\",\"itemListElement\":[{\"@type\":\"ListItem\",\"position\":1,\"name\":\"Home\",\"item\":\"https:\/\/blogs.santosochoa.es\/salamanca\/\"},{\"@type\":\"ListItem\",\"position\":2,\"name\":\"Poes\u00eda y Estimulaci\u00f3n Musical Temprana\"}]},{\"@type\":\"WebSite\",\"@id\":\"https:\/\/blogs.santosochoa.es\/salamanca\/#website\",\"url\":\"https:\/\/blogs.santosochoa.es\/salamanca\/\",\"name\":\"Santos Ochoa Salamanca\",\"description\":\"Tu Librer\u00eda Online\",\"potentialAction\":[{\"@type\":\"SearchAction\",\"target\":{\"@type\":\"EntryPoint\",\"urlTemplate\":\"https:\/\/blogs.santosochoa.es\/salamanca\/?s={search_term_string}\"},\"query-input\":{\"@type\":\"PropertyValueSpecification\",\"valueRequired\":true,\"valueName\":\"search_term_string\"}}],\"inLanguage\":\"es\"},{\"@type\":\"Person\",\"@id\":\"https:\/\/blogs.santosochoa.es\/salamanca\/#\/schema\/person\/a125e75c96c8702907b25e61f1c0b772\",\"name\":\"Santos Ochoa Salamanca\"}]}<\/script>\n<!-- \/ Yoast SEO plugin. -->","yoast_head_json":{"title":"Poes\u00eda y Estimulaci\u00f3n Musical Temprana - Santos Ochoa Salamanca","description":"Lorena Blanco presenta \"Vuela, sue\u00f1a, vive. Cr\u00f3nicas de una mente desordenada\". Taller de Estimulaci\u00f3n Musical Temprana con el M\u00e9todo Suzuki (de 0 a 3 a\u00f1os)","robots":{"index":"index","follow":"follow","max-snippet":"max-snippet:-1","max-image-preview":"max-image-preview:large","max-video-preview":"max-video-preview:-1"},"canonical":"https:\/\/blogs.santosochoa.es\/salamanca\/poesia-y-estimulacion-musical-temprana\/","og_locale":"es_ES","og_type":"article","og_title":"Poes\u00eda y Estimulaci\u00f3n Musical Temprana - Santos Ochoa Salamanca","og_description":"Lorena Blanco presenta \"Vuela, sue\u00f1a, vive. Cr\u00f3nicas de una mente desordenada\". Taller de Estimulaci\u00f3n Musical Temprana con el M\u00e9todo Suzuki (de 0 a 3 a\u00f1os)","og_url":"https:\/\/blogs.santosochoa.es\/salamanca\/poesia-y-estimulacion-musical-temprana\/","og_site_name":"Santos Ochoa Salamanca","article_published_time":"2023-01-11T12:57:28+00:00","article_modified_time":"2023-01-11T12:57:30+00:00","og_image":[{"width":591,"height":839,"url":"https:\/\/blogs.santosochoa.es\/salamanca\/wp-content\/uploads\/sites\/3\/2023\/01\/vuela-suena-vive_lorena-blanco.jpg","type":"image\/jpeg"}],"author":"Santos Ochoa Salamanca","twitter_card":"summary_large_image","twitter_misc":{"Written by":"Santos Ochoa Salamanca","Est. reading time":"3 minutos"},"schema":{"@context":"https:\/\/schema.org","@graph":[{"@type":"Article","@id":"https:\/\/blogs.santosochoa.es\/salamanca\/poesia-y-estimulacion-musical-temprana\/#article","isPartOf":{"@id":"https:\/\/blogs.santosochoa.es\/salamanca\/poesia-y-estimulacion-musical-temprana\/"},"author":{"name":"Santos Ochoa Salamanca","@id":"https:\/\/blogs.santosochoa.es\/salamanca\/#\/schema\/person\/a125e75c96c8702907b25e61f1c0b772"},"headline":"Poes\u00eda y Estimulaci\u00f3n Musical Temprana","datePublished":"2023-01-11T12:57:28+00:00","dateModified":"2023-01-11T12:57:30+00:00","mainEntityOfPage":{"@id":"https:\/\/blogs.santosochoa.es\/salamanca\/poesia-y-estimulacion-musical-temprana\/"},"wordCount":596,"image":{"@id":"https:\/\/blogs.santosochoa.es\/salamanca\/poesia-y-estimulacion-musical-temprana\/#primaryimage"},"thumbnailUrl":"https:\/\/blogs.santosochoa.es\/salamanca\/wp-content\/uploads\/sites\/3\/2023\/01\/vuela-suena-vive_lorena-blanco.jpg","articleSection":["infantil","libros","libros salamanca","poes\u00eda"],"inLanguage":"es"},{"@type":"WebPage","@id":"https:\/\/blogs.santosochoa.es\/salamanca\/poesia-y-estimulacion-musical-temprana\/","url":"https:\/\/blogs.santosochoa.es\/salamanca\/poesia-y-estimulacion-musical-temprana\/","name":"Poes\u00eda y Estimulaci\u00f3n Musical Temprana - Santos Ochoa Salamanca","isPartOf":{"@id":"https:\/\/blogs.santosochoa.es\/salamanca\/#website"},"primaryImageOfPage":{"@id":"https:\/\/blogs.santosochoa.es\/salamanca\/poesia-y-estimulacion-musical-temprana\/#primaryimage"},"image":{"@id":"https:\/\/blogs.santosochoa.es\/salamanca\/poesia-y-estimulacion-musical-temprana\/#primaryimage"},"thumbnailUrl":"https:\/\/blogs.santosochoa.es\/salamanca\/wp-content\/uploads\/sites\/3\/2023\/01\/vuela-suena-vive_lorena-blanco.jpg","datePublished":"2023-01-11T12:57:28+00:00","dateModified":"2023-01-11T12:57:30+00:00","author":{"@id":"https:\/\/blogs.santosochoa.es\/salamanca\/#\/schema\/person\/a125e75c96c8702907b25e61f1c0b772"},"description":"Lorena Blanco presenta \"Vuela, sue\u00f1a, vive. Cr\u00f3nicas de una mente desordenada\". Taller de Estimulaci\u00f3n Musical Temprana con el M\u00e9todo Suzuki (de 0 a 3 a\u00f1os)","breadcrumb":{"@id":"https:\/\/blogs.santosochoa.es\/salamanca\/poesia-y-estimulacion-musical-temprana\/#breadcrumb"},"inLanguage":"es","potentialAction":[{"@type":"ReadAction","target":["https:\/\/blogs.santosochoa.es\/salamanca\/poesia-y-estimulacion-musical-temprana\/"]}]},{"@type":"ImageObject","inLanguage":"es","@id":"https:\/\/blogs.santosochoa.es\/salamanca\/poesia-y-estimulacion-musical-temprana\/#primaryimage","url":"https:\/\/blogs.santosochoa.es\/salamanca\/wp-content\/uploads\/sites\/3\/2023\/01\/vuela-suena-vive_lorena-blanco.jpg","contentUrl":"https:\/\/blogs.santosochoa.es\/salamanca\/wp-content\/uploads\/sites\/3\/2023\/01\/vuela-suena-vive_lorena-blanco.jpg","width":591,"height":839},{"@type":"BreadcrumbList","@id":"https:\/\/blogs.santosochoa.es\/salamanca\/poesia-y-estimulacion-musical-temprana\/#breadcrumb","itemListElement":[{"@type":"ListItem","position":1,"name":"Home","item":"https:\/\/blogs.santosochoa.es\/salamanca\/"},{"@type":"ListItem","position":2,"name":"Poes\u00eda y Estimulaci\u00f3n Musical Temprana"}]},{"@type":"WebSite","@id":"https:\/\/blogs.santosochoa.es\/salamanca\/#website","url":"https:\/\/blogs.santosochoa.es\/salamanca\/","name":"Santos Ochoa Salamanca","description":"Tu Librer\u00eda Online","potentialAction":[{"@type":"SearchAction","target":{"@type":"EntryPoint","urlTemplate":"https:\/\/blogs.santosochoa.es\/salamanca\/?s={search_term_string}"},"query-input":{"@type":"PropertyValueSpecification","valueRequired":true,"valueName":"search_term_string"}}],"inLanguage":"es"},{"@type":"Person","@id":"https:\/\/blogs.santosochoa.es\/salamanca\/#\/schema\/person\/a125e75c96c8702907b25e61f1c0b772","name":"Santos Ochoa Salamanca"}]}},"_links":{"self":[{"href":"https:\/\/blogs.santosochoa.es\/salamanca\/wp-json\/wp\/v2\/posts\/1415","targetHints":{"allow":["GET"]}}],"collection":[{"href":"https:\/\/blogs.santosochoa.es\/salamanca\/wp-json\/wp\/v2\/posts"}],"about":[{"href":"https:\/\/blogs.santosochoa.es\/salamanca\/wp-json\/wp\/v2\/types\/post"}],"author":[{"embeddable":true,"href":"https:\/\/blogs.santosochoa.es\/salamanca\/wp-json\/wp\/v2\/users\/2"}],"replies":[{"embeddable":true,"href":"https:\/\/blogs.santosochoa.es\/salamanca\/wp-json\/wp\/v2\/comments?post=1415"}],"version-history":[{"count":1,"href":"https:\/\/blogs.santosochoa.es\/salamanca\/wp-json\/wp\/v2\/posts\/1415\/revisions"}],"predecessor-version":[{"id":1416,"href":"https:\/\/blogs.santosochoa.es\/salamanca\/wp-json\/wp\/v2\/posts\/1415\/revisions\/1416"}],"wp:featuredmedia":[{"embeddable":true,"href":"https:\/\/blogs.santosochoa.es\/salamanca\/wp-json\/wp\/v2\/media\/1407"}],"wp:attachment":[{"href":"https:\/\/blogs.santosochoa.es\/salamanca\/wp-json\/wp\/v2\/media?parent=1415"}],"wp:term":[{"taxonomy":"category","embeddable":true,"href":"https:\/\/blogs.santosochoa.es\/salamanca\/wp-json\/wp\/v2\/categories?post=1415"},{"taxonomy":"post_tag","embeddable":true,"href":"https:\/\/blogs.santosochoa.es\/salamanca\/wp-json\/wp\/v2\/tags?post=1415"}],"curies":[{"name":"wp","href":"https:\/\/api.w.org\/{rel}","templated":true}]}}