{"id":1340,"date":"2022-10-13T12:29:40","date_gmt":"2022-10-13T10:29:40","guid":{"rendered":"https:\/\/blogs.santosochoa.es\/salamanca\/?p=1340"},"modified":"2022-10-19T12:41:18","modified_gmt":"2022-10-19T10:41:18","slug":"francisco-javier-martin-prieto-y-miguel-angel-fernandez-siguero","status":"publish","type":"post","link":"https:\/\/blogs.santosochoa.es\/salamanca\/francisco-javier-martin-prieto-y-miguel-angel-fernandez-siguero\/","title":{"rendered":"Francisco Javier Mart\u00edn Prieto y Miguel \u00c1ngel Fern\u00e1ndez Siguero"},"content":{"rendered":"\n<h2 class=\"wp-block-heading\"><strong>Francisco Javier Mart\u00edn Prieto presenta su \u00faltima novela: <em>Tobor<\/em><\/strong><\/h2>\n\n\n\n<h3 class=\"wp-block-heading\"><strong>Jueves 20 de octubre<\/strong><strong>, a las 19:30 h.<\/strong><\/h3>\n\n\n\n<h4 class=\"wp-block-heading\">Librer\u00eda Santos Ochoa. Gran V\u00eda, 12, Salamanca<\/h4>\n\n\n\n<div class=\"wp-block-image\"><figure class=\"alignleft size-large is-resized\"><a href=\"https:\/\/www.santosochoa.es\/libros\/martin-prieto-francisco-javier_tobor_9788409414949\" target=\"_blank\" rel=\"noopener noreferrer\"><img decoding=\"async\" src=\"https:\/\/blogs.santosochoa.es\/salamanca\/wp-content\/uploads\/sites\/3\/2022\/09\/tobor_martin-prieto.jpg\" alt=\"\" class=\"wp-image-1322\" width=\"300\" srcset=\"https:\/\/blogs.santosochoa.es\/salamanca\/wp-content\/uploads\/sites\/3\/2022\/09\/tobor_martin-prieto.jpg 591w, https:\/\/blogs.santosochoa.es\/salamanca\/wp-content\/uploads\/sites\/3\/2022\/09\/tobor_martin-prieto-205x300.jpg 205w\" sizes=\"(max-width: 591px) 100vw, 591px\" \/><\/a><\/figure><\/div>\n\n\n\n<p>Acompa\u00f1an al autor: Jos\u00e9 Vicente, librero retirado; Marie Lourdes Hern\u00e1ndez Ayora, prologuista del libro; Fernando Vicente, portada y banda sonora.<\/p>\n\n\n\n<h5 class=\"wp-block-heading\"><strong>Amistad, poder establecido, intereses creados y pactados en la sombra, hipocres\u00eda y otros temas de actualidad se entremezclan en esta obra y en otra \u00e9poca, en un lugar inventado para tal efecto.<\/strong><\/h5>\n\n\n\n<p><em>Tobor<\/em> es una novela corta o, como gusta al autor definirla, un ensayo novelado. Obra ligera, sutil, de f\u00e1cil lectura y seguimiento. La trama deja al lector la posibilidad de participar, seg\u00fan avanza en la lectura, para establecer hip\u00f3tesis sobre la verdadera causa de lo sucedido.<\/p>\n\n\n\n<p>Un relato ficticio ambientado en una \u00e9poca remota donde las pasiones brotan e impulsan al ser humano a conseguir su meta y no precisamente de forma legal u honesta. Amores no correspondidos, mentiras ocultas para controlar una situaci\u00f3n que ata\u00f1e a la moral, situaciones de poder, poderes establecidos, estamentos sociales. \u00bfHasta es capaz de llegar el ser humano para mantener sus principios y valores u ocultarlos con tal de conseguir sus objetivos? \u00bfTodo vale?<\/p>\n\n\n\n<p><em>Tobor<\/em> nos introduce en una realidad donde la moral, el pecado y la religi\u00f3n, por una parte, y el delito, la ley y el Estado por otra se juntan y se separan estableciendo el equilibrio del poder que contin\u00faa hasta nuestros d\u00edas. El autor ha sabido, con gran maestr\u00eda, mostrar lo que el derecho natural y el derecho positivo nos otorgan frente a un conflicto. Adem\u00e1s de aportarnos, al final de la novela, documentaci\u00f3n que intenta aclarar dichos conceptos.<\/p>\n\n\n\n<p><strong>Francisco Javier Mart\u00edn Prieto<\/strong>&nbsp;(Salamanca 1964). Ha publicado nueve novelas cortas:&nbsp;<em>El archivo, Encrucijada de perdedores, El mundo desde el subsuelo, Salamanca connection, Mausoleo blues, Los vecinos tambi\u00e9n mueren, Juego de 3,&nbsp;El poni<\/em> y <em>Tobor<\/em>, todas ellas bajo el formato preferido del autor: ensayo novelado.<\/p>\n\n\n\n<p>Licenciado en Filosof\u00eda y Ciencias de la Educaci\u00f3n por la Universidad de Salamanca, realiza los cursos de Doctorado en la Universidad Pontificia de la misma ciudad. Diplomado en T\u00e9cnicas de Investigaci\u00f3n Social por el Instituto de Sociolog\u00eda Aplicada (ISAM) de Madrid. Master MBA, funda y dirige Desarrollo Empresarial.<\/p>\n\n\n\n<div style=\"height:50px\" aria-hidden=\"true\" class=\"wp-block-spacer\"><\/div>\n\n\n\n<h2 class=\"wp-block-heading\"><strong>Miguel \u00c1ngel Fern\u00e1ndez Siguero presenta <em>No s\u00e9 con qui\u00e9n cen\u00e9 anoche<\/em><\/strong><\/h2>\n\n\n\n<h3 class=\"wp-block-heading\">&gt; APLAZADO &lt; <strong>S\u00e1bado 22 de octubre, a las 12:00 h.<\/strong><\/h3>\n\n\n\n<h4 class=\"wp-block-heading\">Librer\u00eda Santos Ochoa. Gran V\u00eda, 12, Salamanca<\/h4>\n\n\n\n<div class=\"wp-block-image\"><figure class=\"alignright size-large is-resized\"><img decoding=\"async\" src=\"https:\/\/blogs.santosochoa.es\/salamanca\/wp-content\/uploads\/sites\/3\/2022\/09\/no-se-con-quien-cene-anoche_fernandez-siguero.jpg\" alt=\"\" class=\"wp-image-1324\" width=\"300\" srcset=\"https:\/\/blogs.santosochoa.es\/salamanca\/wp-content\/uploads\/sites\/3\/2022\/09\/no-se-con-quien-cene-anoche_fernandez-siguero.jpg 591w, https:\/\/blogs.santosochoa.es\/salamanca\/wp-content\/uploads\/sites\/3\/2022\/09\/no-se-con-quien-cene-anoche_fernandez-siguero-206x300.jpg 206w\" sizes=\"(max-width: 591px) 100vw, 591px\" \/><\/figure><\/div>\n\n\n\n<p><strong>\u00bfQu\u00e9 nos cuesta m\u00e1s: olvidar o recordar?<\/strong><\/p>\n\n\n\n<h5 class=\"wp-block-heading\"><strong>Alzheimer. Martina sufre de alzh\u00e9imer, aunque ella desear\u00eda que fuera el nombre de un futbolista alem\u00e1n y no de su enfermedad. Una operaci\u00f3n va a rescatar parte de su pasado. Su fr\u00e1gil memoria, junto a determinados acontecimientos, van a lidiar una dura batalla.<\/strong><\/h5>\n\n\n\n<p>Adela es la \u00fanica de sus dos hijos que ha estado en la c\u00e1rcel. Ser la descendiente de una distribuidora de maquillaje y cosm\u00e9ticos le hab\u00eda mejorado el cutis, pero no la econom\u00eda. El dinero ha corrompido esta familia, algunos recuerdos tambi\u00e9n, y no est\u00e1 segura de que la vuelta a casa de mam\u00e1 merezca descorchar el mejor vino.<\/p>\n\n\n\n<p>C\u00e1stor Tracy es un investigador privado\u2026 privado de juicios razonables. Poseedor de una inexplicable y alta autoestima, y asiduo cliente de bares, tiene un caso prometedor entre manos: encontrar el bot\u00edn de un delito inform\u00e1tico. El humor se filtra por este camino conducido por los tres narradores, condenados a encontrarse. La codicia, el deseo y la mentira desfilan bajo la sombra de los recuerdos.<\/p>\n\n\n\n<p>&nbsp;Tal vez Martina no llegue a saber con qui\u00e9n cen\u00f3 anoche. Y t\u00fa, \u00bflo sabes?<\/p>\n\n\n\n<p><strong>Miguel \u00c1ngel Fern\u00e1ndez Siguero<\/strong> (Madrid, 1967). Es diplomado en Educaci\u00f3n Musical por la Universidad Complutense. Desde muy joven, creador de poes\u00eda, para luego centraree en la escritura de relatos. Ha participado en numerosos talleres de narrativa breve, novela y guion de cine. En varios de estos talleres se han publicado sus relatos. Aun\u00f3 sus dos pasiones, las letras y la m\u00fasica, y ejerci\u00f3 de cr\u00edtico musical en la p\u00e1gina web de jazz: distritojazz.com. En el medio digital suite101.net fue colaborador y articulista. <em>No s\u00e9 con qui\u00e9n cen\u00e9 anoche<\/em>, publicada con Ediciones Camelot, es su primera incursi\u00f3n en la narrativa m\u00e1s extensa.<\/p>\n","protected":false},"excerpt":{"rendered":"<p>Francisco Javier Mart\u00edn Prieto presenta su \u00faltima novela: \u00abTobor\u00bb. Miguel \u00c1ngel Fern\u00e1ndez Siguero presenta \u00abNo s\u00e9 con qui\u00e9n cen\u00e9 anoche\u00bb<\/p>\n","protected":false},"author":2,"featured_media":1322,"comment_status":"closed","ping_status":"closed","sticky":false,"template":"","format":"standard","meta":{"footnotes":""},"categories":[9,14],"tags":[],"class_list":["post-1340","post","type-post","status-publish","format-standard","has-post-thumbnail","hentry","category-libros","category-libros-salamanca"],"yoast_head":"<!-- This site is optimized with the Yoast SEO plugin v27.2 - https:\/\/yoast.com\/product\/yoast-seo-wordpress\/ -->\n<title>Francisco Javier Mart\u00edn Prieto y Miguel \u00c1ngel Fern\u00e1ndez Siguero - Santos Ochoa Salamanca<\/title>\n<meta name=\"description\" content=\"Francisco Javier Mart\u00edn Prieto presenta su \u00faltima novela: &quot;Tobor&quot;. Miguel \u00c1ngel Fern\u00e1ndez Siguero presenta &quot;No s\u00e9 con qui\u00e9n cen\u00e9 anoche&quot;\" \/>\n<meta name=\"robots\" content=\"index, follow, max-snippet:-1, max-image-preview:large, max-video-preview:-1\" \/>\n<link rel=\"canonical\" href=\"https:\/\/blogs.santosochoa.es\/salamanca\/francisco-javier-martin-prieto-y-miguel-angel-fernandez-siguero\/\" \/>\n<meta property=\"og:locale\" content=\"es_ES\" \/>\n<meta property=\"og:type\" content=\"article\" \/>\n<meta property=\"og:title\" content=\"Francisco Javier Mart\u00edn Prieto y Miguel \u00c1ngel Fern\u00e1ndez Siguero - Santos Ochoa Salamanca\" \/>\n<meta property=\"og:description\" content=\"Francisco Javier Mart\u00edn Prieto presenta su \u00faltima novela: &quot;Tobor&quot;. Miguel \u00c1ngel Fern\u00e1ndez Siguero presenta &quot;No s\u00e9 con qui\u00e9n cen\u00e9 anoche&quot;\" \/>\n<meta property=\"og:url\" content=\"https:\/\/blogs.santosochoa.es\/salamanca\/francisco-javier-martin-prieto-y-miguel-angel-fernandez-siguero\/\" \/>\n<meta property=\"og:site_name\" content=\"Santos Ochoa Salamanca\" \/>\n<meta property=\"article:published_time\" content=\"2022-10-13T10:29:40+00:00\" \/>\n<meta property=\"article:modified_time\" content=\"2022-10-19T10:41:18+00:00\" \/>\n<meta property=\"og:image\" content=\"https:\/\/blogs.santosochoa.es\/salamanca\/wp-content\/uploads\/sites\/3\/2022\/09\/tobor_martin-prieto.jpg\" \/>\n\t<meta property=\"og:image:width\" content=\"591\" \/>\n\t<meta property=\"og:image:height\" content=\"866\" \/>\n\t<meta property=\"og:image:type\" content=\"image\/jpeg\" \/>\n<meta name=\"author\" content=\"Santos Ochoa Salamanca\" \/>\n<meta name=\"twitter:card\" content=\"summary_large_image\" \/>\n<meta name=\"twitter:label1\" content=\"Written by\" \/>\n\t<meta name=\"twitter:data1\" content=\"Santos Ochoa Salamanca\" \/>\n\t<meta name=\"twitter:label2\" content=\"Est. reading time\" \/>\n\t<meta name=\"twitter:data2\" content=\"4 minutos\" \/>\n<script type=\"application\/ld+json\" class=\"yoast-schema-graph\">{\"@context\":\"https:\/\/schema.org\",\"@graph\":[{\"@type\":\"Article\",\"@id\":\"https:\/\/blogs.santosochoa.es\/salamanca\/francisco-javier-martin-prieto-y-miguel-angel-fernandez-siguero\/#article\",\"isPartOf\":{\"@id\":\"https:\/\/blogs.santosochoa.es\/salamanca\/francisco-javier-martin-prieto-y-miguel-angel-fernandez-siguero\/\"},\"author\":{\"name\":\"Santos Ochoa Salamanca\",\"@id\":\"https:\/\/blogs.santosochoa.es\/salamanca\/#\/schema\/person\/a125e75c96c8702907b25e61f1c0b772\"},\"headline\":\"Francisco Javier Mart\u00edn Prieto y Miguel \u00c1ngel Fern\u00e1ndez Siguero\",\"datePublished\":\"2022-10-13T10:29:40+00:00\",\"dateModified\":\"2022-10-19T10:41:18+00:00\",\"mainEntityOfPage\":{\"@id\":\"https:\/\/blogs.santosochoa.es\/salamanca\/francisco-javier-martin-prieto-y-miguel-angel-fernandez-siguero\/\"},\"wordCount\":748,\"image\":{\"@id\":\"https:\/\/blogs.santosochoa.es\/salamanca\/francisco-javier-martin-prieto-y-miguel-angel-fernandez-siguero\/#primaryimage\"},\"thumbnailUrl\":\"https:\/\/blogs.santosochoa.es\/salamanca\/wp-content\/uploads\/sites\/3\/2022\/09\/tobor_martin-prieto.jpg\",\"articleSection\":[\"libros\",\"libros salamanca\"],\"inLanguage\":\"es\"},{\"@type\":\"WebPage\",\"@id\":\"https:\/\/blogs.santosochoa.es\/salamanca\/francisco-javier-martin-prieto-y-miguel-angel-fernandez-siguero\/\",\"url\":\"https:\/\/blogs.santosochoa.es\/salamanca\/francisco-javier-martin-prieto-y-miguel-angel-fernandez-siguero\/\",\"name\":\"Francisco Javier Mart\u00edn Prieto y Miguel \u00c1ngel Fern\u00e1ndez Siguero - Santos Ochoa Salamanca\",\"isPartOf\":{\"@id\":\"https:\/\/blogs.santosochoa.es\/salamanca\/#website\"},\"primaryImageOfPage\":{\"@id\":\"https:\/\/blogs.santosochoa.es\/salamanca\/francisco-javier-martin-prieto-y-miguel-angel-fernandez-siguero\/#primaryimage\"},\"image\":{\"@id\":\"https:\/\/blogs.santosochoa.es\/salamanca\/francisco-javier-martin-prieto-y-miguel-angel-fernandez-siguero\/#primaryimage\"},\"thumbnailUrl\":\"https:\/\/blogs.santosochoa.es\/salamanca\/wp-content\/uploads\/sites\/3\/2022\/09\/tobor_martin-prieto.jpg\",\"datePublished\":\"2022-10-13T10:29:40+00:00\",\"dateModified\":\"2022-10-19T10:41:18+00:00\",\"author\":{\"@id\":\"https:\/\/blogs.santosochoa.es\/salamanca\/#\/schema\/person\/a125e75c96c8702907b25e61f1c0b772\"},\"description\":\"Francisco Javier Mart\u00edn Prieto presenta su \u00faltima novela: \\\"Tobor\\\". Miguel \u00c1ngel Fern\u00e1ndez Siguero presenta \\\"No s\u00e9 con qui\u00e9n cen\u00e9 anoche\\\"\",\"breadcrumb\":{\"@id\":\"https:\/\/blogs.santosochoa.es\/salamanca\/francisco-javier-martin-prieto-y-miguel-angel-fernandez-siguero\/#breadcrumb\"},\"inLanguage\":\"es\",\"potentialAction\":[{\"@type\":\"ReadAction\",\"target\":[\"https:\/\/blogs.santosochoa.es\/salamanca\/francisco-javier-martin-prieto-y-miguel-angel-fernandez-siguero\/\"]}]},{\"@type\":\"ImageObject\",\"inLanguage\":\"es\",\"@id\":\"https:\/\/blogs.santosochoa.es\/salamanca\/francisco-javier-martin-prieto-y-miguel-angel-fernandez-siguero\/#primaryimage\",\"url\":\"https:\/\/blogs.santosochoa.es\/salamanca\/wp-content\/uploads\/sites\/3\/2022\/09\/tobor_martin-prieto.jpg\",\"contentUrl\":\"https:\/\/blogs.santosochoa.es\/salamanca\/wp-content\/uploads\/sites\/3\/2022\/09\/tobor_martin-prieto.jpg\",\"width\":591,\"height\":866},{\"@type\":\"BreadcrumbList\",\"@id\":\"https:\/\/blogs.santosochoa.es\/salamanca\/francisco-javier-martin-prieto-y-miguel-angel-fernandez-siguero\/#breadcrumb\",\"itemListElement\":[{\"@type\":\"ListItem\",\"position\":1,\"name\":\"Home\",\"item\":\"https:\/\/blogs.santosochoa.es\/salamanca\/\"},{\"@type\":\"ListItem\",\"position\":2,\"name\":\"Francisco Javier Mart\u00edn Prieto y Miguel \u00c1ngel Fern\u00e1ndez Siguero\"}]},{\"@type\":\"WebSite\",\"@id\":\"https:\/\/blogs.santosochoa.es\/salamanca\/#website\",\"url\":\"https:\/\/blogs.santosochoa.es\/salamanca\/\",\"name\":\"Santos Ochoa Salamanca\",\"description\":\"Tu Librer\u00eda Online\",\"potentialAction\":[{\"@type\":\"SearchAction\",\"target\":{\"@type\":\"EntryPoint\",\"urlTemplate\":\"https:\/\/blogs.santosochoa.es\/salamanca\/?s={search_term_string}\"},\"query-input\":{\"@type\":\"PropertyValueSpecification\",\"valueRequired\":true,\"valueName\":\"search_term_string\"}}],\"inLanguage\":\"es\"},{\"@type\":\"Person\",\"@id\":\"https:\/\/blogs.santosochoa.es\/salamanca\/#\/schema\/person\/a125e75c96c8702907b25e61f1c0b772\",\"name\":\"Santos Ochoa Salamanca\"}]}<\/script>\n<!-- \/ Yoast SEO plugin. -->","yoast_head_json":{"title":"Francisco Javier Mart\u00edn Prieto y Miguel \u00c1ngel Fern\u00e1ndez Siguero - Santos Ochoa Salamanca","description":"Francisco Javier Mart\u00edn Prieto presenta su \u00faltima novela: \"Tobor\". Miguel \u00c1ngel Fern\u00e1ndez Siguero presenta \"No s\u00e9 con qui\u00e9n cen\u00e9 anoche\"","robots":{"index":"index","follow":"follow","max-snippet":"max-snippet:-1","max-image-preview":"max-image-preview:large","max-video-preview":"max-video-preview:-1"},"canonical":"https:\/\/blogs.santosochoa.es\/salamanca\/francisco-javier-martin-prieto-y-miguel-angel-fernandez-siguero\/","og_locale":"es_ES","og_type":"article","og_title":"Francisco Javier Mart\u00edn Prieto y Miguel \u00c1ngel Fern\u00e1ndez Siguero - Santos Ochoa Salamanca","og_description":"Francisco Javier Mart\u00edn Prieto presenta su \u00faltima novela: \"Tobor\". Miguel \u00c1ngel Fern\u00e1ndez Siguero presenta \"No s\u00e9 con qui\u00e9n cen\u00e9 anoche\"","og_url":"https:\/\/blogs.santosochoa.es\/salamanca\/francisco-javier-martin-prieto-y-miguel-angel-fernandez-siguero\/","og_site_name":"Santos Ochoa Salamanca","article_published_time":"2022-10-13T10:29:40+00:00","article_modified_time":"2022-10-19T10:41:18+00:00","og_image":[{"width":591,"height":866,"url":"https:\/\/blogs.santosochoa.es\/salamanca\/wp-content\/uploads\/sites\/3\/2022\/09\/tobor_martin-prieto.jpg","type":"image\/jpeg"}],"author":"Santos Ochoa Salamanca","twitter_card":"summary_large_image","twitter_misc":{"Written by":"Santos Ochoa Salamanca","Est. reading time":"4 minutos"},"schema":{"@context":"https:\/\/schema.org","@graph":[{"@type":"Article","@id":"https:\/\/blogs.santosochoa.es\/salamanca\/francisco-javier-martin-prieto-y-miguel-angel-fernandez-siguero\/#article","isPartOf":{"@id":"https:\/\/blogs.santosochoa.es\/salamanca\/francisco-javier-martin-prieto-y-miguel-angel-fernandez-siguero\/"},"author":{"name":"Santos Ochoa Salamanca","@id":"https:\/\/blogs.santosochoa.es\/salamanca\/#\/schema\/person\/a125e75c96c8702907b25e61f1c0b772"},"headline":"Francisco Javier Mart\u00edn Prieto y Miguel \u00c1ngel Fern\u00e1ndez Siguero","datePublished":"2022-10-13T10:29:40+00:00","dateModified":"2022-10-19T10:41:18+00:00","mainEntityOfPage":{"@id":"https:\/\/blogs.santosochoa.es\/salamanca\/francisco-javier-martin-prieto-y-miguel-angel-fernandez-siguero\/"},"wordCount":748,"image":{"@id":"https:\/\/blogs.santosochoa.es\/salamanca\/francisco-javier-martin-prieto-y-miguel-angel-fernandez-siguero\/#primaryimage"},"thumbnailUrl":"https:\/\/blogs.santosochoa.es\/salamanca\/wp-content\/uploads\/sites\/3\/2022\/09\/tobor_martin-prieto.jpg","articleSection":["libros","libros salamanca"],"inLanguage":"es"},{"@type":"WebPage","@id":"https:\/\/blogs.santosochoa.es\/salamanca\/francisco-javier-martin-prieto-y-miguel-angel-fernandez-siguero\/","url":"https:\/\/blogs.santosochoa.es\/salamanca\/francisco-javier-martin-prieto-y-miguel-angel-fernandez-siguero\/","name":"Francisco Javier Mart\u00edn Prieto y Miguel \u00c1ngel Fern\u00e1ndez Siguero - Santos Ochoa Salamanca","isPartOf":{"@id":"https:\/\/blogs.santosochoa.es\/salamanca\/#website"},"primaryImageOfPage":{"@id":"https:\/\/blogs.santosochoa.es\/salamanca\/francisco-javier-martin-prieto-y-miguel-angel-fernandez-siguero\/#primaryimage"},"image":{"@id":"https:\/\/blogs.santosochoa.es\/salamanca\/francisco-javier-martin-prieto-y-miguel-angel-fernandez-siguero\/#primaryimage"},"thumbnailUrl":"https:\/\/blogs.santosochoa.es\/salamanca\/wp-content\/uploads\/sites\/3\/2022\/09\/tobor_martin-prieto.jpg","datePublished":"2022-10-13T10:29:40+00:00","dateModified":"2022-10-19T10:41:18+00:00","author":{"@id":"https:\/\/blogs.santosochoa.es\/salamanca\/#\/schema\/person\/a125e75c96c8702907b25e61f1c0b772"},"description":"Francisco Javier Mart\u00edn Prieto presenta su \u00faltima novela: \"Tobor\". Miguel \u00c1ngel Fern\u00e1ndez Siguero presenta \"No s\u00e9 con qui\u00e9n cen\u00e9 anoche\"","breadcrumb":{"@id":"https:\/\/blogs.santosochoa.es\/salamanca\/francisco-javier-martin-prieto-y-miguel-angel-fernandez-siguero\/#breadcrumb"},"inLanguage":"es","potentialAction":[{"@type":"ReadAction","target":["https:\/\/blogs.santosochoa.es\/salamanca\/francisco-javier-martin-prieto-y-miguel-angel-fernandez-siguero\/"]}]},{"@type":"ImageObject","inLanguage":"es","@id":"https:\/\/blogs.santosochoa.es\/salamanca\/francisco-javier-martin-prieto-y-miguel-angel-fernandez-siguero\/#primaryimage","url":"https:\/\/blogs.santosochoa.es\/salamanca\/wp-content\/uploads\/sites\/3\/2022\/09\/tobor_martin-prieto.jpg","contentUrl":"https:\/\/blogs.santosochoa.es\/salamanca\/wp-content\/uploads\/sites\/3\/2022\/09\/tobor_martin-prieto.jpg","width":591,"height":866},{"@type":"BreadcrumbList","@id":"https:\/\/blogs.santosochoa.es\/salamanca\/francisco-javier-martin-prieto-y-miguel-angel-fernandez-siguero\/#breadcrumb","itemListElement":[{"@type":"ListItem","position":1,"name":"Home","item":"https:\/\/blogs.santosochoa.es\/salamanca\/"},{"@type":"ListItem","position":2,"name":"Francisco Javier Mart\u00edn Prieto y Miguel \u00c1ngel Fern\u00e1ndez Siguero"}]},{"@type":"WebSite","@id":"https:\/\/blogs.santosochoa.es\/salamanca\/#website","url":"https:\/\/blogs.santosochoa.es\/salamanca\/","name":"Santos Ochoa Salamanca","description":"Tu Librer\u00eda Online","potentialAction":[{"@type":"SearchAction","target":{"@type":"EntryPoint","urlTemplate":"https:\/\/blogs.santosochoa.es\/salamanca\/?s={search_term_string}"},"query-input":{"@type":"PropertyValueSpecification","valueRequired":true,"valueName":"search_term_string"}}],"inLanguage":"es"},{"@type":"Person","@id":"https:\/\/blogs.santosochoa.es\/salamanca\/#\/schema\/person\/a125e75c96c8702907b25e61f1c0b772","name":"Santos Ochoa Salamanca"}]}},"_links":{"self":[{"href":"https:\/\/blogs.santosochoa.es\/salamanca\/wp-json\/wp\/v2\/posts\/1340","targetHints":{"allow":["GET"]}}],"collection":[{"href":"https:\/\/blogs.santosochoa.es\/salamanca\/wp-json\/wp\/v2\/posts"}],"about":[{"href":"https:\/\/blogs.santosochoa.es\/salamanca\/wp-json\/wp\/v2\/types\/post"}],"author":[{"embeddable":true,"href":"https:\/\/blogs.santosochoa.es\/salamanca\/wp-json\/wp\/v2\/users\/2"}],"replies":[{"embeddable":true,"href":"https:\/\/blogs.santosochoa.es\/salamanca\/wp-json\/wp\/v2\/comments?post=1340"}],"version-history":[{"count":2,"href":"https:\/\/blogs.santosochoa.es\/salamanca\/wp-json\/wp\/v2\/posts\/1340\/revisions"}],"predecessor-version":[{"id":1343,"href":"https:\/\/blogs.santosochoa.es\/salamanca\/wp-json\/wp\/v2\/posts\/1340\/revisions\/1343"}],"wp:featuredmedia":[{"embeddable":true,"href":"https:\/\/blogs.santosochoa.es\/salamanca\/wp-json\/wp\/v2\/media\/1322"}],"wp:attachment":[{"href":"https:\/\/blogs.santosochoa.es\/salamanca\/wp-json\/wp\/v2\/media?parent=1340"}],"wp:term":[{"taxonomy":"category","embeddable":true,"href":"https:\/\/blogs.santosochoa.es\/salamanca\/wp-json\/wp\/v2\/categories?post=1340"},{"taxonomy":"post_tag","embeddable":true,"href":"https:\/\/blogs.santosochoa.es\/salamanca\/wp-json\/wp\/v2\/tags?post=1340"}],"curies":[{"name":"wp","href":"https:\/\/api.w.org\/{rel}","templated":true}]}}