{"id":1333,"date":"2022-09-28T13:11:36","date_gmt":"2022-09-28T11:11:36","guid":{"rendered":"https:\/\/blogs.santosochoa.es\/salamanca\/?p=1333"},"modified":"2022-09-28T13:11:38","modified_gmt":"2022-09-28T11:11:38","slug":"maria-reig-cesar-perez-gellida-y-jose-angel-manas","status":"publish","type":"post","link":"https:\/\/blogs.santosochoa.es\/salamanca\/maria-reig-cesar-perez-gellida-y-jose-angel-manas\/","title":{"rendered":"Mar\u00eda Reig, C\u00e9sar P\u00e9rez Gellida y Jos\u00e9 \u00c1ngel Ma\u00f1as"},"content":{"rendered":"\n<h2 class=\"wp-block-heading\"><strong>Mar\u00eda Reig presenta <em>Los mil nombres de la libertad.<\/em> Intrigas palaciegas, logias mas\u00f3nicas, sociedades liberales, amor, amistad, venganza y aventura<\/strong><\/h2>\n\n\n\n<h3 class=\"wp-block-heading\"><strong>Martes 4 de octubre<\/strong><strong>, a las 19:30 h.<\/strong><\/h3>\n\n\n\n<h4 class=\"wp-block-heading\">Librer\u00eda Santos Ochoa. Gran V\u00eda, 12, Salamanca<\/h4>\n\n\n\n<div class=\"wp-block-image\"><figure class=\"alignright size-large is-resized\"><a href=\"https:\/\/www.santosochoa.es\/libros\/reig-maria_los-mil-nombres-de-la-libertad_9788491294054\" target=\"_blank\" rel=\"noopener noreferrer\"><img decoding=\"async\" src=\"https:\/\/blogs.santosochoa.es\/salamanca\/wp-content\/uploads\/sites\/3\/2022\/09\/los-mil-nombres-de-la-libertad_maria-reig.jpg\" alt=\"\" class=\"wp-image-1316\" width=\"300\" srcset=\"https:\/\/blogs.santosochoa.es\/salamanca\/wp-content\/uploads\/sites\/3\/2022\/09\/los-mil-nombres-de-la-libertad_maria-reig.jpg 591w, https:\/\/blogs.santosochoa.es\/salamanca\/wp-content\/uploads\/sites\/3\/2022\/09\/los-mil-nombres-de-la-libertad_maria-reig-194x300.jpg 194w\" sizes=\"(max-width: 591px) 100vw, 591px\" \/><\/a><\/figure><\/div>\n\n\n\n<h5 class=\"wp-block-heading\"><strong>C\u00e1diz, 1815. Tres vidas marcadas por las consecuencias de la guerra de la Independencia y el nacimiento del estado liberal. Un momento hist\u00f3rico convulso. Una mujer dispuesta a salvar a su familia. \u00bfCu\u00e1l es el verdadero nombre de la libertad?<\/strong><\/h5>\n\n\n\n<p>La familia De Villalta, burgueses acomodados de Santa Cruz de Tenerife, recibe una carta preocupante y misteriosa en medio de la noche. Tiene que ver con los tristes eventos que han asolado a la familia en los \u00faltimos tiempos. In\u00e9s, la hija mediana, emprender\u00e1 un viaje a la pen\u00ednsula con la \u00fanica intenci\u00f3n de salvar a su familia.<\/p>\n\n\n\n<p>Modesto And\u00fajar llega a C\u00e1diz desde el cortijo de Jerez de la Frontera para estudiar Comercio, aunque su vocaci\u00f3n es la pol\u00edtica. En su b\u00fasqueda de lo que queda del C\u00e1diz de las Cortes, cuna de la Constituci\u00f3n de 1812, se topar\u00e1 con Alonso Guzm\u00e1n, un tipo de vida pendenciera que busca huir de su pasado. Pero lo que una vez fue ir\u00e1 a su encuentro, en forma de un encargo muy especial.<\/p>\n\n\n\n<blockquote class=\"wp-block-quote is-layout-flow wp-block-quote-is-layout-flow\"><p>Despu\u00e9s del \u00e9xito de<em>\u00a0Papel y tinta<\/em>\u00a0y<em>\u00a0Una promesa de Juventud<\/em>, Mar\u00eda Reig vuelve a hacer alarde de rigor hist\u00f3rico y de una documentaci\u00f3n profusa para construir un viaje trepidante por la Espa\u00f1a de principios del XIX \u2014Madrid, C\u00e1diz, Salamanca, Sevilla, Aranjuez, Asturias\u2014 en un momento cr\u00edtico de uni\u00f3n y divisi\u00f3n. Intrigas palaciegas, logias mas\u00f3nicas, sociedades liberales, amor, amistad, venganza y aventura se dan cita en una novela prodigiosa.<\/p><\/blockquote>\n\n\n\n<p><strong>Mar\u00eda Reig<\/strong>\u00a0(Barcelona, 1992) estudi\u00f3 Periodismo en la Universidad Complutense de Madrid y un M\u00e1ster en Direcci\u00f3n de Comunicaci\u00f3n Corporativa en EAE Business School. A los 25 a\u00f1os decidi\u00f3 centrar todos sus esfuerzos profesionales en que su primera novela, <em>Papel y Tinta<\/em>, viera la luz. En febrero de 2018, desarroll\u00f3 una campa\u00f1a de<em>\u00a0crowdfunding<\/em>\u00a0con el objetivo de recaudar fondos para la promoci\u00f3n del libro y en poco m\u00e1s de 24 horas consigui\u00f3 el fondo requerido y ser publicada por Suma de Letras. Desde entonces<em>\u00a0Papel y tinta<\/em>\u00a0lleva vendidos m\u00e1s de 80.000 ejemplares y los derechos audiovisuales han sido adquiridos para su adaptaci\u00f3n a serie de televisi\u00f3n. En 2020 public\u00f3<em>\u00a0Una promesa de juventud<\/em>\u00a0y obtuvo una gran acogida.<em>\u00a0Los mil nombres de la libertad,<\/em>\u00a0su tercera novela, supone su consagraci\u00f3n como escritora.<\/p>\n\n\n\n<div style=\"height:50px\" aria-hidden=\"true\" class=\"wp-block-spacer\"><\/div>\n\n\n\n<h2 class=\"wp-block-heading\"><strong>C\u00e9sar P\u00e9rez Gellida presenta <em>Nos crecen los enanos.<\/em> Una nueva intriga afilada y brutal<\/strong><\/h2>\n\n\n\n<h3 class=\"wp-block-heading\"><strong>Mi\u00e9rcoles 5 de octubre<\/strong><strong>, a las 19:30 h.<\/strong><\/h3>\n\n\n\n<h4 class=\"wp-block-heading\">Librer\u00eda Santos Ochoa. Gran V\u00eda, 12, Salamanca<\/h4>\n\n\n\n<div class=\"wp-block-image\"><figure class=\"alignleft size-large is-resized\"><a href=\"https:\/\/www.santosochoa.es\/libros\/perez-gellida-cesar_nos-crecen-los-enanos_9788491295631\" target=\"_blank\" rel=\"noopener noreferrer\"><img decoding=\"async\" src=\"https:\/\/blogs.santosochoa.es\/salamanca\/wp-content\/uploads\/sites\/3\/2022\/09\/nos-crecen-los-enanos_cesar-perez-gellida.jpg\" alt=\"\" class=\"wp-image-1318\" width=\"300\" srcset=\"https:\/\/blogs.santosochoa.es\/salamanca\/wp-content\/uploads\/sites\/3\/2022\/09\/nos-crecen-los-enanos_cesar-perez-gellida.jpg 591w, https:\/\/blogs.santosochoa.es\/salamanca\/wp-content\/uploads\/sites\/3\/2022\/09\/nos-crecen-los-enanos_cesar-perez-gellida-198x300.jpg 198w\" sizes=\"(max-width: 591px) 100vw, 591px\" \/><\/a><\/figure><\/div>\n\n\n\n<p><strong>Un asesino s\u00e1dico e inteligente con un \u00fanico objetivo: no ser atrapado jam\u00e1s.<\/strong><\/p>\n\n\n\n<h5 class=\"wp-block-heading\"><strong>Dos cad\u00e1veres han aparecido en un pinar de Valladolid. Seg\u00fan la autopsia uno de ellos es el principal sospechoso de unos cr\u00edmenes acaecidos en el municipio de Urue\u00f1a varios a\u00f1os atr\u00e1s. Este giro de guion pone en alerta a Bittor Balenziaga y Sara Robles, los polic\u00edas y guardias civiles encargados de aquel caso, sobre todo cuando empiezan a aparecer otros cad\u00e1veres por distintos puntos de la geograf\u00eda nacional. Y todos con el rostro desfigurado tras practicarles la sonrisa de Glasgow.<\/strong><\/h5>\n\n\n\n<p>C\u00e9sar P\u00e9rez Gellida construye con maestr\u00eda una trama escalofriante llena de giros y personajes memorables.<em>&nbsp;Nos crecen los enanos&nbsp;<\/em>es una novela brutal y afilada que trasciende los l\u00edmites de lo policial y nos ofrece un fresco de relaciones humanas inquietante.<\/p>\n\n\n\n<p><strong>C\u00e9sar P\u00e9rez Gellida<\/strong>&nbsp;naci\u00f3 en Valladolid en 1974. Es Licenciado en Geograf\u00eda e Historia y m\u00e1ster en Direcci\u00f3n Comercial y Marketing. Desarroll\u00f3 su carrera profesional en las telecomunicaciones y la industria audiovisual hasta que, en 2011, decidi\u00f3 dedicarse en exclusiva a su carrera de escritor.<\/p>\n\n\n\n<p>C\u00e9sar irrumpi\u00f3 con fuerza en el mundo editorial con\u00a0<em>Memento mori<\/em>, que cosech\u00f3 grandes \u00e9xitos y obtuvo el premio Racimo de literatura 2012. Era la primera parte de la trilog\u00eda \u00abVersos, canciones y trocitos de carne\u00bb, que continu\u00f3 con\u00a0<em>Dies irae<\/em>\u00a0y se cerr\u00f3 con\u00a0<em>Consummatum est<\/em>\u00a0y por la cual le fue otorgada la Medalla de Honor de la Sociedad Espa\u00f1ola de Criminolog\u00eda y Ciencias Forenses 2014 y el Premio Pi\u00f1\u00f3n de Oro como vallisoletano ilustre. En 2015 public\u00f3\u00a0<em>Khimera<\/em>, su cuarta novela, y en 2016 inici\u00f3 su segunda trilog\u00eda, \u00abRefranes, canciones y rastros de sangre\u00bb, compuesta por las novelas\u00a0<em>Sarna con gusto<\/em>,\u00a0<em>Cuchillo de palo<\/em>\u00a0y\u00a0<em>A grandes males<\/em>. Despu\u00e9s llegaron\u00a0<em>Todo lo mejor, Todo lo peor<\/em>,\u00a0<em>La suerte del enano<\/em> y <em>Astillas en la piel.<\/em><\/p>\n\n\n\n<div style=\"height:50px\" aria-hidden=\"true\" class=\"wp-block-spacer\"><\/div>\n\n\n\n<h2 class=\"wp-block-heading\"><strong>Jos\u00e9 \u00c1ngel Ma\u00f1as presenta <em>\u00a1Fern\u00e1n Gonz\u00e1lez!<\/em>, la novela del hombre que forj\u00f3 Castilla en el siglo X<\/strong><\/h2>\n\n\n\n<h3 class=\"wp-block-heading\"><strong>S\u00e1bado 8 de octubre<\/strong><strong>, a las 12:00 h.<\/strong><\/h3>\n\n\n\n<h4 class=\"wp-block-heading\">Librer\u00eda Santos Ochoa. Gran V\u00eda, 12, Salamanca<\/h4>\n\n\n\n<div class=\"wp-block-image\"><figure class=\"alignright size-large is-resized\"><a href=\"https:\/\/www.santosochoa.es\/libros\/manas-jose-angel_fernan-gonzalez_9788413844268\" target=\"_blank\" rel=\"noopener noreferrer\"><img decoding=\"async\" src=\"https:\/\/blogs.santosochoa.es\/salamanca\/wp-content\/uploads\/sites\/3\/2022\/09\/fernan-gonzalez_jose-angel-manas.jpg\" alt=\"\" class=\"wp-image-1320\" width=\"300\" srcset=\"https:\/\/blogs.santosochoa.es\/salamanca\/wp-content\/uploads\/sites\/3\/2022\/09\/fernan-gonzalez_jose-angel-manas.jpg 591w, https:\/\/blogs.santosochoa.es\/salamanca\/wp-content\/uploads\/sites\/3\/2022\/09\/fernan-gonzalez_jose-angel-manas-184x300.jpg 184w\" sizes=\"(max-width: 591px) 100vw, 591px\" \/><\/a><\/figure><\/div>\n\n\n\n<h5 class=\"wp-block-heading\"><strong>Fern\u00e1n Gonz\u00e1lez, enfrascado en sus pensamientos, se preguntaba por qu\u00e9 le segu\u00edan sus hombres. Los m\u00e1s veteranos lo hab\u00edan secundado en mil batallas y durante a\u00f1os hab\u00edan acudido a su llamada para defenderse de las aceifas casi cada verano. Lo hab\u00edan acompa\u00f1ado en incursiones contra los musulmanes para expandir el territorio castellano al sur del Duero, en un juego constante de avances y repliegues a costa de la muerte de muchos compa\u00f1eros.<\/strong><\/h5>\n\n\n\n<p>Hab\u00edan visto al conde victorioso en Simancas y humillado por el rey de Le\u00f3n. Y pese a tantas vicisitudes, pese a tantos altos y bajos, los foramontanos segu\u00edan confiando en \u00e9l. Las gentes de la belicosa Castilla le guardaban una lealtad inquebrantable. Y \u00e9l no se enga\u00f1aba: era por eso por lo que el rey Ramiro le quer\u00eda a su lado. \u00abTiene miedo de que Castilla se rebele\u00bb.<\/p>\n\n\n\n<p><strong>Jos\u00e9 \u00c1ngel Ma\u00f1as<\/strong>\u00a0(Madrid, 1971) es un escritor perteneciente a la generaci\u00f3n de novelistas neorrealistas espa\u00f1oles que arrancaron en la d\u00e9cada de 1990. Gan\u00f3 un premio Goya al mejor guion adaptado en 1995<strong>.<\/strong>\u00a0Ha publicado las novelas:\u00a0<em>Historias del Kronen\u00a0<\/em>(finalista premio Nadal, 1994),<em>\u00a0Mensaka<\/em>,<em>\u00a0Soy un escritor frustrado<\/em>,<em>\u00a0Ciudad rayada<\/em>,\u00a0<em>Mundo burbuja<\/em>,\u00a0<em>Caso Karen<\/em>,\u00a0<em>El secreto del Or\u00e1culo<\/em>,\u00a0<em>La pella<\/em>,\u00a0<em>Sospecha<\/em>,\u00a0<em>Caso Ordallaba<\/em>,\u00a0<em>Todos iremos al para\u00edso<\/em>,\u00a0<em>Conquistadores de lo imposible<\/em>,\u00a0<em>Extra\u00f1os en el para\u00edso, la verdadera historia de la Movida madrile\u00f1a<\/em>\u00a0(audiolibro),\u00a0<em>El hispano<\/em>, cinco vol\u00famenes de sus\u00a0<em>Episodios republicanos<\/em>\u00a0y, junto a Antonio Dom\u00ednguez Leiva, la serie de novelas cortas\u00a0<em>El hombre de los 21 dedos<\/em>\u00a0y la novela\u00a0<em>El Quatuor de Matadero<\/em>.<\/p>\n\n\n\n<p>En 2019 gan\u00f3 el Premio Ateneo de Sevilla con\u00a0, secuela de aquella gran primera novela\u00a0<em>Historias del Kronen.<\/em>\u00a0Sus libros han sido traducidos a varios idiomas. En La Esfera de los Libros ha publicado con gran \u00e9xito la novela hist\u00f3rica\u00a0<em>\u00a1Pelayo!<\/em><\/p>\n","protected":false},"excerpt":{"rendered":"<p>Mar\u00eda Reig presenta \u00abLos mil nombres de la libertad\u00bb, C\u00e9sar P\u00e9rez Gellida \u00abNos crecen los enanos\u00bb y Jos\u00e9 \u00c1ngel Ma\u00f1as \u00ab\u00a1Fern\u00e1n Gonz\u00e1lez!\u00bb<\/p>\n","protected":false},"author":2,"featured_media":1316,"comment_status":"closed","ping_status":"closed","sticky":false,"template":"","format":"standard","meta":{"footnotes":""},"categories":[9],"tags":[],"class_list":["post-1333","post","type-post","status-publish","format-standard","has-post-thumbnail","hentry","category-libros"],"yoast_head":"<!-- This site is optimized with the Yoast SEO plugin v27.2 - https:\/\/yoast.com\/product\/yoast-seo-wordpress\/ -->\n<title>Mar\u00eda Reig, C\u00e9sar P\u00e9rez Gellida y Jos\u00e9 \u00c1ngel Ma\u00f1as - Santos Ochoa Salamanca<\/title>\n<meta name=\"description\" content=\"Mar\u00eda Reig presenta &quot;Los mil nombres de la libertad&quot;, C\u00e9sar P\u00e9rez Gellida &quot;Nos crecen los enanos&quot; y Jos\u00e9 \u00c1ngel Ma\u00f1as &quot;\u00a1Fern\u00e1n Gonz\u00e1lez!&quot;\" \/>\n<meta name=\"robots\" content=\"index, follow, max-snippet:-1, max-image-preview:large, max-video-preview:-1\" \/>\n<link rel=\"canonical\" href=\"https:\/\/blogs.santosochoa.es\/salamanca\/maria-reig-cesar-perez-gellida-y-jose-angel-manas\/\" \/>\n<meta property=\"og:locale\" content=\"es_ES\" \/>\n<meta property=\"og:type\" content=\"article\" \/>\n<meta property=\"og:title\" content=\"Mar\u00eda Reig, C\u00e9sar P\u00e9rez Gellida y Jos\u00e9 \u00c1ngel Ma\u00f1as - Santos Ochoa Salamanca\" \/>\n<meta property=\"og:description\" content=\"Mar\u00eda Reig presenta &quot;Los mil nombres de la libertad&quot;, C\u00e9sar P\u00e9rez Gellida &quot;Nos crecen los enanos&quot; y Jos\u00e9 \u00c1ngel Ma\u00f1as &quot;\u00a1Fern\u00e1n Gonz\u00e1lez!&quot;\" \/>\n<meta property=\"og:url\" content=\"https:\/\/blogs.santosochoa.es\/salamanca\/maria-reig-cesar-perez-gellida-y-jose-angel-manas\/\" \/>\n<meta property=\"og:site_name\" content=\"Santos Ochoa Salamanca\" \/>\n<meta property=\"article:published_time\" content=\"2022-09-28T11:11:36+00:00\" \/>\n<meta property=\"article:modified_time\" content=\"2022-09-28T11:11:38+00:00\" \/>\n<meta property=\"og:image\" content=\"https:\/\/blogs.santosochoa.es\/salamanca\/wp-content\/uploads\/sites\/3\/2022\/09\/los-mil-nombres-de-la-libertad_maria-reig.jpg\" \/>\n\t<meta property=\"og:image:width\" content=\"591\" \/>\n\t<meta property=\"og:image:height\" content=\"912\" \/>\n\t<meta property=\"og:image:type\" content=\"image\/jpeg\" \/>\n<meta name=\"author\" content=\"Santos Ochoa Salamanca\" \/>\n<meta name=\"twitter:card\" content=\"summary_large_image\" \/>\n<meta name=\"twitter:label1\" content=\"Written by\" \/>\n\t<meta name=\"twitter:data1\" content=\"Santos Ochoa Salamanca\" \/>\n\t<meta name=\"twitter:label2\" content=\"Est. reading time\" \/>\n\t<meta name=\"twitter:data2\" content=\"6 minutos\" \/>\n<script type=\"application\/ld+json\" class=\"yoast-schema-graph\">{\"@context\":\"https:\/\/schema.org\",\"@graph\":[{\"@type\":\"Article\",\"@id\":\"https:\/\/blogs.santosochoa.es\/salamanca\/maria-reig-cesar-perez-gellida-y-jose-angel-manas\/#article\",\"isPartOf\":{\"@id\":\"https:\/\/blogs.santosochoa.es\/salamanca\/maria-reig-cesar-perez-gellida-y-jose-angel-manas\/\"},\"author\":{\"name\":\"Santos Ochoa Salamanca\",\"@id\":\"https:\/\/blogs.santosochoa.es\/salamanca\/#\/schema\/person\/a125e75c96c8702907b25e61f1c0b772\"},\"headline\":\"Mar\u00eda Reig, C\u00e9sar P\u00e9rez Gellida y Jos\u00e9 \u00c1ngel Ma\u00f1as\",\"datePublished\":\"2022-09-28T11:11:36+00:00\",\"dateModified\":\"2022-09-28T11:11:38+00:00\",\"mainEntityOfPage\":{\"@id\":\"https:\/\/blogs.santosochoa.es\/salamanca\/maria-reig-cesar-perez-gellida-y-jose-angel-manas\/\"},\"wordCount\":1167,\"image\":{\"@id\":\"https:\/\/blogs.santosochoa.es\/salamanca\/maria-reig-cesar-perez-gellida-y-jose-angel-manas\/#primaryimage\"},\"thumbnailUrl\":\"https:\/\/blogs.santosochoa.es\/salamanca\/wp-content\/uploads\/sites\/3\/2022\/09\/los-mil-nombres-de-la-libertad_maria-reig.jpg\",\"articleSection\":[\"libros\"],\"inLanguage\":\"es\"},{\"@type\":\"WebPage\",\"@id\":\"https:\/\/blogs.santosochoa.es\/salamanca\/maria-reig-cesar-perez-gellida-y-jose-angel-manas\/\",\"url\":\"https:\/\/blogs.santosochoa.es\/salamanca\/maria-reig-cesar-perez-gellida-y-jose-angel-manas\/\",\"name\":\"Mar\u00eda Reig, C\u00e9sar P\u00e9rez Gellida y Jos\u00e9 \u00c1ngel Ma\u00f1as - Santos Ochoa Salamanca\",\"isPartOf\":{\"@id\":\"https:\/\/blogs.santosochoa.es\/salamanca\/#website\"},\"primaryImageOfPage\":{\"@id\":\"https:\/\/blogs.santosochoa.es\/salamanca\/maria-reig-cesar-perez-gellida-y-jose-angel-manas\/#primaryimage\"},\"image\":{\"@id\":\"https:\/\/blogs.santosochoa.es\/salamanca\/maria-reig-cesar-perez-gellida-y-jose-angel-manas\/#primaryimage\"},\"thumbnailUrl\":\"https:\/\/blogs.santosochoa.es\/salamanca\/wp-content\/uploads\/sites\/3\/2022\/09\/los-mil-nombres-de-la-libertad_maria-reig.jpg\",\"datePublished\":\"2022-09-28T11:11:36+00:00\",\"dateModified\":\"2022-09-28T11:11:38+00:00\",\"author\":{\"@id\":\"https:\/\/blogs.santosochoa.es\/salamanca\/#\/schema\/person\/a125e75c96c8702907b25e61f1c0b772\"},\"description\":\"Mar\u00eda Reig presenta \\\"Los mil nombres de la libertad\\\", C\u00e9sar P\u00e9rez Gellida \\\"Nos crecen los enanos\\\" y Jos\u00e9 \u00c1ngel Ma\u00f1as \\\"\u00a1Fern\u00e1n Gonz\u00e1lez!\\\"\",\"breadcrumb\":{\"@id\":\"https:\/\/blogs.santosochoa.es\/salamanca\/maria-reig-cesar-perez-gellida-y-jose-angel-manas\/#breadcrumb\"},\"inLanguage\":\"es\",\"potentialAction\":[{\"@type\":\"ReadAction\",\"target\":[\"https:\/\/blogs.santosochoa.es\/salamanca\/maria-reig-cesar-perez-gellida-y-jose-angel-manas\/\"]}]},{\"@type\":\"ImageObject\",\"inLanguage\":\"es\",\"@id\":\"https:\/\/blogs.santosochoa.es\/salamanca\/maria-reig-cesar-perez-gellida-y-jose-angel-manas\/#primaryimage\",\"url\":\"https:\/\/blogs.santosochoa.es\/salamanca\/wp-content\/uploads\/sites\/3\/2022\/09\/los-mil-nombres-de-la-libertad_maria-reig.jpg\",\"contentUrl\":\"https:\/\/blogs.santosochoa.es\/salamanca\/wp-content\/uploads\/sites\/3\/2022\/09\/los-mil-nombres-de-la-libertad_maria-reig.jpg\",\"width\":591,\"height\":912},{\"@type\":\"BreadcrumbList\",\"@id\":\"https:\/\/blogs.santosochoa.es\/salamanca\/maria-reig-cesar-perez-gellida-y-jose-angel-manas\/#breadcrumb\",\"itemListElement\":[{\"@type\":\"ListItem\",\"position\":1,\"name\":\"Home\",\"item\":\"https:\/\/blogs.santosochoa.es\/salamanca\/\"},{\"@type\":\"ListItem\",\"position\":2,\"name\":\"Mar\u00eda Reig, C\u00e9sar P\u00e9rez Gellida y Jos\u00e9 \u00c1ngel Ma\u00f1as\"}]},{\"@type\":\"WebSite\",\"@id\":\"https:\/\/blogs.santosochoa.es\/salamanca\/#website\",\"url\":\"https:\/\/blogs.santosochoa.es\/salamanca\/\",\"name\":\"Santos Ochoa Salamanca\",\"description\":\"Tu Librer\u00eda Online\",\"potentialAction\":[{\"@type\":\"SearchAction\",\"target\":{\"@type\":\"EntryPoint\",\"urlTemplate\":\"https:\/\/blogs.santosochoa.es\/salamanca\/?s={search_term_string}\"},\"query-input\":{\"@type\":\"PropertyValueSpecification\",\"valueRequired\":true,\"valueName\":\"search_term_string\"}}],\"inLanguage\":\"es\"},{\"@type\":\"Person\",\"@id\":\"https:\/\/blogs.santosochoa.es\/salamanca\/#\/schema\/person\/a125e75c96c8702907b25e61f1c0b772\",\"name\":\"Santos Ochoa Salamanca\"}]}<\/script>\n<!-- \/ Yoast SEO plugin. -->","yoast_head_json":{"title":"Mar\u00eda Reig, C\u00e9sar P\u00e9rez Gellida y Jos\u00e9 \u00c1ngel Ma\u00f1as - Santos Ochoa Salamanca","description":"Mar\u00eda Reig presenta \"Los mil nombres de la libertad\", C\u00e9sar P\u00e9rez Gellida \"Nos crecen los enanos\" y Jos\u00e9 \u00c1ngel Ma\u00f1as \"\u00a1Fern\u00e1n Gonz\u00e1lez!\"","robots":{"index":"index","follow":"follow","max-snippet":"max-snippet:-1","max-image-preview":"max-image-preview:large","max-video-preview":"max-video-preview:-1"},"canonical":"https:\/\/blogs.santosochoa.es\/salamanca\/maria-reig-cesar-perez-gellida-y-jose-angel-manas\/","og_locale":"es_ES","og_type":"article","og_title":"Mar\u00eda Reig, C\u00e9sar P\u00e9rez Gellida y Jos\u00e9 \u00c1ngel Ma\u00f1as - Santos Ochoa Salamanca","og_description":"Mar\u00eda Reig presenta \"Los mil nombres de la libertad\", C\u00e9sar P\u00e9rez Gellida \"Nos crecen los enanos\" y Jos\u00e9 \u00c1ngel Ma\u00f1as \"\u00a1Fern\u00e1n Gonz\u00e1lez!\"","og_url":"https:\/\/blogs.santosochoa.es\/salamanca\/maria-reig-cesar-perez-gellida-y-jose-angel-manas\/","og_site_name":"Santos Ochoa Salamanca","article_published_time":"2022-09-28T11:11:36+00:00","article_modified_time":"2022-09-28T11:11:38+00:00","og_image":[{"width":591,"height":912,"url":"https:\/\/blogs.santosochoa.es\/salamanca\/wp-content\/uploads\/sites\/3\/2022\/09\/los-mil-nombres-de-la-libertad_maria-reig.jpg","type":"image\/jpeg"}],"author":"Santos Ochoa Salamanca","twitter_card":"summary_large_image","twitter_misc":{"Written by":"Santos Ochoa Salamanca","Est. reading time":"6 minutos"},"schema":{"@context":"https:\/\/schema.org","@graph":[{"@type":"Article","@id":"https:\/\/blogs.santosochoa.es\/salamanca\/maria-reig-cesar-perez-gellida-y-jose-angel-manas\/#article","isPartOf":{"@id":"https:\/\/blogs.santosochoa.es\/salamanca\/maria-reig-cesar-perez-gellida-y-jose-angel-manas\/"},"author":{"name":"Santos Ochoa Salamanca","@id":"https:\/\/blogs.santosochoa.es\/salamanca\/#\/schema\/person\/a125e75c96c8702907b25e61f1c0b772"},"headline":"Mar\u00eda Reig, C\u00e9sar P\u00e9rez Gellida y Jos\u00e9 \u00c1ngel Ma\u00f1as","datePublished":"2022-09-28T11:11:36+00:00","dateModified":"2022-09-28T11:11:38+00:00","mainEntityOfPage":{"@id":"https:\/\/blogs.santosochoa.es\/salamanca\/maria-reig-cesar-perez-gellida-y-jose-angel-manas\/"},"wordCount":1167,"image":{"@id":"https:\/\/blogs.santosochoa.es\/salamanca\/maria-reig-cesar-perez-gellida-y-jose-angel-manas\/#primaryimage"},"thumbnailUrl":"https:\/\/blogs.santosochoa.es\/salamanca\/wp-content\/uploads\/sites\/3\/2022\/09\/los-mil-nombres-de-la-libertad_maria-reig.jpg","articleSection":["libros"],"inLanguage":"es"},{"@type":"WebPage","@id":"https:\/\/blogs.santosochoa.es\/salamanca\/maria-reig-cesar-perez-gellida-y-jose-angel-manas\/","url":"https:\/\/blogs.santosochoa.es\/salamanca\/maria-reig-cesar-perez-gellida-y-jose-angel-manas\/","name":"Mar\u00eda Reig, C\u00e9sar P\u00e9rez Gellida y Jos\u00e9 \u00c1ngel Ma\u00f1as - Santos Ochoa Salamanca","isPartOf":{"@id":"https:\/\/blogs.santosochoa.es\/salamanca\/#website"},"primaryImageOfPage":{"@id":"https:\/\/blogs.santosochoa.es\/salamanca\/maria-reig-cesar-perez-gellida-y-jose-angel-manas\/#primaryimage"},"image":{"@id":"https:\/\/blogs.santosochoa.es\/salamanca\/maria-reig-cesar-perez-gellida-y-jose-angel-manas\/#primaryimage"},"thumbnailUrl":"https:\/\/blogs.santosochoa.es\/salamanca\/wp-content\/uploads\/sites\/3\/2022\/09\/los-mil-nombres-de-la-libertad_maria-reig.jpg","datePublished":"2022-09-28T11:11:36+00:00","dateModified":"2022-09-28T11:11:38+00:00","author":{"@id":"https:\/\/blogs.santosochoa.es\/salamanca\/#\/schema\/person\/a125e75c96c8702907b25e61f1c0b772"},"description":"Mar\u00eda Reig presenta \"Los mil nombres de la libertad\", C\u00e9sar P\u00e9rez Gellida \"Nos crecen los enanos\" y Jos\u00e9 \u00c1ngel Ma\u00f1as \"\u00a1Fern\u00e1n Gonz\u00e1lez!\"","breadcrumb":{"@id":"https:\/\/blogs.santosochoa.es\/salamanca\/maria-reig-cesar-perez-gellida-y-jose-angel-manas\/#breadcrumb"},"inLanguage":"es","potentialAction":[{"@type":"ReadAction","target":["https:\/\/blogs.santosochoa.es\/salamanca\/maria-reig-cesar-perez-gellida-y-jose-angel-manas\/"]}]},{"@type":"ImageObject","inLanguage":"es","@id":"https:\/\/blogs.santosochoa.es\/salamanca\/maria-reig-cesar-perez-gellida-y-jose-angel-manas\/#primaryimage","url":"https:\/\/blogs.santosochoa.es\/salamanca\/wp-content\/uploads\/sites\/3\/2022\/09\/los-mil-nombres-de-la-libertad_maria-reig.jpg","contentUrl":"https:\/\/blogs.santosochoa.es\/salamanca\/wp-content\/uploads\/sites\/3\/2022\/09\/los-mil-nombres-de-la-libertad_maria-reig.jpg","width":591,"height":912},{"@type":"BreadcrumbList","@id":"https:\/\/blogs.santosochoa.es\/salamanca\/maria-reig-cesar-perez-gellida-y-jose-angel-manas\/#breadcrumb","itemListElement":[{"@type":"ListItem","position":1,"name":"Home","item":"https:\/\/blogs.santosochoa.es\/salamanca\/"},{"@type":"ListItem","position":2,"name":"Mar\u00eda Reig, C\u00e9sar P\u00e9rez Gellida y Jos\u00e9 \u00c1ngel Ma\u00f1as"}]},{"@type":"WebSite","@id":"https:\/\/blogs.santosochoa.es\/salamanca\/#website","url":"https:\/\/blogs.santosochoa.es\/salamanca\/","name":"Santos Ochoa Salamanca","description":"Tu Librer\u00eda Online","potentialAction":[{"@type":"SearchAction","target":{"@type":"EntryPoint","urlTemplate":"https:\/\/blogs.santosochoa.es\/salamanca\/?s={search_term_string}"},"query-input":{"@type":"PropertyValueSpecification","valueRequired":true,"valueName":"search_term_string"}}],"inLanguage":"es"},{"@type":"Person","@id":"https:\/\/blogs.santosochoa.es\/salamanca\/#\/schema\/person\/a125e75c96c8702907b25e61f1c0b772","name":"Santos Ochoa Salamanca"}]}},"_links":{"self":[{"href":"https:\/\/blogs.santosochoa.es\/salamanca\/wp-json\/wp\/v2\/posts\/1333","targetHints":{"allow":["GET"]}}],"collection":[{"href":"https:\/\/blogs.santosochoa.es\/salamanca\/wp-json\/wp\/v2\/posts"}],"about":[{"href":"https:\/\/blogs.santosochoa.es\/salamanca\/wp-json\/wp\/v2\/types\/post"}],"author":[{"embeddable":true,"href":"https:\/\/blogs.santosochoa.es\/salamanca\/wp-json\/wp\/v2\/users\/2"}],"replies":[{"embeddable":true,"href":"https:\/\/blogs.santosochoa.es\/salamanca\/wp-json\/wp\/v2\/comments?post=1333"}],"version-history":[{"count":2,"href":"https:\/\/blogs.santosochoa.es\/salamanca\/wp-json\/wp\/v2\/posts\/1333\/revisions"}],"predecessor-version":[{"id":1335,"href":"https:\/\/blogs.santosochoa.es\/salamanca\/wp-json\/wp\/v2\/posts\/1333\/revisions\/1335"}],"wp:featuredmedia":[{"embeddable":true,"href":"https:\/\/blogs.santosochoa.es\/salamanca\/wp-json\/wp\/v2\/media\/1316"}],"wp:attachment":[{"href":"https:\/\/blogs.santosochoa.es\/salamanca\/wp-json\/wp\/v2\/media?parent=1333"}],"wp:term":[{"taxonomy":"category","embeddable":true,"href":"https:\/\/blogs.santosochoa.es\/salamanca\/wp-json\/wp\/v2\/categories?post=1333"},{"taxonomy":"post_tag","embeddable":true,"href":"https:\/\/blogs.santosochoa.es\/salamanca\/wp-json\/wp\/v2\/tags?post=1333"}],"curies":[{"name":"wp","href":"https:\/\/api.w.org\/{rel}","templated":true}]}}