{"id":1295,"date":"2022-06-02T10:10:00","date_gmt":"2022-06-02T08:10:00","guid":{"rendered":"https:\/\/blogs.santosochoa.es\/salamanca\/?p=1295"},"modified":"2022-06-20T13:46:40","modified_gmt":"2022-06-20T11:46:40","slug":"armando-manrique-y-jose-luis-gil-soto","status":"publish","type":"post","link":"https:\/\/blogs.santosochoa.es\/salamanca\/armando-manrique-y-jose-luis-gil-soto\/","title":{"rendered":"Armando Manrique y Jos\u00e9 Luis Gil Soto"},"content":{"rendered":"\n<h2 class=\"wp-block-heading\"><strong><em>Verseando por Salamanca<\/em>. Presentaci\u00f3n y recital de Armando Manrique Cerrato<\/strong>.<\/h2>\n\n\n\n<h3 class=\"wp-block-heading\"><strong>Jueves 23 de junio, a las 19:30 h.<\/strong><\/h3>\n\n\n\n<h4 class=\"wp-block-heading\">Librer\u00eda Santos Ochoa. Gran V\u00eda, 12, Salamanca<\/h4>\n\n\n\n<div class=\"wp-block-image\"><figure class=\"alignleft size-large is-resized\"><a href=\"https:\/\/www.santosochoa.es\/libros\/manrique-cerrato-armando_verseando-por-salamanca_9788477976837\" target=\"_blank\" rel=\"noopener noreferrer\"><img decoding=\"async\" src=\"https:\/\/blogs.santosochoa.es\/salamanca\/wp-content\/uploads\/sites\/3\/2022\/05\/verseando-por-salamanca_armando-manrique-cerrato.jpg\" alt=\"\" class=\"wp-image-1276\" width=\"300\" srcset=\"https:\/\/blogs.santosochoa.es\/salamanca\/wp-content\/uploads\/sites\/3\/2022\/05\/verseando-por-salamanca_armando-manrique-cerrato.jpg 591w, https:\/\/blogs.santosochoa.es\/salamanca\/wp-content\/uploads\/sites\/3\/2022\/05\/verseando-por-salamanca_armando-manrique-cerrato-215x300.jpg 215w\" sizes=\"(max-width: 591px) 100vw, 591px\" \/><\/a><\/figure><\/div>\n\n\n\n<h5 class=\"wp-block-heading\"><strong>Armando Manrique Cerrato nos invita a un viaje entre paisajes, pueblos, tradiciones, leyendas y monumentos emblem\u00e1ticos mediante la poes\u00eda y las im\u00e1genes. Durante a\u00f1os, Armando ha buceado en los interiores de la provincia y de la ciudad de Salamanca recogiendo el material de creatividad que ha dado lugar a la gu\u00eda po\u00e9tica y gr\u00e1fica <em>Verseando por Salamanca<\/em>.<\/strong><\/h5>\n\n\n\n<p>El libro nos conduce por un recorrido que parte de la Plaza Mayor y tras un breve, pero intenso paseo por el casco hist\u00f3rico nos acerca al alfoz y a las comarcas m\u00e1s pr\u00f3ximas.<\/p>\n\n\n\n<p>Recoge el autor aspectos que tienen que ver con Santa Marta y la primavera en la Isla del Soto o Matac\u00e1n, como no pod\u00eda ser menos. Tambi\u00e9n nos adentra su palabra en las tierras de Huerta, el Castillo de Buen Amor, Santa Teresa en Alba de Tormes, Pe\u00f1aranda, e indaga en un encuentro en Valcuevo o el Cristo de Cabrera hasta llegar a las sierras de Francia y B\u00e9jar. Desde all\u00ed, esta gu\u00eda po\u00e9tica y gr\u00e1fica nos conduce hasta al extremo oeste para, entre gargantas, simas y cascadas, dar voz a paisajes y leyendas desde Ledesma a Ciudad Rodrigo o las Arribes del Duero.<\/p>\n\n\n\n<p><strong>Armando Manrique Cerrato<\/strong> naci\u00f3 en Valladolid en 1970.&nbsp; Es Licenciado en Derecho y Capit\u00e1n del Ej\u00e9rcito del Aire, destinado actualmente en Salamanca. Fue seleccionado entre los poetas que tomaron parte en la celebraci\u00f3n del III D\u00eda de la Poes\u00eda en Segovia en 2012. Poeta mantenedor de las Casas Regionales de Valladolid en 2012. Ganador del premio Ej\u00e9rcito del Aire 2014 en la modalidad de narrativa literaria con su poema <em>Llevan las olas<\/em>.<\/p>\n\n\n\n<p>Adem\u00e1s de haber participado en varios libros colectivos, ha publicado en solitario <em>Hombre al Sol<\/em> y <em>Salamanca, versos y caminos<\/em>. La tem\u00e1tica de su poes\u00eda se basa en sus experiencias vitales, los viajes, la familia (cultiva especialmente la poes\u00eda infantil), la naturaleza, el paso del tiempo y las emociones que podemos encontrar en las grandes y peque\u00f1as cosas de la vida. Su obra se caracteriza por alternar las formas cl\u00e1sicas (romances, sonetos\u2026) con otras m\u00e1s actuales y vanguardistas (haikus, poemas de m\u00e9trica irregular), pero dando siempre prioridad a la rima y al aspecto est\u00e9tico del resultado final. Por su lenguaje sencillo y cercano al lector, sus poes\u00edas tienen siempre gran aceptaci\u00f3n entre el p\u00fablico.<\/p>\n\n\n\n<div style=\"height:50px\" aria-hidden=\"true\" class=\"wp-block-spacer\"><\/div>\n\n\n\n<h2 class=\"wp-block-heading\"><strong>Jos\u00e9 Luis Gil Soto presenta <em>L\u00e1grimas de oro.<\/em> Una novela hist\u00f3rica hermosa y una aventura \u00e9pica<\/strong>.<\/h2>\n\n\n\n<h3 class=\"wp-block-heading\"><strong>Jueves 9 de junio<\/strong><strong>, a las 19:30 h.<\/strong><\/h3>\n\n\n\n<h4 class=\"wp-block-heading\">Librer\u00eda Santos Ochoa. Gran V\u00eda, 12, Salamanca<\/h4>\n\n\n\n<div class=\"wp-block-image\"><figure class=\"alignright size-large is-resized\"><a href=\"https:\/\/www.santosochoa.es\/libros\/gil-soto-jose-luis_lagrimas-de-oro_9788467065091\" target=\"_blank\" rel=\"noopener noreferrer\"><img decoding=\"async\" src=\"https:\/\/blogs.santosochoa.es\/salamanca\/wp-content\/uploads\/sites\/3\/2022\/05\/lagrimas-de-oro_jose-luis-gil-soto.jpg\" alt=\"\" class=\"wp-image-1294\" width=\"300\" srcset=\"https:\/\/blogs.santosochoa.es\/salamanca\/wp-content\/uploads\/sites\/3\/2022\/05\/lagrimas-de-oro_jose-luis-gil-soto.jpg 591w, https:\/\/blogs.santosochoa.es\/salamanca\/wp-content\/uploads\/sites\/3\/2022\/05\/lagrimas-de-oro_jose-luis-gil-soto-198x300.jpg 198w\" sizes=\"(max-width: 591px) 100vw, 591px\" \/><\/a><\/figure><\/div>\n\n\n\n<p><strong><em>\u00abL\u00e1grimas de oro<\/em> es una novela hist\u00f3rica hermosa, necesaria en todos los \u00f3rdenes, que nos embarca en una empresa conquistadora que ped\u00eda ser rescatada del pasado<em>.\u00bb<\/em><\/strong> Jes\u00fas S\u00e1nchez Adalid<\/p>\n\n\n\n<h5 class=\"wp-block-heading\"><strong>\u00abTarde o temprano ten\u00eda que ocurrir. Desde que Viracocha se le apareci\u00f3 a su antepasado, todos sab\u00edan que alg\u00fan d\u00eda llegar\u00edan sus hijos, seres blancos, barbados, superiores en todo a ellos mismos. Ese d\u00eda tendr\u00edan que postrarse a sus pies y poner su propia vida en sus manos, pues ni el mismo Sol podr\u00eda opon\u00e9rseles.\u00bb<\/strong><\/h5>\n\n\n\n<p><strong>Panam\u00e1, Castilla del Oro, 1524.<\/strong> En la sacrist\u00eda de una peque\u00f1a iglesia del Nuevo Mundo, tres hombres se re\u00fanen a la luz de los velones. Uno de ellos, serio, enjuto, con una poblada barba ya cana, habla a los otros de las maravillas que algunos dicen que existen en lugares a\u00fan ignotos de la Mar del Sur. Es su empe\u00f1o reunir dineros suficientes para emprender la conquista de esos nuevos territorios para mayor gloria del rey de Espa\u00f1a y la Santa Madre Iglesia. \u00c9l, hijo bastardo de un afamado capit\u00e1n, despu\u00e9s de a\u00f1os en las Indias, arriesgando vida y capital con cierta fortuna, necesita demostrar a su ya fallecido padre que era merecedor de su apellido. Este hombre es Francisco Pizarro. El descubrimiento y la conquista de Per\u00fa acaban de comenzar.<\/p>\n\n\n\n<p><strong>El Cusco, imperio inca, 1524.<\/strong> Huayna C\u00e1pac, Sapa Inca, \u00danico Se\u00f1or, regresa a la capital de su imperio. Acaba de apaciguar a los pueblos que no han querido reconocer al \u00fanico dios, el padre Sol, y el gobierno del Inca. Con \u00e9l vuelven sus hijos y juntos saldr\u00e1n a guerrear de nuevo. No pueden imaginar que el imperio est\u00e1 llegando a su fin. Una guerra fratricida ayudar\u00e1 a aquellos que aparecen en la profec\u00eda del dios Viracocha.<\/p>\n\n\n\n<p><strong>Sevilla, abril de 2019.<\/strong> La teniente Rebeca Parma, del Grupo de Patrimonio Hist\u00f3rico de la Guardia Civil, est\u00e1 a punto de llegar al aeropuerto de Sevilla para empezar unas merecidas vacaciones. Suena el m\u00f3vil. Es su comandante: en Conquista de la Sierra, un pueblo cacere\u00f1o pr\u00f3ximo a Trujillo, acaban de robar el collar de oro y esmeraldas que adorna a la Virgen, una joya inca de incalculable valor. Contrariada, comienza una investigaci\u00f3n que la llevar\u00e1 a Par\u00eds en busca del ladr\u00f3n.<\/p>\n\n\n\n<blockquote class=\"wp-block-quote is-layout-flow wp-block-quote-is-layout-flow\"><p>Jos\u00e9 Luis Gil Soto va entrelazando con asombrosa maestr\u00eda estos tres hilos para formar un tejido nuevo con el que contar una historia antigua con rigor hist\u00f3rico e imaginaci\u00f3n: el descubrimiento y la conquista del Per\u00fa. Una epopeya inolvidable.<\/p><\/blockquote>\n\n\n\n<p><strong>Jos\u00e9 Luis Gil Soto<\/strong>&nbsp;(Badajoz, 1972) es ingeniero agr\u00f3nomo, aficionado al ciclismo y amante del campo; vive en su Extremadura natal, por cuyas dehesas siente veneraci\u00f3n. Su experiencia en la escritura empez\u00f3 con la publicaci\u00f3n de&nbsp;<em>La traici\u00f3n del rey<\/em>, su primera novela hist\u00f3rica, en 2008 por la editorial Styria. Es colaborador del diario&nbsp;<em>Hoy,<\/em>&nbsp;cabecera regional del grupo Vocento en Extremadura, donde escribe la columna&nbsp;Viento del Este.&nbsp;Adem\u00e1s, es miembro de la Asociaci\u00f3n de Escritores con la Historia. Es autor, asimismo, de&nbsp;<em>La colina de las piedras blancas<\/em>&nbsp;(Styria, 2010),&nbsp;<em>La dama de Saig\u00f3n<\/em>&nbsp;(Kailas, 2015) y&nbsp;<em>Madera de savia azul<\/em>&nbsp;(Ediciones B, 2019).<\/p>\n","protected":false},"excerpt":{"rendered":"<p>\u00abVerseando por Salamanca\u00bb, presentaci\u00f3n y recital de Armando Manrique. Jos\u00e9 Luis Gil Soto presenta \u00abL\u00e1grimas de oro\u00bb, Una novela hist\u00f3rica y \u00e9pica.<\/p>\n","protected":false},"author":2,"featured_media":1294,"comment_status":"closed","ping_status":"closed","sticky":false,"template":"","format":"standard","meta":{"footnotes":""},"categories":[9,14],"tags":[],"class_list":["post-1295","post","type-post","status-publish","format-standard","has-post-thumbnail","hentry","category-libros","category-libros-salamanca"],"yoast_head":"<!-- This site is optimized with the Yoast SEO plugin v27.2 - https:\/\/yoast.com\/product\/yoast-seo-wordpress\/ -->\n<title>Armando Manrique y Jos\u00e9 Luis Gil Soto - Santos Ochoa Salamanca<\/title>\n<meta name=\"description\" content=\"&quot;Verseando por Salamanca&quot;, presentaci\u00f3n y recital de Armando Manrique. Jos\u00e9 Luis Gil Soto presenta &quot;L\u00e1grimas de oro&quot;, Una novela hist\u00f3rica y \u00e9pica.\" \/>\n<meta name=\"robots\" content=\"index, follow, max-snippet:-1, max-image-preview:large, max-video-preview:-1\" \/>\n<link rel=\"canonical\" href=\"https:\/\/blogs.santosochoa.es\/salamanca\/armando-manrique-y-jose-luis-gil-soto\/\" \/>\n<meta property=\"og:locale\" content=\"es_ES\" \/>\n<meta property=\"og:type\" content=\"article\" \/>\n<meta property=\"og:title\" content=\"Armando Manrique y Jos\u00e9 Luis Gil Soto - Santos Ochoa Salamanca\" \/>\n<meta property=\"og:description\" content=\"&quot;Verseando por Salamanca&quot;, presentaci\u00f3n y recital de Armando Manrique. Jos\u00e9 Luis Gil Soto presenta &quot;L\u00e1grimas de oro&quot;, Una novela hist\u00f3rica y \u00e9pica.\" \/>\n<meta property=\"og:url\" content=\"https:\/\/blogs.santosochoa.es\/salamanca\/armando-manrique-y-jose-luis-gil-soto\/\" \/>\n<meta property=\"og:site_name\" content=\"Santos Ochoa Salamanca\" \/>\n<meta property=\"article:published_time\" content=\"2022-06-02T08:10:00+00:00\" \/>\n<meta property=\"article:modified_time\" content=\"2022-06-20T11:46:40+00:00\" \/>\n<meta property=\"og:image\" content=\"https:\/\/blogs.santosochoa.es\/salamanca\/wp-content\/uploads\/sites\/3\/2022\/05\/lagrimas-de-oro_jose-luis-gil-soto.jpg\" \/>\n\t<meta property=\"og:image:width\" content=\"591\" \/>\n\t<meta property=\"og:image:height\" content=\"894\" \/>\n\t<meta property=\"og:image:type\" content=\"image\/jpeg\" \/>\n<meta name=\"author\" content=\"Santos Ochoa Salamanca\" \/>\n<meta name=\"twitter:card\" content=\"summary_large_image\" \/>\n<meta name=\"twitter:label1\" content=\"Written by\" \/>\n\t<meta name=\"twitter:data1\" content=\"Santos Ochoa Salamanca\" \/>\n\t<meta name=\"twitter:label2\" content=\"Est. reading time\" \/>\n\t<meta name=\"twitter:data2\" content=\"5 minutos\" \/>\n<script type=\"application\/ld+json\" class=\"yoast-schema-graph\">{\"@context\":\"https:\/\/schema.org\",\"@graph\":[{\"@type\":\"Article\",\"@id\":\"https:\/\/blogs.santosochoa.es\/salamanca\/armando-manrique-y-jose-luis-gil-soto\/#article\",\"isPartOf\":{\"@id\":\"https:\/\/blogs.santosochoa.es\/salamanca\/armando-manrique-y-jose-luis-gil-soto\/\"},\"author\":{\"name\":\"Santos Ochoa Salamanca\",\"@id\":\"https:\/\/blogs.santosochoa.es\/salamanca\/#\/schema\/person\/a125e75c96c8702907b25e61f1c0b772\"},\"headline\":\"Armando Manrique y Jos\u00e9 Luis Gil Soto\",\"datePublished\":\"2022-06-02T08:10:00+00:00\",\"dateModified\":\"2022-06-20T11:46:40+00:00\",\"mainEntityOfPage\":{\"@id\":\"https:\/\/blogs.santosochoa.es\/salamanca\/armando-manrique-y-jose-luis-gil-soto\/\"},\"wordCount\":1045,\"image\":{\"@id\":\"https:\/\/blogs.santosochoa.es\/salamanca\/armando-manrique-y-jose-luis-gil-soto\/#primaryimage\"},\"thumbnailUrl\":\"https:\/\/blogs.santosochoa.es\/salamanca\/wp-content\/uploads\/sites\/3\/2022\/05\/lagrimas-de-oro_jose-luis-gil-soto.jpg\",\"articleSection\":[\"libros\",\"libros salamanca\"],\"inLanguage\":\"es\"},{\"@type\":\"WebPage\",\"@id\":\"https:\/\/blogs.santosochoa.es\/salamanca\/armando-manrique-y-jose-luis-gil-soto\/\",\"url\":\"https:\/\/blogs.santosochoa.es\/salamanca\/armando-manrique-y-jose-luis-gil-soto\/\",\"name\":\"Armando Manrique y Jos\u00e9 Luis Gil Soto - Santos Ochoa Salamanca\",\"isPartOf\":{\"@id\":\"https:\/\/blogs.santosochoa.es\/salamanca\/#website\"},\"primaryImageOfPage\":{\"@id\":\"https:\/\/blogs.santosochoa.es\/salamanca\/armando-manrique-y-jose-luis-gil-soto\/#primaryimage\"},\"image\":{\"@id\":\"https:\/\/blogs.santosochoa.es\/salamanca\/armando-manrique-y-jose-luis-gil-soto\/#primaryimage\"},\"thumbnailUrl\":\"https:\/\/blogs.santosochoa.es\/salamanca\/wp-content\/uploads\/sites\/3\/2022\/05\/lagrimas-de-oro_jose-luis-gil-soto.jpg\",\"datePublished\":\"2022-06-02T08:10:00+00:00\",\"dateModified\":\"2022-06-20T11:46:40+00:00\",\"author\":{\"@id\":\"https:\/\/blogs.santosochoa.es\/salamanca\/#\/schema\/person\/a125e75c96c8702907b25e61f1c0b772\"},\"description\":\"\\\"Verseando por Salamanca\\\", presentaci\u00f3n y recital de Armando Manrique. Jos\u00e9 Luis Gil Soto presenta \\\"L\u00e1grimas de oro\\\", Una novela hist\u00f3rica y \u00e9pica.\",\"breadcrumb\":{\"@id\":\"https:\/\/blogs.santosochoa.es\/salamanca\/armando-manrique-y-jose-luis-gil-soto\/#breadcrumb\"},\"inLanguage\":\"es\",\"potentialAction\":[{\"@type\":\"ReadAction\",\"target\":[\"https:\/\/blogs.santosochoa.es\/salamanca\/armando-manrique-y-jose-luis-gil-soto\/\"]}]},{\"@type\":\"ImageObject\",\"inLanguage\":\"es\",\"@id\":\"https:\/\/blogs.santosochoa.es\/salamanca\/armando-manrique-y-jose-luis-gil-soto\/#primaryimage\",\"url\":\"https:\/\/blogs.santosochoa.es\/salamanca\/wp-content\/uploads\/sites\/3\/2022\/05\/lagrimas-de-oro_jose-luis-gil-soto.jpg\",\"contentUrl\":\"https:\/\/blogs.santosochoa.es\/salamanca\/wp-content\/uploads\/sites\/3\/2022\/05\/lagrimas-de-oro_jose-luis-gil-soto.jpg\",\"width\":591,\"height\":894},{\"@type\":\"BreadcrumbList\",\"@id\":\"https:\/\/blogs.santosochoa.es\/salamanca\/armando-manrique-y-jose-luis-gil-soto\/#breadcrumb\",\"itemListElement\":[{\"@type\":\"ListItem\",\"position\":1,\"name\":\"Home\",\"item\":\"https:\/\/blogs.santosochoa.es\/salamanca\/\"},{\"@type\":\"ListItem\",\"position\":2,\"name\":\"Armando Manrique y Jos\u00e9 Luis Gil Soto\"}]},{\"@type\":\"WebSite\",\"@id\":\"https:\/\/blogs.santosochoa.es\/salamanca\/#website\",\"url\":\"https:\/\/blogs.santosochoa.es\/salamanca\/\",\"name\":\"Santos Ochoa Salamanca\",\"description\":\"Tu Librer\u00eda Online\",\"potentialAction\":[{\"@type\":\"SearchAction\",\"target\":{\"@type\":\"EntryPoint\",\"urlTemplate\":\"https:\/\/blogs.santosochoa.es\/salamanca\/?s={search_term_string}\"},\"query-input\":{\"@type\":\"PropertyValueSpecification\",\"valueRequired\":true,\"valueName\":\"search_term_string\"}}],\"inLanguage\":\"es\"},{\"@type\":\"Person\",\"@id\":\"https:\/\/blogs.santosochoa.es\/salamanca\/#\/schema\/person\/a125e75c96c8702907b25e61f1c0b772\",\"name\":\"Santos Ochoa Salamanca\"}]}<\/script>\n<!-- \/ Yoast SEO plugin. -->","yoast_head_json":{"title":"Armando Manrique y Jos\u00e9 Luis Gil Soto - Santos Ochoa Salamanca","description":"\"Verseando por Salamanca\", presentaci\u00f3n y recital de Armando Manrique. Jos\u00e9 Luis Gil Soto presenta \"L\u00e1grimas de oro\", Una novela hist\u00f3rica y \u00e9pica.","robots":{"index":"index","follow":"follow","max-snippet":"max-snippet:-1","max-image-preview":"max-image-preview:large","max-video-preview":"max-video-preview:-1"},"canonical":"https:\/\/blogs.santosochoa.es\/salamanca\/armando-manrique-y-jose-luis-gil-soto\/","og_locale":"es_ES","og_type":"article","og_title":"Armando Manrique y Jos\u00e9 Luis Gil Soto - Santos Ochoa Salamanca","og_description":"\"Verseando por Salamanca\", presentaci\u00f3n y recital de Armando Manrique. Jos\u00e9 Luis Gil Soto presenta \"L\u00e1grimas de oro\", Una novela hist\u00f3rica y \u00e9pica.","og_url":"https:\/\/blogs.santosochoa.es\/salamanca\/armando-manrique-y-jose-luis-gil-soto\/","og_site_name":"Santos Ochoa Salamanca","article_published_time":"2022-06-02T08:10:00+00:00","article_modified_time":"2022-06-20T11:46:40+00:00","og_image":[{"width":591,"height":894,"url":"https:\/\/blogs.santosochoa.es\/salamanca\/wp-content\/uploads\/sites\/3\/2022\/05\/lagrimas-de-oro_jose-luis-gil-soto.jpg","type":"image\/jpeg"}],"author":"Santos Ochoa Salamanca","twitter_card":"summary_large_image","twitter_misc":{"Written by":"Santos Ochoa Salamanca","Est. reading time":"5 minutos"},"schema":{"@context":"https:\/\/schema.org","@graph":[{"@type":"Article","@id":"https:\/\/blogs.santosochoa.es\/salamanca\/armando-manrique-y-jose-luis-gil-soto\/#article","isPartOf":{"@id":"https:\/\/blogs.santosochoa.es\/salamanca\/armando-manrique-y-jose-luis-gil-soto\/"},"author":{"name":"Santos Ochoa Salamanca","@id":"https:\/\/blogs.santosochoa.es\/salamanca\/#\/schema\/person\/a125e75c96c8702907b25e61f1c0b772"},"headline":"Armando Manrique y Jos\u00e9 Luis Gil Soto","datePublished":"2022-06-02T08:10:00+00:00","dateModified":"2022-06-20T11:46:40+00:00","mainEntityOfPage":{"@id":"https:\/\/blogs.santosochoa.es\/salamanca\/armando-manrique-y-jose-luis-gil-soto\/"},"wordCount":1045,"image":{"@id":"https:\/\/blogs.santosochoa.es\/salamanca\/armando-manrique-y-jose-luis-gil-soto\/#primaryimage"},"thumbnailUrl":"https:\/\/blogs.santosochoa.es\/salamanca\/wp-content\/uploads\/sites\/3\/2022\/05\/lagrimas-de-oro_jose-luis-gil-soto.jpg","articleSection":["libros","libros salamanca"],"inLanguage":"es"},{"@type":"WebPage","@id":"https:\/\/blogs.santosochoa.es\/salamanca\/armando-manrique-y-jose-luis-gil-soto\/","url":"https:\/\/blogs.santosochoa.es\/salamanca\/armando-manrique-y-jose-luis-gil-soto\/","name":"Armando Manrique y Jos\u00e9 Luis Gil Soto - Santos Ochoa Salamanca","isPartOf":{"@id":"https:\/\/blogs.santosochoa.es\/salamanca\/#website"},"primaryImageOfPage":{"@id":"https:\/\/blogs.santosochoa.es\/salamanca\/armando-manrique-y-jose-luis-gil-soto\/#primaryimage"},"image":{"@id":"https:\/\/blogs.santosochoa.es\/salamanca\/armando-manrique-y-jose-luis-gil-soto\/#primaryimage"},"thumbnailUrl":"https:\/\/blogs.santosochoa.es\/salamanca\/wp-content\/uploads\/sites\/3\/2022\/05\/lagrimas-de-oro_jose-luis-gil-soto.jpg","datePublished":"2022-06-02T08:10:00+00:00","dateModified":"2022-06-20T11:46:40+00:00","author":{"@id":"https:\/\/blogs.santosochoa.es\/salamanca\/#\/schema\/person\/a125e75c96c8702907b25e61f1c0b772"},"description":"\"Verseando por Salamanca\", presentaci\u00f3n y recital de Armando Manrique. Jos\u00e9 Luis Gil Soto presenta \"L\u00e1grimas de oro\", Una novela hist\u00f3rica y \u00e9pica.","breadcrumb":{"@id":"https:\/\/blogs.santosochoa.es\/salamanca\/armando-manrique-y-jose-luis-gil-soto\/#breadcrumb"},"inLanguage":"es","potentialAction":[{"@type":"ReadAction","target":["https:\/\/blogs.santosochoa.es\/salamanca\/armando-manrique-y-jose-luis-gil-soto\/"]}]},{"@type":"ImageObject","inLanguage":"es","@id":"https:\/\/blogs.santosochoa.es\/salamanca\/armando-manrique-y-jose-luis-gil-soto\/#primaryimage","url":"https:\/\/blogs.santosochoa.es\/salamanca\/wp-content\/uploads\/sites\/3\/2022\/05\/lagrimas-de-oro_jose-luis-gil-soto.jpg","contentUrl":"https:\/\/blogs.santosochoa.es\/salamanca\/wp-content\/uploads\/sites\/3\/2022\/05\/lagrimas-de-oro_jose-luis-gil-soto.jpg","width":591,"height":894},{"@type":"BreadcrumbList","@id":"https:\/\/blogs.santosochoa.es\/salamanca\/armando-manrique-y-jose-luis-gil-soto\/#breadcrumb","itemListElement":[{"@type":"ListItem","position":1,"name":"Home","item":"https:\/\/blogs.santosochoa.es\/salamanca\/"},{"@type":"ListItem","position":2,"name":"Armando Manrique y Jos\u00e9 Luis Gil Soto"}]},{"@type":"WebSite","@id":"https:\/\/blogs.santosochoa.es\/salamanca\/#website","url":"https:\/\/blogs.santosochoa.es\/salamanca\/","name":"Santos Ochoa Salamanca","description":"Tu Librer\u00eda Online","potentialAction":[{"@type":"SearchAction","target":{"@type":"EntryPoint","urlTemplate":"https:\/\/blogs.santosochoa.es\/salamanca\/?s={search_term_string}"},"query-input":{"@type":"PropertyValueSpecification","valueRequired":true,"valueName":"search_term_string"}}],"inLanguage":"es"},{"@type":"Person","@id":"https:\/\/blogs.santosochoa.es\/salamanca\/#\/schema\/person\/a125e75c96c8702907b25e61f1c0b772","name":"Santos Ochoa Salamanca"}]}},"_links":{"self":[{"href":"https:\/\/blogs.santosochoa.es\/salamanca\/wp-json\/wp\/v2\/posts\/1295","targetHints":{"allow":["GET"]}}],"collection":[{"href":"https:\/\/blogs.santosochoa.es\/salamanca\/wp-json\/wp\/v2\/posts"}],"about":[{"href":"https:\/\/blogs.santosochoa.es\/salamanca\/wp-json\/wp\/v2\/types\/post"}],"author":[{"embeddable":true,"href":"https:\/\/blogs.santosochoa.es\/salamanca\/wp-json\/wp\/v2\/users\/2"}],"replies":[{"embeddable":true,"href":"https:\/\/blogs.santosochoa.es\/salamanca\/wp-json\/wp\/v2\/comments?post=1295"}],"version-history":[{"count":3,"href":"https:\/\/blogs.santosochoa.es\/salamanca\/wp-json\/wp\/v2\/posts\/1295\/revisions"}],"predecessor-version":[{"id":1307,"href":"https:\/\/blogs.santosochoa.es\/salamanca\/wp-json\/wp\/v2\/posts\/1295\/revisions\/1307"}],"wp:featuredmedia":[{"embeddable":true,"href":"https:\/\/blogs.santosochoa.es\/salamanca\/wp-json\/wp\/v2\/media\/1294"}],"wp:attachment":[{"href":"https:\/\/blogs.santosochoa.es\/salamanca\/wp-json\/wp\/v2\/media?parent=1295"}],"wp:term":[{"taxonomy":"category","embeddable":true,"href":"https:\/\/blogs.santosochoa.es\/salamanca\/wp-json\/wp\/v2\/categories?post=1295"},{"taxonomy":"post_tag","embeddable":true,"href":"https:\/\/blogs.santosochoa.es\/salamanca\/wp-json\/wp\/v2\/tags?post=1295"}],"curies":[{"name":"wp","href":"https:\/\/api.w.org\/{rel}","templated":true}]}}