{"id":1279,"date":"2022-05-12T11:43:38","date_gmt":"2022-05-12T09:43:38","guid":{"rendered":"https:\/\/blogs.santosochoa.es\/salamanca\/?p=1279"},"modified":"2022-05-12T11:43:40","modified_gmt":"2022-05-12T09:43:40","slug":"pablo-rivero-la-cria","status":"publish","type":"post","link":"https:\/\/blogs.santosochoa.es\/salamanca\/pablo-rivero-la-cria\/","title":{"rendered":"Pablo Rivero. \u00abLa cr\u00eda\u00bb"},"content":{"rendered":"\n<h2 class=\"wp-block-heading\"><strong>Pablo Rivero presenta <em>La cr\u00eda<\/em>. Un thriller trepidante y una experiencia de lectura extrema<\/strong><\/h2>\n\n\n\n<h3 class=\"wp-block-heading\"><strong>Jueves 19 de mayo<\/strong><strong>.<\/strong><\/h3>\n\n\n\n<h3 class=\"wp-block-heading\"><strong>19:00 h. Presentaci\u00f3n <\/strong>(entrada libre hasta completar aforo)<\/h3>\n\n\n\n<h3 class=\"wp-block-heading\"><strong>20:00 h. Firma de libros<\/strong> (entrada libre)<\/h3>\n\n\n\n<h4 class=\"wp-block-heading\">Librer\u00eda Santos Ochoa. Gran V\u00eda, 12, Salamanca<\/h4>\n\n\n\n<div class=\"wp-block-image\"><figure class=\"alignright size-large is-resized\"><a href=\"https:\/\/www.santosochoa.es\/libros\/rivero-pablo_la-cria_9788491296676\" target=\"_blank\" rel=\"noopener noreferrer\"><img decoding=\"async\" src=\"https:\/\/blogs.santosochoa.es\/salamanca\/wp-content\/uploads\/sites\/3\/2022\/05\/la-cria_pablo-rivero.jpg\" alt=\"\" class=\"wp-image-1272\" width=\"300\" srcset=\"https:\/\/blogs.santosochoa.es\/salamanca\/wp-content\/uploads\/sites\/3\/2022\/05\/la-cria_pablo-rivero.jpg 591w, https:\/\/blogs.santosochoa.es\/salamanca\/wp-content\/uploads\/sites\/3\/2022\/05\/la-cria_pablo-rivero-199x300.jpg 199w\" sizes=\"(max-width: 591px) 100vw, 591px\" \/><\/a><\/figure><\/div>\n\n\n\n<p><strong>\u00bfHasta d\u00f3nde llega el amor de una madre? Una vez m\u00e1s Pablo Rivero, con su voz \u00fanica y su estilo cinematogr\u00e1fico, construye con precisi\u00f3n un rompecabezas que pone el dedo en la llaga en temas sociales de m\u00e1xima actualidad. <em>La cr\u00eda<\/em> no es solo un thriller trepidante, es tambi\u00e9n una experiencia de lectura extrema.<\/strong><\/p>\n\n\n\n<h5 class=\"wp-block-heading\"><strong>Ha desaparecido Lucas, el ni\u00f1o m\u00e1s famoso de Espa\u00f1a. Con m\u00e1s de un mill\u00f3n de seguidores en redes sociales, protagoniza un popular anuncio de galletas junto a Sweet Bunny, un enorme y enigm\u00e1tico conejo de peluche blanco.<\/strong><\/h5>\n\n\n\n<p>Candela, una teniente de la Guardia Civil en plena crisis vital, toma las riendas del caso y comienza una trepidante cuenta atr\u00e1s para determinar si se trata de un secuestro, un caso de violencia vicaria o si podr\u00eda estar relacionado con los peligros del sharenting -la exposici\u00f3n de menores por parte de sus padres en internet-. En su b\u00fasqueda por resolver el misterio tendr\u00e1 que sortear las intrusiones de Adriana, la madre del ni\u00f1o, y Judith, su hermana adolescente, ambas empe\u00f1adas en ser influencers de \u00e9xito.<\/p>\n\n\n\n<blockquote class=\"wp-block-quote is-layout-flow wp-block-quote-is-layout-flow\"><p><strong><em>La cr\u00eda<\/em> es una historia inquietante, turbia y aterradora. Un duelo desgarrador entre dos madres que cr\u00edan a sus hijos de manera opuesta planteando un gran interrogante: \u00bfqu\u00e9 es m\u00e1s peligroso: la exposici\u00f3n en las redes o intentar mantenerlos al margen? Comienza la pesadilla.<\/strong><\/p><\/blockquote>\n\n\n\n<p>Licenciado en comunicaci\u00f3n audiovisual, <strong>Pablo Rivero<\/strong> es conocido por interpretar a Toni Alc\u00e1ntara en la serie de TVE<em>&nbsp;Cu\u00e9ntame c\u00f3mo pas\u00f3,<\/em>&nbsp;trabajo que combina con personajes en pel\u00edculas como<em>&nbsp;De tu ventana a la m\u00eda<\/em>&nbsp;de Paula Ortiz,<em>&nbsp;Proyecto tiempo<\/em>&nbsp;de Isabel Coixet,<em>&nbsp;No me pidas que te bese porque te besar\u00e9<\/em>&nbsp;de Albert Espinosa o<em>&nbsp;La noche del hermano<\/em>&nbsp;de Santiago Garc\u00eda de Le\u00e1niz. En teatro ha participado en montajes como&nbsp;<em>La ca\u00edda de los dioses,<\/em>&nbsp;dirigido por Tomaz Pandur,<em>&nbsp;Los hijos se han dormido,<\/em>&nbsp;dirigido por Daniel Veronese,<em>&nbsp;El sirviente,<\/em>&nbsp;dirigido por Mireia Gabilondo, las tres en el Teatro Espa\u00f1ol, o<em>&nbsp;Fausto,<\/em>&nbsp;tambi\u00e9n de Tomaz Pandur, para el CDN, entre otras.<\/p>\n\n\n\n<p>Debut\u00f3 como novelista con<em>&nbsp;No volver\u00e9 a tener miedo,<\/em>&nbsp;un<em>&nbsp;domestic thriller<\/em>&nbsp;que tuvo una gran acogida entre los lectores y la cr\u00edtica.<em>&nbsp;Penitencia<\/em>, su segunda novela, nos adentra en el mundo de la interpretaci\u00f3n y la industria que lo rodea, que conoce muy bien, para dar profundidad a una envolvente trama de puro g\u00e9nero.<em>&nbsp;Las ni\u00f1as que so\u00f1aban con ser vistas<\/em>&nbsp;nos sumerge en una perturbadora historia repleta de intriga.&nbsp;<em>La cr\u00eda<\/em>&nbsp;es su cuarta novela, con la que nos desvela los peligros del&nbsp;<em>sharenting<\/em>.<\/p>\n","protected":false},"excerpt":{"rendered":"<p>Pablo Rivero presenta \u00abLa cr\u00eda\u00bb. Un thriller trepidante y una experiencia de lectura extrema.<\/p>\n","protected":false},"author":2,"featured_media":1272,"comment_status":"closed","ping_status":"closed","sticky":false,"template":"","format":"standard","meta":{"footnotes":""},"categories":[9],"tags":[],"class_list":["post-1279","post","type-post","status-publish","format-standard","has-post-thumbnail","hentry","category-libros"],"yoast_head":"<!-- This site is optimized with the Yoast SEO plugin v27.2 - https:\/\/yoast.com\/product\/yoast-seo-wordpress\/ -->\n<title>Pablo Rivero. &quot;La cr\u00eda&quot; - Santos Ochoa Salamanca<\/title>\n<meta name=\"description\" content=\"Pablo Rivero presenta &quot;La cr\u00eda&quot;. Un thriller trepidante y una experiencia de lectura extrema.\" \/>\n<meta name=\"robots\" content=\"index, follow, max-snippet:-1, max-image-preview:large, max-video-preview:-1\" \/>\n<link rel=\"canonical\" href=\"https:\/\/blogs.santosochoa.es\/salamanca\/pablo-rivero-la-cria\/\" \/>\n<meta property=\"og:locale\" content=\"es_ES\" \/>\n<meta property=\"og:type\" content=\"article\" \/>\n<meta property=\"og:title\" content=\"Pablo Rivero. &quot;La cr\u00eda&quot; - Santos Ochoa Salamanca\" \/>\n<meta property=\"og:description\" content=\"Pablo Rivero presenta &quot;La cr\u00eda&quot;. Un thriller trepidante y una experiencia de lectura extrema.\" \/>\n<meta property=\"og:url\" content=\"https:\/\/blogs.santosochoa.es\/salamanca\/pablo-rivero-la-cria\/\" \/>\n<meta property=\"og:site_name\" content=\"Santos Ochoa Salamanca\" \/>\n<meta property=\"article:published_time\" content=\"2022-05-12T09:43:38+00:00\" \/>\n<meta property=\"article:modified_time\" content=\"2022-05-12T09:43:40+00:00\" \/>\n<meta property=\"og:image\" content=\"https:\/\/blogs.santosochoa.es\/salamanca\/wp-content\/uploads\/sites\/3\/2022\/05\/la-cria_pablo-rivero.jpg\" \/>\n\t<meta property=\"og:image:width\" content=\"591\" \/>\n\t<meta property=\"og:image:height\" content=\"890\" \/>\n\t<meta property=\"og:image:type\" content=\"image\/jpeg\" \/>\n<meta name=\"author\" content=\"Santos Ochoa Salamanca\" \/>\n<meta name=\"twitter:card\" content=\"summary_large_image\" \/>\n<meta name=\"twitter:label1\" content=\"Written by\" \/>\n\t<meta name=\"twitter:data1\" content=\"Santos Ochoa Salamanca\" \/>\n\t<meta name=\"twitter:label2\" content=\"Est. reading time\" \/>\n\t<meta name=\"twitter:data2\" content=\"3 minutos\" \/>\n<script type=\"application\/ld+json\" class=\"yoast-schema-graph\">{\"@context\":\"https:\/\/schema.org\",\"@graph\":[{\"@type\":\"Article\",\"@id\":\"https:\/\/blogs.santosochoa.es\/salamanca\/pablo-rivero-la-cria\/#article\",\"isPartOf\":{\"@id\":\"https:\/\/blogs.santosochoa.es\/salamanca\/pablo-rivero-la-cria\/\"},\"author\":{\"name\":\"Santos Ochoa Salamanca\",\"@id\":\"https:\/\/blogs.santosochoa.es\/salamanca\/#\/schema\/person\/a125e75c96c8702907b25e61f1c0b772\"},\"headline\":\"Pablo Rivero. \u00abLa cr\u00eda\u00bb\",\"datePublished\":\"2022-05-12T09:43:38+00:00\",\"dateModified\":\"2022-05-12T09:43:40+00:00\",\"mainEntityOfPage\":{\"@id\":\"https:\/\/blogs.santosochoa.es\/salamanca\/pablo-rivero-la-cria\/\"},\"wordCount\":533,\"image\":{\"@id\":\"https:\/\/blogs.santosochoa.es\/salamanca\/pablo-rivero-la-cria\/#primaryimage\"},\"thumbnailUrl\":\"https:\/\/blogs.santosochoa.es\/salamanca\/wp-content\/uploads\/sites\/3\/2022\/05\/la-cria_pablo-rivero.jpg\",\"articleSection\":[\"libros\"],\"inLanguage\":\"es\"},{\"@type\":\"WebPage\",\"@id\":\"https:\/\/blogs.santosochoa.es\/salamanca\/pablo-rivero-la-cria\/\",\"url\":\"https:\/\/blogs.santosochoa.es\/salamanca\/pablo-rivero-la-cria\/\",\"name\":\"Pablo Rivero. \\\"La cr\u00eda\\\" - Santos Ochoa Salamanca\",\"isPartOf\":{\"@id\":\"https:\/\/blogs.santosochoa.es\/salamanca\/#website\"},\"primaryImageOfPage\":{\"@id\":\"https:\/\/blogs.santosochoa.es\/salamanca\/pablo-rivero-la-cria\/#primaryimage\"},\"image\":{\"@id\":\"https:\/\/blogs.santosochoa.es\/salamanca\/pablo-rivero-la-cria\/#primaryimage\"},\"thumbnailUrl\":\"https:\/\/blogs.santosochoa.es\/salamanca\/wp-content\/uploads\/sites\/3\/2022\/05\/la-cria_pablo-rivero.jpg\",\"datePublished\":\"2022-05-12T09:43:38+00:00\",\"dateModified\":\"2022-05-12T09:43:40+00:00\",\"author\":{\"@id\":\"https:\/\/blogs.santosochoa.es\/salamanca\/#\/schema\/person\/a125e75c96c8702907b25e61f1c0b772\"},\"description\":\"Pablo Rivero presenta \\\"La cr\u00eda\\\". Un thriller trepidante y una experiencia de lectura extrema.\",\"breadcrumb\":{\"@id\":\"https:\/\/blogs.santosochoa.es\/salamanca\/pablo-rivero-la-cria\/#breadcrumb\"},\"inLanguage\":\"es\",\"potentialAction\":[{\"@type\":\"ReadAction\",\"target\":[\"https:\/\/blogs.santosochoa.es\/salamanca\/pablo-rivero-la-cria\/\"]}]},{\"@type\":\"ImageObject\",\"inLanguage\":\"es\",\"@id\":\"https:\/\/blogs.santosochoa.es\/salamanca\/pablo-rivero-la-cria\/#primaryimage\",\"url\":\"https:\/\/blogs.santosochoa.es\/salamanca\/wp-content\/uploads\/sites\/3\/2022\/05\/la-cria_pablo-rivero.jpg\",\"contentUrl\":\"https:\/\/blogs.santosochoa.es\/salamanca\/wp-content\/uploads\/sites\/3\/2022\/05\/la-cria_pablo-rivero.jpg\",\"width\":591,\"height\":890},{\"@type\":\"BreadcrumbList\",\"@id\":\"https:\/\/blogs.santosochoa.es\/salamanca\/pablo-rivero-la-cria\/#breadcrumb\",\"itemListElement\":[{\"@type\":\"ListItem\",\"position\":1,\"name\":\"Home\",\"item\":\"https:\/\/blogs.santosochoa.es\/salamanca\/\"},{\"@type\":\"ListItem\",\"position\":2,\"name\":\"Pablo Rivero. \u00abLa cr\u00eda\u00bb\"}]},{\"@type\":\"WebSite\",\"@id\":\"https:\/\/blogs.santosochoa.es\/salamanca\/#website\",\"url\":\"https:\/\/blogs.santosochoa.es\/salamanca\/\",\"name\":\"Santos Ochoa Salamanca\",\"description\":\"Tu Librer\u00eda Online\",\"potentialAction\":[{\"@type\":\"SearchAction\",\"target\":{\"@type\":\"EntryPoint\",\"urlTemplate\":\"https:\/\/blogs.santosochoa.es\/salamanca\/?s={search_term_string}\"},\"query-input\":{\"@type\":\"PropertyValueSpecification\",\"valueRequired\":true,\"valueName\":\"search_term_string\"}}],\"inLanguage\":\"es\"},{\"@type\":\"Person\",\"@id\":\"https:\/\/blogs.santosochoa.es\/salamanca\/#\/schema\/person\/a125e75c96c8702907b25e61f1c0b772\",\"name\":\"Santos Ochoa Salamanca\"}]}<\/script>\n<!-- \/ Yoast SEO plugin. -->","yoast_head_json":{"title":"Pablo Rivero. \"La cr\u00eda\" - Santos Ochoa Salamanca","description":"Pablo Rivero presenta \"La cr\u00eda\". Un thriller trepidante y una experiencia de lectura extrema.","robots":{"index":"index","follow":"follow","max-snippet":"max-snippet:-1","max-image-preview":"max-image-preview:large","max-video-preview":"max-video-preview:-1"},"canonical":"https:\/\/blogs.santosochoa.es\/salamanca\/pablo-rivero-la-cria\/","og_locale":"es_ES","og_type":"article","og_title":"Pablo Rivero. \"La cr\u00eda\" - Santos Ochoa Salamanca","og_description":"Pablo Rivero presenta \"La cr\u00eda\". Un thriller trepidante y una experiencia de lectura extrema.","og_url":"https:\/\/blogs.santosochoa.es\/salamanca\/pablo-rivero-la-cria\/","og_site_name":"Santos Ochoa Salamanca","article_published_time":"2022-05-12T09:43:38+00:00","article_modified_time":"2022-05-12T09:43:40+00:00","og_image":[{"width":591,"height":890,"url":"https:\/\/blogs.santosochoa.es\/salamanca\/wp-content\/uploads\/sites\/3\/2022\/05\/la-cria_pablo-rivero.jpg","type":"image\/jpeg"}],"author":"Santos Ochoa Salamanca","twitter_card":"summary_large_image","twitter_misc":{"Written by":"Santos Ochoa Salamanca","Est. reading time":"3 minutos"},"schema":{"@context":"https:\/\/schema.org","@graph":[{"@type":"Article","@id":"https:\/\/blogs.santosochoa.es\/salamanca\/pablo-rivero-la-cria\/#article","isPartOf":{"@id":"https:\/\/blogs.santosochoa.es\/salamanca\/pablo-rivero-la-cria\/"},"author":{"name":"Santos Ochoa Salamanca","@id":"https:\/\/blogs.santosochoa.es\/salamanca\/#\/schema\/person\/a125e75c96c8702907b25e61f1c0b772"},"headline":"Pablo Rivero. \u00abLa cr\u00eda\u00bb","datePublished":"2022-05-12T09:43:38+00:00","dateModified":"2022-05-12T09:43:40+00:00","mainEntityOfPage":{"@id":"https:\/\/blogs.santosochoa.es\/salamanca\/pablo-rivero-la-cria\/"},"wordCount":533,"image":{"@id":"https:\/\/blogs.santosochoa.es\/salamanca\/pablo-rivero-la-cria\/#primaryimage"},"thumbnailUrl":"https:\/\/blogs.santosochoa.es\/salamanca\/wp-content\/uploads\/sites\/3\/2022\/05\/la-cria_pablo-rivero.jpg","articleSection":["libros"],"inLanguage":"es"},{"@type":"WebPage","@id":"https:\/\/blogs.santosochoa.es\/salamanca\/pablo-rivero-la-cria\/","url":"https:\/\/blogs.santosochoa.es\/salamanca\/pablo-rivero-la-cria\/","name":"Pablo Rivero. \"La cr\u00eda\" - Santos Ochoa Salamanca","isPartOf":{"@id":"https:\/\/blogs.santosochoa.es\/salamanca\/#website"},"primaryImageOfPage":{"@id":"https:\/\/blogs.santosochoa.es\/salamanca\/pablo-rivero-la-cria\/#primaryimage"},"image":{"@id":"https:\/\/blogs.santosochoa.es\/salamanca\/pablo-rivero-la-cria\/#primaryimage"},"thumbnailUrl":"https:\/\/blogs.santosochoa.es\/salamanca\/wp-content\/uploads\/sites\/3\/2022\/05\/la-cria_pablo-rivero.jpg","datePublished":"2022-05-12T09:43:38+00:00","dateModified":"2022-05-12T09:43:40+00:00","author":{"@id":"https:\/\/blogs.santosochoa.es\/salamanca\/#\/schema\/person\/a125e75c96c8702907b25e61f1c0b772"},"description":"Pablo Rivero presenta \"La cr\u00eda\". Un thriller trepidante y una experiencia de lectura extrema.","breadcrumb":{"@id":"https:\/\/blogs.santosochoa.es\/salamanca\/pablo-rivero-la-cria\/#breadcrumb"},"inLanguage":"es","potentialAction":[{"@type":"ReadAction","target":["https:\/\/blogs.santosochoa.es\/salamanca\/pablo-rivero-la-cria\/"]}]},{"@type":"ImageObject","inLanguage":"es","@id":"https:\/\/blogs.santosochoa.es\/salamanca\/pablo-rivero-la-cria\/#primaryimage","url":"https:\/\/blogs.santosochoa.es\/salamanca\/wp-content\/uploads\/sites\/3\/2022\/05\/la-cria_pablo-rivero.jpg","contentUrl":"https:\/\/blogs.santosochoa.es\/salamanca\/wp-content\/uploads\/sites\/3\/2022\/05\/la-cria_pablo-rivero.jpg","width":591,"height":890},{"@type":"BreadcrumbList","@id":"https:\/\/blogs.santosochoa.es\/salamanca\/pablo-rivero-la-cria\/#breadcrumb","itemListElement":[{"@type":"ListItem","position":1,"name":"Home","item":"https:\/\/blogs.santosochoa.es\/salamanca\/"},{"@type":"ListItem","position":2,"name":"Pablo Rivero. \u00abLa cr\u00eda\u00bb"}]},{"@type":"WebSite","@id":"https:\/\/blogs.santosochoa.es\/salamanca\/#website","url":"https:\/\/blogs.santosochoa.es\/salamanca\/","name":"Santos Ochoa Salamanca","description":"Tu Librer\u00eda Online","potentialAction":[{"@type":"SearchAction","target":{"@type":"EntryPoint","urlTemplate":"https:\/\/blogs.santosochoa.es\/salamanca\/?s={search_term_string}"},"query-input":{"@type":"PropertyValueSpecification","valueRequired":true,"valueName":"search_term_string"}}],"inLanguage":"es"},{"@type":"Person","@id":"https:\/\/blogs.santosochoa.es\/salamanca\/#\/schema\/person\/a125e75c96c8702907b25e61f1c0b772","name":"Santos Ochoa Salamanca"}]}},"_links":{"self":[{"href":"https:\/\/blogs.santosochoa.es\/salamanca\/wp-json\/wp\/v2\/posts\/1279","targetHints":{"allow":["GET"]}}],"collection":[{"href":"https:\/\/blogs.santosochoa.es\/salamanca\/wp-json\/wp\/v2\/posts"}],"about":[{"href":"https:\/\/blogs.santosochoa.es\/salamanca\/wp-json\/wp\/v2\/types\/post"}],"author":[{"embeddable":true,"href":"https:\/\/blogs.santosochoa.es\/salamanca\/wp-json\/wp\/v2\/users\/2"}],"replies":[{"embeddable":true,"href":"https:\/\/blogs.santosochoa.es\/salamanca\/wp-json\/wp\/v2\/comments?post=1279"}],"version-history":[{"count":3,"href":"https:\/\/blogs.santosochoa.es\/salamanca\/wp-json\/wp\/v2\/posts\/1279\/revisions"}],"predecessor-version":[{"id":1282,"href":"https:\/\/blogs.santosochoa.es\/salamanca\/wp-json\/wp\/v2\/posts\/1279\/revisions\/1282"}],"wp:featuredmedia":[{"embeddable":true,"href":"https:\/\/blogs.santosochoa.es\/salamanca\/wp-json\/wp\/v2\/media\/1272"}],"wp:attachment":[{"href":"https:\/\/blogs.santosochoa.es\/salamanca\/wp-json\/wp\/v2\/media?parent=1279"}],"wp:term":[{"taxonomy":"category","embeddable":true,"href":"https:\/\/blogs.santosochoa.es\/salamanca\/wp-json\/wp\/v2\/categories?post=1279"},{"taxonomy":"post_tag","embeddable":true,"href":"https:\/\/blogs.santosochoa.es\/salamanca\/wp-json\/wp\/v2\/tags?post=1279"}],"curies":[{"name":"wp","href":"https:\/\/api.w.org\/{rel}","templated":true}]}}