{"id":1265,"date":"2022-04-21T12:29:57","date_gmt":"2022-04-21T10:29:57","guid":{"rendered":"https:\/\/blogs.santosochoa.es\/salamanca\/?p=1265"},"modified":"2022-04-21T12:35:42","modified_gmt":"2022-04-21T10:35:42","slug":"jose-iniesta-y-ana-lena-rivera","status":"publish","type":"post","link":"https:\/\/blogs.santosochoa.es\/salamanca\/jose-iniesta-y-ana-lena-rivera\/","title":{"rendered":"D\u00eda del Libro, Jos\u00e9 Iniesta y Ana Lena Rivera"},"content":{"rendered":"\n<h2 class=\"wp-block-heading\"><strong>D\u00eda del Libro<\/strong><\/h2>\n\n\n\n<div class=\"wp-block-image\"><figure class=\"alignright is-resized\"><img decoding=\"async\" src=\"https:\/\/blogs.santosochoa.es\/logrono\/wp-content\/uploads\/sites\/2\/2022\/04\/CARTEL-Dia-del-libro-2022.jpg\" alt=\"\" class=\"wp-image-3154\" width=\"300\" \/><\/figure><\/div>\n\n\n\n<h5 class=\"wp-block-heading\"><strong><em>\u00abHay quienes no pueden imaginar un mundo sin p\u00e1jaros; hay quienes no pueden imaginar un mundo sin agua; en lo que a m\u00ed se refiere, soy incapaz de imaginar un mundo sin libros\u00bb<\/em><\/strong><\/h5>\n\n\n\n<h5 class=\"wp-block-heading\">Jorge Luis Borges<\/h5>\n\n\n\n<p>Este&nbsp;<strong>s\u00e1bado 23 de abril&nbsp;<\/strong>te invitamos a celebrar la fiesta de los libros con un&nbsp;<strong>10 % de descuento<\/strong>.<\/p>\n\n\n\n<p>Aunque sea festivo,\u00a0<strong>las librer\u00edas Santos Ochoa estar\u00e1n abiertas en horario especial y tambi\u00e9n participaremos en la feria del libro de la Plaza Mayor<\/strong>.<\/p>\n\n\n\n<ul class=\"wp-block-list\"><li><strong>Plaza Mayor:&nbsp;<\/strong>de 10 a 21:30 h. (horario ininterrumpido)<\/li><li><strong>Gran V\u00eda, 10-12:<\/strong>&nbsp;de 11 a 14 y de 18 a 21 h.<\/li><li><strong>Plaza Espa\u00f1a, 3:<\/strong>&nbsp;de 11 a 14 y de 18 a 21 h.<\/li><li><strong>Zamora, 49:&nbsp;<\/strong>de 11 a 14 y de 18 a 21 h.<\/li><\/ul>\n\n\n\n<p>\u00a1Feliz D\u00eda del Libro!<\/p>\n\n\n\n<div style=\"height:52px\" aria-hidden=\"true\" class=\"wp-block-spacer\"><\/div>\n\n\n\n<h2 class=\"wp-block-heading\"><strong><em>Cantar la vida<\/em> y <em>Plenitud descalza<\/em>. Presentaci\u00f3n y recital po\u00e9tico de Jos\u00e9 Iniesta con M\u00f3nica Velasco<\/strong><\/h2>\n\n\n\n<h3 class=\"wp-block-heading\"><strong>Martes 26 de abril<\/strong><strong>, a las 19:30 h.<\/strong><\/h3>\n\n\n\n<h4 class=\"wp-block-heading\">Librer\u00eda Santos Ochoa. Gran V\u00eda, 12, Salamanca<\/h4>\n\n\n\n<h4 class=\"wp-block-heading\">Entrada libre hasta completar aforo<\/h4>\n\n\n\n<div class=\"wp-block-image\"><figure class=\"alignleft size-large is-resized\"><a href=\"https:\/\/www.santosochoa.es\/libros\/iniesta-jose_cantar-la-vida_9788418818622\" target=\"_blank\" rel=\"noopener noreferrer\"><img decoding=\"async\" src=\"https:\/\/blogs.santosochoa.es\/salamanca\/wp-content\/uploads\/sites\/3\/2022\/04\/cantar-la-vida_jose-iniesta.jpg\" alt=\"\" class=\"wp-image-1261\" width=\"300\" srcset=\"https:\/\/blogs.santosochoa.es\/salamanca\/wp-content\/uploads\/sites\/3\/2022\/04\/cantar-la-vida_jose-iniesta.jpg 591w, https:\/\/blogs.santosochoa.es\/salamanca\/wp-content\/uploads\/sites\/3\/2022\/04\/cantar-la-vida_jose-iniesta-213x300.jpg 213w\" sizes=\"(max-width: 591px) 100vw, 591px\" \/><\/a><\/figure><\/div>\n\n\n\n<p>Acompa\u00f1a al autor la poeta salmantina <strong>M\u00f3nica Velasco<\/strong>.<\/p>\n\n\n\n<h5 class=\"wp-block-heading\"><strong><em>Cantar la vida<\/em> es un largo viaje, sin prisas. Durante trece a\u00f1os estos poemas me acompa\u00f1aron por islas y desiertos, y han crecido conmigo hasta llegar aqu\u00ed. En el cauce que son, riadas y sequ\u00edas dieron forma al amor que albergan y al desgaste, son himno de la erosi\u00f3n que soy: una cr\u00f3nica desnuda de sucesos en mi vida que jam\u00e1s olvidar\u00e9 y que conforman mi manera de andar, los lugares en que se goza mi mirada. Hay entre estas l\u00edneas cumbres y cielos y un camino, conmoci\u00f3n a menudo del hombre que evoca la luz de sus edades, paisajes en la niebla donde siempre regresa el coraz\u00f3n cansado.<\/strong><\/h5>\n\n\n\n<p>Los poemas de&nbsp;<em>Cantar la vida&nbsp;<\/em>rememoran estelas biogr\u00e1ficas en la memoria del camino; un recorrido que define sus calles como finitud y asunci\u00f3n de la condici\u00f3n transitoria de ser. La palabra revela fuerzas, es asidero contra la intemperie: \u201cEs siempre posesi\u00f3n decir la vida, \/ asirme a cuanto veo con palabras. \/ Cantar es la manera \/ de encender una luz \/ en la cueva profunda de la carne, \/ la sola soledad, mi compa\u00f1\u00eda.\u201c<\/p>\n\n\n\n<blockquote class=\"wp-block-quote is-layout-flow wp-block-quote-is-layout-flow\"><p>La mirada l\u00edrica de Jos\u00e9 Iniesta moldea una cr\u00f3nica vivencial; establece par\u00e1metros existencialistas a partir de la voluntad de aprendizaje del decurso vital. Fluyen en el discurrir los desajustes del entorno, nunca exentos de soledad y niebla y ese horizonte oscuro de la memoria que insiste en el recuerdo, con voz obsesiva, donde siempre van juntos el dolor y la dicha. La escritura es refugio, se convierte en un intangible patrimonio de soledad, en la m\u00fasica callada del silencio.<\/p><\/blockquote>\n\n\n\n<p><strong>Jos\u00e9 Iniesta<\/strong> (Valencia, 1962) ha publicado diez libros: <em>Del tiempo y sus castigos <\/em>(Sagunto, 1985), <em>Cinco poemas <\/em>(Sagunto, 1989), <em>Arder en el c\u00e1ntico <\/em>(Renacimiento, 2008, Premio de Poes\u00eda Ciudad de Val\u00e8ncia Vicente Gaos), <em>Bajo el sol de mis d\u00edas <\/em>(Algaida, 2010, Premio de Poes\u00eda Ciudad de Badajoz),<em> Y tu vida de golpe <\/em>(Renacimiento, 2013), <em>Las razones del viento <\/em>(Renacimiento, 2016), <em>El eje de la luz <\/em>(Renacimiento, 2017), <em>Llegar a casa <\/em>(Renacimiento, 2019), <em>La plenitud descalza <\/em>(Editorial Polibea, 2021), y por \u00faltimo <em>Cantar la vida <\/em>(Renacimiento, 2021).<\/p>\n\n\n\n<div style=\"height:51px\" aria-hidden=\"true\" class=\"wp-block-spacer\"><\/div>\n\n\n\n<h2 class=\"wp-block-heading\"><strong>[Charla con la Autora] Ana Lena Rivera presenta <em>Las herederas de la Singer<\/em>, <a>una saga de mujeres fuertes y la m\u00e1quina de coser que marc\u00f3 sus vidas<\/a><\/strong><\/h2>\n\n\n\n<h3 class=\"wp-block-heading\"><strong>Jueves 28 de abril<\/strong><strong>, a las 19:30 h.<\/strong><\/h3>\n\n\n\n<h4 class=\"wp-block-heading\">Librer\u00eda Santos Ochoa. Gran V\u00eda, 12, Salamanca<\/h4>\n\n\n\n<h4 class=\"wp-block-heading\">Entrada libre hasta completar aforo<\/h4>\n\n\n\n<div class=\"wp-block-image\"><figure class=\"alignright size-large is-resized\"><a href=\"https:\/\/www.santosochoa.es\/libros\/lena-rivera-ana_las-herederas-de-la-singer_9788425360978\" target=\"_blank\" rel=\"noopener noreferrer\"><img decoding=\"async\" src=\"https:\/\/blogs.santosochoa.es\/salamanca\/wp-content\/uploads\/sites\/3\/2022\/04\/las-herederas-de-la-singer_ana-lena-rivera.jpg\" alt=\"\" class=\"wp-image-1263\" width=\"300\" srcset=\"https:\/\/blogs.santosochoa.es\/salamanca\/wp-content\/uploads\/sites\/3\/2022\/04\/las-herederas-de-la-singer_ana-lena-rivera.jpg 591w, https:\/\/blogs.santosochoa.es\/salamanca\/wp-content\/uploads\/sites\/3\/2022\/04\/las-herederas-de-la-singer_ana-lena-rivera-198x300.jpg 198w\" sizes=\"(max-width: 591px) 100vw, 591px\" \/><\/a><\/figure><\/div>\n\n\n\n<blockquote class=\"wp-block-quote is-layout-flow wp-block-quote-is-layout-flow\"><p><strong><em>Las herederas de la Singer<\/em> cuenta la conmovedora historia de las mujeres de una familia ligadas a una m\u00e1quina de coser que custodi\u00f3 un secreto durante cuatro generaciones.<\/strong><\/p><\/blockquote>\n\n\n\n<h5 class=\"wp-block-heading\"><strong>El d\u00eda que la joven Aurora se vio obligada a trabajar en la mina tras el accidente de su padre, se jur\u00f3 a s\u00ed misma hacer lo que fuera necesario para salir de aquel infierno.<\/strong><\/h5>\n\n\n\n<p>Un matrimonio sin amor y la m\u00e1quina de coser Singer de segunda mano que recibe como regalo de bodas le proporcionar\u00e1n una nueva forma de salir adelante, hasta que un terrible suceso convierte la Singer en la \u00fanica prueba de la amenaza que la perseguir\u00e1 toda la vida.<\/p>\n\n\n\n<p>Muchos a\u00f1os despu\u00e9s, la complicidad que teje con su biznieta Alba desvelar\u00e1 el secreto que ha planeado sobre las mujeres de su familia.<\/p>\n\n\n\n<p><strong>Ana Lena Rivera<\/strong> naci\u00f3 en Oviedo en 1972 aunque lleva muchos a\u00f1os viviendo en Madrid. Estudi\u00f3 Derecho y Administraci\u00f3n y Direcci\u00f3n de Empresas y, aunque so\u00f1aba con ser escritora, tuvo una carrera profesional emocionante dentro del mundo empresarial multinacional. La prescripci\u00f3n m\u00e9dica de reposo domiciliario durante el embarazo de su hijo le dio la oportunidad de escribir y cambiar los negocios por su gran pasi\u00f3n. Su nueva novela, <em>Las herederas de la Singer<\/em>, inaugura una nueva etapa despu\u00e9s de tres obras dedicadas a la investigadora Gracia San Sebasti\u00e1n: <em>Lo que callan los muertos<\/em> (Premio Torrente Ballester), <em>Un asesino en tu sombra<\/em> y <em>Los muertos no saben nadar<\/em>.<\/p>\n","protected":false},"excerpt":{"rendered":"<p>\u00abCantar la vida\u00bb y \u00abPlenitud descalza\u00bb. Presentaci\u00f3n y recital de Jos\u00e9 Iniesta | Charla con la Autora. Ana Lena Rivera presenta \u00abLas herederas de la Singer\u00bb<\/p>\n","protected":false},"author":2,"featured_media":1263,"comment_status":"closed","ping_status":"closed","sticky":false,"template":"","format":"standard","meta":{"footnotes":""},"categories":[9],"tags":[],"class_list":["post-1265","post","type-post","status-publish","format-standard","has-post-thumbnail","hentry","category-libros"],"yoast_head":"<!-- This site is optimized with the Yoast SEO plugin v27.2 - https:\/\/yoast.com\/product\/yoast-seo-wordpress\/ -->\n<title>D\u00eda del Libro, Jos\u00e9 Iniesta y Ana Lena Rivera - Santos Ochoa Salamanca<\/title>\n<meta name=\"description\" content=\"&quot;Cantar la vida&quot; y &quot;Plenitud descalza&quot;. Presentaci\u00f3n y recital de Jos\u00e9 Iniesta | Charla con la Autora. Ana Lena Rivera presenta &quot;Las herederas de la Singer&quot;\" \/>\n<meta name=\"robots\" content=\"index, follow, max-snippet:-1, max-image-preview:large, max-video-preview:-1\" \/>\n<link rel=\"canonical\" href=\"https:\/\/blogs.santosochoa.es\/salamanca\/jose-iniesta-y-ana-lena-rivera\/\" \/>\n<meta property=\"og:locale\" content=\"es_ES\" \/>\n<meta property=\"og:type\" content=\"article\" \/>\n<meta property=\"og:title\" content=\"D\u00eda del Libro, Jos\u00e9 Iniesta y Ana Lena Rivera - Santos Ochoa Salamanca\" \/>\n<meta property=\"og:description\" content=\"&quot;Cantar la vida&quot; y &quot;Plenitud descalza&quot;. Presentaci\u00f3n y recital de Jos\u00e9 Iniesta | Charla con la Autora. Ana Lena Rivera presenta &quot;Las herederas de la Singer&quot;\" \/>\n<meta property=\"og:url\" content=\"https:\/\/blogs.santosochoa.es\/salamanca\/jose-iniesta-y-ana-lena-rivera\/\" \/>\n<meta property=\"og:site_name\" content=\"Santos Ochoa Salamanca\" \/>\n<meta property=\"article:published_time\" content=\"2022-04-21T10:29:57+00:00\" \/>\n<meta property=\"article:modified_time\" content=\"2022-04-21T10:35:42+00:00\" \/>\n<meta property=\"og:image\" content=\"https:\/\/blogs.santosochoa.es\/salamanca\/wp-content\/uploads\/sites\/3\/2022\/04\/las-herederas-de-la-singer_ana-lena-rivera.jpg\" \/>\n\t<meta property=\"og:image:width\" content=\"591\" \/>\n\t<meta property=\"og:image:height\" content=\"895\" \/>\n\t<meta property=\"og:image:type\" content=\"image\/jpeg\" \/>\n<meta name=\"author\" content=\"Santos Ochoa Salamanca\" \/>\n<meta name=\"twitter:card\" content=\"summary_large_image\" \/>\n<meta name=\"twitter:label1\" content=\"Written by\" \/>\n\t<meta name=\"twitter:data1\" content=\"Santos Ochoa Salamanca\" \/>\n\t<meta name=\"twitter:label2\" content=\"Est. reading time\" \/>\n\t<meta name=\"twitter:data2\" content=\"4 minutos\" \/>\n<script type=\"application\/ld+json\" class=\"yoast-schema-graph\">{\"@context\":\"https:\/\/schema.org\",\"@graph\":[{\"@type\":\"Article\",\"@id\":\"https:\/\/blogs.santosochoa.es\/salamanca\/jose-iniesta-y-ana-lena-rivera\/#article\",\"isPartOf\":{\"@id\":\"https:\/\/blogs.santosochoa.es\/salamanca\/jose-iniesta-y-ana-lena-rivera\/\"},\"author\":{\"name\":\"Santos Ochoa Salamanca\",\"@id\":\"https:\/\/blogs.santosochoa.es\/salamanca\/#\/schema\/person\/a125e75c96c8702907b25e61f1c0b772\"},\"headline\":\"D\u00eda del Libro, Jos\u00e9 Iniesta y Ana Lena Rivera\",\"datePublished\":\"2022-04-21T10:29:57+00:00\",\"dateModified\":\"2022-04-21T10:35:42+00:00\",\"mainEntityOfPage\":{\"@id\":\"https:\/\/blogs.santosochoa.es\/salamanca\/jose-iniesta-y-ana-lena-rivera\/\"},\"wordCount\":850,\"image\":{\"@id\":\"https:\/\/blogs.santosochoa.es\/salamanca\/jose-iniesta-y-ana-lena-rivera\/#primaryimage\"},\"thumbnailUrl\":\"https:\/\/blogs.santosochoa.es\/salamanca\/wp-content\/uploads\/sites\/3\/2022\/04\/las-herederas-de-la-singer_ana-lena-rivera.jpg\",\"articleSection\":[\"libros\"],\"inLanguage\":\"es\"},{\"@type\":\"WebPage\",\"@id\":\"https:\/\/blogs.santosochoa.es\/salamanca\/jose-iniesta-y-ana-lena-rivera\/\",\"url\":\"https:\/\/blogs.santosochoa.es\/salamanca\/jose-iniesta-y-ana-lena-rivera\/\",\"name\":\"D\u00eda del Libro, Jos\u00e9 Iniesta y Ana Lena Rivera - Santos Ochoa Salamanca\",\"isPartOf\":{\"@id\":\"https:\/\/blogs.santosochoa.es\/salamanca\/#website\"},\"primaryImageOfPage\":{\"@id\":\"https:\/\/blogs.santosochoa.es\/salamanca\/jose-iniesta-y-ana-lena-rivera\/#primaryimage\"},\"image\":{\"@id\":\"https:\/\/blogs.santosochoa.es\/salamanca\/jose-iniesta-y-ana-lena-rivera\/#primaryimage\"},\"thumbnailUrl\":\"https:\/\/blogs.santosochoa.es\/salamanca\/wp-content\/uploads\/sites\/3\/2022\/04\/las-herederas-de-la-singer_ana-lena-rivera.jpg\",\"datePublished\":\"2022-04-21T10:29:57+00:00\",\"dateModified\":\"2022-04-21T10:35:42+00:00\",\"author\":{\"@id\":\"https:\/\/blogs.santosochoa.es\/salamanca\/#\/schema\/person\/a125e75c96c8702907b25e61f1c0b772\"},\"description\":\"\\\"Cantar la vida\\\" y \\\"Plenitud descalza\\\". Presentaci\u00f3n y recital de Jos\u00e9 Iniesta | Charla con la Autora. Ana Lena Rivera presenta \\\"Las herederas de la Singer\\\"\",\"breadcrumb\":{\"@id\":\"https:\/\/blogs.santosochoa.es\/salamanca\/jose-iniesta-y-ana-lena-rivera\/#breadcrumb\"},\"inLanguage\":\"es\",\"potentialAction\":[{\"@type\":\"ReadAction\",\"target\":[\"https:\/\/blogs.santosochoa.es\/salamanca\/jose-iniesta-y-ana-lena-rivera\/\"]}]},{\"@type\":\"ImageObject\",\"inLanguage\":\"es\",\"@id\":\"https:\/\/blogs.santosochoa.es\/salamanca\/jose-iniesta-y-ana-lena-rivera\/#primaryimage\",\"url\":\"https:\/\/blogs.santosochoa.es\/salamanca\/wp-content\/uploads\/sites\/3\/2022\/04\/las-herederas-de-la-singer_ana-lena-rivera.jpg\",\"contentUrl\":\"https:\/\/blogs.santosochoa.es\/salamanca\/wp-content\/uploads\/sites\/3\/2022\/04\/las-herederas-de-la-singer_ana-lena-rivera.jpg\",\"width\":591,\"height\":895},{\"@type\":\"BreadcrumbList\",\"@id\":\"https:\/\/blogs.santosochoa.es\/salamanca\/jose-iniesta-y-ana-lena-rivera\/#breadcrumb\",\"itemListElement\":[{\"@type\":\"ListItem\",\"position\":1,\"name\":\"Home\",\"item\":\"https:\/\/blogs.santosochoa.es\/salamanca\/\"},{\"@type\":\"ListItem\",\"position\":2,\"name\":\"D\u00eda del Libro, Jos\u00e9 Iniesta y Ana Lena Rivera\"}]},{\"@type\":\"WebSite\",\"@id\":\"https:\/\/blogs.santosochoa.es\/salamanca\/#website\",\"url\":\"https:\/\/blogs.santosochoa.es\/salamanca\/\",\"name\":\"Santos Ochoa Salamanca\",\"description\":\"Tu Librer\u00eda Online\",\"potentialAction\":[{\"@type\":\"SearchAction\",\"target\":{\"@type\":\"EntryPoint\",\"urlTemplate\":\"https:\/\/blogs.santosochoa.es\/salamanca\/?s={search_term_string}\"},\"query-input\":{\"@type\":\"PropertyValueSpecification\",\"valueRequired\":true,\"valueName\":\"search_term_string\"}}],\"inLanguage\":\"es\"},{\"@type\":\"Person\",\"@id\":\"https:\/\/blogs.santosochoa.es\/salamanca\/#\/schema\/person\/a125e75c96c8702907b25e61f1c0b772\",\"name\":\"Santos Ochoa Salamanca\"}]}<\/script>\n<!-- \/ Yoast SEO plugin. -->","yoast_head_json":{"title":"D\u00eda del Libro, Jos\u00e9 Iniesta y Ana Lena Rivera - Santos Ochoa Salamanca","description":"\"Cantar la vida\" y \"Plenitud descalza\". Presentaci\u00f3n y recital de Jos\u00e9 Iniesta | Charla con la Autora. Ana Lena Rivera presenta \"Las herederas de la Singer\"","robots":{"index":"index","follow":"follow","max-snippet":"max-snippet:-1","max-image-preview":"max-image-preview:large","max-video-preview":"max-video-preview:-1"},"canonical":"https:\/\/blogs.santosochoa.es\/salamanca\/jose-iniesta-y-ana-lena-rivera\/","og_locale":"es_ES","og_type":"article","og_title":"D\u00eda del Libro, Jos\u00e9 Iniesta y Ana Lena Rivera - Santos Ochoa Salamanca","og_description":"\"Cantar la vida\" y \"Plenitud descalza\". Presentaci\u00f3n y recital de Jos\u00e9 Iniesta | Charla con la Autora. Ana Lena Rivera presenta \"Las herederas de la Singer\"","og_url":"https:\/\/blogs.santosochoa.es\/salamanca\/jose-iniesta-y-ana-lena-rivera\/","og_site_name":"Santos Ochoa Salamanca","article_published_time":"2022-04-21T10:29:57+00:00","article_modified_time":"2022-04-21T10:35:42+00:00","og_image":[{"width":591,"height":895,"url":"https:\/\/blogs.santosochoa.es\/salamanca\/wp-content\/uploads\/sites\/3\/2022\/04\/las-herederas-de-la-singer_ana-lena-rivera.jpg","type":"image\/jpeg"}],"author":"Santos Ochoa Salamanca","twitter_card":"summary_large_image","twitter_misc":{"Written by":"Santos Ochoa Salamanca","Est. reading time":"4 minutos"},"schema":{"@context":"https:\/\/schema.org","@graph":[{"@type":"Article","@id":"https:\/\/blogs.santosochoa.es\/salamanca\/jose-iniesta-y-ana-lena-rivera\/#article","isPartOf":{"@id":"https:\/\/blogs.santosochoa.es\/salamanca\/jose-iniesta-y-ana-lena-rivera\/"},"author":{"name":"Santos Ochoa Salamanca","@id":"https:\/\/blogs.santosochoa.es\/salamanca\/#\/schema\/person\/a125e75c96c8702907b25e61f1c0b772"},"headline":"D\u00eda del Libro, Jos\u00e9 Iniesta y Ana Lena Rivera","datePublished":"2022-04-21T10:29:57+00:00","dateModified":"2022-04-21T10:35:42+00:00","mainEntityOfPage":{"@id":"https:\/\/blogs.santosochoa.es\/salamanca\/jose-iniesta-y-ana-lena-rivera\/"},"wordCount":850,"image":{"@id":"https:\/\/blogs.santosochoa.es\/salamanca\/jose-iniesta-y-ana-lena-rivera\/#primaryimage"},"thumbnailUrl":"https:\/\/blogs.santosochoa.es\/salamanca\/wp-content\/uploads\/sites\/3\/2022\/04\/las-herederas-de-la-singer_ana-lena-rivera.jpg","articleSection":["libros"],"inLanguage":"es"},{"@type":"WebPage","@id":"https:\/\/blogs.santosochoa.es\/salamanca\/jose-iniesta-y-ana-lena-rivera\/","url":"https:\/\/blogs.santosochoa.es\/salamanca\/jose-iniesta-y-ana-lena-rivera\/","name":"D\u00eda del Libro, Jos\u00e9 Iniesta y Ana Lena Rivera - Santos Ochoa Salamanca","isPartOf":{"@id":"https:\/\/blogs.santosochoa.es\/salamanca\/#website"},"primaryImageOfPage":{"@id":"https:\/\/blogs.santosochoa.es\/salamanca\/jose-iniesta-y-ana-lena-rivera\/#primaryimage"},"image":{"@id":"https:\/\/blogs.santosochoa.es\/salamanca\/jose-iniesta-y-ana-lena-rivera\/#primaryimage"},"thumbnailUrl":"https:\/\/blogs.santosochoa.es\/salamanca\/wp-content\/uploads\/sites\/3\/2022\/04\/las-herederas-de-la-singer_ana-lena-rivera.jpg","datePublished":"2022-04-21T10:29:57+00:00","dateModified":"2022-04-21T10:35:42+00:00","author":{"@id":"https:\/\/blogs.santosochoa.es\/salamanca\/#\/schema\/person\/a125e75c96c8702907b25e61f1c0b772"},"description":"\"Cantar la vida\" y \"Plenitud descalza\". Presentaci\u00f3n y recital de Jos\u00e9 Iniesta | Charla con la Autora. Ana Lena Rivera presenta \"Las herederas de la Singer\"","breadcrumb":{"@id":"https:\/\/blogs.santosochoa.es\/salamanca\/jose-iniesta-y-ana-lena-rivera\/#breadcrumb"},"inLanguage":"es","potentialAction":[{"@type":"ReadAction","target":["https:\/\/blogs.santosochoa.es\/salamanca\/jose-iniesta-y-ana-lena-rivera\/"]}]},{"@type":"ImageObject","inLanguage":"es","@id":"https:\/\/blogs.santosochoa.es\/salamanca\/jose-iniesta-y-ana-lena-rivera\/#primaryimage","url":"https:\/\/blogs.santosochoa.es\/salamanca\/wp-content\/uploads\/sites\/3\/2022\/04\/las-herederas-de-la-singer_ana-lena-rivera.jpg","contentUrl":"https:\/\/blogs.santosochoa.es\/salamanca\/wp-content\/uploads\/sites\/3\/2022\/04\/las-herederas-de-la-singer_ana-lena-rivera.jpg","width":591,"height":895},{"@type":"BreadcrumbList","@id":"https:\/\/blogs.santosochoa.es\/salamanca\/jose-iniesta-y-ana-lena-rivera\/#breadcrumb","itemListElement":[{"@type":"ListItem","position":1,"name":"Home","item":"https:\/\/blogs.santosochoa.es\/salamanca\/"},{"@type":"ListItem","position":2,"name":"D\u00eda del Libro, Jos\u00e9 Iniesta y Ana Lena Rivera"}]},{"@type":"WebSite","@id":"https:\/\/blogs.santosochoa.es\/salamanca\/#website","url":"https:\/\/blogs.santosochoa.es\/salamanca\/","name":"Santos Ochoa Salamanca","description":"Tu Librer\u00eda Online","potentialAction":[{"@type":"SearchAction","target":{"@type":"EntryPoint","urlTemplate":"https:\/\/blogs.santosochoa.es\/salamanca\/?s={search_term_string}"},"query-input":{"@type":"PropertyValueSpecification","valueRequired":true,"valueName":"search_term_string"}}],"inLanguage":"es"},{"@type":"Person","@id":"https:\/\/blogs.santosochoa.es\/salamanca\/#\/schema\/person\/a125e75c96c8702907b25e61f1c0b772","name":"Santos Ochoa Salamanca"}]}},"_links":{"self":[{"href":"https:\/\/blogs.santosochoa.es\/salamanca\/wp-json\/wp\/v2\/posts\/1265","targetHints":{"allow":["GET"]}}],"collection":[{"href":"https:\/\/blogs.santosochoa.es\/salamanca\/wp-json\/wp\/v2\/posts"}],"about":[{"href":"https:\/\/blogs.santosochoa.es\/salamanca\/wp-json\/wp\/v2\/types\/post"}],"author":[{"embeddable":true,"href":"https:\/\/blogs.santosochoa.es\/salamanca\/wp-json\/wp\/v2\/users\/2"}],"replies":[{"embeddable":true,"href":"https:\/\/blogs.santosochoa.es\/salamanca\/wp-json\/wp\/v2\/comments?post=1265"}],"version-history":[{"count":4,"href":"https:\/\/blogs.santosochoa.es\/salamanca\/wp-json\/wp\/v2\/posts\/1265\/revisions"}],"predecessor-version":[{"id":1269,"href":"https:\/\/blogs.santosochoa.es\/salamanca\/wp-json\/wp\/v2\/posts\/1265\/revisions\/1269"}],"wp:featuredmedia":[{"embeddable":true,"href":"https:\/\/blogs.santosochoa.es\/salamanca\/wp-json\/wp\/v2\/media\/1263"}],"wp:attachment":[{"href":"https:\/\/blogs.santosochoa.es\/salamanca\/wp-json\/wp\/v2\/media?parent=1265"}],"wp:term":[{"taxonomy":"category","embeddable":true,"href":"https:\/\/blogs.santosochoa.es\/salamanca\/wp-json\/wp\/v2\/categories?post=1265"},{"taxonomy":"post_tag","embeddable":true,"href":"https:\/\/blogs.santosochoa.es\/salamanca\/wp-json\/wp\/v2\/tags?post=1265"}],"curies":[{"name":"wp","href":"https:\/\/api.w.org\/{rel}","templated":true}]}}