{"id":1212,"date":"2022-02-16T12:11:40","date_gmt":"2022-02-16T11:11:40","guid":{"rendered":"https:\/\/blogs.santosochoa.es\/salamanca\/?p=1212"},"modified":"2022-02-16T12:11:42","modified_gmt":"2022-02-16T11:11:42","slug":"guillem-santacruz-luis-garcia-jambrina-y-raul-rivas","status":"publish","type":"post","link":"https:\/\/blogs.santosochoa.es\/salamanca\/guillem-santacruz-luis-garcia-jambrina-y-raul-rivas\/","title":{"rendered":"Guillem Santacruz, Luis Garc\u00eda Jambrina y Ra\u00fal Rivas"},"content":{"rendered":"\n<h2 class=\"wp-block-heading\"><strong>Guillem Santacruz presenta <em>La conjetura de Reiner<\/em>, Premio Ateneo Joven de Sevilla<\/strong><\/h2>\n\n\n\n<h3 class=\"wp-block-heading\"><strong>Mi\u00e9rcoles 23 de febrero<\/strong><strong>, a las 19:30 h.<\/strong><\/h3>\n\n\n\n<h4 class=\"wp-block-heading\">Librer\u00eda Santos Ochoa. Gran V\u00eda, 12, Salamanca<\/h4>\n\n\n\n<h3 class=\"wp-block-heading\">&gt;\u00a0<a href=\"https:\/\/blogs.santosochoa.es\/salamanca\/eventos\/guillem-santacruz-la-conjura-de-reiner\/\"><strong><em>Aforo reducido.<\/em><\/strong>\u00a0Reserva plaza pinchando aqu\u00ed<\/a><\/h3>\n\n\n\n<div class=\"wp-block-image\"><figure class=\"alignright size-large is-resized\"><a href=\"https:\/\/www.santosochoa.es\/libros\/santacruz-guillem_la-conjetura-de-reiner_9788491896074#more\" target=\"_blank\" rel=\"noopener noreferrer\"><img decoding=\"async\" src=\"https:\/\/blogs.santosochoa.es\/salamanca\/wp-content\/uploads\/sites\/3\/2022\/02\/la-conjetura-de-reiner_guillem-santacruz.jpg\" alt=\"\" class=\"wp-image-1207\" width=\"300\" srcset=\"https:\/\/blogs.santosochoa.es\/salamanca\/wp-content\/uploads\/sites\/3\/2022\/02\/la-conjetura-de-reiner_guillem-santacruz.jpg 591w, https:\/\/blogs.santosochoa.es\/salamanca\/wp-content\/uploads\/sites\/3\/2022\/02\/la-conjetura-de-reiner_guillem-santacruz-193x300.jpg 193w\" sizes=\"(max-width: 591px) 100vw, 591px\" \/><\/a><\/figure><\/div>\n\n\n\n<h5 class=\"wp-block-heading\"><strong>Reiner ha perseguido durante toda su vida un conocimiento prohibido: descubrir la fecha de nuestra muerte. Ahora, moribundo y enloquecido, convoca a uno de sus antiguos alumnos, Boris Keller, quien, ayud\u00e1ndose de sus propios recuerdos, deber\u00e1 intentar reconstruir la teor\u00eda matem\u00e1tica de su maestro. Historia y ciencia se mezclan en una novela llena de misticismo, guerra y traumas familiares y por la que resuenan ecos f\u00e1usticos y apocal\u00edpticos.<\/strong><\/h5>\n\n\n\n<p>Europa es un continente en ruinas, muy pr\u00f3ximo a su destrucci\u00f3n y tambi\u00e9n el hogar de los ideales humanistas. \u00bfPero, qu\u00e9 pueden el amor y la inocencia contra la violencia y el horror? La lucha de los personajes de <em>La conjetura de Reiner<\/em> es la lucha contra el demonio al que han tenido que enfrentarse cient\u00edficos, fil\u00f3sofos y poetas por igual. Europa, la vieja Europa, es el escenario de este relato en que la historia individual se mezcla con la universal. Porque el a\u00f1o en que termina una vida puede ser tambi\u00e9n el a\u00f1o en que toda una civilizaci\u00f3n colapse y cambie para siempre.<\/p>\n\n\n\n<p><strong>Guillem Santacruz<\/strong> estudi\u00f3 Ciencias Pol\u00edticas en la Universitat Pompeu Fabra, un a\u00f1o de dramaturgia y direcci\u00f3n en el Institut del Teatre de Barcelona y un M\u00e1ster en Estudios Comparativos de Literatura, Arte y Pensamiento, tambi\u00e9n en la UPF.\u00a0 Es autor de <em>Las piedras<\/em> (2015), un libro de poemas que cuenta la historia de un detective. Tambi\u00e9n ha colaborado como analista pol\u00edtico y escribiendo sobre literatura en los medios digitales Wallstreet.cat y \u00c1gora Revista Online (Universidad Aut\u00f3noma de Madrid). Tambi\u00e9n ha formado parte del programa de radio Minor\u00eda silenciosa (Radio La Mina).<\/p>\n\n\n\n<div style=\"height:50px\" aria-hidden=\"true\" class=\"wp-block-spacer\"><\/div>\n\n\n\n<h2 class=\"wp-block-heading\"><strong>Luis Garc\u00eda Jambrina presenta <em>El manuscrito de niebla<\/em>, una nueva intriga hist\u00f3rica<\/strong><\/h2>\n\n\n\n<h3 class=\"wp-block-heading\"><strong>Jueves 24 de febrero<\/strong><strong>, a las 19:30 h.<\/strong><\/h3>\n\n\n\n<h4 class=\"wp-block-heading\">Librer\u00eda Santos Ochoa. Gran V\u00eda, 12, Salamanca<\/h4>\n\n\n\n<h3 class=\"wp-block-heading\">&gt;\u00a0<a href=\"https:\/\/blogs.santosochoa.es\/salamanca\/eventos\/luis-garcia-jambrina-el-manuscrito-de-niebla\/\"><strong><em>Aforo reducido.<\/em><\/strong>\u00a0Reserva plaza pinchando aqu\u00ed<\/a><\/h3>\n\n\n\n<div class=\"wp-block-image\"><figure class=\"alignleft size-large is-resized\"><a href=\"https:\/\/www.santosochoa.es\/libros\/garcia-jambrina-luis_el-manuscrito-de-niebla_9788467063578#more\" target=\"_blank\" rel=\"noopener noreferrer\"><img decoding=\"async\" src=\"https:\/\/blogs.santosochoa.es\/salamanca\/wp-content\/uploads\/sites\/3\/2022\/01\/el-manuscrito-de-niebla_luis-garcia-jambrina.jpg\" alt=\"\" class=\"wp-image-1190\" width=\"300\" srcset=\"https:\/\/blogs.santosochoa.es\/salamanca\/wp-content\/uploads\/sites\/3\/2022\/01\/el-manuscrito-de-niebla_luis-garcia-jambrina.jpg 591w, https:\/\/blogs.santosochoa.es\/salamanca\/wp-content\/uploads\/sites\/3\/2022\/01\/el-manuscrito-de-niebla_luis-garcia-jambrina-198x300.jpg 198w\" sizes=\"(max-width: 591px) 100vw, 591px\" \/><\/a><\/figure><\/div>\n\n\n\n<p><strong>\u00abCada vez que veo arder un libro es como si quemaran una parte de m\u00ed\u00bb.<\/strong><\/p>\n\n\n\n<h5 class=\"wp-block-heading\"><strong>A comienzos del siglo XVI, un tip\u00f3grafo aparece muerto de forma violenta en una imprenta de Salamanca. El lugar est\u00e1 completamente destrozado y ha desaparecido el original de un nuevo libro del c\u00e9lebre humanista Antonio de Nebrija. El catedr\u00e1tico le encarga a su antiguo alumno, el pesquisidor Fernando de Rojas, que averig\u00fce qui\u00e9n mat\u00f3 al cajista y encuentre el manuscrito robado.<\/strong><\/h5>\n\n\n\n<p>La tarea no va a ser f\u00e1cil, pues Nebrija cuenta con muchos enemigos dentro del Estudio salmantino por sus numerosos enfrentamientos con otros catedr\u00e1ticos, debido a su guerra abierta contra la barbarie que asola la Universidad y por considerar que la gram\u00e1tica ha de estar por encima de las dem\u00e1s disciplinas y saberes, ya que es la base y el instrumento del que todas ellas se sirven. Esto hace que Rojas tenga que enfrentarse a los enemigos de la imprenta y de las nuevas ideas, simbolizados por esa niebla perpetua que cubre en oto\u00f1o e invierno la ciudad de Salamanca e impide ver la luz.<\/p>\n\n\n\n<p>Esta es la sexta entrega de la exitosa serie de Luis Garc\u00eda Jambrina protagonizada por Fernando de Rojas, autor de <em>La Celestina<\/em>. Ambientadas a finales del XV y en el primer tercio del XVI, sus novelas han encontrado el favor del p\u00fablico por haber sabido conjugar la amenidad con unas tramas tan entretenidas como espl\u00e9ndidamente documentadas.<\/p>\n\n\n\n<blockquote class=\"wp-block-quote is-layout-flow wp-block-quote-is-layout-flow\"><p><strong>El a\u00f1o 2022 se conmemora el quinto centenario de la muerte de Nebrija, cuyo legado se recordar\u00e1 con numerosos actos. Por otra parte, el inicio de la imprenta en Castilla es un mundo muy atractivo y poco conocido para el lector.<\/strong><\/p><\/blockquote>\n\n\n\n<p><strong>Luis Garc\u00eda Jambrina<\/strong> es doctor en Filolog\u00eda Hisp\u00e1nica por la Universidad de Salamanca y profesor titular de la misma. Es autor del libro de cuentos <em>Muertos S. A.<\/em> y de una decena de novelas, entre las que destacan <em>En tierra de lobos, La sombra de otro<\/em> y la exitosa serie compuesta por <em>El manuscrito de piedra, El manuscrito de nieve, El manuscrito de fuego, El manuscrito de aire, El manuscrito de barro y El manuscrito de niebla<\/em>. Junto a Manuel Mench\u00f3n, ha escrito el ensayo <em>La doble muerte de Unamuno<\/em>, publicado en 2021.<\/p>\n\n\n\n<div style=\"height:50px\" aria-hidden=\"true\" class=\"wp-block-spacer\"><\/div>\n\n\n\n<h2 class=\"wp-block-heading\"><strong>Presentaci\u00f3n y firma de libros de Ra\u00fal Rivas. <em>La penicilina que salv\u00f3 a Hitler y otras historias de la microbiolog\u00eda<\/em><\/strong><\/h2>\n\n\n\n<h3 class=\"wp-block-heading\"><strong>S\u00e1bado 26 de febrero<\/strong><strong><\/strong><\/h3>\n\n\n\n<h4 class=\"wp-block-heading\">Librer\u00eda Santos Ochoa. Gran V\u00eda, 12, Salamanca<\/h4>\n\n\n\n<h3 class=\"wp-block-heading\"><a href=\"https:\/\/blogs.santosochoa.es\/salamanca\/eventos\/presentacion-y-firma-de-raul-rivas\/\"><strong>12:00 h. <\/strong>Presentaci\u00f3n <strong><em>Aforo limitado.<\/em><\/strong> Reserva plaza pinchando aqu\u00ed<\/a><\/h3>\n\n\n\n<h3 class=\"wp-block-heading\"><strong>12:30 \u2013 13:30 h. <\/strong>Firma de libros. Entrada libre<\/h3>\n\n\n\n<div class=\"wp-block-image\"><figure class=\"alignright size-large is-resized\"><a href=\"https:\/\/www.santosochoa.es\/libros\/rivas-raul_penicilina-que-salvo-a-hitler-y-otras-hisorias-de-microbiologia-la_9788417547479#more\" target=\"_blank\" rel=\"noopener noreferrer\"><img decoding=\"async\" src=\"https:\/\/blogs.santosochoa.es\/salamanca\/wp-content\/uploads\/sites\/3\/2022\/02\/la-penicilina-que-salvo-a-hitler.jpg\" alt=\"\" class=\"wp-image-1210\" width=\"300\" srcset=\"https:\/\/blogs.santosochoa.es\/salamanca\/wp-content\/uploads\/sites\/3\/2022\/02\/la-penicilina-que-salvo-a-hitler.jpg 591w, https:\/\/blogs.santosochoa.es\/salamanca\/wp-content\/uploads\/sites\/3\/2022\/02\/la-penicilina-que-salvo-a-hitler-189x300.jpg 189w\" sizes=\"(max-width: 591px) 100vw, 591px\" \/><\/a><\/figure><\/div>\n\n\n\n<p>Acompa\u00f1a al autor la periodista <strong>Lira F\u00e9lix<\/strong>.<\/p>\n\n\n\n<h5 class=\"wp-block-heading\"><strong>El 20 de julio de 1944, Adolf Hitler sufri\u00f3 un atentado con bomba orquestado por conspiradores civiles y militares que era parte de la conocida como Operaci\u00f3n Valquiria. Hitler sobrevivi\u00f3, pero sufri\u00f3 cortes en la frente, abrasiones y quemaduras e incluso ampollas en brazos y piernas, algunas de las cuales fueron invadidas por astillas de madera que eran especialmente preocupantes porque pod\u00edan originar un proceso septic\u00e9mico. Los m\u00e9dicos temieron por la vida del F\u00fchrer y administraron penicilina para evitar las infecciones, pero \u00bfde d\u00f3nde obtuvieron los alemanes el antibi\u00f3tico?<\/strong><\/h5>\n\n\n\n<p>D\u00e9cada tras d\u00e9cada, los microbios han desempe\u00f1ado papeles esenciales en importantes episodios de la historia, ya sea en la literatura, en la pintura, en la ciencia, en la pol\u00edtica o en otras muchas facetas de nuestra existencia.<\/p>\n\n\n\n<blockquote class=\"wp-block-quote is-layout-flow wp-block-quote-is-layout-flow\"><p>\u00bfQui\u00e9n salv\u00f3 a Hitler?, \u00bfc\u00f3mo transcurri\u00f3 el rodaje de La reina de \u00c1frica? \u00bfqu\u00e9 relaci\u00f3n tienen Sherlock Holmes y la microbiolog\u00eda?, las trampas de los antivacunas, la inmortalidad de Henrietta Lacks, el incidente Cutter, las peripecias de Hemingway\u2026 y otras asombrosas historias repletas de curiosidades, ciencia y muchos, muchos, microorganismos.<\/p><\/blockquote>\n\n\n\n<p><strong>Ra\u00fal Rivas Gonz\u00e1lez<\/strong> es Doctor en Biolog\u00eda y Catedr\u00e1tico de Microbiolog\u00eda en la Universidad de Salamanca. Tambi\u00e9n es investigador del Instituto de Investigaci\u00f3n en Agrobiotecnolog\u00eda, de la Unidad del CSIC Asociada Universidad de Salamanca y de una Unidad de Investigaci\u00f3n de Excelencia de la Junta de Castilla y Le\u00f3n. Ha publicado m\u00e1s de 190 art\u00edculos cient\u00edficos en revistas y libros de su especialidad, m\u00e1s de 30 art\u00edculos docentes y m\u00e1s de 80 art\u00edculos de divulgaci\u00f3n cient\u00edfica. Ha dirigido y conducido <em>El Viejo Verde<\/em>, un programa radiof\u00f3nico de divulgaci\u00f3n cient\u00edfica. Imparte charlas y talleres en numerosos eventos destinados a la difusi\u00f3n de la ciencia. Es autor de <em>La maldici\u00f3n de Tutankam\u00f3n y otras historias de la Microbiolog\u00eda<\/em>, <em>El asesino que envenen\u00f3 a Napole\u00f3n y otras historias de la Microbiolog\u00eda<\/em> y <em>Las sirenas de Col\u00f3n y otras historias prodigiosas de la Biolog\u00eda<\/em>.<\/p>\n","protected":false},"excerpt":{"rendered":"<p>\u00abLa conjetura de Reiner\u00bb, \u00abEl manuscrito de niebla\u00bb y \u00abLa penicilina que salv\u00f3 a Hitler y otras historias de la microbiolog\u00eda\u00bb<\/p>\n","protected":false},"author":2,"featured_media":1190,"comment_status":"closed","ping_status":"closed","sticky":false,"template":"","format":"standard","meta":{"footnotes":""},"categories":[9,14],"tags":[],"class_list":["post-1212","post","type-post","status-publish","format-standard","has-post-thumbnail","hentry","category-libros","category-libros-salamanca"],"yoast_head":"<!-- This site is optimized with the Yoast SEO plugin v27.2 - https:\/\/yoast.com\/product\/yoast-seo-wordpress\/ -->\n<title>Guillem Santacruz, Luis Garc\u00eda Jambrina y Ra\u00fal Rivas - Santos Ochoa Salamanca<\/title>\n<meta name=\"description\" content=\"&quot;La conjetura de Reiner&quot;, &quot;El manuscrito de niebla&quot; y &quot;La penicilina que salv\u00f3 a Hitler y otras historias de la microbiolog\u00eda&quot;\" \/>\n<meta name=\"robots\" content=\"index, follow, max-snippet:-1, max-image-preview:large, max-video-preview:-1\" \/>\n<link rel=\"canonical\" href=\"https:\/\/blogs.santosochoa.es\/salamanca\/guillem-santacruz-luis-garcia-jambrina-y-raul-rivas\/\" \/>\n<meta property=\"og:locale\" content=\"es_ES\" \/>\n<meta property=\"og:type\" content=\"article\" \/>\n<meta property=\"og:title\" content=\"Guillem Santacruz, Luis Garc\u00eda Jambrina y Ra\u00fal Rivas - Santos Ochoa Salamanca\" \/>\n<meta property=\"og:description\" content=\"&quot;La conjetura de Reiner&quot;, &quot;El manuscrito de niebla&quot; y &quot;La penicilina que salv\u00f3 a Hitler y otras historias de la microbiolog\u00eda&quot;\" \/>\n<meta property=\"og:url\" content=\"https:\/\/blogs.santosochoa.es\/salamanca\/guillem-santacruz-luis-garcia-jambrina-y-raul-rivas\/\" \/>\n<meta property=\"og:site_name\" content=\"Santos Ochoa Salamanca\" \/>\n<meta property=\"article:published_time\" content=\"2022-02-16T11:11:40+00:00\" \/>\n<meta property=\"article:modified_time\" content=\"2022-02-16T11:11:42+00:00\" \/>\n<meta property=\"og:image\" content=\"https:\/\/blogs.santosochoa.es\/salamanca\/wp-content\/uploads\/sites\/3\/2022\/01\/el-manuscrito-de-niebla_luis-garcia-jambrina.jpg\" \/>\n\t<meta property=\"og:image:width\" content=\"591\" \/>\n\t<meta property=\"og:image:height\" content=\"894\" \/>\n\t<meta property=\"og:image:type\" content=\"image\/jpeg\" \/>\n<meta name=\"author\" content=\"Santos Ochoa Salamanca\" \/>\n<meta name=\"twitter:card\" content=\"summary_large_image\" \/>\n<meta name=\"twitter:label1\" content=\"Written by\" \/>\n\t<meta name=\"twitter:data1\" content=\"Santos Ochoa Salamanca\" \/>\n\t<meta name=\"twitter:label2\" content=\"Est. reading time\" \/>\n\t<meta name=\"twitter:data2\" content=\"6 minutos\" \/>\n<script type=\"application\/ld+json\" class=\"yoast-schema-graph\">{\"@context\":\"https:\/\/schema.org\",\"@graph\":[{\"@type\":\"Article\",\"@id\":\"https:\/\/blogs.santosochoa.es\/salamanca\/guillem-santacruz-luis-garcia-jambrina-y-raul-rivas\/#article\",\"isPartOf\":{\"@id\":\"https:\/\/blogs.santosochoa.es\/salamanca\/guillem-santacruz-luis-garcia-jambrina-y-raul-rivas\/\"},\"author\":{\"name\":\"Santos Ochoa Salamanca\",\"@id\":\"https:\/\/blogs.santosochoa.es\/salamanca\/#\/schema\/person\/a125e75c96c8702907b25e61f1c0b772\"},\"headline\":\"Guillem Santacruz, Luis Garc\u00eda Jambrina y Ra\u00fal Rivas\",\"datePublished\":\"2022-02-16T11:11:40+00:00\",\"dateModified\":\"2022-02-16T11:11:42+00:00\",\"mainEntityOfPage\":{\"@id\":\"https:\/\/blogs.santosochoa.es\/salamanca\/guillem-santacruz-luis-garcia-jambrina-y-raul-rivas\/\"},\"wordCount\":1168,\"image\":{\"@id\":\"https:\/\/blogs.santosochoa.es\/salamanca\/guillem-santacruz-luis-garcia-jambrina-y-raul-rivas\/#primaryimage\"},\"thumbnailUrl\":\"https:\/\/blogs.santosochoa.es\/salamanca\/wp-content\/uploads\/sites\/3\/2022\/01\/el-manuscrito-de-niebla_luis-garcia-jambrina.jpg\",\"articleSection\":[\"libros\",\"libros salamanca\"],\"inLanguage\":\"es\"},{\"@type\":\"WebPage\",\"@id\":\"https:\/\/blogs.santosochoa.es\/salamanca\/guillem-santacruz-luis-garcia-jambrina-y-raul-rivas\/\",\"url\":\"https:\/\/blogs.santosochoa.es\/salamanca\/guillem-santacruz-luis-garcia-jambrina-y-raul-rivas\/\",\"name\":\"Guillem Santacruz, Luis Garc\u00eda Jambrina y Ra\u00fal Rivas - Santos Ochoa Salamanca\",\"isPartOf\":{\"@id\":\"https:\/\/blogs.santosochoa.es\/salamanca\/#website\"},\"primaryImageOfPage\":{\"@id\":\"https:\/\/blogs.santosochoa.es\/salamanca\/guillem-santacruz-luis-garcia-jambrina-y-raul-rivas\/#primaryimage\"},\"image\":{\"@id\":\"https:\/\/blogs.santosochoa.es\/salamanca\/guillem-santacruz-luis-garcia-jambrina-y-raul-rivas\/#primaryimage\"},\"thumbnailUrl\":\"https:\/\/blogs.santosochoa.es\/salamanca\/wp-content\/uploads\/sites\/3\/2022\/01\/el-manuscrito-de-niebla_luis-garcia-jambrina.jpg\",\"datePublished\":\"2022-02-16T11:11:40+00:00\",\"dateModified\":\"2022-02-16T11:11:42+00:00\",\"author\":{\"@id\":\"https:\/\/blogs.santosochoa.es\/salamanca\/#\/schema\/person\/a125e75c96c8702907b25e61f1c0b772\"},\"description\":\"\\\"La conjetura de Reiner\\\", \\\"El manuscrito de niebla\\\" y \\\"La penicilina que salv\u00f3 a Hitler y otras historias de la microbiolog\u00eda\\\"\",\"breadcrumb\":{\"@id\":\"https:\/\/blogs.santosochoa.es\/salamanca\/guillem-santacruz-luis-garcia-jambrina-y-raul-rivas\/#breadcrumb\"},\"inLanguage\":\"es\",\"potentialAction\":[{\"@type\":\"ReadAction\",\"target\":[\"https:\/\/blogs.santosochoa.es\/salamanca\/guillem-santacruz-luis-garcia-jambrina-y-raul-rivas\/\"]}]},{\"@type\":\"ImageObject\",\"inLanguage\":\"es\",\"@id\":\"https:\/\/blogs.santosochoa.es\/salamanca\/guillem-santacruz-luis-garcia-jambrina-y-raul-rivas\/#primaryimage\",\"url\":\"https:\/\/blogs.santosochoa.es\/salamanca\/wp-content\/uploads\/sites\/3\/2022\/01\/el-manuscrito-de-niebla_luis-garcia-jambrina.jpg\",\"contentUrl\":\"https:\/\/blogs.santosochoa.es\/salamanca\/wp-content\/uploads\/sites\/3\/2022\/01\/el-manuscrito-de-niebla_luis-garcia-jambrina.jpg\",\"width\":591,\"height\":894},{\"@type\":\"BreadcrumbList\",\"@id\":\"https:\/\/blogs.santosochoa.es\/salamanca\/guillem-santacruz-luis-garcia-jambrina-y-raul-rivas\/#breadcrumb\",\"itemListElement\":[{\"@type\":\"ListItem\",\"position\":1,\"name\":\"Home\",\"item\":\"https:\/\/blogs.santosochoa.es\/salamanca\/\"},{\"@type\":\"ListItem\",\"position\":2,\"name\":\"Guillem Santacruz, Luis Garc\u00eda Jambrina y Ra\u00fal Rivas\"}]},{\"@type\":\"WebSite\",\"@id\":\"https:\/\/blogs.santosochoa.es\/salamanca\/#website\",\"url\":\"https:\/\/blogs.santosochoa.es\/salamanca\/\",\"name\":\"Santos Ochoa Salamanca\",\"description\":\"Tu Librer\u00eda Online\",\"potentialAction\":[{\"@type\":\"SearchAction\",\"target\":{\"@type\":\"EntryPoint\",\"urlTemplate\":\"https:\/\/blogs.santosochoa.es\/salamanca\/?s={search_term_string}\"},\"query-input\":{\"@type\":\"PropertyValueSpecification\",\"valueRequired\":true,\"valueName\":\"search_term_string\"}}],\"inLanguage\":\"es\"},{\"@type\":\"Person\",\"@id\":\"https:\/\/blogs.santosochoa.es\/salamanca\/#\/schema\/person\/a125e75c96c8702907b25e61f1c0b772\",\"name\":\"Santos Ochoa Salamanca\"}]}<\/script>\n<!-- \/ Yoast SEO plugin. -->","yoast_head_json":{"title":"Guillem Santacruz, Luis Garc\u00eda Jambrina y Ra\u00fal Rivas - Santos Ochoa Salamanca","description":"\"La conjetura de Reiner\", \"El manuscrito de niebla\" y \"La penicilina que salv\u00f3 a Hitler y otras historias de la microbiolog\u00eda\"","robots":{"index":"index","follow":"follow","max-snippet":"max-snippet:-1","max-image-preview":"max-image-preview:large","max-video-preview":"max-video-preview:-1"},"canonical":"https:\/\/blogs.santosochoa.es\/salamanca\/guillem-santacruz-luis-garcia-jambrina-y-raul-rivas\/","og_locale":"es_ES","og_type":"article","og_title":"Guillem Santacruz, Luis Garc\u00eda Jambrina y Ra\u00fal Rivas - Santos Ochoa Salamanca","og_description":"\"La conjetura de Reiner\", \"El manuscrito de niebla\" y \"La penicilina que salv\u00f3 a Hitler y otras historias de la microbiolog\u00eda\"","og_url":"https:\/\/blogs.santosochoa.es\/salamanca\/guillem-santacruz-luis-garcia-jambrina-y-raul-rivas\/","og_site_name":"Santos Ochoa Salamanca","article_published_time":"2022-02-16T11:11:40+00:00","article_modified_time":"2022-02-16T11:11:42+00:00","og_image":[{"width":591,"height":894,"url":"https:\/\/blogs.santosochoa.es\/salamanca\/wp-content\/uploads\/sites\/3\/2022\/01\/el-manuscrito-de-niebla_luis-garcia-jambrina.jpg","type":"image\/jpeg"}],"author":"Santos Ochoa Salamanca","twitter_card":"summary_large_image","twitter_misc":{"Written by":"Santos Ochoa Salamanca","Est. reading time":"6 minutos"},"schema":{"@context":"https:\/\/schema.org","@graph":[{"@type":"Article","@id":"https:\/\/blogs.santosochoa.es\/salamanca\/guillem-santacruz-luis-garcia-jambrina-y-raul-rivas\/#article","isPartOf":{"@id":"https:\/\/blogs.santosochoa.es\/salamanca\/guillem-santacruz-luis-garcia-jambrina-y-raul-rivas\/"},"author":{"name":"Santos Ochoa Salamanca","@id":"https:\/\/blogs.santosochoa.es\/salamanca\/#\/schema\/person\/a125e75c96c8702907b25e61f1c0b772"},"headline":"Guillem Santacruz, Luis Garc\u00eda Jambrina y Ra\u00fal Rivas","datePublished":"2022-02-16T11:11:40+00:00","dateModified":"2022-02-16T11:11:42+00:00","mainEntityOfPage":{"@id":"https:\/\/blogs.santosochoa.es\/salamanca\/guillem-santacruz-luis-garcia-jambrina-y-raul-rivas\/"},"wordCount":1168,"image":{"@id":"https:\/\/blogs.santosochoa.es\/salamanca\/guillem-santacruz-luis-garcia-jambrina-y-raul-rivas\/#primaryimage"},"thumbnailUrl":"https:\/\/blogs.santosochoa.es\/salamanca\/wp-content\/uploads\/sites\/3\/2022\/01\/el-manuscrito-de-niebla_luis-garcia-jambrina.jpg","articleSection":["libros","libros salamanca"],"inLanguage":"es"},{"@type":"WebPage","@id":"https:\/\/blogs.santosochoa.es\/salamanca\/guillem-santacruz-luis-garcia-jambrina-y-raul-rivas\/","url":"https:\/\/blogs.santosochoa.es\/salamanca\/guillem-santacruz-luis-garcia-jambrina-y-raul-rivas\/","name":"Guillem Santacruz, Luis Garc\u00eda Jambrina y Ra\u00fal Rivas - Santos Ochoa Salamanca","isPartOf":{"@id":"https:\/\/blogs.santosochoa.es\/salamanca\/#website"},"primaryImageOfPage":{"@id":"https:\/\/blogs.santosochoa.es\/salamanca\/guillem-santacruz-luis-garcia-jambrina-y-raul-rivas\/#primaryimage"},"image":{"@id":"https:\/\/blogs.santosochoa.es\/salamanca\/guillem-santacruz-luis-garcia-jambrina-y-raul-rivas\/#primaryimage"},"thumbnailUrl":"https:\/\/blogs.santosochoa.es\/salamanca\/wp-content\/uploads\/sites\/3\/2022\/01\/el-manuscrito-de-niebla_luis-garcia-jambrina.jpg","datePublished":"2022-02-16T11:11:40+00:00","dateModified":"2022-02-16T11:11:42+00:00","author":{"@id":"https:\/\/blogs.santosochoa.es\/salamanca\/#\/schema\/person\/a125e75c96c8702907b25e61f1c0b772"},"description":"\"La conjetura de Reiner\", \"El manuscrito de niebla\" y \"La penicilina que salv\u00f3 a Hitler y otras historias de la microbiolog\u00eda\"","breadcrumb":{"@id":"https:\/\/blogs.santosochoa.es\/salamanca\/guillem-santacruz-luis-garcia-jambrina-y-raul-rivas\/#breadcrumb"},"inLanguage":"es","potentialAction":[{"@type":"ReadAction","target":["https:\/\/blogs.santosochoa.es\/salamanca\/guillem-santacruz-luis-garcia-jambrina-y-raul-rivas\/"]}]},{"@type":"ImageObject","inLanguage":"es","@id":"https:\/\/blogs.santosochoa.es\/salamanca\/guillem-santacruz-luis-garcia-jambrina-y-raul-rivas\/#primaryimage","url":"https:\/\/blogs.santosochoa.es\/salamanca\/wp-content\/uploads\/sites\/3\/2022\/01\/el-manuscrito-de-niebla_luis-garcia-jambrina.jpg","contentUrl":"https:\/\/blogs.santosochoa.es\/salamanca\/wp-content\/uploads\/sites\/3\/2022\/01\/el-manuscrito-de-niebla_luis-garcia-jambrina.jpg","width":591,"height":894},{"@type":"BreadcrumbList","@id":"https:\/\/blogs.santosochoa.es\/salamanca\/guillem-santacruz-luis-garcia-jambrina-y-raul-rivas\/#breadcrumb","itemListElement":[{"@type":"ListItem","position":1,"name":"Home","item":"https:\/\/blogs.santosochoa.es\/salamanca\/"},{"@type":"ListItem","position":2,"name":"Guillem Santacruz, Luis Garc\u00eda Jambrina y Ra\u00fal Rivas"}]},{"@type":"WebSite","@id":"https:\/\/blogs.santosochoa.es\/salamanca\/#website","url":"https:\/\/blogs.santosochoa.es\/salamanca\/","name":"Santos Ochoa Salamanca","description":"Tu Librer\u00eda Online","potentialAction":[{"@type":"SearchAction","target":{"@type":"EntryPoint","urlTemplate":"https:\/\/blogs.santosochoa.es\/salamanca\/?s={search_term_string}"},"query-input":{"@type":"PropertyValueSpecification","valueRequired":true,"valueName":"search_term_string"}}],"inLanguage":"es"},{"@type":"Person","@id":"https:\/\/blogs.santosochoa.es\/salamanca\/#\/schema\/person\/a125e75c96c8702907b25e61f1c0b772","name":"Santos Ochoa Salamanca"}]}},"_links":{"self":[{"href":"https:\/\/blogs.santosochoa.es\/salamanca\/wp-json\/wp\/v2\/posts\/1212","targetHints":{"allow":["GET"]}}],"collection":[{"href":"https:\/\/blogs.santosochoa.es\/salamanca\/wp-json\/wp\/v2\/posts"}],"about":[{"href":"https:\/\/blogs.santosochoa.es\/salamanca\/wp-json\/wp\/v2\/types\/post"}],"author":[{"embeddable":true,"href":"https:\/\/blogs.santosochoa.es\/salamanca\/wp-json\/wp\/v2\/users\/2"}],"replies":[{"embeddable":true,"href":"https:\/\/blogs.santosochoa.es\/salamanca\/wp-json\/wp\/v2\/comments?post=1212"}],"version-history":[{"count":1,"href":"https:\/\/blogs.santosochoa.es\/salamanca\/wp-json\/wp\/v2\/posts\/1212\/revisions"}],"predecessor-version":[{"id":1213,"href":"https:\/\/blogs.santosochoa.es\/salamanca\/wp-json\/wp\/v2\/posts\/1212\/revisions\/1213"}],"wp:featuredmedia":[{"embeddable":true,"href":"https:\/\/blogs.santosochoa.es\/salamanca\/wp-json\/wp\/v2\/media\/1190"}],"wp:attachment":[{"href":"https:\/\/blogs.santosochoa.es\/salamanca\/wp-json\/wp\/v2\/media?parent=1212"}],"wp:term":[{"taxonomy":"category","embeddable":true,"href":"https:\/\/blogs.santosochoa.es\/salamanca\/wp-json\/wp\/v2\/categories?post=1212"},{"taxonomy":"post_tag","embeddable":true,"href":"https:\/\/blogs.santosochoa.es\/salamanca\/wp-json\/wp\/v2\/tags?post=1212"}],"curies":[{"name":"wp","href":"https:\/\/api.w.org\/{rel}","templated":true}]}}