{"id":1146,"date":"2021-11-05T12:24:01","date_gmt":"2021-11-05T11:24:01","guid":{"rendered":"https:\/\/blogs.santosochoa.es\/salamanca\/?p=1146"},"modified":"2021-11-08T11:37:43","modified_gmt":"2021-11-08T10:37:43","slug":"la-contrahistoria-de-espana","status":"publish","type":"post","link":"https:\/\/blogs.santosochoa.es\/salamanca\/la-contrahistoria-de-espana\/","title":{"rendered":"La ContraHistoria de Espa\u00f1a"},"content":{"rendered":"\n<h2 class=\"wp-block-heading\"><strong>Firma de Libros de Fernando D\u00edaz Villanueva. <em>La ContraHistoria de Espa\u00f1a<\/em><\/strong><\/h2>\n\n\n\n<h3 class=\"wp-block-heading\"><strong>Jueves 11 de noviembre<\/strong><\/h3>\n\n\n\n<h4 class=\"wp-block-heading\">Librer\u00eda Santos Ochoa. Gran V\u00eda, 12, Salamanca<\/h4>\n\n\n\n<p><strong>19:30 h. Presentaci\u00f3n<\/strong>. [AFORO COMPLETO]<\/p>\n\n\n\n<h3 class=\"wp-block-heading\"><strong>20:30 h. Firma de libros.&nbsp;<\/strong>Entrada libre<\/h3>\n\n\n\n<div class=\"wp-block-image\"><figure class=\"alignright size-large is-resized\"><a href=\"https:\/\/www.santosochoa.es\/libros\/diaz-villanueva-fernando_la-contrahistoria-de-espana_9788413841779#more\" target=\"_blank\" rel=\"noopener noreferrer\"><img decoding=\"async\" src=\"https:\/\/blogs.santosochoa.es\/salamanca\/wp-content\/uploads\/sites\/3\/2021\/10\/la-contrahistoria_fernando-diaz-villanueva.jpg\" alt=\"\" class=\"wp-image-1134\" width=\"300\" srcset=\"https:\/\/blogs.santosochoa.es\/salamanca\/wp-content\/uploads\/sites\/3\/2021\/10\/la-contrahistoria_fernando-diaz-villanueva.jpg 591w, https:\/\/blogs.santosochoa.es\/salamanca\/wp-content\/uploads\/sites\/3\/2021\/10\/la-contrahistoria_fernando-diaz-villanueva-204x300.jpg 204w\" sizes=\"(max-width: 591px) 100vw, 591px\" \/><\/a><\/figure><\/div>\n\n\n\n<p><strong>Auge, ca\u00edda y vuelta a empezar de un pa\u00eds en 28 episodios hist\u00f3ricos.<\/strong><\/p>\n\n\n\n<h5 class=\"wp-block-heading\"><strong>La historia de Espa\u00f1a es larga y generosa en episodios dignos de ser contados y recordados. Momentos sublimes y miserables, grandes gestas, guerras por doquier y mucha perseverancia llevada a veces a extremos quijotescos.<\/strong><\/h5>\n\n\n\n<blockquote class=\"wp-block-quote is-layout-flow wp-block-quote-is-layout-flow\"><p>Desde la Edad Media, las generaciones que nos precedieron expulsaron a un invasor de la pen\u00ednsula ib\u00e9rica, forjaron un reino muy poderoso, cruzaron los oc\u00e9anos y se extendieron por todo el mundo llevando consigo su lengua, su religi\u00f3n y su manera de entender el mundo.<\/p><\/blockquote>\n\n\n\n<p><strong>Fernando D\u00edaz Villanueva, creador del exitoso programa radiof\u00f3nico La ContraHistoria<\/strong>, gu\u00eda al lector a trav\u00e9s de 28 episodios fundamentales de nuestros \u00faltimos 500 a\u00f1os para entender que nuestros antepasados no pasaron de puntillas por la historia, sino que dejaron un surco profundo que nos ha tra\u00eddo hasta el momento presente.<\/p>\n\n\n\n<p>Y es que nunca est\u00e1 de m\u00e1s echar un vistazo hacia atr\u00e1s para saber c\u00f3mo hemos llegado hasta aqu\u00ed.<\/p>\n\n\n\n<p><strong>Fernando D\u00edaz Villanueva<\/strong> (Madrid, 1973) es periodista y divulgador hist\u00f3rico. Estudi\u00f3 historia moderna y contempor\u00e1nea en la Universidad Aut\u00f3noma de Madrid y posteriormente se dedic\u00f3 al periodismo. Ha sido redactor en la agencia Atlas, director del diario econ\u00f3mico Negocios.com y director adjunto de La Gaceta. Ha colaborado en numerosos medios de comunicaci\u00f3n a lo largo de las dos \u00faltimas d\u00e9cadas y sigue haci\u00e9ndolo semanalmente en el diario de informaci\u00f3n general Vozp\u00f3puli y en la revista Centinela. Es conferenciante habitual en universidades, clubs de debate y asociaciones profesionales.<\/p>\n\n\n\n<p>Ha publicado una docena de libros de divulgaci\u00f3n hist\u00f3rica centrados en la historia de Espa\u00f1a y en las ideas pol\u00edticas del siglo XX. Actualmente presenta y dirige dos programas de radio en internet muy populares: La ContraCr\u00f3nica, en el que aborda asuntos de actualidad econ\u00f3mica e internacional, y La ContraHistoria, en el que semanalmente trata grandes episodios hist\u00f3ricos para todos los p\u00fablicos.<\/p>\n\n\n\n<p>Sus programas en internet tienen medio mill\u00f3n de suscriptores en dos plataformas (iVoox y YouTube) y una nutrida comunidad de \u00abcontraescuchas\u00bb en Espa\u00f1a y Am\u00e9rica que participa activamente en ellos, y contribuye para que sigan emiti\u00e9ndose. En 2020 recibi\u00f3, por votaci\u00f3n de los oyentes, el Premio iVoox de la Audiencia, el m\u00e1s prestigioso de la radio online en lengua espa\u00f1ola.<\/p>\n","protected":false},"excerpt":{"rendered":"<p>Agenda Cultural. Presentaci\u00f3n y Firma de Libros de Fernando D\u00edaz Villanueva. \u00abLa ContraHistoria de Espa\u00f1a\u00bb<\/p>\n","protected":false},"author":2,"featured_media":1134,"comment_status":"closed","ping_status":"closed","sticky":false,"template":"","format":"standard","meta":{"footnotes":""},"categories":[9],"tags":[],"class_list":["post-1146","post","type-post","status-publish","format-standard","has-post-thumbnail","hentry","category-libros"],"yoast_head":"<!-- This site is optimized with the Yoast SEO plugin v27.2 - https:\/\/yoast.com\/product\/yoast-seo-wordpress\/ -->\n<title>La ContraHistoria de Espa\u00f1a - Santos Ochoa Salamanca<\/title>\n<meta name=\"description\" content=\"Agenda Cultural. Presentaci\u00f3n y Firma de Libros de Fernando D\u00edaz Villanueva. &quot;La ContraHistoria de Espa\u00f1a&quot;\" \/>\n<meta name=\"robots\" content=\"index, follow, max-snippet:-1, max-image-preview:large, max-video-preview:-1\" \/>\n<link rel=\"canonical\" href=\"https:\/\/blogs.santosochoa.es\/salamanca\/la-contrahistoria-de-espana\/\" \/>\n<meta property=\"og:locale\" content=\"es_ES\" \/>\n<meta property=\"og:type\" content=\"article\" \/>\n<meta property=\"og:title\" content=\"La ContraHistoria de Espa\u00f1a - Santos Ochoa Salamanca\" \/>\n<meta property=\"og:description\" content=\"Agenda Cultural. Presentaci\u00f3n y Firma de Libros de Fernando D\u00edaz Villanueva. &quot;La ContraHistoria de Espa\u00f1a&quot;\" \/>\n<meta property=\"og:url\" content=\"https:\/\/blogs.santosochoa.es\/salamanca\/la-contrahistoria-de-espana\/\" \/>\n<meta property=\"og:site_name\" content=\"Santos Ochoa Salamanca\" \/>\n<meta property=\"article:published_time\" content=\"2021-11-05T11:24:01+00:00\" \/>\n<meta property=\"article:modified_time\" content=\"2021-11-08T10:37:43+00:00\" \/>\n<meta property=\"og:image\" content=\"https:\/\/blogs.santosochoa.es\/salamanca\/wp-content\/uploads\/sites\/3\/2021\/10\/la-contrahistoria_fernando-diaz-villanueva.jpg\" \/>\n\t<meta property=\"og:image:width\" content=\"591\" \/>\n\t<meta property=\"og:image:height\" content=\"869\" \/>\n\t<meta property=\"og:image:type\" content=\"image\/jpeg\" \/>\n<meta name=\"author\" content=\"Santos Ochoa Salamanca\" \/>\n<meta name=\"twitter:card\" content=\"summary_large_image\" \/>\n<meta name=\"twitter:label1\" content=\"Written by\" \/>\n\t<meta name=\"twitter:data1\" content=\"Santos Ochoa Salamanca\" \/>\n\t<meta name=\"twitter:label2\" content=\"Est. reading time\" \/>\n\t<meta name=\"twitter:data2\" content=\"2 minutos\" \/>\n<script type=\"application\/ld+json\" class=\"yoast-schema-graph\">{\"@context\":\"https:\/\/schema.org\",\"@graph\":[{\"@type\":\"Article\",\"@id\":\"https:\/\/blogs.santosochoa.es\/salamanca\/la-contrahistoria-de-espana\/#article\",\"isPartOf\":{\"@id\":\"https:\/\/blogs.santosochoa.es\/salamanca\/la-contrahistoria-de-espana\/\"},\"author\":{\"name\":\"Santos Ochoa Salamanca\",\"@id\":\"https:\/\/blogs.santosochoa.es\/salamanca\/#\/schema\/person\/a125e75c96c8702907b25e61f1c0b772\"},\"headline\":\"La ContraHistoria de Espa\u00f1a\",\"datePublished\":\"2021-11-05T11:24:01+00:00\",\"dateModified\":\"2021-11-08T10:37:43+00:00\",\"mainEntityOfPage\":{\"@id\":\"https:\/\/blogs.santosochoa.es\/salamanca\/la-contrahistoria-de-espana\/\"},\"wordCount\":449,\"image\":{\"@id\":\"https:\/\/blogs.santosochoa.es\/salamanca\/la-contrahistoria-de-espana\/#primaryimage\"},\"thumbnailUrl\":\"https:\/\/blogs.santosochoa.es\/salamanca\/wp-content\/uploads\/sites\/3\/2021\/10\/la-contrahistoria_fernando-diaz-villanueva.jpg\",\"articleSection\":[\"libros\"],\"inLanguage\":\"es\"},{\"@type\":\"WebPage\",\"@id\":\"https:\/\/blogs.santosochoa.es\/salamanca\/la-contrahistoria-de-espana\/\",\"url\":\"https:\/\/blogs.santosochoa.es\/salamanca\/la-contrahistoria-de-espana\/\",\"name\":\"La ContraHistoria de Espa\u00f1a - Santos Ochoa Salamanca\",\"isPartOf\":{\"@id\":\"https:\/\/blogs.santosochoa.es\/salamanca\/#website\"},\"primaryImageOfPage\":{\"@id\":\"https:\/\/blogs.santosochoa.es\/salamanca\/la-contrahistoria-de-espana\/#primaryimage\"},\"image\":{\"@id\":\"https:\/\/blogs.santosochoa.es\/salamanca\/la-contrahistoria-de-espana\/#primaryimage\"},\"thumbnailUrl\":\"https:\/\/blogs.santosochoa.es\/salamanca\/wp-content\/uploads\/sites\/3\/2021\/10\/la-contrahistoria_fernando-diaz-villanueva.jpg\",\"datePublished\":\"2021-11-05T11:24:01+00:00\",\"dateModified\":\"2021-11-08T10:37:43+00:00\",\"author\":{\"@id\":\"https:\/\/blogs.santosochoa.es\/salamanca\/#\/schema\/person\/a125e75c96c8702907b25e61f1c0b772\"},\"description\":\"Agenda Cultural. Presentaci\u00f3n y Firma de Libros de Fernando D\u00edaz Villanueva. \\\"La ContraHistoria de Espa\u00f1a\\\"\",\"breadcrumb\":{\"@id\":\"https:\/\/blogs.santosochoa.es\/salamanca\/la-contrahistoria-de-espana\/#breadcrumb\"},\"inLanguage\":\"es\",\"potentialAction\":[{\"@type\":\"ReadAction\",\"target\":[\"https:\/\/blogs.santosochoa.es\/salamanca\/la-contrahistoria-de-espana\/\"]}]},{\"@type\":\"ImageObject\",\"inLanguage\":\"es\",\"@id\":\"https:\/\/blogs.santosochoa.es\/salamanca\/la-contrahistoria-de-espana\/#primaryimage\",\"url\":\"https:\/\/blogs.santosochoa.es\/salamanca\/wp-content\/uploads\/sites\/3\/2021\/10\/la-contrahistoria_fernando-diaz-villanueva.jpg\",\"contentUrl\":\"https:\/\/blogs.santosochoa.es\/salamanca\/wp-content\/uploads\/sites\/3\/2021\/10\/la-contrahistoria_fernando-diaz-villanueva.jpg\",\"width\":591,\"height\":869},{\"@type\":\"BreadcrumbList\",\"@id\":\"https:\/\/blogs.santosochoa.es\/salamanca\/la-contrahistoria-de-espana\/#breadcrumb\",\"itemListElement\":[{\"@type\":\"ListItem\",\"position\":1,\"name\":\"Home\",\"item\":\"https:\/\/blogs.santosochoa.es\/salamanca\/\"},{\"@type\":\"ListItem\",\"position\":2,\"name\":\"La ContraHistoria de Espa\u00f1a\"}]},{\"@type\":\"WebSite\",\"@id\":\"https:\/\/blogs.santosochoa.es\/salamanca\/#website\",\"url\":\"https:\/\/blogs.santosochoa.es\/salamanca\/\",\"name\":\"Santos Ochoa Salamanca\",\"description\":\"Tu Librer\u00eda Online\",\"potentialAction\":[{\"@type\":\"SearchAction\",\"target\":{\"@type\":\"EntryPoint\",\"urlTemplate\":\"https:\/\/blogs.santosochoa.es\/salamanca\/?s={search_term_string}\"},\"query-input\":{\"@type\":\"PropertyValueSpecification\",\"valueRequired\":true,\"valueName\":\"search_term_string\"}}],\"inLanguage\":\"es\"},{\"@type\":\"Person\",\"@id\":\"https:\/\/blogs.santosochoa.es\/salamanca\/#\/schema\/person\/a125e75c96c8702907b25e61f1c0b772\",\"name\":\"Santos Ochoa Salamanca\"}]}<\/script>\n<!-- \/ Yoast SEO plugin. -->","yoast_head_json":{"title":"La ContraHistoria de Espa\u00f1a - Santos Ochoa Salamanca","description":"Agenda Cultural. Presentaci\u00f3n y Firma de Libros de Fernando D\u00edaz Villanueva. \"La ContraHistoria de Espa\u00f1a\"","robots":{"index":"index","follow":"follow","max-snippet":"max-snippet:-1","max-image-preview":"max-image-preview:large","max-video-preview":"max-video-preview:-1"},"canonical":"https:\/\/blogs.santosochoa.es\/salamanca\/la-contrahistoria-de-espana\/","og_locale":"es_ES","og_type":"article","og_title":"La ContraHistoria de Espa\u00f1a - Santos Ochoa Salamanca","og_description":"Agenda Cultural. Presentaci\u00f3n y Firma de Libros de Fernando D\u00edaz Villanueva. \"La ContraHistoria de Espa\u00f1a\"","og_url":"https:\/\/blogs.santosochoa.es\/salamanca\/la-contrahistoria-de-espana\/","og_site_name":"Santos Ochoa Salamanca","article_published_time":"2021-11-05T11:24:01+00:00","article_modified_time":"2021-11-08T10:37:43+00:00","og_image":[{"width":591,"height":869,"url":"https:\/\/blogs.santosochoa.es\/salamanca\/wp-content\/uploads\/sites\/3\/2021\/10\/la-contrahistoria_fernando-diaz-villanueva.jpg","type":"image\/jpeg"}],"author":"Santos Ochoa Salamanca","twitter_card":"summary_large_image","twitter_misc":{"Written by":"Santos Ochoa Salamanca","Est. reading time":"2 minutos"},"schema":{"@context":"https:\/\/schema.org","@graph":[{"@type":"Article","@id":"https:\/\/blogs.santosochoa.es\/salamanca\/la-contrahistoria-de-espana\/#article","isPartOf":{"@id":"https:\/\/blogs.santosochoa.es\/salamanca\/la-contrahistoria-de-espana\/"},"author":{"name":"Santos Ochoa Salamanca","@id":"https:\/\/blogs.santosochoa.es\/salamanca\/#\/schema\/person\/a125e75c96c8702907b25e61f1c0b772"},"headline":"La ContraHistoria de Espa\u00f1a","datePublished":"2021-11-05T11:24:01+00:00","dateModified":"2021-11-08T10:37:43+00:00","mainEntityOfPage":{"@id":"https:\/\/blogs.santosochoa.es\/salamanca\/la-contrahistoria-de-espana\/"},"wordCount":449,"image":{"@id":"https:\/\/blogs.santosochoa.es\/salamanca\/la-contrahistoria-de-espana\/#primaryimage"},"thumbnailUrl":"https:\/\/blogs.santosochoa.es\/salamanca\/wp-content\/uploads\/sites\/3\/2021\/10\/la-contrahistoria_fernando-diaz-villanueva.jpg","articleSection":["libros"],"inLanguage":"es"},{"@type":"WebPage","@id":"https:\/\/blogs.santosochoa.es\/salamanca\/la-contrahistoria-de-espana\/","url":"https:\/\/blogs.santosochoa.es\/salamanca\/la-contrahistoria-de-espana\/","name":"La ContraHistoria de Espa\u00f1a - Santos Ochoa Salamanca","isPartOf":{"@id":"https:\/\/blogs.santosochoa.es\/salamanca\/#website"},"primaryImageOfPage":{"@id":"https:\/\/blogs.santosochoa.es\/salamanca\/la-contrahistoria-de-espana\/#primaryimage"},"image":{"@id":"https:\/\/blogs.santosochoa.es\/salamanca\/la-contrahistoria-de-espana\/#primaryimage"},"thumbnailUrl":"https:\/\/blogs.santosochoa.es\/salamanca\/wp-content\/uploads\/sites\/3\/2021\/10\/la-contrahistoria_fernando-diaz-villanueva.jpg","datePublished":"2021-11-05T11:24:01+00:00","dateModified":"2021-11-08T10:37:43+00:00","author":{"@id":"https:\/\/blogs.santosochoa.es\/salamanca\/#\/schema\/person\/a125e75c96c8702907b25e61f1c0b772"},"description":"Agenda Cultural. Presentaci\u00f3n y Firma de Libros de Fernando D\u00edaz Villanueva. \"La ContraHistoria de Espa\u00f1a\"","breadcrumb":{"@id":"https:\/\/blogs.santosochoa.es\/salamanca\/la-contrahistoria-de-espana\/#breadcrumb"},"inLanguage":"es","potentialAction":[{"@type":"ReadAction","target":["https:\/\/blogs.santosochoa.es\/salamanca\/la-contrahistoria-de-espana\/"]}]},{"@type":"ImageObject","inLanguage":"es","@id":"https:\/\/blogs.santosochoa.es\/salamanca\/la-contrahistoria-de-espana\/#primaryimage","url":"https:\/\/blogs.santosochoa.es\/salamanca\/wp-content\/uploads\/sites\/3\/2021\/10\/la-contrahistoria_fernando-diaz-villanueva.jpg","contentUrl":"https:\/\/blogs.santosochoa.es\/salamanca\/wp-content\/uploads\/sites\/3\/2021\/10\/la-contrahistoria_fernando-diaz-villanueva.jpg","width":591,"height":869},{"@type":"BreadcrumbList","@id":"https:\/\/blogs.santosochoa.es\/salamanca\/la-contrahistoria-de-espana\/#breadcrumb","itemListElement":[{"@type":"ListItem","position":1,"name":"Home","item":"https:\/\/blogs.santosochoa.es\/salamanca\/"},{"@type":"ListItem","position":2,"name":"La ContraHistoria de Espa\u00f1a"}]},{"@type":"WebSite","@id":"https:\/\/blogs.santosochoa.es\/salamanca\/#website","url":"https:\/\/blogs.santosochoa.es\/salamanca\/","name":"Santos Ochoa Salamanca","description":"Tu Librer\u00eda Online","potentialAction":[{"@type":"SearchAction","target":{"@type":"EntryPoint","urlTemplate":"https:\/\/blogs.santosochoa.es\/salamanca\/?s={search_term_string}"},"query-input":{"@type":"PropertyValueSpecification","valueRequired":true,"valueName":"search_term_string"}}],"inLanguage":"es"},{"@type":"Person","@id":"https:\/\/blogs.santosochoa.es\/salamanca\/#\/schema\/person\/a125e75c96c8702907b25e61f1c0b772","name":"Santos Ochoa Salamanca"}]}},"_links":{"self":[{"href":"https:\/\/blogs.santosochoa.es\/salamanca\/wp-json\/wp\/v2\/posts\/1146","targetHints":{"allow":["GET"]}}],"collection":[{"href":"https:\/\/blogs.santosochoa.es\/salamanca\/wp-json\/wp\/v2\/posts"}],"about":[{"href":"https:\/\/blogs.santosochoa.es\/salamanca\/wp-json\/wp\/v2\/types\/post"}],"author":[{"embeddable":true,"href":"https:\/\/blogs.santosochoa.es\/salamanca\/wp-json\/wp\/v2\/users\/2"}],"replies":[{"embeddable":true,"href":"https:\/\/blogs.santosochoa.es\/salamanca\/wp-json\/wp\/v2\/comments?post=1146"}],"version-history":[{"count":4,"href":"https:\/\/blogs.santosochoa.es\/salamanca\/wp-json\/wp\/v2\/posts\/1146\/revisions"}],"predecessor-version":[{"id":1153,"href":"https:\/\/blogs.santosochoa.es\/salamanca\/wp-json\/wp\/v2\/posts\/1146\/revisions\/1153"}],"wp:featuredmedia":[{"embeddable":true,"href":"https:\/\/blogs.santosochoa.es\/salamanca\/wp-json\/wp\/v2\/media\/1134"}],"wp:attachment":[{"href":"https:\/\/blogs.santosochoa.es\/salamanca\/wp-json\/wp\/v2\/media?parent=1146"}],"wp:term":[{"taxonomy":"category","embeddable":true,"href":"https:\/\/blogs.santosochoa.es\/salamanca\/wp-json\/wp\/v2\/categories?post=1146"},{"taxonomy":"post_tag","embeddable":true,"href":"https:\/\/blogs.santosochoa.es\/salamanca\/wp-json\/wp\/v2\/tags?post=1146"}],"curies":[{"name":"wp","href":"https:\/\/api.w.org\/{rel}","templated":true}]}}