{"id":1124,"date":"2021-10-07T13:43:30","date_gmt":"2021-10-07T11:43:30","guid":{"rendered":"https:\/\/blogs.santosochoa.es\/salamanca\/?p=1124"},"modified":"2021-10-07T13:43:32","modified_gmt":"2021-10-07T11:43:32","slug":"jasone-asensio-keswick-y-el-destino-de-la-espada","status":"publish","type":"post","link":"https:\/\/blogs.santosochoa.es\/salamanca\/jasone-asensio-keswick-y-el-destino-de-la-espada\/","title":{"rendered":"Jasone Asensio \u00abKeswick y el destino de la espada\u00bb"},"content":{"rendered":"\n<h2 class=\"wp-block-heading\"><strong>Jasone Asensio presenta la novela juvenil <em>Keswick y el destino de la espada<\/em><\/strong><\/h2>\n\n\n\n<h3 class=\"wp-block-heading\"><strong>Viernes 15 de octubre<\/strong><strong>, a las 19:30 h.<\/strong><\/h3>\n\n\n\n<h4 class=\"wp-block-heading\">Librer\u00eda Santos Ochoa. Gran V\u00eda, 12, Salamanca<\/h4>\n\n\n\n<h3 class=\"wp-block-heading\">&gt;\u00a0<a href=\"https:\/\/blogs.santosochoa.es\/salamanca\/eventos\/jasone-asensio-presenta-keswick-y-el-destino-de-la-espada\/\" target=\"_blank\" rel=\"noreferrer noopener\"><strong><em>Aforo reducido.<\/em><\/strong>\u00a0Reserva plaza pinchando aqu\u00ed<\/a><\/h3>\n\n\n\n<div class=\"wp-block-image\"><figure class=\"alignright size-large is-resized\"><a href=\"https:\/\/santosochoa.es\/libros\/asensio-mj_keswick-y-el-destino-de-la-espada_9788418911095\" target=\"_blank\" rel=\"noopener noreferrer\"><img decoding=\"async\" src=\"https:\/\/blogs.santosochoa.es\/salamanca\/wp-content\/uploads\/sites\/3\/2021\/09\/keswick-y-el-destino-de-la-espada_jasone-asensio.jpg\" alt=\"\" class=\"wp-image-1102\" width=\"300\" srcset=\"https:\/\/blogs.santosochoa.es\/salamanca\/wp-content\/uploads\/sites\/3\/2021\/09\/keswick-y-el-destino-de-la-espada_jasone-asensio.jpg 591w, https:\/\/blogs.santosochoa.es\/salamanca\/wp-content\/uploads\/sites\/3\/2021\/09\/keswick-y-el-destino-de-la-espada_jasone-asensio-204x300.jpg 204w\" sizes=\"(max-width: 591px) 100vw, 591px\" \/><\/a><\/figure><\/div>\n\n\n\n<p>Acompa\u00f1a a la autora <strong>F\u00e1tima G\u00f3mez C\u00e1neba<\/strong>, traductora e int\u00e9rprete.<\/p>\n\n\n\n<h5 class=\"wp-block-heading\"><strong>De la esquina del infierno se ha escapado Cordelia, la malvada hermana de Poseid\u00f3n. La operaci\u00f3n Barbarroja se ha puesto en marcha y la Atl\u00e1ntida corre un grave peligro. La anunciada guerra es inminente, todos deben partir hacia la isla m\u00edtica.<\/strong><\/h5>\n\n\n\n<p>La salvaci\u00f3n depende de Ivy y sus amigos, que emprender\u00e1n un fascinante viaje a trav\u00e9s de los cuatro reinos por el maravilloso puente de Breda, donde conocer\u00e1n a nuevos amigos. Consciente de lo mucho que est\u00e1 en juego, Ivy deber\u00e1 romper su cris\u00e1lida para encontrar la fuerza necesaria y convertirse en N\u00e9mesis.<\/p>\n\n\n\n<p>La segunda entrega de la saga fant\u00e1stica que comenz\u00f3 con <em>Keswick y el \u00e1rbol de la vida<\/em> nos trae una lectura apasionante repleta de aventuras.<\/p>\n\n\n\n<p><strong>Jasone Asensio<\/strong> (1974, Durango-Vizcaya) es una autora de literatura juvenil afincada en Salamanca. A los quince a\u00f1os se traslad\u00f3 a la eterna ciudad universitaria con su familia, donde ha desarrollado toda su carrera profesional. En agosto de 2020 public\u00f3 su primera novela de la mano de BABIDI-B\u00da, <em>Keswick y el \u00e1rbol de la vida<\/em>, con la que ha cosechado numerosos \u00e9xitos. Adem\u00e1s, tiene un blog de literatura donde comparte consejos para escritores noveles, recomendaciones literarias y curiosidades sobre el mundo editorial (<a href=\"https:\/\/mjasensio.com\/blog\/\">https:\/\/mjasensio.com\/blog\/<\/a>).<\/p>\n\n\n\n<p><\/p>\n","protected":false},"excerpt":{"rendered":"<p>La segunda entrega de la saga fant\u00e1stica que comenz\u00f3 con \u00abKeswick y el \u00e1rbol de la vida\u00bb nos trae una lectura apasionante repleta de aventuras<\/p>\n","protected":false},"author":2,"featured_media":1102,"comment_status":"closed","ping_status":"closed","sticky":false,"template":"","format":"standard","meta":{"footnotes":""},"categories":[9,14],"tags":[],"class_list":["post-1124","post","type-post","status-publish","format-standard","has-post-thumbnail","hentry","category-libros","category-libros-salamanca"],"yoast_head":"<!-- This site is optimized with the Yoast SEO plugin v27.2 - https:\/\/yoast.com\/product\/yoast-seo-wordpress\/ -->\n<title>Jasone Asensio &quot;Keswick y el destino de la espada&quot; - Santos Ochoa Salamanca<\/title>\n<meta name=\"description\" content=\"La segunda entrega de la saga fant\u00e1stica que comenz\u00f3 con &quot;Keswick y el \u00e1rbol de la vida&quot; nos trae una lectura apasionante repleta de aventuras\" \/>\n<meta name=\"robots\" content=\"index, follow, max-snippet:-1, max-image-preview:large, max-video-preview:-1\" \/>\n<link rel=\"canonical\" href=\"https:\/\/blogs.santosochoa.es\/salamanca\/jasone-asensio-keswick-y-el-destino-de-la-espada\/\" \/>\n<meta property=\"og:locale\" content=\"es_ES\" \/>\n<meta property=\"og:type\" content=\"article\" \/>\n<meta property=\"og:title\" content=\"Jasone Asensio &quot;Keswick y el destino de la espada&quot; - Santos Ochoa Salamanca\" \/>\n<meta property=\"og:description\" content=\"La segunda entrega de la saga fant\u00e1stica que comenz\u00f3 con &quot;Keswick y el \u00e1rbol de la vida&quot; nos trae una lectura apasionante repleta de aventuras\" \/>\n<meta property=\"og:url\" content=\"https:\/\/blogs.santosochoa.es\/salamanca\/jasone-asensio-keswick-y-el-destino-de-la-espada\/\" \/>\n<meta property=\"og:site_name\" content=\"Santos Ochoa Salamanca\" \/>\n<meta property=\"article:published_time\" content=\"2021-10-07T11:43:30+00:00\" \/>\n<meta property=\"article:modified_time\" content=\"2021-10-07T11:43:32+00:00\" \/>\n<meta property=\"og:image\" content=\"https:\/\/blogs.santosochoa.es\/salamanca\/wp-content\/uploads\/sites\/3\/2021\/09\/keswick-y-el-destino-de-la-espada_jasone-asensio.jpg\" \/>\n\t<meta property=\"og:image:width\" content=\"591\" \/>\n\t<meta property=\"og:image:height\" content=\"867\" \/>\n\t<meta property=\"og:image:type\" content=\"image\/jpeg\" \/>\n<meta name=\"author\" content=\"Santos Ochoa Salamanca\" \/>\n<meta name=\"twitter:card\" content=\"summary_large_image\" \/>\n<meta name=\"twitter:label1\" content=\"Written by\" \/>\n\t<meta name=\"twitter:data1\" content=\"Santos Ochoa Salamanca\" \/>\n\t<meta name=\"twitter:label2\" content=\"Est. reading time\" \/>\n\t<meta name=\"twitter:data2\" content=\"1 minuto\" \/>\n<script type=\"application\/ld+json\" class=\"yoast-schema-graph\">{\"@context\":\"https:\/\/schema.org\",\"@graph\":[{\"@type\":\"Article\",\"@id\":\"https:\/\/blogs.santosochoa.es\/salamanca\/jasone-asensio-keswick-y-el-destino-de-la-espada\/#article\",\"isPartOf\":{\"@id\":\"https:\/\/blogs.santosochoa.es\/salamanca\/jasone-asensio-keswick-y-el-destino-de-la-espada\/\"},\"author\":{\"name\":\"Santos Ochoa Salamanca\",\"@id\":\"https:\/\/blogs.santosochoa.es\/salamanca\/#\/schema\/person\/a125e75c96c8702907b25e61f1c0b772\"},\"headline\":\"Jasone Asensio \u00abKeswick y el destino de la espada\u00bb\",\"datePublished\":\"2021-10-07T11:43:30+00:00\",\"dateModified\":\"2021-10-07T11:43:32+00:00\",\"mainEntityOfPage\":{\"@id\":\"https:\/\/blogs.santosochoa.es\/salamanca\/jasone-asensio-keswick-y-el-destino-de-la-espada\/\"},\"wordCount\":272,\"image\":{\"@id\":\"https:\/\/blogs.santosochoa.es\/salamanca\/jasone-asensio-keswick-y-el-destino-de-la-espada\/#primaryimage\"},\"thumbnailUrl\":\"https:\/\/blogs.santosochoa.es\/salamanca\/wp-content\/uploads\/sites\/3\/2021\/09\/keswick-y-el-destino-de-la-espada_jasone-asensio.jpg\",\"articleSection\":[\"libros\",\"libros salamanca\"],\"inLanguage\":\"es\"},{\"@type\":\"WebPage\",\"@id\":\"https:\/\/blogs.santosochoa.es\/salamanca\/jasone-asensio-keswick-y-el-destino-de-la-espada\/\",\"url\":\"https:\/\/blogs.santosochoa.es\/salamanca\/jasone-asensio-keswick-y-el-destino-de-la-espada\/\",\"name\":\"Jasone Asensio \\\"Keswick y el destino de la espada\\\" - Santos Ochoa Salamanca\",\"isPartOf\":{\"@id\":\"https:\/\/blogs.santosochoa.es\/salamanca\/#website\"},\"primaryImageOfPage\":{\"@id\":\"https:\/\/blogs.santosochoa.es\/salamanca\/jasone-asensio-keswick-y-el-destino-de-la-espada\/#primaryimage\"},\"image\":{\"@id\":\"https:\/\/blogs.santosochoa.es\/salamanca\/jasone-asensio-keswick-y-el-destino-de-la-espada\/#primaryimage\"},\"thumbnailUrl\":\"https:\/\/blogs.santosochoa.es\/salamanca\/wp-content\/uploads\/sites\/3\/2021\/09\/keswick-y-el-destino-de-la-espada_jasone-asensio.jpg\",\"datePublished\":\"2021-10-07T11:43:30+00:00\",\"dateModified\":\"2021-10-07T11:43:32+00:00\",\"author\":{\"@id\":\"https:\/\/blogs.santosochoa.es\/salamanca\/#\/schema\/person\/a125e75c96c8702907b25e61f1c0b772\"},\"description\":\"La segunda entrega de la saga fant\u00e1stica que comenz\u00f3 con \\\"Keswick y el \u00e1rbol de la vida\\\" nos trae una lectura apasionante repleta de aventuras\",\"breadcrumb\":{\"@id\":\"https:\/\/blogs.santosochoa.es\/salamanca\/jasone-asensio-keswick-y-el-destino-de-la-espada\/#breadcrumb\"},\"inLanguage\":\"es\",\"potentialAction\":[{\"@type\":\"ReadAction\",\"target\":[\"https:\/\/blogs.santosochoa.es\/salamanca\/jasone-asensio-keswick-y-el-destino-de-la-espada\/\"]}]},{\"@type\":\"ImageObject\",\"inLanguage\":\"es\",\"@id\":\"https:\/\/blogs.santosochoa.es\/salamanca\/jasone-asensio-keswick-y-el-destino-de-la-espada\/#primaryimage\",\"url\":\"https:\/\/blogs.santosochoa.es\/salamanca\/wp-content\/uploads\/sites\/3\/2021\/09\/keswick-y-el-destino-de-la-espada_jasone-asensio.jpg\",\"contentUrl\":\"https:\/\/blogs.santosochoa.es\/salamanca\/wp-content\/uploads\/sites\/3\/2021\/09\/keswick-y-el-destino-de-la-espada_jasone-asensio.jpg\",\"width\":591,\"height\":867},{\"@type\":\"BreadcrumbList\",\"@id\":\"https:\/\/blogs.santosochoa.es\/salamanca\/jasone-asensio-keswick-y-el-destino-de-la-espada\/#breadcrumb\",\"itemListElement\":[{\"@type\":\"ListItem\",\"position\":1,\"name\":\"Home\",\"item\":\"https:\/\/blogs.santosochoa.es\/salamanca\/\"},{\"@type\":\"ListItem\",\"position\":2,\"name\":\"Jasone Asensio \u00abKeswick y el destino de la espada\u00bb\"}]},{\"@type\":\"WebSite\",\"@id\":\"https:\/\/blogs.santosochoa.es\/salamanca\/#website\",\"url\":\"https:\/\/blogs.santosochoa.es\/salamanca\/\",\"name\":\"Santos Ochoa Salamanca\",\"description\":\"Tu Librer\u00eda Online\",\"potentialAction\":[{\"@type\":\"SearchAction\",\"target\":{\"@type\":\"EntryPoint\",\"urlTemplate\":\"https:\/\/blogs.santosochoa.es\/salamanca\/?s={search_term_string}\"},\"query-input\":{\"@type\":\"PropertyValueSpecification\",\"valueRequired\":true,\"valueName\":\"search_term_string\"}}],\"inLanguage\":\"es\"},{\"@type\":\"Person\",\"@id\":\"https:\/\/blogs.santosochoa.es\/salamanca\/#\/schema\/person\/a125e75c96c8702907b25e61f1c0b772\",\"name\":\"Santos Ochoa Salamanca\"}]}<\/script>\n<!-- \/ Yoast SEO plugin. -->","yoast_head_json":{"title":"Jasone Asensio \"Keswick y el destino de la espada\" - Santos Ochoa Salamanca","description":"La segunda entrega de la saga fant\u00e1stica que comenz\u00f3 con \"Keswick y el \u00e1rbol de la vida\" nos trae una lectura apasionante repleta de aventuras","robots":{"index":"index","follow":"follow","max-snippet":"max-snippet:-1","max-image-preview":"max-image-preview:large","max-video-preview":"max-video-preview:-1"},"canonical":"https:\/\/blogs.santosochoa.es\/salamanca\/jasone-asensio-keswick-y-el-destino-de-la-espada\/","og_locale":"es_ES","og_type":"article","og_title":"Jasone Asensio \"Keswick y el destino de la espada\" - Santos Ochoa Salamanca","og_description":"La segunda entrega de la saga fant\u00e1stica que comenz\u00f3 con \"Keswick y el \u00e1rbol de la vida\" nos trae una lectura apasionante repleta de aventuras","og_url":"https:\/\/blogs.santosochoa.es\/salamanca\/jasone-asensio-keswick-y-el-destino-de-la-espada\/","og_site_name":"Santos Ochoa Salamanca","article_published_time":"2021-10-07T11:43:30+00:00","article_modified_time":"2021-10-07T11:43:32+00:00","og_image":[{"width":591,"height":867,"url":"https:\/\/blogs.santosochoa.es\/salamanca\/wp-content\/uploads\/sites\/3\/2021\/09\/keswick-y-el-destino-de-la-espada_jasone-asensio.jpg","type":"image\/jpeg"}],"author":"Santos Ochoa Salamanca","twitter_card":"summary_large_image","twitter_misc":{"Written by":"Santos Ochoa Salamanca","Est. reading time":"1 minuto"},"schema":{"@context":"https:\/\/schema.org","@graph":[{"@type":"Article","@id":"https:\/\/blogs.santosochoa.es\/salamanca\/jasone-asensio-keswick-y-el-destino-de-la-espada\/#article","isPartOf":{"@id":"https:\/\/blogs.santosochoa.es\/salamanca\/jasone-asensio-keswick-y-el-destino-de-la-espada\/"},"author":{"name":"Santos Ochoa Salamanca","@id":"https:\/\/blogs.santosochoa.es\/salamanca\/#\/schema\/person\/a125e75c96c8702907b25e61f1c0b772"},"headline":"Jasone Asensio \u00abKeswick y el destino de la espada\u00bb","datePublished":"2021-10-07T11:43:30+00:00","dateModified":"2021-10-07T11:43:32+00:00","mainEntityOfPage":{"@id":"https:\/\/blogs.santosochoa.es\/salamanca\/jasone-asensio-keswick-y-el-destino-de-la-espada\/"},"wordCount":272,"image":{"@id":"https:\/\/blogs.santosochoa.es\/salamanca\/jasone-asensio-keswick-y-el-destino-de-la-espada\/#primaryimage"},"thumbnailUrl":"https:\/\/blogs.santosochoa.es\/salamanca\/wp-content\/uploads\/sites\/3\/2021\/09\/keswick-y-el-destino-de-la-espada_jasone-asensio.jpg","articleSection":["libros","libros salamanca"],"inLanguage":"es"},{"@type":"WebPage","@id":"https:\/\/blogs.santosochoa.es\/salamanca\/jasone-asensio-keswick-y-el-destino-de-la-espada\/","url":"https:\/\/blogs.santosochoa.es\/salamanca\/jasone-asensio-keswick-y-el-destino-de-la-espada\/","name":"Jasone Asensio \"Keswick y el destino de la espada\" - Santos Ochoa Salamanca","isPartOf":{"@id":"https:\/\/blogs.santosochoa.es\/salamanca\/#website"},"primaryImageOfPage":{"@id":"https:\/\/blogs.santosochoa.es\/salamanca\/jasone-asensio-keswick-y-el-destino-de-la-espada\/#primaryimage"},"image":{"@id":"https:\/\/blogs.santosochoa.es\/salamanca\/jasone-asensio-keswick-y-el-destino-de-la-espada\/#primaryimage"},"thumbnailUrl":"https:\/\/blogs.santosochoa.es\/salamanca\/wp-content\/uploads\/sites\/3\/2021\/09\/keswick-y-el-destino-de-la-espada_jasone-asensio.jpg","datePublished":"2021-10-07T11:43:30+00:00","dateModified":"2021-10-07T11:43:32+00:00","author":{"@id":"https:\/\/blogs.santosochoa.es\/salamanca\/#\/schema\/person\/a125e75c96c8702907b25e61f1c0b772"},"description":"La segunda entrega de la saga fant\u00e1stica que comenz\u00f3 con \"Keswick y el \u00e1rbol de la vida\" nos trae una lectura apasionante repleta de aventuras","breadcrumb":{"@id":"https:\/\/blogs.santosochoa.es\/salamanca\/jasone-asensio-keswick-y-el-destino-de-la-espada\/#breadcrumb"},"inLanguage":"es","potentialAction":[{"@type":"ReadAction","target":["https:\/\/blogs.santosochoa.es\/salamanca\/jasone-asensio-keswick-y-el-destino-de-la-espada\/"]}]},{"@type":"ImageObject","inLanguage":"es","@id":"https:\/\/blogs.santosochoa.es\/salamanca\/jasone-asensio-keswick-y-el-destino-de-la-espada\/#primaryimage","url":"https:\/\/blogs.santosochoa.es\/salamanca\/wp-content\/uploads\/sites\/3\/2021\/09\/keswick-y-el-destino-de-la-espada_jasone-asensio.jpg","contentUrl":"https:\/\/blogs.santosochoa.es\/salamanca\/wp-content\/uploads\/sites\/3\/2021\/09\/keswick-y-el-destino-de-la-espada_jasone-asensio.jpg","width":591,"height":867},{"@type":"BreadcrumbList","@id":"https:\/\/blogs.santosochoa.es\/salamanca\/jasone-asensio-keswick-y-el-destino-de-la-espada\/#breadcrumb","itemListElement":[{"@type":"ListItem","position":1,"name":"Home","item":"https:\/\/blogs.santosochoa.es\/salamanca\/"},{"@type":"ListItem","position":2,"name":"Jasone Asensio \u00abKeswick y el destino de la espada\u00bb"}]},{"@type":"WebSite","@id":"https:\/\/blogs.santosochoa.es\/salamanca\/#website","url":"https:\/\/blogs.santosochoa.es\/salamanca\/","name":"Santos Ochoa Salamanca","description":"Tu Librer\u00eda Online","potentialAction":[{"@type":"SearchAction","target":{"@type":"EntryPoint","urlTemplate":"https:\/\/blogs.santosochoa.es\/salamanca\/?s={search_term_string}"},"query-input":{"@type":"PropertyValueSpecification","valueRequired":true,"valueName":"search_term_string"}}],"inLanguage":"es"},{"@type":"Person","@id":"https:\/\/blogs.santosochoa.es\/salamanca\/#\/schema\/person\/a125e75c96c8702907b25e61f1c0b772","name":"Santos Ochoa Salamanca"}]}},"_links":{"self":[{"href":"https:\/\/blogs.santosochoa.es\/salamanca\/wp-json\/wp\/v2\/posts\/1124","targetHints":{"allow":["GET"]}}],"collection":[{"href":"https:\/\/blogs.santosochoa.es\/salamanca\/wp-json\/wp\/v2\/posts"}],"about":[{"href":"https:\/\/blogs.santosochoa.es\/salamanca\/wp-json\/wp\/v2\/types\/post"}],"author":[{"embeddable":true,"href":"https:\/\/blogs.santosochoa.es\/salamanca\/wp-json\/wp\/v2\/users\/2"}],"replies":[{"embeddable":true,"href":"https:\/\/blogs.santosochoa.es\/salamanca\/wp-json\/wp\/v2\/comments?post=1124"}],"version-history":[{"count":1,"href":"https:\/\/blogs.santosochoa.es\/salamanca\/wp-json\/wp\/v2\/posts\/1124\/revisions"}],"predecessor-version":[{"id":1125,"href":"https:\/\/blogs.santosochoa.es\/salamanca\/wp-json\/wp\/v2\/posts\/1124\/revisions\/1125"}],"wp:featuredmedia":[{"embeddable":true,"href":"https:\/\/blogs.santosochoa.es\/salamanca\/wp-json\/wp\/v2\/media\/1102"}],"wp:attachment":[{"href":"https:\/\/blogs.santosochoa.es\/salamanca\/wp-json\/wp\/v2\/media?parent=1124"}],"wp:term":[{"taxonomy":"category","embeddable":true,"href":"https:\/\/blogs.santosochoa.es\/salamanca\/wp-json\/wp\/v2\/categories?post=1124"},{"taxonomy":"post_tag","embeddable":true,"href":"https:\/\/blogs.santosochoa.es\/salamanca\/wp-json\/wp\/v2\/tags?post=1124"}],"curies":[{"name":"wp","href":"https:\/\/api.w.org\/{rel}","templated":true}]}}