{"id":1104,"date":"2021-09-23T13:27:21","date_gmt":"2021-09-23T11:27:21","guid":{"rendered":"https:\/\/blogs.santosochoa.es\/salamanca\/?p=1104"},"modified":"2021-09-29T12:34:43","modified_gmt":"2021-09-29T10:34:43","slug":"cesar-perez-gellida-y-fernando-sanchez-turrion","status":"publish","type":"post","link":"https:\/\/blogs.santosochoa.es\/salamanca\/cesar-perez-gellida-y-fernando-sanchez-turrion\/","title":{"rendered":"C\u00e9sar P\u00e9rez Gellida y Fernando S\u00e1nchez Turri\u00f3n"},"content":{"rendered":"\n<h2 class=\"wp-block-heading\"><strong>C\u00e9sar P\u00e9rez Gellida presenta <em>Astillas en la piel<\/em><\/strong><\/h2>\n\n\n\n<h3 class=\"wp-block-heading\"><strong>Jueves 30 de septiembre<\/strong><\/h3>\n\n\n\n<h4 class=\"wp-block-heading\">Librer\u00eda Santos Ochoa. Gran V\u00eda, 12, Salamanca<\/h4>\n\n\n\n<h3 class=\"wp-block-heading\"><strong>Sesi\u00f3n Extra a las 18:00 h.<\/strong><\/h3>\n\n\n\n<h3 class=\"wp-block-heading\">&gt;&nbsp;<a rel=\"noreferrer noopener\" href=\"https:\/\/blogs.santosochoa.es\/salamanca\/eventos\/cesar-perez-gellida-presenta-astillas-en-la-piel-18-00-h\/\" target=\"_blank\"><strong><em>Aforo limitado.<\/em><\/strong>&nbsp;Reserva plaza pinchando aqu\u00ed<\/a><\/h3>\n\n\n\n<h3 class=\"wp-block-heading\"><strong>Y firma de libros abierta a las 20: 30 h.<\/strong><\/h3>\n\n\n\n<div class=\"wp-block-image\"><figure class=\"alignleft size-large is-resized\"><img decoding=\"async\" src=\"https:\/\/blogs.santosochoa.es\/salamanca\/wp-content\/uploads\/sites\/3\/2021\/09\/astillas-en-la-piel_cesar-perez-gellida.jpg\" alt=\"\" class=\"wp-image-1090\" width=\"300\" srcset=\"https:\/\/blogs.santosochoa.es\/salamanca\/wp-content\/uploads\/sites\/3\/2021\/09\/astillas-en-la-piel_cesar-perez-gellida.jpg 591w, https:\/\/blogs.santosochoa.es\/salamanca\/wp-content\/uploads\/sites\/3\/2021\/09\/astillas-en-la-piel_cesar-perez-gellida-198x300.jpg 198w\" sizes=\"(max-width: 591px) 100vw, 591px\" \/><\/figure><\/div>\n\n\n\n<h5 class=\"wp-block-heading\"><strong><em>Astillas en la piel<\/em> es un absorbente thriller psicol\u00f3gico que muestra que hay astillas del pasado que conviene no extraer jam\u00e1s. La confirmaci\u00f3n de que C\u00e9sar P\u00e9rez Gellida es el mejor escritor espa\u00f1ol del g\u00e9nero.<\/strong><\/h5>\n\n\n\n<p>Dos amigos de la ni\u00f1ez con una deuda pendiente. Un forzado reencuentro en la amurallada localidad vallisoletana de Urue\u00f1a.<\/p>\n\n\n\n<p>\u00c1lvaro, un exitoso escritor, y Mateo, un crucigramista en n\u00fameros rojos, acabar\u00e1n atrapados en el ca\u00f3tico trazado medieval de la villa y bajo una impenitente cencellada. Ambos ser\u00e1n parte de un macabro juego en el que la sed de venganza los llevar\u00e1 a tomar decisiones que condicionar\u00e1n sus vidas en el caso en el que alguno logre superar la jornada.<\/p>\n\n\n\n<p>Astillas en la piel es un absorbente thriller psicol\u00f3gico en el que se confirma que C\u00e9sar P\u00e9rez Gellida es el aut\u00e9ntico mago del enga\u00f1o de nuestras letras. Una novela con una trama adictiva y asfixiante al m\u00e1s puro estilo cinematogr\u00e1fico y al servicio de la literatura de calidad.<\/p>\n\n\n\n<p><strong>C\u00e9sar P\u00e9rez Gellida<\/strong> naci\u00f3 en Valladolid en 1974. Es Licenciado en Geograf\u00eda e Historia por la Universidad de Valladolid y m\u00e1ster en Direcci\u00f3n Comercial y Marketing por la C\u00e1mara de Comercio de Valladolid. Desarroll\u00f3 su carrera profesional en empresas vinculadas con el mundo de las telecomunicaciones y la industria audiovisual hasta que, en 2011, decidi\u00f3 dedicarse en exclusiva a su carrera de escritor.<\/p>\n\n\n\n<p>C\u00e9sar irrumpi\u00f3 con fuerza en el mundo editorial con <em>Memento mori<\/em>, que cosech\u00f3 grandes \u00e9xitos tanto de ventas como de cr\u00edtica y obtuvo el premio Racimo de literatura 2012. Constitu\u00eda la primera parte de la trilog\u00eda \u00abVersos, canciones y trocitos de carne\u00bb, que continu\u00f3 con <em>Dies irae<\/em> y se cerr\u00f3 con <em>Consummatum est<\/em> y por la cual le fue otorgada la Medalla de Honor de la Sociedad Espa\u00f1ola de Criminolog\u00eda y Ciencias Forenses 2014 y el Premio Pi\u00f1\u00f3n de Oro como vallisoletano ilustre. En 2015 public\u00f3 <em>Khimera<\/em>, su cuarta novela, y en 2016 inici\u00f3 su segunda trilog\u00eda, \u00abRefranes, canciones y rastros de sangre\u00bb, compuesta por las novelas <em>Sarna con gusto<\/em>, <em>Cuchillo de palo<\/em> y <em>A grandes males<\/em>. Despu\u00e9s llegaron <em>Todo lo mejor, Todo lo peor<\/em> y <em>La suerte del enano.<\/em><\/p>\n\n\n\n<p>Actualmente sigue escribiendo novelas y colabora como columnista en El Norte de Castilla.<\/p>\n\n\n\n<div style=\"height:51px\" aria-hidden=\"true\" class=\"wp-block-spacer\"><\/div>\n\n\n\n<h2 class=\"wp-block-heading\"><strong>Fernando S\u00e1nchez Turri\u00f3n presenta <em>Vidas cu\u00e1nticas,<\/em> un relato de consciencia e inspiraci\u00f3n<\/strong><\/h2>\n\n\n\n<h3 class=\"wp-block-heading\"><strong>Viernes 1 de octubre<\/strong><strong>, a las 19:30 h.<\/strong><\/h3>\n\n\n\n<h4 class=\"wp-block-heading\">Librer\u00eda Santos Ochoa. Gran V\u00eda, 12, Salamanca<\/h4>\n\n\n\n<h3 class=\"wp-block-heading\">&gt;&nbsp;<a href=\"https:\/\/blogs.santosochoa.es\/salamanca\/eventos\/fernando-sanchez-turrion-presenta-vidas-cuanticas-un-relato-de-consciencia-e-inspiracion\/\" target=\"_blank\" rel=\"noreferrer noopener\"><strong><em>Aforo limitado.<\/em><\/strong>&nbsp;Reserva plaza pinchando aqu\u00ed<\/a><\/h3>\n\n\n\n<div class=\"wp-block-image\"><figure class=\"alignright size-large is-resized\"><img decoding=\"async\" src=\"https:\/\/blogs.santosochoa.es\/salamanca\/wp-content\/uploads\/sites\/3\/2021\/09\/vidas-cuanticas_fernando-sanchez-turrion.jpg\" alt=\"\" class=\"wp-image-1092\" width=\"300\" srcset=\"https:\/\/blogs.santosochoa.es\/salamanca\/wp-content\/uploads\/sites\/3\/2021\/09\/vidas-cuanticas_fernando-sanchez-turrion.jpg 591w, https:\/\/blogs.santosochoa.es\/salamanca\/wp-content\/uploads\/sites\/3\/2021\/09\/vidas-cuanticas_fernando-sanchez-turrion-199x300.jpg 199w\" sizes=\"(max-width: 591px) 100vw, 591px\" \/><\/figure><\/div>\n\n\n\n<h5 class=\"wp-block-heading\"><strong>Este relato es un homenaje a la imaginaci\u00f3n, a la consciencia y, en definitiva, a la vida.<\/strong><\/h5>\n\n\n\n<h5 class=\"wp-block-heading\"><strong>Se trata de un viaje m\u00e1gico y m\u00edtico, un viaje en el tiempo en el que el protagonista recorre mundos y vidas diversas, porque la vida es una y muchas al mismo tiempo.<\/strong><\/h5>\n\n\n\n<p>Inspirado por una intuici\u00f3n profunda, por un anhelo ancestral de b\u00fasqueda de sentido y animado por la promesa del esp\u00edritu y por los interrogantes que se le plantean desde la f\u00edsica cu\u00e1ntica, se asomar\u00e1 al borde de lo imposible, a mundos de ensue\u00f1o habitados por maestros y seres m\u00e1gicos, con la esperanza de encontrar respuesta a la pregunta fundamental de su vida, una pregunta que todos, de una u otra forma, nos podr\u00edamos formular en alg\u00fan momento.<\/p>\n\n\n\n<p>\u00bfEstar\u00edamos dispuestos a abrir las puertas de nuestros universos paralelos para acceder a un conocimiento que nos transformar\u00e1 para siempre?<\/p>\n\n\n\n<p><strong>Fernando S\u00e1nchez Turri\u00f3n<\/strong> (Bilbao, 1967) es licenciado en F\u00edsicas por la Universidad de Salamanca, profesor de yoga y mindfulness (programas MSC y MBCT), practicante de meditaci\u00f3n desde hace 30 a\u00f1os, director de Satya Mindfulness, Escuela de Mindfulness, Yoga y Compasi\u00f3n.<\/p>\n\n\n\n<p>Anteriormente ha publicado los libros de relatos <em>Rugidos de almas, Vibhuti, en lotos y cenizas<\/em> y la novela autobiogr\u00e1fica <em>Los disc\u00edpulos del se\u00f1or Pez, perfiles de un yoga imaginario.<\/em><\/p>\n\n\n\n<p>Acompa\u00f1a al autor <strong>Ana Fe F\u00e9lix Iglesias<\/strong>.<\/p>\n","protected":false},"excerpt":{"rendered":"<p>P\u00e9rez Gellida presenta su nueva intriga \u00abAstillas en la piel\u00bb. S\u00e1nchez Turri\u00f3n presenta \u00abVidas cu\u00e1nticas\u00bb, un relato de consciencia e inspiraci\u00f3n.<\/p>\n","protected":false},"author":2,"featured_media":1090,"comment_status":"closed","ping_status":"closed","sticky":false,"template":"","format":"standard","meta":{"footnotes":""},"categories":[9,14],"tags":[],"class_list":["post-1104","post","type-post","status-publish","format-standard","has-post-thumbnail","hentry","category-libros","category-libros-salamanca"],"yoast_head":"<!-- This site is optimized with the Yoast SEO plugin v27.2 - https:\/\/yoast.com\/product\/yoast-seo-wordpress\/ -->\n<title>C\u00e9sar P\u00e9rez Gellida y Fernando S\u00e1nchez Turri\u00f3n - Santos Ochoa Salamanca<\/title>\n<meta name=\"description\" content=\"P\u00e9rez Gellida presenta su nueva intriga &quot;Astillas en la piel&quot;. S\u00e1nchez Turri\u00f3n presenta &quot;Vidas cu\u00e1nticas&quot;, un relato de consciencia e inspiraci\u00f3n.\" \/>\n<meta name=\"robots\" content=\"index, follow, max-snippet:-1, max-image-preview:large, max-video-preview:-1\" \/>\n<link rel=\"canonical\" href=\"https:\/\/blogs.santosochoa.es\/salamanca\/cesar-perez-gellida-y-fernando-sanchez-turrion\/\" \/>\n<meta property=\"og:locale\" content=\"es_ES\" \/>\n<meta property=\"og:type\" content=\"article\" \/>\n<meta property=\"og:title\" content=\"C\u00e9sar P\u00e9rez Gellida y Fernando S\u00e1nchez Turri\u00f3n - Santos Ochoa Salamanca\" \/>\n<meta property=\"og:description\" content=\"P\u00e9rez Gellida presenta su nueva intriga &quot;Astillas en la piel&quot;. S\u00e1nchez Turri\u00f3n presenta &quot;Vidas cu\u00e1nticas&quot;, un relato de consciencia e inspiraci\u00f3n.\" \/>\n<meta property=\"og:url\" content=\"https:\/\/blogs.santosochoa.es\/salamanca\/cesar-perez-gellida-y-fernando-sanchez-turrion\/\" \/>\n<meta property=\"og:site_name\" content=\"Santos Ochoa Salamanca\" \/>\n<meta property=\"article:published_time\" content=\"2021-09-23T11:27:21+00:00\" \/>\n<meta property=\"article:modified_time\" content=\"2021-09-29T10:34:43+00:00\" \/>\n<meta property=\"og:image\" content=\"https:\/\/blogs.santosochoa.es\/salamanca\/wp-content\/uploads\/sites\/3\/2021\/09\/astillas-en-la-piel_cesar-perez-gellida.jpg\" \/>\n\t<meta property=\"og:image:width\" content=\"591\" \/>\n\t<meta property=\"og:image:height\" content=\"894\" \/>\n\t<meta property=\"og:image:type\" content=\"image\/jpeg\" \/>\n<meta name=\"author\" content=\"Santos Ochoa Salamanca\" \/>\n<meta name=\"twitter:card\" content=\"summary_large_image\" \/>\n<meta name=\"twitter:label1\" content=\"Written by\" \/>\n\t<meta name=\"twitter:data1\" content=\"Santos Ochoa Salamanca\" \/>\n\t<meta name=\"twitter:label2\" content=\"Est. reading time\" \/>\n\t<meta name=\"twitter:data2\" content=\"4 minutos\" \/>\n<script type=\"application\/ld+json\" class=\"yoast-schema-graph\">{\"@context\":\"https:\/\/schema.org\",\"@graph\":[{\"@type\":\"Article\",\"@id\":\"https:\/\/blogs.santosochoa.es\/salamanca\/cesar-perez-gellida-y-fernando-sanchez-turrion\/#article\",\"isPartOf\":{\"@id\":\"https:\/\/blogs.santosochoa.es\/salamanca\/cesar-perez-gellida-y-fernando-sanchez-turrion\/\"},\"author\":{\"name\":\"Santos Ochoa Salamanca\",\"@id\":\"https:\/\/blogs.santosochoa.es\/salamanca\/#\/schema\/person\/a125e75c96c8702907b25e61f1c0b772\"},\"headline\":\"C\u00e9sar P\u00e9rez Gellida y Fernando S\u00e1nchez Turri\u00f3n\",\"datePublished\":\"2021-09-23T11:27:21+00:00\",\"dateModified\":\"2021-09-29T10:34:43+00:00\",\"mainEntityOfPage\":{\"@id\":\"https:\/\/blogs.santosochoa.es\/salamanca\/cesar-perez-gellida-y-fernando-sanchez-turrion\/\"},\"wordCount\":737,\"image\":{\"@id\":\"https:\/\/blogs.santosochoa.es\/salamanca\/cesar-perez-gellida-y-fernando-sanchez-turrion\/#primaryimage\"},\"thumbnailUrl\":\"https:\/\/blogs.santosochoa.es\/salamanca\/wp-content\/uploads\/sites\/3\/2021\/09\/astillas-en-la-piel_cesar-perez-gellida.jpg\",\"articleSection\":[\"libros\",\"libros salamanca\"],\"inLanguage\":\"es\"},{\"@type\":\"WebPage\",\"@id\":\"https:\/\/blogs.santosochoa.es\/salamanca\/cesar-perez-gellida-y-fernando-sanchez-turrion\/\",\"url\":\"https:\/\/blogs.santosochoa.es\/salamanca\/cesar-perez-gellida-y-fernando-sanchez-turrion\/\",\"name\":\"C\u00e9sar P\u00e9rez Gellida y Fernando S\u00e1nchez Turri\u00f3n - Santos Ochoa Salamanca\",\"isPartOf\":{\"@id\":\"https:\/\/blogs.santosochoa.es\/salamanca\/#website\"},\"primaryImageOfPage\":{\"@id\":\"https:\/\/blogs.santosochoa.es\/salamanca\/cesar-perez-gellida-y-fernando-sanchez-turrion\/#primaryimage\"},\"image\":{\"@id\":\"https:\/\/blogs.santosochoa.es\/salamanca\/cesar-perez-gellida-y-fernando-sanchez-turrion\/#primaryimage\"},\"thumbnailUrl\":\"https:\/\/blogs.santosochoa.es\/salamanca\/wp-content\/uploads\/sites\/3\/2021\/09\/astillas-en-la-piel_cesar-perez-gellida.jpg\",\"datePublished\":\"2021-09-23T11:27:21+00:00\",\"dateModified\":\"2021-09-29T10:34:43+00:00\",\"author\":{\"@id\":\"https:\/\/blogs.santosochoa.es\/salamanca\/#\/schema\/person\/a125e75c96c8702907b25e61f1c0b772\"},\"description\":\"P\u00e9rez Gellida presenta su nueva intriga \\\"Astillas en la piel\\\". S\u00e1nchez Turri\u00f3n presenta \\\"Vidas cu\u00e1nticas\\\", un relato de consciencia e inspiraci\u00f3n.\",\"breadcrumb\":{\"@id\":\"https:\/\/blogs.santosochoa.es\/salamanca\/cesar-perez-gellida-y-fernando-sanchez-turrion\/#breadcrumb\"},\"inLanguage\":\"es\",\"potentialAction\":[{\"@type\":\"ReadAction\",\"target\":[\"https:\/\/blogs.santosochoa.es\/salamanca\/cesar-perez-gellida-y-fernando-sanchez-turrion\/\"]}]},{\"@type\":\"ImageObject\",\"inLanguage\":\"es\",\"@id\":\"https:\/\/blogs.santosochoa.es\/salamanca\/cesar-perez-gellida-y-fernando-sanchez-turrion\/#primaryimage\",\"url\":\"https:\/\/blogs.santosochoa.es\/salamanca\/wp-content\/uploads\/sites\/3\/2021\/09\/astillas-en-la-piel_cesar-perez-gellida.jpg\",\"contentUrl\":\"https:\/\/blogs.santosochoa.es\/salamanca\/wp-content\/uploads\/sites\/3\/2021\/09\/astillas-en-la-piel_cesar-perez-gellida.jpg\",\"width\":591,\"height\":894},{\"@type\":\"BreadcrumbList\",\"@id\":\"https:\/\/blogs.santosochoa.es\/salamanca\/cesar-perez-gellida-y-fernando-sanchez-turrion\/#breadcrumb\",\"itemListElement\":[{\"@type\":\"ListItem\",\"position\":1,\"name\":\"Home\",\"item\":\"https:\/\/blogs.santosochoa.es\/salamanca\/\"},{\"@type\":\"ListItem\",\"position\":2,\"name\":\"C\u00e9sar P\u00e9rez Gellida y Fernando S\u00e1nchez Turri\u00f3n\"}]},{\"@type\":\"WebSite\",\"@id\":\"https:\/\/blogs.santosochoa.es\/salamanca\/#website\",\"url\":\"https:\/\/blogs.santosochoa.es\/salamanca\/\",\"name\":\"Santos Ochoa Salamanca\",\"description\":\"Tu Librer\u00eda Online\",\"potentialAction\":[{\"@type\":\"SearchAction\",\"target\":{\"@type\":\"EntryPoint\",\"urlTemplate\":\"https:\/\/blogs.santosochoa.es\/salamanca\/?s={search_term_string}\"},\"query-input\":{\"@type\":\"PropertyValueSpecification\",\"valueRequired\":true,\"valueName\":\"search_term_string\"}}],\"inLanguage\":\"es\"},{\"@type\":\"Person\",\"@id\":\"https:\/\/blogs.santosochoa.es\/salamanca\/#\/schema\/person\/a125e75c96c8702907b25e61f1c0b772\",\"name\":\"Santos Ochoa Salamanca\"}]}<\/script>\n<!-- \/ Yoast SEO plugin. -->","yoast_head_json":{"title":"C\u00e9sar P\u00e9rez Gellida y Fernando S\u00e1nchez Turri\u00f3n - Santos Ochoa Salamanca","description":"P\u00e9rez Gellida presenta su nueva intriga \"Astillas en la piel\". S\u00e1nchez Turri\u00f3n presenta \"Vidas cu\u00e1nticas\", un relato de consciencia e inspiraci\u00f3n.","robots":{"index":"index","follow":"follow","max-snippet":"max-snippet:-1","max-image-preview":"max-image-preview:large","max-video-preview":"max-video-preview:-1"},"canonical":"https:\/\/blogs.santosochoa.es\/salamanca\/cesar-perez-gellida-y-fernando-sanchez-turrion\/","og_locale":"es_ES","og_type":"article","og_title":"C\u00e9sar P\u00e9rez Gellida y Fernando S\u00e1nchez Turri\u00f3n - Santos Ochoa Salamanca","og_description":"P\u00e9rez Gellida presenta su nueva intriga \"Astillas en la piel\". S\u00e1nchez Turri\u00f3n presenta \"Vidas cu\u00e1nticas\", un relato de consciencia e inspiraci\u00f3n.","og_url":"https:\/\/blogs.santosochoa.es\/salamanca\/cesar-perez-gellida-y-fernando-sanchez-turrion\/","og_site_name":"Santos Ochoa Salamanca","article_published_time":"2021-09-23T11:27:21+00:00","article_modified_time":"2021-09-29T10:34:43+00:00","og_image":[{"width":591,"height":894,"url":"https:\/\/blogs.santosochoa.es\/salamanca\/wp-content\/uploads\/sites\/3\/2021\/09\/astillas-en-la-piel_cesar-perez-gellida.jpg","type":"image\/jpeg"}],"author":"Santos Ochoa Salamanca","twitter_card":"summary_large_image","twitter_misc":{"Written by":"Santos Ochoa Salamanca","Est. reading time":"4 minutos"},"schema":{"@context":"https:\/\/schema.org","@graph":[{"@type":"Article","@id":"https:\/\/blogs.santosochoa.es\/salamanca\/cesar-perez-gellida-y-fernando-sanchez-turrion\/#article","isPartOf":{"@id":"https:\/\/blogs.santosochoa.es\/salamanca\/cesar-perez-gellida-y-fernando-sanchez-turrion\/"},"author":{"name":"Santos Ochoa Salamanca","@id":"https:\/\/blogs.santosochoa.es\/salamanca\/#\/schema\/person\/a125e75c96c8702907b25e61f1c0b772"},"headline":"C\u00e9sar P\u00e9rez Gellida y Fernando S\u00e1nchez Turri\u00f3n","datePublished":"2021-09-23T11:27:21+00:00","dateModified":"2021-09-29T10:34:43+00:00","mainEntityOfPage":{"@id":"https:\/\/blogs.santosochoa.es\/salamanca\/cesar-perez-gellida-y-fernando-sanchez-turrion\/"},"wordCount":737,"image":{"@id":"https:\/\/blogs.santosochoa.es\/salamanca\/cesar-perez-gellida-y-fernando-sanchez-turrion\/#primaryimage"},"thumbnailUrl":"https:\/\/blogs.santosochoa.es\/salamanca\/wp-content\/uploads\/sites\/3\/2021\/09\/astillas-en-la-piel_cesar-perez-gellida.jpg","articleSection":["libros","libros salamanca"],"inLanguage":"es"},{"@type":"WebPage","@id":"https:\/\/blogs.santosochoa.es\/salamanca\/cesar-perez-gellida-y-fernando-sanchez-turrion\/","url":"https:\/\/blogs.santosochoa.es\/salamanca\/cesar-perez-gellida-y-fernando-sanchez-turrion\/","name":"C\u00e9sar P\u00e9rez Gellida y Fernando S\u00e1nchez Turri\u00f3n - Santos Ochoa Salamanca","isPartOf":{"@id":"https:\/\/blogs.santosochoa.es\/salamanca\/#website"},"primaryImageOfPage":{"@id":"https:\/\/blogs.santosochoa.es\/salamanca\/cesar-perez-gellida-y-fernando-sanchez-turrion\/#primaryimage"},"image":{"@id":"https:\/\/blogs.santosochoa.es\/salamanca\/cesar-perez-gellida-y-fernando-sanchez-turrion\/#primaryimage"},"thumbnailUrl":"https:\/\/blogs.santosochoa.es\/salamanca\/wp-content\/uploads\/sites\/3\/2021\/09\/astillas-en-la-piel_cesar-perez-gellida.jpg","datePublished":"2021-09-23T11:27:21+00:00","dateModified":"2021-09-29T10:34:43+00:00","author":{"@id":"https:\/\/blogs.santosochoa.es\/salamanca\/#\/schema\/person\/a125e75c96c8702907b25e61f1c0b772"},"description":"P\u00e9rez Gellida presenta su nueva intriga \"Astillas en la piel\". S\u00e1nchez Turri\u00f3n presenta \"Vidas cu\u00e1nticas\", un relato de consciencia e inspiraci\u00f3n.","breadcrumb":{"@id":"https:\/\/blogs.santosochoa.es\/salamanca\/cesar-perez-gellida-y-fernando-sanchez-turrion\/#breadcrumb"},"inLanguage":"es","potentialAction":[{"@type":"ReadAction","target":["https:\/\/blogs.santosochoa.es\/salamanca\/cesar-perez-gellida-y-fernando-sanchez-turrion\/"]}]},{"@type":"ImageObject","inLanguage":"es","@id":"https:\/\/blogs.santosochoa.es\/salamanca\/cesar-perez-gellida-y-fernando-sanchez-turrion\/#primaryimage","url":"https:\/\/blogs.santosochoa.es\/salamanca\/wp-content\/uploads\/sites\/3\/2021\/09\/astillas-en-la-piel_cesar-perez-gellida.jpg","contentUrl":"https:\/\/blogs.santosochoa.es\/salamanca\/wp-content\/uploads\/sites\/3\/2021\/09\/astillas-en-la-piel_cesar-perez-gellida.jpg","width":591,"height":894},{"@type":"BreadcrumbList","@id":"https:\/\/blogs.santosochoa.es\/salamanca\/cesar-perez-gellida-y-fernando-sanchez-turrion\/#breadcrumb","itemListElement":[{"@type":"ListItem","position":1,"name":"Home","item":"https:\/\/blogs.santosochoa.es\/salamanca\/"},{"@type":"ListItem","position":2,"name":"C\u00e9sar P\u00e9rez Gellida y Fernando S\u00e1nchez Turri\u00f3n"}]},{"@type":"WebSite","@id":"https:\/\/blogs.santosochoa.es\/salamanca\/#website","url":"https:\/\/blogs.santosochoa.es\/salamanca\/","name":"Santos Ochoa Salamanca","description":"Tu Librer\u00eda Online","potentialAction":[{"@type":"SearchAction","target":{"@type":"EntryPoint","urlTemplate":"https:\/\/blogs.santosochoa.es\/salamanca\/?s={search_term_string}"},"query-input":{"@type":"PropertyValueSpecification","valueRequired":true,"valueName":"search_term_string"}}],"inLanguage":"es"},{"@type":"Person","@id":"https:\/\/blogs.santosochoa.es\/salamanca\/#\/schema\/person\/a125e75c96c8702907b25e61f1c0b772","name":"Santos Ochoa Salamanca"}]}},"_links":{"self":[{"href":"https:\/\/blogs.santosochoa.es\/salamanca\/wp-json\/wp\/v2\/posts\/1104","targetHints":{"allow":["GET"]}}],"collection":[{"href":"https:\/\/blogs.santosochoa.es\/salamanca\/wp-json\/wp\/v2\/posts"}],"about":[{"href":"https:\/\/blogs.santosochoa.es\/salamanca\/wp-json\/wp\/v2\/types\/post"}],"author":[{"embeddable":true,"href":"https:\/\/blogs.santosochoa.es\/salamanca\/wp-json\/wp\/v2\/users\/2"}],"replies":[{"embeddable":true,"href":"https:\/\/blogs.santosochoa.es\/salamanca\/wp-json\/wp\/v2\/comments?post=1104"}],"version-history":[{"count":12,"href":"https:\/\/blogs.santosochoa.es\/salamanca\/wp-json\/wp\/v2\/posts\/1104\/revisions"}],"predecessor-version":[{"id":1118,"href":"https:\/\/blogs.santosochoa.es\/salamanca\/wp-json\/wp\/v2\/posts\/1104\/revisions\/1118"}],"wp:featuredmedia":[{"embeddable":true,"href":"https:\/\/blogs.santosochoa.es\/salamanca\/wp-json\/wp\/v2\/media\/1090"}],"wp:attachment":[{"href":"https:\/\/blogs.santosochoa.es\/salamanca\/wp-json\/wp\/v2\/media?parent=1104"}],"wp:term":[{"taxonomy":"category","embeddable":true,"href":"https:\/\/blogs.santosochoa.es\/salamanca\/wp-json\/wp\/v2\/categories?post=1104"},{"taxonomy":"post_tag","embeddable":true,"href":"https:\/\/blogs.santosochoa.es\/salamanca\/wp-json\/wp\/v2\/tags?post=1104"}],"curies":[{"name":"wp","href":"https:\/\/api.w.org\/{rel}","templated":true}]}}