{"id":1093,"date":"2021-09-20T12:30:35","date_gmt":"2021-09-20T10:30:35","guid":{"rendered":"https:\/\/blogs.santosochoa.es\/salamanca\/?p=1093"},"modified":"2021-09-20T12:30:37","modified_gmt":"2021-09-20T10:30:37","slug":"jose-angel-manas-presenta-pelayo","status":"publish","type":"post","link":"https:\/\/blogs.santosochoa.es\/salamanca\/jose-angel-manas-presenta-pelayo\/","title":{"rendered":"Jos\u00e9 \u00c1ngel Ma\u00f1as presenta \u00abPelayo\u00bb"},"content":{"rendered":"\n<h2 class=\"wp-block-heading\"><strong>Jos\u00e9 \u00c1ngel Ma\u00f1as presenta <em>Pelayo<\/em>, una novela hist\u00f3rica sobre la Reconquista<\/strong><\/h2>\n\n\n\n<h3 class=\"wp-block-heading\"><strong>Viernes <\/strong><strong>24 de septiembre, a las 19:00 h.<\/strong><\/h3>\n\n\n\n<h4 class=\"wp-block-heading\">Librer\u00eda Santos Ochoa. Gran V\u00eda, 12, Salamanca<\/h4>\n\n\n\n<h3 class=\"wp-block-heading\">&gt;\u00a0<a href=\"https:\/\/blogs.santosochoa.es\/salamanca\/eventos\/jose-angel-manas-presenta-pelayo\/\" target=\"_blank\" rel=\"noreferrer noopener\"><strong><em>Aforo limitado.<\/em><\/strong>\u00a0Reserva plaza pinchando aqu\u00ed<\/a><\/h3>\n\n\n\n<div class=\"wp-block-image\"><figure class=\"alignleft size-large is-resized\"><img decoding=\"async\" src=\"https:\/\/blogs.santosochoa.es\/salamanca\/wp-content\/uploads\/sites\/3\/2021\/09\/pelayo-jose-angel-manas.jpg\" alt=\"\" class=\"wp-image-1088\" width=\"200\" srcset=\"https:\/\/blogs.santosochoa.es\/salamanca\/wp-content\/uploads\/sites\/3\/2021\/09\/pelayo-jose-angel-manas.jpg 591w, https:\/\/blogs.santosochoa.es\/salamanca\/wp-content\/uploads\/sites\/3\/2021\/09\/pelayo-jose-angel-manas-200x300.jpg 200w\" sizes=\"(max-width: 591px) 100vw, 591px\" \/><\/figure><\/div>\n\n\n\n<h5 class=\"wp-block-heading\"><strong>Esta es la historia verdadera de c\u00f3mo Pelayo y sus valientes astures iniciaron la m\u00e1s extraordinaria de las aventuras: la Reconquista de Espa\u00f1a.<\/strong><\/h5>\n\n\n\n<p>\u00abEn el nombre de Nuestro Se\u00f1or Jesucristo, yo, Adosinda, me apresto a comenzar la cr\u00f3nica de los hechos sucedidos en este rinc\u00f3n de la cristiandad entre el aciago a\u00f1o 711, cuando se perdi\u00f3 Spania, y el 722, cuando mi hermano Pelayo, coronado rey de los godos, gan\u00f3 la batalla que permiti\u00f3 iniciar la reconquista del territorio cedido al islam.<\/p>\n\n\n\n<p>Mi deseo, al escribir el nacimiento del nuevo reino, ha sido penetrar en la entra\u00f1a de los hechos y revivirlos con los pensamientos y pasiones de quienes los protagonizaron. Porque ya nadie niega que Pelayo y sus hombres hicieron algo m\u00e1s que ganar en Covadonga: juntos sembraron una idea, algo que vale tanto como un mundo nuevo, pues las ideas se agitan en el aire sin que se puedan aprisionar y fecundan a las naciones\u2026\u00bb.<\/p>\n\n\n\n<p><strong>Jos\u00e9 \u00c1ngel Ma\u00f1as<\/strong>\u00a0(Madrid, 1971) es un escritor perteneciente a la generaci\u00f3n de novelistas neorrealistas espa\u00f1oles que arrancaron en la d\u00e9cada de 1990. Gan\u00f3 un premio Goya al mejor guion adaptado en 1995<strong>.<\/strong><\/p>\n\n\n\n<p>Ha publicado las novelas:\u00a0<em>Historias del Kronen\u00a0<\/em>(finalista premio Nadal, 1994),<em>\u00a0Mensaka<\/em>,<em>\u00a0Soy un escritor frustrado<\/em>,<em>\u00a0Ciudad rayada<\/em>,\u00a0<em>Mundo burbuja<\/em>,\u00a0<em>Caso Karen<\/em>,\u00a0<em>El secreto del Or\u00e1culo<\/em>,\u00a0<em>La pella<\/em>,\u00a0<em>Sospecha<\/em>,\u00a0<em>Caso Ordallaba<\/em>,\u00a0<em>Todos iremos al para\u00edso<\/em>,\u00a0<em>Conquistadores de lo imposible<\/em>,\u00a0<em>Extra\u00f1os en el para\u00edso, la verdadera historia de la Movida madrile\u00f1a<\/em>\u00a0(audiolibro),\u00a0<em>El hispano<\/em>, cinco vol\u00famenes de sus\u00a0<em>Episodios republicanos<\/em>\u00a0y, junto a Antonio Dom\u00ednguez Leiva, la serie de novelas cortas\u00a0<em>El hombre de los 21 dedos<\/em>\u00a0y la novela\u00a0<em>El Quatuor de Matadero<\/em>.<\/p>\n\n\n\n<p>Tambi\u00e9n es autor de los ensayos:\u00a0<em>Un alma en incandescencia. Pensando en torno a Franciam Charlot<\/em>\u00a0(aforismos sobre pintura),\u00a0<em>El legado de los Ramones<\/em>,<em>\u00a0La literatura explicada a los asnos<\/em>,<em>\u00a0Un escritor en la era de Internet<\/em>\u00a0y<em>\u00a0Una conversaci\u00f3n con Emilia Pardo Baz\u00e1n.<\/em><\/p>\n\n\n\n<p>En 2019 gan\u00f3 el Premio Ateneo de Sevilla con\u00a0<em>La \u00faltima juerga<\/em>, secuela de aquella gran primera novela\u00a0<em>Historias del Kronen.<\/em>\u00a0Sus libros han sido traducidos a varios idiomas.<\/p>\n","protected":false},"excerpt":{"rendered":"<p>Jos\u00e9 \u00c1ngel Ma\u00f1as presenta Pelayo, una novela hist\u00f3rica sobre la Reconquista Viernes 24 de septiembre, a las 19:00 h. Librer\u00eda Santos Ochoa. Gran V\u00eda, 12, Salamanca &gt;\u00a0Aforo limitado.\u00a0Reserva plaza pinchando aqu\u00ed Esta es la historia verdadera de c\u00f3mo Pelayo y sus valientes astures iniciaron la m\u00e1s extraordinaria de las aventuras: la Reconquista de Espa\u00f1a. \u00abEn [&hellip;]<\/p>\n","protected":false},"author":2,"featured_media":1088,"comment_status":"closed","ping_status":"closed","sticky":false,"template":"","format":"standard","meta":{"footnotes":""},"categories":[9],"tags":[],"class_list":["post-1093","post","type-post","status-publish","format-standard","has-post-thumbnail","hentry","category-libros"],"yoast_head":"<!-- This site is optimized with the Yoast SEO plugin v27.2 - https:\/\/yoast.com\/product\/yoast-seo-wordpress\/ -->\n<title>Jos\u00e9 \u00c1ngel Ma\u00f1as presenta &quot;Pelayo&quot; - Santos Ochoa Salamanca<\/title>\n<meta name=\"description\" content=\"Esta es la historia verdadera de c\u00f3mo Pelayo y sus valientes astures iniciaron la m\u00e1s extraordinaria de las aventuras: la Reconquista de Espa\u00f1a.\" \/>\n<meta name=\"robots\" content=\"index, follow, max-snippet:-1, max-image-preview:large, max-video-preview:-1\" \/>\n<link rel=\"canonical\" href=\"https:\/\/blogs.santosochoa.es\/salamanca\/jose-angel-manas-presenta-pelayo\/\" \/>\n<meta property=\"og:locale\" content=\"es_ES\" \/>\n<meta property=\"og:type\" content=\"article\" \/>\n<meta property=\"og:title\" content=\"Jos\u00e9 \u00c1ngel Ma\u00f1as presenta &quot;Pelayo&quot; - Santos Ochoa Salamanca\" \/>\n<meta property=\"og:description\" content=\"Esta es la historia verdadera de c\u00f3mo Pelayo y sus valientes astures iniciaron la m\u00e1s extraordinaria de las aventuras: la Reconquista de Espa\u00f1a.\" \/>\n<meta property=\"og:url\" content=\"https:\/\/blogs.santosochoa.es\/salamanca\/jose-angel-manas-presenta-pelayo\/\" \/>\n<meta property=\"og:site_name\" content=\"Santos Ochoa Salamanca\" \/>\n<meta property=\"article:published_time\" content=\"2021-09-20T10:30:35+00:00\" \/>\n<meta property=\"article:modified_time\" content=\"2021-09-20T10:30:37+00:00\" \/>\n<meta property=\"og:image\" content=\"https:\/\/blogs.santosochoa.es\/salamanca\/wp-content\/uploads\/sites\/3\/2021\/09\/pelayo-jose-angel-manas.jpg\" \/>\n\t<meta property=\"og:image:width\" content=\"591\" \/>\n\t<meta property=\"og:image:height\" content=\"885\" \/>\n\t<meta property=\"og:image:type\" content=\"image\/jpeg\" \/>\n<meta name=\"author\" content=\"Santos Ochoa Salamanca\" \/>\n<meta name=\"twitter:card\" content=\"summary_large_image\" \/>\n<meta name=\"twitter:label1\" content=\"Written by\" \/>\n\t<meta name=\"twitter:data1\" content=\"Santos Ochoa Salamanca\" \/>\n\t<meta name=\"twitter:label2\" content=\"Est. reading time\" \/>\n\t<meta name=\"twitter:data2\" content=\"2 minutos\" \/>\n<script type=\"application\/ld+json\" class=\"yoast-schema-graph\">{\"@context\":\"https:\/\/schema.org\",\"@graph\":[{\"@type\":\"Article\",\"@id\":\"https:\/\/blogs.santosochoa.es\/salamanca\/jose-angel-manas-presenta-pelayo\/#article\",\"isPartOf\":{\"@id\":\"https:\/\/blogs.santosochoa.es\/salamanca\/jose-angel-manas-presenta-pelayo\/\"},\"author\":{\"name\":\"Santos Ochoa Salamanca\",\"@id\":\"https:\/\/blogs.santosochoa.es\/salamanca\/#\/schema\/person\/a125e75c96c8702907b25e61f1c0b772\"},\"headline\":\"Jos\u00e9 \u00c1ngel Ma\u00f1as presenta \u00abPelayo\u00bb\",\"datePublished\":\"2021-09-20T10:30:35+00:00\",\"dateModified\":\"2021-09-20T10:30:37+00:00\",\"mainEntityOfPage\":{\"@id\":\"https:\/\/blogs.santosochoa.es\/salamanca\/jose-angel-manas-presenta-pelayo\/\"},\"wordCount\":401,\"image\":{\"@id\":\"https:\/\/blogs.santosochoa.es\/salamanca\/jose-angel-manas-presenta-pelayo\/#primaryimage\"},\"thumbnailUrl\":\"https:\/\/blogs.santosochoa.es\/salamanca\/wp-content\/uploads\/sites\/3\/2021\/09\/pelayo-jose-angel-manas.jpg\",\"articleSection\":[\"libros\"],\"inLanguage\":\"es\"},{\"@type\":\"WebPage\",\"@id\":\"https:\/\/blogs.santosochoa.es\/salamanca\/jose-angel-manas-presenta-pelayo\/\",\"url\":\"https:\/\/blogs.santosochoa.es\/salamanca\/jose-angel-manas-presenta-pelayo\/\",\"name\":\"Jos\u00e9 \u00c1ngel Ma\u00f1as presenta \\\"Pelayo\\\" - Santos Ochoa Salamanca\",\"isPartOf\":{\"@id\":\"https:\/\/blogs.santosochoa.es\/salamanca\/#website\"},\"primaryImageOfPage\":{\"@id\":\"https:\/\/blogs.santosochoa.es\/salamanca\/jose-angel-manas-presenta-pelayo\/#primaryimage\"},\"image\":{\"@id\":\"https:\/\/blogs.santosochoa.es\/salamanca\/jose-angel-manas-presenta-pelayo\/#primaryimage\"},\"thumbnailUrl\":\"https:\/\/blogs.santosochoa.es\/salamanca\/wp-content\/uploads\/sites\/3\/2021\/09\/pelayo-jose-angel-manas.jpg\",\"datePublished\":\"2021-09-20T10:30:35+00:00\",\"dateModified\":\"2021-09-20T10:30:37+00:00\",\"author\":{\"@id\":\"https:\/\/blogs.santosochoa.es\/salamanca\/#\/schema\/person\/a125e75c96c8702907b25e61f1c0b772\"},\"description\":\"Esta es la historia verdadera de c\u00f3mo Pelayo y sus valientes astures iniciaron la m\u00e1s extraordinaria de las aventuras: la Reconquista de Espa\u00f1a.\",\"breadcrumb\":{\"@id\":\"https:\/\/blogs.santosochoa.es\/salamanca\/jose-angel-manas-presenta-pelayo\/#breadcrumb\"},\"inLanguage\":\"es\",\"potentialAction\":[{\"@type\":\"ReadAction\",\"target\":[\"https:\/\/blogs.santosochoa.es\/salamanca\/jose-angel-manas-presenta-pelayo\/\"]}]},{\"@type\":\"ImageObject\",\"inLanguage\":\"es\",\"@id\":\"https:\/\/blogs.santosochoa.es\/salamanca\/jose-angel-manas-presenta-pelayo\/#primaryimage\",\"url\":\"https:\/\/blogs.santosochoa.es\/salamanca\/wp-content\/uploads\/sites\/3\/2021\/09\/pelayo-jose-angel-manas.jpg\",\"contentUrl\":\"https:\/\/blogs.santosochoa.es\/salamanca\/wp-content\/uploads\/sites\/3\/2021\/09\/pelayo-jose-angel-manas.jpg\",\"width\":591,\"height\":885},{\"@type\":\"BreadcrumbList\",\"@id\":\"https:\/\/blogs.santosochoa.es\/salamanca\/jose-angel-manas-presenta-pelayo\/#breadcrumb\",\"itemListElement\":[{\"@type\":\"ListItem\",\"position\":1,\"name\":\"Home\",\"item\":\"https:\/\/blogs.santosochoa.es\/salamanca\/\"},{\"@type\":\"ListItem\",\"position\":2,\"name\":\"Jos\u00e9 \u00c1ngel Ma\u00f1as presenta \u00abPelayo\u00bb\"}]},{\"@type\":\"WebSite\",\"@id\":\"https:\/\/blogs.santosochoa.es\/salamanca\/#website\",\"url\":\"https:\/\/blogs.santosochoa.es\/salamanca\/\",\"name\":\"Santos Ochoa Salamanca\",\"description\":\"Tu Librer\u00eda Online\",\"potentialAction\":[{\"@type\":\"SearchAction\",\"target\":{\"@type\":\"EntryPoint\",\"urlTemplate\":\"https:\/\/blogs.santosochoa.es\/salamanca\/?s={search_term_string}\"},\"query-input\":{\"@type\":\"PropertyValueSpecification\",\"valueRequired\":true,\"valueName\":\"search_term_string\"}}],\"inLanguage\":\"es\"},{\"@type\":\"Person\",\"@id\":\"https:\/\/blogs.santosochoa.es\/salamanca\/#\/schema\/person\/a125e75c96c8702907b25e61f1c0b772\",\"name\":\"Santos Ochoa Salamanca\"}]}<\/script>\n<!-- \/ Yoast SEO plugin. -->","yoast_head_json":{"title":"Jos\u00e9 \u00c1ngel Ma\u00f1as presenta \"Pelayo\" - Santos Ochoa Salamanca","description":"Esta es la historia verdadera de c\u00f3mo Pelayo y sus valientes astures iniciaron la m\u00e1s extraordinaria de las aventuras: la Reconquista de Espa\u00f1a.","robots":{"index":"index","follow":"follow","max-snippet":"max-snippet:-1","max-image-preview":"max-image-preview:large","max-video-preview":"max-video-preview:-1"},"canonical":"https:\/\/blogs.santosochoa.es\/salamanca\/jose-angel-manas-presenta-pelayo\/","og_locale":"es_ES","og_type":"article","og_title":"Jos\u00e9 \u00c1ngel Ma\u00f1as presenta \"Pelayo\" - Santos Ochoa Salamanca","og_description":"Esta es la historia verdadera de c\u00f3mo Pelayo y sus valientes astures iniciaron la m\u00e1s extraordinaria de las aventuras: la Reconquista de Espa\u00f1a.","og_url":"https:\/\/blogs.santosochoa.es\/salamanca\/jose-angel-manas-presenta-pelayo\/","og_site_name":"Santos Ochoa Salamanca","article_published_time":"2021-09-20T10:30:35+00:00","article_modified_time":"2021-09-20T10:30:37+00:00","og_image":[{"width":591,"height":885,"url":"https:\/\/blogs.santosochoa.es\/salamanca\/wp-content\/uploads\/sites\/3\/2021\/09\/pelayo-jose-angel-manas.jpg","type":"image\/jpeg"}],"author":"Santos Ochoa Salamanca","twitter_card":"summary_large_image","twitter_misc":{"Written by":"Santos Ochoa Salamanca","Est. reading time":"2 minutos"},"schema":{"@context":"https:\/\/schema.org","@graph":[{"@type":"Article","@id":"https:\/\/blogs.santosochoa.es\/salamanca\/jose-angel-manas-presenta-pelayo\/#article","isPartOf":{"@id":"https:\/\/blogs.santosochoa.es\/salamanca\/jose-angel-manas-presenta-pelayo\/"},"author":{"name":"Santos Ochoa Salamanca","@id":"https:\/\/blogs.santosochoa.es\/salamanca\/#\/schema\/person\/a125e75c96c8702907b25e61f1c0b772"},"headline":"Jos\u00e9 \u00c1ngel Ma\u00f1as presenta \u00abPelayo\u00bb","datePublished":"2021-09-20T10:30:35+00:00","dateModified":"2021-09-20T10:30:37+00:00","mainEntityOfPage":{"@id":"https:\/\/blogs.santosochoa.es\/salamanca\/jose-angel-manas-presenta-pelayo\/"},"wordCount":401,"image":{"@id":"https:\/\/blogs.santosochoa.es\/salamanca\/jose-angel-manas-presenta-pelayo\/#primaryimage"},"thumbnailUrl":"https:\/\/blogs.santosochoa.es\/salamanca\/wp-content\/uploads\/sites\/3\/2021\/09\/pelayo-jose-angel-manas.jpg","articleSection":["libros"],"inLanguage":"es"},{"@type":"WebPage","@id":"https:\/\/blogs.santosochoa.es\/salamanca\/jose-angel-manas-presenta-pelayo\/","url":"https:\/\/blogs.santosochoa.es\/salamanca\/jose-angel-manas-presenta-pelayo\/","name":"Jos\u00e9 \u00c1ngel Ma\u00f1as presenta \"Pelayo\" - Santos Ochoa Salamanca","isPartOf":{"@id":"https:\/\/blogs.santosochoa.es\/salamanca\/#website"},"primaryImageOfPage":{"@id":"https:\/\/blogs.santosochoa.es\/salamanca\/jose-angel-manas-presenta-pelayo\/#primaryimage"},"image":{"@id":"https:\/\/blogs.santosochoa.es\/salamanca\/jose-angel-manas-presenta-pelayo\/#primaryimage"},"thumbnailUrl":"https:\/\/blogs.santosochoa.es\/salamanca\/wp-content\/uploads\/sites\/3\/2021\/09\/pelayo-jose-angel-manas.jpg","datePublished":"2021-09-20T10:30:35+00:00","dateModified":"2021-09-20T10:30:37+00:00","author":{"@id":"https:\/\/blogs.santosochoa.es\/salamanca\/#\/schema\/person\/a125e75c96c8702907b25e61f1c0b772"},"description":"Esta es la historia verdadera de c\u00f3mo Pelayo y sus valientes astures iniciaron la m\u00e1s extraordinaria de las aventuras: la Reconquista de Espa\u00f1a.","breadcrumb":{"@id":"https:\/\/blogs.santosochoa.es\/salamanca\/jose-angel-manas-presenta-pelayo\/#breadcrumb"},"inLanguage":"es","potentialAction":[{"@type":"ReadAction","target":["https:\/\/blogs.santosochoa.es\/salamanca\/jose-angel-manas-presenta-pelayo\/"]}]},{"@type":"ImageObject","inLanguage":"es","@id":"https:\/\/blogs.santosochoa.es\/salamanca\/jose-angel-manas-presenta-pelayo\/#primaryimage","url":"https:\/\/blogs.santosochoa.es\/salamanca\/wp-content\/uploads\/sites\/3\/2021\/09\/pelayo-jose-angel-manas.jpg","contentUrl":"https:\/\/blogs.santosochoa.es\/salamanca\/wp-content\/uploads\/sites\/3\/2021\/09\/pelayo-jose-angel-manas.jpg","width":591,"height":885},{"@type":"BreadcrumbList","@id":"https:\/\/blogs.santosochoa.es\/salamanca\/jose-angel-manas-presenta-pelayo\/#breadcrumb","itemListElement":[{"@type":"ListItem","position":1,"name":"Home","item":"https:\/\/blogs.santosochoa.es\/salamanca\/"},{"@type":"ListItem","position":2,"name":"Jos\u00e9 \u00c1ngel Ma\u00f1as presenta \u00abPelayo\u00bb"}]},{"@type":"WebSite","@id":"https:\/\/blogs.santosochoa.es\/salamanca\/#website","url":"https:\/\/blogs.santosochoa.es\/salamanca\/","name":"Santos Ochoa Salamanca","description":"Tu Librer\u00eda Online","potentialAction":[{"@type":"SearchAction","target":{"@type":"EntryPoint","urlTemplate":"https:\/\/blogs.santosochoa.es\/salamanca\/?s={search_term_string}"},"query-input":{"@type":"PropertyValueSpecification","valueRequired":true,"valueName":"search_term_string"}}],"inLanguage":"es"},{"@type":"Person","@id":"https:\/\/blogs.santosochoa.es\/salamanca\/#\/schema\/person\/a125e75c96c8702907b25e61f1c0b772","name":"Santos Ochoa Salamanca"}]}},"_links":{"self":[{"href":"https:\/\/blogs.santosochoa.es\/salamanca\/wp-json\/wp\/v2\/posts\/1093","targetHints":{"allow":["GET"]}}],"collection":[{"href":"https:\/\/blogs.santosochoa.es\/salamanca\/wp-json\/wp\/v2\/posts"}],"about":[{"href":"https:\/\/blogs.santosochoa.es\/salamanca\/wp-json\/wp\/v2\/types\/post"}],"author":[{"embeddable":true,"href":"https:\/\/blogs.santosochoa.es\/salamanca\/wp-json\/wp\/v2\/users\/2"}],"replies":[{"embeddable":true,"href":"https:\/\/blogs.santosochoa.es\/salamanca\/wp-json\/wp\/v2\/comments?post=1093"}],"version-history":[{"count":1,"href":"https:\/\/blogs.santosochoa.es\/salamanca\/wp-json\/wp\/v2\/posts\/1093\/revisions"}],"predecessor-version":[{"id":1094,"href":"https:\/\/blogs.santosochoa.es\/salamanca\/wp-json\/wp\/v2\/posts\/1093\/revisions\/1094"}],"wp:featuredmedia":[{"embeddable":true,"href":"https:\/\/blogs.santosochoa.es\/salamanca\/wp-json\/wp\/v2\/media\/1088"}],"wp:attachment":[{"href":"https:\/\/blogs.santosochoa.es\/salamanca\/wp-json\/wp\/v2\/media?parent=1093"}],"wp:term":[{"taxonomy":"category","embeddable":true,"href":"https:\/\/blogs.santosochoa.es\/salamanca\/wp-json\/wp\/v2\/categories?post=1093"},{"taxonomy":"post_tag","embeddable":true,"href":"https:\/\/blogs.santosochoa.es\/salamanca\/wp-json\/wp\/v2\/tags?post=1093"}],"curies":[{"name":"wp","href":"https:\/\/api.w.org\/{rel}","templated":true}]}}