{"id":1082,"date":"2021-06-22T12:43:07","date_gmt":"2021-06-22T10:43:07","guid":{"rendered":"https:\/\/blogs.santosochoa.es\/salamanca\/?p=1082"},"modified":"2021-06-28T12:15:33","modified_gmt":"2021-06-28T10:15:33","slug":"festival-file","status":"publish","type":"post","link":"https:\/\/blogs.santosochoa.es\/salamanca\/festival-file\/","title":{"rendered":"FILE. Festival internacional de literatura en espa\u00f1ol de Castilla y Le\u00f3n"},"content":{"rendered":"\n<h2 class=\"wp-block-heading\"><strong>Charla literaria con Raquel Carnero y Luis Marcos: <em>La divulgaci\u00f3n de la ciencia a trav\u00e9s de la literatura del c\u00f3mic<\/em><\/strong><\/h2>\n\n\n\n<h3 class=\"wp-block-heading\"><strong>Lunes<\/strong><strong> 28 de junio, a las 19:00 h.<\/strong><\/h3>\n\n\n\n<h4 class=\"wp-block-heading\">Librer\u00eda Santos Ochoa. Gran V\u00eda, 12, Salamanca<\/h4>\n\n\n\n<h3 class=\"wp-block-heading\"><em>Entrada libre hasta completar aforo<\/em><\/h3>\n\n\n\n<div class=\"wp-block-image\"><figure class=\"alignleft size-large is-resized\"><img decoding=\"async\" src=\"https:\/\/blogs.santosochoa.es\/salamanca\/wp-content\/uploads\/sites\/3\/2021\/06\/20210628_CARTEL-FILE-SANTOS-OCHOA.jpg\" alt=\"\" class=\"wp-image-1079\" width=\"200\" srcset=\"https:\/\/blogs.santosochoa.es\/salamanca\/wp-content\/uploads\/sites\/3\/2021\/06\/20210628_CARTEL-FILE-SANTOS-OCHOA.jpg 591w, https:\/\/blogs.santosochoa.es\/salamanca\/wp-content\/uploads\/sites\/3\/2021\/06\/20210628_CARTEL-FILE-SANTOS-OCHOA-212x300.jpg 212w\" sizes=\"(max-width: 591px) 100vw, 591px\" \/><\/figure><\/div>\n\n\n\n<h5 class=\"wp-block-heading\"><strong>Ediciones de la Universidad de Salamanca contribuye a la divulgaci\u00f3n de la ciencia a trav\u00e9s del c\u00f3mic con las dos entregas de las que hablaremos en esta charla con sus autores: <em>Epopeya farmac\u00e9utica. La farmacia en el mundo antiguo y en la edad media<\/em>, y <em>Vacunando. \u00a1Dos siglos y sumando!<\/em>, esta \u00faltima de patente actualidad.<\/strong><\/h5>\n\n\n\n<p><strong>Raquel Carnero G\u00f3mez<\/strong> naci\u00f3 en Burgos en 1978. Licenciada en Farmacia por la Universidad de Salamanca, M\u00e1ster en Industria Farmac\u00e9utica y Parafarmac\u00e9utica, M\u00e1ster en Farmacia Cl\u00ednica y Asistencial y Postgrado en Farmacoeconom\u00eda.<\/p>\n\n\n\n<p>Es una profesional con m\u00e1s de quince a\u00f1os de experiencia en la industria farmac\u00e9utica y de productos sanitarios en temas regulatorios y de econom\u00eda de la salud. Asimismo, cuenta con varias publicaciones, es docente en varios m\u00e1steres y directora del M\u00e1ster Online en Evaluaci\u00f3n de Resultados en Salud de Medicamentos y Productos Sanitarios de CESIF.<\/p>\n\n\n\n<p><strong>Luis Marcos Nogales<\/strong> naci\u00f3 en Salamanca en 1976. Licenciado en Farmacia en la Universidad de Salamanca y M\u00e1ster en Industria Farmac\u00e9utica y Parafarmac\u00e9utica. Trabaj\u00f3 durante varios a\u00f1os en los departamentos de Producci\u00f3n y Garant\u00eda de Calidad de un laboratorio farmac\u00e9utico. Actualmente ejerce como farmac\u00e9utico comunitario en Salamanca con especial dedicaci\u00f3n a la formulaci\u00f3n magistral. Es vocal en la junta directiva de la Sociedad Espa\u00f1ola del Medicamento Individualizado (LASEMI), colabora activamente con la Facultad de Farmacia de Salamanca y es docente en un m\u00e1ster. Public\u00f3 en 2016 el libro <em>Epopeya farmac\u00e9utica: la Farmacia en el Mundo Antiguo<\/em> con ilustraciones de \u00cd\u00f1igo Ansola, obra premiada por la Academia de Farmacia de Castilla y Le\u00f3n.<\/p>\n\n\n\n<div style=\"height:50px\" aria-hidden=\"true\" class=\"wp-block-spacer\"><\/div>\n\n\n\n<h2 class=\"wp-block-heading\"><strong>Taller infantil de escritura e ilustraci\u00f3n<\/strong>. <strong><em>Cad\u00e1ver exquisito. El juego surrealista<\/em><\/strong><\/h2>\n\n\n\n<h3 class=\"wp-block-heading\"><strong>S\u00e1bado <\/strong><strong>3 de julio. Dos sesiones: 11:30 y 12:30 h.<\/strong><\/h3>\n\n\n\n<h4 class=\"wp-block-heading\">Librer\u00eda Santos Ochoa. Gran V\u00eda, 12, Salamanca<\/h4>\n\n\n\n<h3 class=\"wp-block-heading\"><em>Para ni\u00f1@s entre 8 y 10 a\u00f1os.<\/em><\/h3>\n\n\n\n<h3 class=\"wp-block-heading\"><em>Reserva de plazas en el tel\u00e9fono 923 09 09 48<\/em><\/h3>\n\n\n\n<div class=\"wp-block-image\"><figure class=\"alignright size-large is-resized\"><img decoding=\"async\" src=\"https:\/\/blogs.santosochoa.es\/salamanca\/wp-content\/uploads\/sites\/3\/2021\/06\/cadaver-exquisito_pennytoctoc.jpg\" alt=\"\" class=\"wp-image-1081\" width=\"200\" srcset=\"https:\/\/blogs.santosochoa.es\/salamanca\/wp-content\/uploads\/sites\/3\/2021\/06\/cadaver-exquisito_pennytoctoc.jpg 591w, https:\/\/blogs.santosochoa.es\/salamanca\/wp-content\/uploads\/sites\/3\/2021\/06\/cadaver-exquisito_pennytoctoc-214x300.jpg 214w\" sizes=\"(max-width: 591px) 100vw, 591px\" \/><\/figure><\/div>\n\n\n\n<h5 class=\"wp-block-heading\"><strong>El cad\u00e1ver exquisito no es ni un zombi, ni una momia egipcia, es un juego que inventaron hace unos 90 a\u00f1os un grupo de artistas llamados \u201csurrealistas\u201d, quienes expresaban sus sue\u00f1os a trav\u00e9s del arte de una forma muy original.<\/strong><\/h5>\n\n\n\n<p>La idea de este juego es despertar la imaginaci\u00f3n de los ni\u00f1os. Deber\u00e1n expresar en tan solo unas l\u00edneas un breve escrito dando pie a una historia, que tendr\u00e1n que continuar uno tras otro, tan solo visualizando la \u00faltima l\u00ednea o frase que haya escrito el anterior, creando as\u00ed un relato colectivo, divertido y \u00fanico. Y con la misma t\u00e9cnica, se crear\u00e1n grupos para que ilustren tambi\u00e9n a los personajes que aparezcan en la historieta.<\/p>\n\n\n\n<p>Imagen del blog <a href=\"https:\/\/pennytoctoc.wordpress.com\/2014\/01\/22\/cadaver-exquisito-la-potencia-de-la-creatividad-en-grupo\/\">P<em>ennytoctoc<\/em><\/a>.<\/p>\n","protected":false},"excerpt":{"rendered":"<p>Charla literaria con Raquel Carnero y Luis Marcos. Taller infantil de escritura e ilustraci\u00f3n. \u00abCad\u00e1ver exquisito. El juego surrealista\u00bb<\/p>\n","protected":false},"author":2,"featured_media":1079,"comment_status":"closed","ping_status":"closed","sticky":false,"template":"","format":"standard","meta":{"footnotes":""},"categories":[11,9,14],"tags":[],"class_list":["post-1082","post","type-post","status-publish","format-standard","has-post-thumbnail","hentry","category-charlas","category-libros","category-libros-salamanca"],"yoast_head":"<!-- This site is optimized with the Yoast SEO plugin v27.2 - https:\/\/yoast.com\/product\/yoast-seo-wordpress\/ -->\n<title>FILE. Festival internacional de literatura en espa\u00f1ol de Castilla y Le\u00f3n - Santos Ochoa Salamanca<\/title>\n<meta name=\"description\" content=\"Charla literaria con Raquel Carnero y Luis Marcos. Taller infantil de escritura e ilustraci\u00f3n. &quot;Cad\u00e1ver exquisito. El juego surrealista&quot;\" \/>\n<meta name=\"robots\" content=\"index, follow, max-snippet:-1, max-image-preview:large, max-video-preview:-1\" \/>\n<link rel=\"canonical\" href=\"https:\/\/blogs.santosochoa.es\/salamanca\/festival-file\/\" \/>\n<meta property=\"og:locale\" content=\"es_ES\" \/>\n<meta property=\"og:type\" content=\"article\" \/>\n<meta property=\"og:title\" content=\"FILE. Festival internacional de literatura en espa\u00f1ol de Castilla y Le\u00f3n - Santos Ochoa Salamanca\" \/>\n<meta property=\"og:description\" content=\"Charla literaria con Raquel Carnero y Luis Marcos. Taller infantil de escritura e ilustraci\u00f3n. &quot;Cad\u00e1ver exquisito. El juego surrealista&quot;\" \/>\n<meta property=\"og:url\" content=\"https:\/\/blogs.santosochoa.es\/salamanca\/festival-file\/\" \/>\n<meta property=\"og:site_name\" content=\"Santos Ochoa Salamanca\" \/>\n<meta property=\"article:published_time\" content=\"2021-06-22T10:43:07+00:00\" \/>\n<meta property=\"article:modified_time\" content=\"2021-06-28T10:15:33+00:00\" \/>\n<meta property=\"og:image\" content=\"https:\/\/blogs.santosochoa.es\/salamanca\/wp-content\/uploads\/sites\/3\/2021\/06\/20210628_CARTEL-FILE-SANTOS-OCHOA.jpg\" \/>\n\t<meta property=\"og:image:width\" content=\"591\" \/>\n\t<meta property=\"og:image:height\" content=\"835\" \/>\n\t<meta property=\"og:image:type\" content=\"image\/jpeg\" \/>\n<meta name=\"author\" content=\"Santos Ochoa Salamanca\" \/>\n<meta name=\"twitter:card\" content=\"summary_large_image\" \/>\n<meta name=\"twitter:label1\" content=\"Written by\" \/>\n\t<meta name=\"twitter:data1\" content=\"Santos Ochoa Salamanca\" \/>\n\t<meta name=\"twitter:label2\" content=\"Est. reading time\" \/>\n\t<meta name=\"twitter:data2\" content=\"2 minutos\" \/>\n<script type=\"application\/ld+json\" class=\"yoast-schema-graph\">{\"@context\":\"https:\/\/schema.org\",\"@graph\":[{\"@type\":\"Article\",\"@id\":\"https:\/\/blogs.santosochoa.es\/salamanca\/festival-file\/#article\",\"isPartOf\":{\"@id\":\"https:\/\/blogs.santosochoa.es\/salamanca\/festival-file\/\"},\"author\":{\"name\":\"Santos Ochoa Salamanca\",\"@id\":\"https:\/\/blogs.santosochoa.es\/salamanca\/#\/schema\/person\/a125e75c96c8702907b25e61f1c0b772\"},\"headline\":\"FILE. Festival internacional de literatura en espa\u00f1ol de Castilla y Le\u00f3n\",\"datePublished\":\"2021-06-22T10:43:07+00:00\",\"dateModified\":\"2021-06-28T10:15:33+00:00\",\"mainEntityOfPage\":{\"@id\":\"https:\/\/blogs.santosochoa.es\/salamanca\/festival-file\/\"},\"wordCount\":512,\"image\":{\"@id\":\"https:\/\/blogs.santosochoa.es\/salamanca\/festival-file\/#primaryimage\"},\"thumbnailUrl\":\"https:\/\/blogs.santosochoa.es\/salamanca\/wp-content\/uploads\/sites\/3\/2021\/06\/20210628_CARTEL-FILE-SANTOS-OCHOA.jpg\",\"articleSection\":[\"charlas\",\"libros\",\"libros salamanca\"],\"inLanguage\":\"es\"},{\"@type\":\"WebPage\",\"@id\":\"https:\/\/blogs.santosochoa.es\/salamanca\/festival-file\/\",\"url\":\"https:\/\/blogs.santosochoa.es\/salamanca\/festival-file\/\",\"name\":\"FILE. Festival internacional de literatura en espa\u00f1ol de Castilla y Le\u00f3n - Santos Ochoa Salamanca\",\"isPartOf\":{\"@id\":\"https:\/\/blogs.santosochoa.es\/salamanca\/#website\"},\"primaryImageOfPage\":{\"@id\":\"https:\/\/blogs.santosochoa.es\/salamanca\/festival-file\/#primaryimage\"},\"image\":{\"@id\":\"https:\/\/blogs.santosochoa.es\/salamanca\/festival-file\/#primaryimage\"},\"thumbnailUrl\":\"https:\/\/blogs.santosochoa.es\/salamanca\/wp-content\/uploads\/sites\/3\/2021\/06\/20210628_CARTEL-FILE-SANTOS-OCHOA.jpg\",\"datePublished\":\"2021-06-22T10:43:07+00:00\",\"dateModified\":\"2021-06-28T10:15:33+00:00\",\"author\":{\"@id\":\"https:\/\/blogs.santosochoa.es\/salamanca\/#\/schema\/person\/a125e75c96c8702907b25e61f1c0b772\"},\"description\":\"Charla literaria con Raquel Carnero y Luis Marcos. Taller infantil de escritura e ilustraci\u00f3n. \\\"Cad\u00e1ver exquisito. El juego surrealista\\\"\",\"breadcrumb\":{\"@id\":\"https:\/\/blogs.santosochoa.es\/salamanca\/festival-file\/#breadcrumb\"},\"inLanguage\":\"es\",\"potentialAction\":[{\"@type\":\"ReadAction\",\"target\":[\"https:\/\/blogs.santosochoa.es\/salamanca\/festival-file\/\"]}]},{\"@type\":\"ImageObject\",\"inLanguage\":\"es\",\"@id\":\"https:\/\/blogs.santosochoa.es\/salamanca\/festival-file\/#primaryimage\",\"url\":\"https:\/\/blogs.santosochoa.es\/salamanca\/wp-content\/uploads\/sites\/3\/2021\/06\/20210628_CARTEL-FILE-SANTOS-OCHOA.jpg\",\"contentUrl\":\"https:\/\/blogs.santosochoa.es\/salamanca\/wp-content\/uploads\/sites\/3\/2021\/06\/20210628_CARTEL-FILE-SANTOS-OCHOA.jpg\",\"width\":591,\"height\":835},{\"@type\":\"BreadcrumbList\",\"@id\":\"https:\/\/blogs.santosochoa.es\/salamanca\/festival-file\/#breadcrumb\",\"itemListElement\":[{\"@type\":\"ListItem\",\"position\":1,\"name\":\"Home\",\"item\":\"https:\/\/blogs.santosochoa.es\/salamanca\/\"},{\"@type\":\"ListItem\",\"position\":2,\"name\":\"FILE. Festival internacional de literatura en espa\u00f1ol de Castilla y Le\u00f3n\"}]},{\"@type\":\"WebSite\",\"@id\":\"https:\/\/blogs.santosochoa.es\/salamanca\/#website\",\"url\":\"https:\/\/blogs.santosochoa.es\/salamanca\/\",\"name\":\"Santos Ochoa Salamanca\",\"description\":\"Tu Librer\u00eda Online\",\"potentialAction\":[{\"@type\":\"SearchAction\",\"target\":{\"@type\":\"EntryPoint\",\"urlTemplate\":\"https:\/\/blogs.santosochoa.es\/salamanca\/?s={search_term_string}\"},\"query-input\":{\"@type\":\"PropertyValueSpecification\",\"valueRequired\":true,\"valueName\":\"search_term_string\"}}],\"inLanguage\":\"es\"},{\"@type\":\"Person\",\"@id\":\"https:\/\/blogs.santosochoa.es\/salamanca\/#\/schema\/person\/a125e75c96c8702907b25e61f1c0b772\",\"name\":\"Santos Ochoa Salamanca\"}]}<\/script>\n<!-- \/ Yoast SEO plugin. -->","yoast_head_json":{"title":"FILE. Festival internacional de literatura en espa\u00f1ol de Castilla y Le\u00f3n - Santos Ochoa Salamanca","description":"Charla literaria con Raquel Carnero y Luis Marcos. Taller infantil de escritura e ilustraci\u00f3n. \"Cad\u00e1ver exquisito. El juego surrealista\"","robots":{"index":"index","follow":"follow","max-snippet":"max-snippet:-1","max-image-preview":"max-image-preview:large","max-video-preview":"max-video-preview:-1"},"canonical":"https:\/\/blogs.santosochoa.es\/salamanca\/festival-file\/","og_locale":"es_ES","og_type":"article","og_title":"FILE. Festival internacional de literatura en espa\u00f1ol de Castilla y Le\u00f3n - Santos Ochoa Salamanca","og_description":"Charla literaria con Raquel Carnero y Luis Marcos. Taller infantil de escritura e ilustraci\u00f3n. \"Cad\u00e1ver exquisito. El juego surrealista\"","og_url":"https:\/\/blogs.santosochoa.es\/salamanca\/festival-file\/","og_site_name":"Santos Ochoa Salamanca","article_published_time":"2021-06-22T10:43:07+00:00","article_modified_time":"2021-06-28T10:15:33+00:00","og_image":[{"width":591,"height":835,"url":"https:\/\/blogs.santosochoa.es\/salamanca\/wp-content\/uploads\/sites\/3\/2021\/06\/20210628_CARTEL-FILE-SANTOS-OCHOA.jpg","type":"image\/jpeg"}],"author":"Santos Ochoa Salamanca","twitter_card":"summary_large_image","twitter_misc":{"Written by":"Santos Ochoa Salamanca","Est. reading time":"2 minutos"},"schema":{"@context":"https:\/\/schema.org","@graph":[{"@type":"Article","@id":"https:\/\/blogs.santosochoa.es\/salamanca\/festival-file\/#article","isPartOf":{"@id":"https:\/\/blogs.santosochoa.es\/salamanca\/festival-file\/"},"author":{"name":"Santos Ochoa Salamanca","@id":"https:\/\/blogs.santosochoa.es\/salamanca\/#\/schema\/person\/a125e75c96c8702907b25e61f1c0b772"},"headline":"FILE. Festival internacional de literatura en espa\u00f1ol de Castilla y Le\u00f3n","datePublished":"2021-06-22T10:43:07+00:00","dateModified":"2021-06-28T10:15:33+00:00","mainEntityOfPage":{"@id":"https:\/\/blogs.santosochoa.es\/salamanca\/festival-file\/"},"wordCount":512,"image":{"@id":"https:\/\/blogs.santosochoa.es\/salamanca\/festival-file\/#primaryimage"},"thumbnailUrl":"https:\/\/blogs.santosochoa.es\/salamanca\/wp-content\/uploads\/sites\/3\/2021\/06\/20210628_CARTEL-FILE-SANTOS-OCHOA.jpg","articleSection":["charlas","libros","libros salamanca"],"inLanguage":"es"},{"@type":"WebPage","@id":"https:\/\/blogs.santosochoa.es\/salamanca\/festival-file\/","url":"https:\/\/blogs.santosochoa.es\/salamanca\/festival-file\/","name":"FILE. Festival internacional de literatura en espa\u00f1ol de Castilla y Le\u00f3n - Santos Ochoa Salamanca","isPartOf":{"@id":"https:\/\/blogs.santosochoa.es\/salamanca\/#website"},"primaryImageOfPage":{"@id":"https:\/\/blogs.santosochoa.es\/salamanca\/festival-file\/#primaryimage"},"image":{"@id":"https:\/\/blogs.santosochoa.es\/salamanca\/festival-file\/#primaryimage"},"thumbnailUrl":"https:\/\/blogs.santosochoa.es\/salamanca\/wp-content\/uploads\/sites\/3\/2021\/06\/20210628_CARTEL-FILE-SANTOS-OCHOA.jpg","datePublished":"2021-06-22T10:43:07+00:00","dateModified":"2021-06-28T10:15:33+00:00","author":{"@id":"https:\/\/blogs.santosochoa.es\/salamanca\/#\/schema\/person\/a125e75c96c8702907b25e61f1c0b772"},"description":"Charla literaria con Raquel Carnero y Luis Marcos. Taller infantil de escritura e ilustraci\u00f3n. \"Cad\u00e1ver exquisito. El juego surrealista\"","breadcrumb":{"@id":"https:\/\/blogs.santosochoa.es\/salamanca\/festival-file\/#breadcrumb"},"inLanguage":"es","potentialAction":[{"@type":"ReadAction","target":["https:\/\/blogs.santosochoa.es\/salamanca\/festival-file\/"]}]},{"@type":"ImageObject","inLanguage":"es","@id":"https:\/\/blogs.santosochoa.es\/salamanca\/festival-file\/#primaryimage","url":"https:\/\/blogs.santosochoa.es\/salamanca\/wp-content\/uploads\/sites\/3\/2021\/06\/20210628_CARTEL-FILE-SANTOS-OCHOA.jpg","contentUrl":"https:\/\/blogs.santosochoa.es\/salamanca\/wp-content\/uploads\/sites\/3\/2021\/06\/20210628_CARTEL-FILE-SANTOS-OCHOA.jpg","width":591,"height":835},{"@type":"BreadcrumbList","@id":"https:\/\/blogs.santosochoa.es\/salamanca\/festival-file\/#breadcrumb","itemListElement":[{"@type":"ListItem","position":1,"name":"Home","item":"https:\/\/blogs.santosochoa.es\/salamanca\/"},{"@type":"ListItem","position":2,"name":"FILE. Festival internacional de literatura en espa\u00f1ol de Castilla y Le\u00f3n"}]},{"@type":"WebSite","@id":"https:\/\/blogs.santosochoa.es\/salamanca\/#website","url":"https:\/\/blogs.santosochoa.es\/salamanca\/","name":"Santos Ochoa Salamanca","description":"Tu Librer\u00eda Online","potentialAction":[{"@type":"SearchAction","target":{"@type":"EntryPoint","urlTemplate":"https:\/\/blogs.santosochoa.es\/salamanca\/?s={search_term_string}"},"query-input":{"@type":"PropertyValueSpecification","valueRequired":true,"valueName":"search_term_string"}}],"inLanguage":"es"},{"@type":"Person","@id":"https:\/\/blogs.santosochoa.es\/salamanca\/#\/schema\/person\/a125e75c96c8702907b25e61f1c0b772","name":"Santos Ochoa Salamanca"}]}},"_links":{"self":[{"href":"https:\/\/blogs.santosochoa.es\/salamanca\/wp-json\/wp\/v2\/posts\/1082","targetHints":{"allow":["GET"]}}],"collection":[{"href":"https:\/\/blogs.santosochoa.es\/salamanca\/wp-json\/wp\/v2\/posts"}],"about":[{"href":"https:\/\/blogs.santosochoa.es\/salamanca\/wp-json\/wp\/v2\/types\/post"}],"author":[{"embeddable":true,"href":"https:\/\/blogs.santosochoa.es\/salamanca\/wp-json\/wp\/v2\/users\/2"}],"replies":[{"embeddable":true,"href":"https:\/\/blogs.santosochoa.es\/salamanca\/wp-json\/wp\/v2\/comments?post=1082"}],"version-history":[{"count":3,"href":"https:\/\/blogs.santosochoa.es\/salamanca\/wp-json\/wp\/v2\/posts\/1082\/revisions"}],"predecessor-version":[{"id":1085,"href":"https:\/\/blogs.santosochoa.es\/salamanca\/wp-json\/wp\/v2\/posts\/1082\/revisions\/1085"}],"wp:featuredmedia":[{"embeddable":true,"href":"https:\/\/blogs.santosochoa.es\/salamanca\/wp-json\/wp\/v2\/media\/1079"}],"wp:attachment":[{"href":"https:\/\/blogs.santosochoa.es\/salamanca\/wp-json\/wp\/v2\/media?parent=1082"}],"wp:term":[{"taxonomy":"category","embeddable":true,"href":"https:\/\/blogs.santosochoa.es\/salamanca\/wp-json\/wp\/v2\/categories?post=1082"},{"taxonomy":"post_tag","embeddable":true,"href":"https:\/\/blogs.santosochoa.es\/salamanca\/wp-json\/wp\/v2\/tags?post=1082"}],"curies":[{"name":"wp","href":"https:\/\/api.w.org\/{rel}","templated":true}]}}