{"id":1049,"date":"2021-04-16T13:35:19","date_gmt":"2021-04-16T11:35:19","guid":{"rendered":"https:\/\/blogs.santosochoa.es\/salamanca\/?p=1049"},"modified":"2021-04-19T11:08:46","modified_gmt":"2021-04-19T09:08:46","slug":"semana-del-libro","status":"publish","type":"post","link":"https:\/\/blogs.santosochoa.es\/salamanca\/semana-del-libro\/","title":{"rendered":"Semana del Libro. Firmas de escritores salmantinos y descuentos"},"content":{"rendered":"\n<h2 class=\"wp-block-heading\"><strong>Este a\u00f1o en Santos Ochoa vamos a estirar el D\u00eda del Libro toda una semana\u2026 \u00bfTe animas a celebrarlo con nosotros?<\/strong><\/h2>\n\n\n\n<h3 class=\"wp-block-heading\"><strong>Del 17 al 24 de abril<\/strong><\/h3>\n\n\n\n<h5 class=\"wp-block-heading\"><strong>Habr\u00e1 firmas, descuentos y saldremos con los libros a la calle, toma nota.<\/strong><\/h5>\n\n\n\n<p>Hemos invitado a los escritores salmantinos que estrenan novedades a acompa\u00f1arnos un rato para dedicar sus libros, conocer a los lectores, recomendar lecturas\u2026 Estar\u00e1n del 20 al 24 en la librer\u00eda de Gran V\u00eda:<\/p>\n\n\n\n<p><strong>Jos\u00e9 Luis S\u00e1nchez Iglesias.&nbsp;<\/strong>Martes 20 \u2013 De 19 a 20 h.<\/p>\n\n\n\n<p><strong>Antonio Colinas.&nbsp;<\/strong>Mi\u00e9rcoles 21 \u2013 De 19 a 20 h.<\/p>\n\n\n\n<p><strong>Jes\u00fas M\u00e1laga.&nbsp;<\/strong>Jueves 22 \u2013 De 19 a 20 h.<\/p>\n\n\n\n<p><strong>Luis Garc\u00eda Jambrina.&nbsp;<\/strong>Viernes 23 \u2013 De 12 a 13 h.<\/p>\n\n\n\n<p><strong>Asunci\u00f3n Escribano.&nbsp;<\/strong>Viernes 23 \u2013 De 18 a 19 h.<\/p>\n\n\n\n<p><strong>Victoria \u00c1lvarez y Ana Roux.&nbsp;<\/strong>S\u00e1bado 24 \u2013 De 12 a 13 h.<\/p>\n\n\n\n<p><em><strong>Del 17 al 23 de abril, todos los libros tendr\u00e1n un 5% de descuento. El 23, aunque es festivo, abrimos las tiendas, sacamos los libros a la calle y el descuento especial ser\u00e1 del 10%.<\/strong><\/em><\/p>\n\n\n\n<div style=\"height:57px\" aria-hidden=\"true\" class=\"wp-block-spacer\"><\/div>\n\n\n\n<figure class=\"wp-block-image size-large\"><img loading=\"lazy\" decoding=\"async\" width=\"819\" height=\"1024\" src=\"https:\/\/blogs.santosochoa.es\/salamanca\/wp-content\/uploads\/sites\/3\/2021\/04\/202104-Cartel-Firmas-SAL-819x1024.jpg\" alt=\"\" class=\"wp-image-1047\" srcset=\"https:\/\/blogs.santosochoa.es\/salamanca\/wp-content\/uploads\/sites\/3\/2021\/04\/202104-Cartel-Firmas-SAL-819x1024.jpg 819w, https:\/\/blogs.santosochoa.es\/salamanca\/wp-content\/uploads\/sites\/3\/2021\/04\/202104-Cartel-Firmas-SAL-240x300.jpg 240w, https:\/\/blogs.santosochoa.es\/salamanca\/wp-content\/uploads\/sites\/3\/2021\/04\/202104-Cartel-Firmas-SAL-768x960.jpg 768w, https:\/\/blogs.santosochoa.es\/salamanca\/wp-content\/uploads\/sites\/3\/2021\/04\/202104-Cartel-Firmas-SAL-1228x1536.jpg 1228w, https:\/\/blogs.santosochoa.es\/salamanca\/wp-content\/uploads\/sites\/3\/2021\/04\/202104-Cartel-Firmas-SAL-1080x1350.jpg 1080w, https:\/\/blogs.santosochoa.es\/salamanca\/wp-content\/uploads\/sites\/3\/2021\/04\/202104-Cartel-Firmas-SAL.jpg 1474w\" sizes=\"auto, (max-width: 819px) 100vw, 819px\" \/><\/figure>\n","protected":false},"excerpt":{"rendered":"<p>Este a\u00f1o en Santos Ochoa vamos a estirar el D\u00eda del Libro toda una semana\u2026 \u00bfTe animas a celebrarlo con nosotros? Del 17 al 24 de abril Habr\u00e1 firmas, descuentos y saldremos con los libros a la calle, toma nota. Hemos invitado a los escritores salmantinos que estrenan novedades a acompa\u00f1arnos un rato para dedicar [&hellip;]<\/p>\n","protected":false},"author":2,"featured_media":1047,"comment_status":"closed","ping_status":"closed","sticky":false,"template":"","format":"standard","meta":{"footnotes":""},"categories":[9,14],"tags":[],"class_list":["post-1049","post","type-post","status-publish","format-standard","has-post-thumbnail","hentry","category-libros","category-libros-salamanca"],"yoast_head":"<!-- This site is optimized with the Yoast SEO plugin v27.2 - https:\/\/yoast.com\/product\/yoast-seo-wordpress\/ -->\n<title>Semana del Libro. Firmas de escritores salmantinos y descuentos - Santos Ochoa Salamanca<\/title>\n<meta name=\"description\" content=\"Este a\u00f1o en Santos Ochoa vamos a estirar el D\u00eda del Libro toda una semana\u2026 \u00bfTe animas a celebrarlo con nosotros?\" \/>\n<meta name=\"robots\" content=\"index, follow, max-snippet:-1, max-image-preview:large, max-video-preview:-1\" \/>\n<link rel=\"canonical\" href=\"https:\/\/blogs.santosochoa.es\/salamanca\/semana-del-libro\/\" \/>\n<meta property=\"og:locale\" content=\"es_ES\" \/>\n<meta property=\"og:type\" content=\"article\" \/>\n<meta property=\"og:title\" content=\"Semana del Libro. Firmas de escritores salmantinos y descuentos - Santos Ochoa Salamanca\" \/>\n<meta property=\"og:description\" content=\"Este a\u00f1o en Santos Ochoa vamos a estirar el D\u00eda del Libro toda una semana\u2026 \u00bfTe animas a celebrarlo con nosotros?\" \/>\n<meta property=\"og:url\" content=\"https:\/\/blogs.santosochoa.es\/salamanca\/semana-del-libro\/\" \/>\n<meta property=\"og:site_name\" content=\"Santos Ochoa Salamanca\" \/>\n<meta property=\"article:published_time\" content=\"2021-04-16T11:35:19+00:00\" \/>\n<meta property=\"article:modified_time\" content=\"2021-04-19T09:08:46+00:00\" \/>\n<meta property=\"og:image\" content=\"https:\/\/blogs.santosochoa.es\/salamanca\/wp-content\/uploads\/sites\/3\/2021\/04\/202104-Cartel-Firmas-SAL.jpg\" \/>\n\t<meta property=\"og:image:width\" content=\"1474\" \/>\n\t<meta property=\"og:image:height\" content=\"1843\" \/>\n\t<meta property=\"og:image:type\" content=\"image\/jpeg\" \/>\n<meta name=\"author\" content=\"Santos Ochoa Salamanca\" \/>\n<meta name=\"twitter:card\" content=\"summary_large_image\" \/>\n<meta name=\"twitter:label1\" content=\"Written by\" \/>\n\t<meta name=\"twitter:data1\" content=\"Santos Ochoa Salamanca\" \/>\n\t<meta name=\"twitter:label2\" content=\"Est. reading time\" \/>\n\t<meta name=\"twitter:data2\" content=\"1 minuto\" \/>\n<script type=\"application\/ld+json\" class=\"yoast-schema-graph\">{\"@context\":\"https:\/\/schema.org\",\"@graph\":[{\"@type\":\"Article\",\"@id\":\"https:\/\/blogs.santosochoa.es\/salamanca\/semana-del-libro\/#article\",\"isPartOf\":{\"@id\":\"https:\/\/blogs.santosochoa.es\/salamanca\/semana-del-libro\/\"},\"author\":{\"name\":\"Santos Ochoa Salamanca\",\"@id\":\"https:\/\/blogs.santosochoa.es\/salamanca\/#\/schema\/person\/a125e75c96c8702907b25e61f1c0b772\"},\"headline\":\"Semana del Libro. Firmas de escritores salmantinos y descuentos\",\"datePublished\":\"2021-04-16T11:35:19+00:00\",\"dateModified\":\"2021-04-19T09:08:46+00:00\",\"mainEntityOfPage\":{\"@id\":\"https:\/\/blogs.santosochoa.es\/salamanca\/semana-del-libro\/\"},\"wordCount\":171,\"image\":{\"@id\":\"https:\/\/blogs.santosochoa.es\/salamanca\/semana-del-libro\/#primaryimage\"},\"thumbnailUrl\":\"https:\/\/blogs.santosochoa.es\/salamanca\/wp-content\/uploads\/sites\/3\/2021\/04\/202104-Cartel-Firmas-SAL.jpg\",\"articleSection\":[\"libros\",\"libros salamanca\"],\"inLanguage\":\"es\"},{\"@type\":\"WebPage\",\"@id\":\"https:\/\/blogs.santosochoa.es\/salamanca\/semana-del-libro\/\",\"url\":\"https:\/\/blogs.santosochoa.es\/salamanca\/semana-del-libro\/\",\"name\":\"Semana del Libro. Firmas de escritores salmantinos y descuentos - Santos Ochoa Salamanca\",\"isPartOf\":{\"@id\":\"https:\/\/blogs.santosochoa.es\/salamanca\/#website\"},\"primaryImageOfPage\":{\"@id\":\"https:\/\/blogs.santosochoa.es\/salamanca\/semana-del-libro\/#primaryimage\"},\"image\":{\"@id\":\"https:\/\/blogs.santosochoa.es\/salamanca\/semana-del-libro\/#primaryimage\"},\"thumbnailUrl\":\"https:\/\/blogs.santosochoa.es\/salamanca\/wp-content\/uploads\/sites\/3\/2021\/04\/202104-Cartel-Firmas-SAL.jpg\",\"datePublished\":\"2021-04-16T11:35:19+00:00\",\"dateModified\":\"2021-04-19T09:08:46+00:00\",\"author\":{\"@id\":\"https:\/\/blogs.santosochoa.es\/salamanca\/#\/schema\/person\/a125e75c96c8702907b25e61f1c0b772\"},\"description\":\"Este a\u00f1o en Santos Ochoa vamos a estirar el D\u00eda del Libro toda una semana\u2026 \u00bfTe animas a celebrarlo con nosotros?\",\"breadcrumb\":{\"@id\":\"https:\/\/blogs.santosochoa.es\/salamanca\/semana-del-libro\/#breadcrumb\"},\"inLanguage\":\"es\",\"potentialAction\":[{\"@type\":\"ReadAction\",\"target\":[\"https:\/\/blogs.santosochoa.es\/salamanca\/semana-del-libro\/\"]}]},{\"@type\":\"ImageObject\",\"inLanguage\":\"es\",\"@id\":\"https:\/\/blogs.santosochoa.es\/salamanca\/semana-del-libro\/#primaryimage\",\"url\":\"https:\/\/blogs.santosochoa.es\/salamanca\/wp-content\/uploads\/sites\/3\/2021\/04\/202104-Cartel-Firmas-SAL.jpg\",\"contentUrl\":\"https:\/\/blogs.santosochoa.es\/salamanca\/wp-content\/uploads\/sites\/3\/2021\/04\/202104-Cartel-Firmas-SAL.jpg\",\"width\":1474,\"height\":1843},{\"@type\":\"BreadcrumbList\",\"@id\":\"https:\/\/blogs.santosochoa.es\/salamanca\/semana-del-libro\/#breadcrumb\",\"itemListElement\":[{\"@type\":\"ListItem\",\"position\":1,\"name\":\"Home\",\"item\":\"https:\/\/blogs.santosochoa.es\/salamanca\/\"},{\"@type\":\"ListItem\",\"position\":2,\"name\":\"Semana del Libro. Firmas de escritores salmantinos y descuentos\"}]},{\"@type\":\"WebSite\",\"@id\":\"https:\/\/blogs.santosochoa.es\/salamanca\/#website\",\"url\":\"https:\/\/blogs.santosochoa.es\/salamanca\/\",\"name\":\"Santos Ochoa Salamanca\",\"description\":\"Tu Librer\u00eda Online\",\"potentialAction\":[{\"@type\":\"SearchAction\",\"target\":{\"@type\":\"EntryPoint\",\"urlTemplate\":\"https:\/\/blogs.santosochoa.es\/salamanca\/?s={search_term_string}\"},\"query-input\":{\"@type\":\"PropertyValueSpecification\",\"valueRequired\":true,\"valueName\":\"search_term_string\"}}],\"inLanguage\":\"es\"},{\"@type\":\"Person\",\"@id\":\"https:\/\/blogs.santosochoa.es\/salamanca\/#\/schema\/person\/a125e75c96c8702907b25e61f1c0b772\",\"name\":\"Santos Ochoa Salamanca\"}]}<\/script>\n<!-- \/ Yoast SEO plugin. -->","yoast_head_json":{"title":"Semana del Libro. Firmas de escritores salmantinos y descuentos - Santos Ochoa Salamanca","description":"Este a\u00f1o en Santos Ochoa vamos a estirar el D\u00eda del Libro toda una semana\u2026 \u00bfTe animas a celebrarlo con nosotros?","robots":{"index":"index","follow":"follow","max-snippet":"max-snippet:-1","max-image-preview":"max-image-preview:large","max-video-preview":"max-video-preview:-1"},"canonical":"https:\/\/blogs.santosochoa.es\/salamanca\/semana-del-libro\/","og_locale":"es_ES","og_type":"article","og_title":"Semana del Libro. Firmas de escritores salmantinos y descuentos - Santos Ochoa Salamanca","og_description":"Este a\u00f1o en Santos Ochoa vamos a estirar el D\u00eda del Libro toda una semana\u2026 \u00bfTe animas a celebrarlo con nosotros?","og_url":"https:\/\/blogs.santosochoa.es\/salamanca\/semana-del-libro\/","og_site_name":"Santos Ochoa Salamanca","article_published_time":"2021-04-16T11:35:19+00:00","article_modified_time":"2021-04-19T09:08:46+00:00","og_image":[{"width":1474,"height":1843,"url":"https:\/\/blogs.santosochoa.es\/salamanca\/wp-content\/uploads\/sites\/3\/2021\/04\/202104-Cartel-Firmas-SAL.jpg","type":"image\/jpeg"}],"author":"Santos Ochoa Salamanca","twitter_card":"summary_large_image","twitter_misc":{"Written by":"Santos Ochoa Salamanca","Est. reading time":"1 minuto"},"schema":{"@context":"https:\/\/schema.org","@graph":[{"@type":"Article","@id":"https:\/\/blogs.santosochoa.es\/salamanca\/semana-del-libro\/#article","isPartOf":{"@id":"https:\/\/blogs.santosochoa.es\/salamanca\/semana-del-libro\/"},"author":{"name":"Santos Ochoa Salamanca","@id":"https:\/\/blogs.santosochoa.es\/salamanca\/#\/schema\/person\/a125e75c96c8702907b25e61f1c0b772"},"headline":"Semana del Libro. Firmas de escritores salmantinos y descuentos","datePublished":"2021-04-16T11:35:19+00:00","dateModified":"2021-04-19T09:08:46+00:00","mainEntityOfPage":{"@id":"https:\/\/blogs.santosochoa.es\/salamanca\/semana-del-libro\/"},"wordCount":171,"image":{"@id":"https:\/\/blogs.santosochoa.es\/salamanca\/semana-del-libro\/#primaryimage"},"thumbnailUrl":"https:\/\/blogs.santosochoa.es\/salamanca\/wp-content\/uploads\/sites\/3\/2021\/04\/202104-Cartel-Firmas-SAL.jpg","articleSection":["libros","libros salamanca"],"inLanguage":"es"},{"@type":"WebPage","@id":"https:\/\/blogs.santosochoa.es\/salamanca\/semana-del-libro\/","url":"https:\/\/blogs.santosochoa.es\/salamanca\/semana-del-libro\/","name":"Semana del Libro. Firmas de escritores salmantinos y descuentos - Santos Ochoa Salamanca","isPartOf":{"@id":"https:\/\/blogs.santosochoa.es\/salamanca\/#website"},"primaryImageOfPage":{"@id":"https:\/\/blogs.santosochoa.es\/salamanca\/semana-del-libro\/#primaryimage"},"image":{"@id":"https:\/\/blogs.santosochoa.es\/salamanca\/semana-del-libro\/#primaryimage"},"thumbnailUrl":"https:\/\/blogs.santosochoa.es\/salamanca\/wp-content\/uploads\/sites\/3\/2021\/04\/202104-Cartel-Firmas-SAL.jpg","datePublished":"2021-04-16T11:35:19+00:00","dateModified":"2021-04-19T09:08:46+00:00","author":{"@id":"https:\/\/blogs.santosochoa.es\/salamanca\/#\/schema\/person\/a125e75c96c8702907b25e61f1c0b772"},"description":"Este a\u00f1o en Santos Ochoa vamos a estirar el D\u00eda del Libro toda una semana\u2026 \u00bfTe animas a celebrarlo con nosotros?","breadcrumb":{"@id":"https:\/\/blogs.santosochoa.es\/salamanca\/semana-del-libro\/#breadcrumb"},"inLanguage":"es","potentialAction":[{"@type":"ReadAction","target":["https:\/\/blogs.santosochoa.es\/salamanca\/semana-del-libro\/"]}]},{"@type":"ImageObject","inLanguage":"es","@id":"https:\/\/blogs.santosochoa.es\/salamanca\/semana-del-libro\/#primaryimage","url":"https:\/\/blogs.santosochoa.es\/salamanca\/wp-content\/uploads\/sites\/3\/2021\/04\/202104-Cartel-Firmas-SAL.jpg","contentUrl":"https:\/\/blogs.santosochoa.es\/salamanca\/wp-content\/uploads\/sites\/3\/2021\/04\/202104-Cartel-Firmas-SAL.jpg","width":1474,"height":1843},{"@type":"BreadcrumbList","@id":"https:\/\/blogs.santosochoa.es\/salamanca\/semana-del-libro\/#breadcrumb","itemListElement":[{"@type":"ListItem","position":1,"name":"Home","item":"https:\/\/blogs.santosochoa.es\/salamanca\/"},{"@type":"ListItem","position":2,"name":"Semana del Libro. Firmas de escritores salmantinos y descuentos"}]},{"@type":"WebSite","@id":"https:\/\/blogs.santosochoa.es\/salamanca\/#website","url":"https:\/\/blogs.santosochoa.es\/salamanca\/","name":"Santos Ochoa Salamanca","description":"Tu Librer\u00eda Online","potentialAction":[{"@type":"SearchAction","target":{"@type":"EntryPoint","urlTemplate":"https:\/\/blogs.santosochoa.es\/salamanca\/?s={search_term_string}"},"query-input":{"@type":"PropertyValueSpecification","valueRequired":true,"valueName":"search_term_string"}}],"inLanguage":"es"},{"@type":"Person","@id":"https:\/\/blogs.santosochoa.es\/salamanca\/#\/schema\/person\/a125e75c96c8702907b25e61f1c0b772","name":"Santos Ochoa Salamanca"}]}},"_links":{"self":[{"href":"https:\/\/blogs.santosochoa.es\/salamanca\/wp-json\/wp\/v2\/posts\/1049","targetHints":{"allow":["GET"]}}],"collection":[{"href":"https:\/\/blogs.santosochoa.es\/salamanca\/wp-json\/wp\/v2\/posts"}],"about":[{"href":"https:\/\/blogs.santosochoa.es\/salamanca\/wp-json\/wp\/v2\/types\/post"}],"author":[{"embeddable":true,"href":"https:\/\/blogs.santosochoa.es\/salamanca\/wp-json\/wp\/v2\/users\/2"}],"replies":[{"embeddable":true,"href":"https:\/\/blogs.santosochoa.es\/salamanca\/wp-json\/wp\/v2\/comments?post=1049"}],"version-history":[{"count":5,"href":"https:\/\/blogs.santosochoa.es\/salamanca\/wp-json\/wp\/v2\/posts\/1049\/revisions"}],"predecessor-version":[{"id":1057,"href":"https:\/\/blogs.santosochoa.es\/salamanca\/wp-json\/wp\/v2\/posts\/1049\/revisions\/1057"}],"wp:featuredmedia":[{"embeddable":true,"href":"https:\/\/blogs.santosochoa.es\/salamanca\/wp-json\/wp\/v2\/media\/1047"}],"wp:attachment":[{"href":"https:\/\/blogs.santosochoa.es\/salamanca\/wp-json\/wp\/v2\/media?parent=1049"}],"wp:term":[{"taxonomy":"category","embeddable":true,"href":"https:\/\/blogs.santosochoa.es\/salamanca\/wp-json\/wp\/v2\/categories?post=1049"},{"taxonomy":"post_tag","embeddable":true,"href":"https:\/\/blogs.santosochoa.es\/salamanca\/wp-json\/wp\/v2\/tags?post=1049"}],"curies":[{"name":"wp","href":"https:\/\/api.w.org\/{rel}","templated":true}]}}