{"id":1005,"date":"2021-02-10T13:34:59","date_gmt":"2021-02-10T12:34:59","guid":{"rendered":"https:\/\/blogs.santosochoa.es\/salamanca\/?p=1005"},"modified":"2021-02-10T13:35:01","modified_gmt":"2021-02-10T12:35:01","slug":"el-arte-de-vivir-y-aquitania","status":"publish","type":"post","link":"https:\/\/blogs.santosochoa.es\/salamanca\/el-arte-de-vivir-y-aquitania\/","title":{"rendered":"El Arte de Vivir y Aquitania"},"content":{"rendered":"\n<h2 class=\"wp-block-heading\" id=\"block-26e92f0a-9e0e-442c-b31f-9ab479acc4b1\"><strong>El Arte de Vivir con Cristina Mart\u00ednez Ballestero, formadora en inteligencia emocional y mindfulness<\/strong><\/h2>\n\n\n\n<h2 class=\"wp-block-heading\" id=\"block-e30297f7-6854-4ee0-abcc-21e9f5edc85c\"><strong>Charla Virtual sobre el libro <em>Busca en tu interior<\/em><\/strong><\/h2>\n\n\n\n<h3 class=\"wp-block-heading\" id=\"block-e2317294-274e-4ab1-b790-5a055b7ff1ec\"><strong>Mi\u00e9rcoles 17 de febrero, a las 19:00 h.<\/strong><\/h3>\n\n\n\n<h3 class=\"wp-block-heading\" id=\"block-0c61693b-4d3b-4756-903a-3b5e73493676\"><a href=\"https:\/\/www.instagram.com\/santosochoalog\/\" target=\"_blank\" rel=\"noreferrer noopener\">&gt;&nbsp;<strong>En directo<\/strong>&nbsp;en Instagram @santosochoalog y @umanbiinspiringpeople<\/a><\/h3>\n\n\n\n<h3 class=\"wp-block-heading\" id=\"block-abe8d96c-e23d-40b7-915d-c372475a0ecf\"><a href=\"https:\/\/www.youtube.com\/c\/SantosOchoaLibros\" target=\"_blank\" rel=\"noreferrer noopener\">&gt;&nbsp;<strong>En diferido<\/strong>&nbsp;en YouTube<\/a><\/h3>\n\n\n\n<div id=\"block-dc2b5c40-1162-4330-9ffe-088e26e33f8c\" class=\"wp-block-image\"><figure class=\"alignleft size-large is-resized\"><img decoding=\"async\" src=\"https:\/\/blogs.santosochoa.es\/salamanca\/wp-content\/uploads\/sites\/3\/2021\/01\/busca-en-tu-interior_chade-meng-tan-645x1024.jpg\" alt=\"\" class=\"wp-image-984\" width=\"200\" srcset=\"https:\/\/blogs.santosochoa.es\/salamanca\/wp-content\/uploads\/sites\/3\/2021\/01\/busca-en-tu-interior_chade-meng-tan-645x1024.jpg 645w, https:\/\/blogs.santosochoa.es\/salamanca\/wp-content\/uploads\/sites\/3\/2021\/01\/busca-en-tu-interior_chade-meng-tan-189x300.jpg 189w, https:\/\/blogs.santosochoa.es\/salamanca\/wp-content\/uploads\/sites\/3\/2021\/01\/busca-en-tu-interior_chade-meng-tan.jpg 709w\" sizes=\"(max-width: 645px) 100vw, 645px\" \/><\/figure><\/div>\n\n\n\n<h5 class=\"wp-block-heading\" id=\"block-976a78ef-c8ef-4aa6-b7f4-0502d4398dbe\"><strong>Chade-Meng, uno de los primeros ingenieros de Google, dise\u00f1\u00f3 un curso de Mindfulness e Inteligencia Emocional con la intenci\u00f3n de transformar el modo de trabajar en la compa\u00f1\u00eda. Ese curso se llama <em>Busca en tu interior<\/em> y actualmente es el programa de formaci\u00f3n interna m\u00e1s demandado por los empleados de Google.<\/strong><\/h5>\n\n\n\n<p id=\"block-3cab51da-0410-4922-8a1e-59aaf757607f\"><strong>Cristina Mart\u00ednez Ballestero se dedica a formar siguiendo este programa en organizaciones de todo el mundo y muchas de las personas que han participado aseguran que les ha cambiado la vida tanto en el plano personal como en el profesional.<\/strong><\/p>\n\n\n\n<p id=\"block-56fa8eac-ed89-45e8-9355-a735f0fdf70f\"><em>Busca en tu interior<\/em> te ayuda a desarrollar habilidades clave como el enfoque, la autoconsciencia, la empat\u00eda, la motivaci\u00f3n y la resiliencia; y te da herramientas esenciales para la productividad y el bienestar.<\/p>\n\n\n\n<p id=\"block-a67bb98b-d50e-440f-97d3-7a7988d1ca5c\"><strong>Cristina Mart\u00ednez Ballestero<\/strong> es experta en formar a personas y organizaciones en Inteligencia Emocional y Mindfulness para fomentar la colaboraci\u00f3n, el rendimiento y el bienestar.&nbsp; Durante 15 a\u00f1os ha trabajado en multinacionales al frente de equipos de m\u00e1s de 70 personas y eso le ha hecho enfrentarse a problemas de estr\u00e9s, regulaci\u00f3n emocional, desmotivaci\u00f3n, conflicto\u2026 por eso se ha dedicado intensamente a buscar el modo de cuidar su bienestar mental y emocional y el de sus equipos y ha visto c\u00f3mo eso tiene un impacto directo en las relaciones, el ambiente y los resultados.<\/p>\n\n\n\n<p id=\"block-272a30d7-da40-473b-b8be-2208c959a71d\">Cristina es Polit\u00f3loga y Profesora Certificada del Programa de Liderazgo \u201cSearch Inside Yourself\u201d creado en Google basado en Mindfulness, Inteligencia Emocional y Neurociencia. Cuenta con la certificaci\u00f3n \u201cThe Science of Well-Being- La Ciencia del Bienestar\u201d por la Universidad de Yale, es profesora de Yoga por la European Yoga Alliance y cuenta con un Master en Aptitudes Pedag\u00f3gicas por la Universidad de La Rioja. Ha realizado distintos programas de Coaching y Liderazgo \u00c9tico aplicados a la gesti\u00f3n de equipos y ha recibido capacitaci\u00f3n en MBSR (Mindfulness Based Stress Reduction). En 2008 fund\u00f3 <a href=\"http:\/\/www.umanbi.com\/\" target=\"_blank\" rel=\"noreferrer noopener\">www.umanbi.com<\/a> para acercar el Mindfulness y la Inteligencia Emocional a personas y organizaciones de todo el mundo.<\/p>\n\n\n\n<div style=\"height:51px\" aria-hidden=\"true\" class=\"wp-block-spacer\"><\/div>\n\n\n\n<h2 class=\"wp-block-heading\" id=\"block-d2a185d9-d2bd-4f33-8f8a-e423632c9c00\"><strong>Encuentro Virtual con Eva Garc\u00eda S\u00e1enz de Urturi y su novela <em>Aquitania<\/em>, Premio Planeta 2020<\/strong><\/h2>\n\n\n\n<h3 class=\"wp-block-heading\" id=\"block-d6d434b2-d3f8-4351-8884-48765bbe36e8\"><strong>Jueves 18 de febrero, a las 19:00 h.<\/strong><\/h3>\n\n\n\n<h3 class=\"wp-block-heading\" id=\"block-a62cf8ed-0cdd-4470-b531-cb5a22e3f2c2\"><a href=\"https:\/\/www.instagram.com\/santosochoalog\/\" target=\"_blank\" rel=\"noreferrer noopener\">&gt;&nbsp;<strong>En directo<\/strong>&nbsp;en Instagram @santosochoalog y @evagarciasaenz<\/a><\/h3>\n\n\n\n<h3 class=\"wp-block-heading\" id=\"block-4f7b7b44-43e8-49b4-aaa7-7e5324f67637\"><a href=\"https:\/\/www.youtube.com\/c\/SantosOchoaLibros\" target=\"_blank\" rel=\"noreferrer noopener\">&gt;&nbsp;<strong>En diferido<\/strong>&nbsp;en YouTube<\/a><\/h3>\n\n\n\n<div id=\"block-44bac3af-cb83-47ab-b8c5-56f668d21998\" class=\"wp-block-image\"><figure class=\"alignright size-large is-resized\"><img decoding=\"async\" src=\"https:\/\/blogs.santosochoa.es\/salamanca\/wp-content\/uploads\/sites\/3\/2021\/01\/aquitania_eva-garcia-saenz-de-urturi.jpg\" alt=\"\" class=\"wp-image-986\" width=\"200\" srcset=\"https:\/\/blogs.santosochoa.es\/salamanca\/wp-content\/uploads\/sites\/3\/2021\/01\/aquitania_eva-garcia-saenz-de-urturi.jpg 591w, https:\/\/blogs.santosochoa.es\/salamanca\/wp-content\/uploads\/sites\/3\/2021\/01\/aquitania_eva-garcia-saenz-de-urturi-196x300.jpg 196w\" sizes=\"(max-width: 591px) 100vw, 591px\" \/><\/figure><\/div>\n\n\n\n<p id=\"block-32447e8b-3a67-439d-ad94-f3cc53628782\"><strong>Un poderoso thriller hist\u00f3rico que atraviesa un siglo repleto de venganzas, incestos y batallas. Un turbador misterio en torno a tres vidas que forjar\u00e1n lo que m\u00e1s tarde se llamar\u00e1 Europa.<\/strong><\/p>\n\n\n\n<h5 class=\"wp-block-heading\" id=\"block-4386bc6e-72f7-4e3b-94bc-fc7badfa812c\"><strong>1137. El duque de Aquitania \u2014la regi\u00f3n m\u00e1s codiciada de Francia\u2014 aparece muerto en Compostela. El cuerpo queda de color azul y con la marca del \u00ab\u00e1guila de sangre\u00bb, una ancestral tortura normanda. Su hija Eleanor decide vengarse y para ello se casa con el hijo del que cree su asesino: Luy VI el Gordo, rey de Francia.<\/strong><\/h5>\n\n\n\n<p id=\"block-3d1f9436-a657-4aa5-8803-28610ea1a481\">Pero el propio rey muere durante la boda en id\u00e9nticas circunstancias. Eleanor y Luy VII intentar\u00e1n averiguar, junto con los gatos aquitanos \u2014los \u00e9picos esp\u00edas de los duques\u2014, qui\u00e9n quiere a los inexpertos reyes en el trono.<\/p>\n\n\n\n<p id=\"block-cccf7b62-5cf8-45c7-b2c7-ae9c315f88f8\">D\u00e9cadas antes de la muerte del duque de Aquitania, un ni\u00f1o sin nombre es abandonado en un bosque por sus cinco madres. Acaso un monstruo, o tal vez un santo, el peque\u00f1o superviviente acabar\u00e1 convirti\u00e9ndose en uno de los hombres m\u00e1s excepcionales del medievo europeo.<\/p>\n\n\n\n<p id=\"block-0ee62e76-115c-4e20-9ab5-c4f4feef7daf\"><strong>Eva Garc\u00eda S\u00e1enz de Urturi<\/strong> public\u00f3 en 2012 su primera novela, <em>La saga de los longevos<\/em>, que se convirti\u00f3 en un fen\u00f3meno de cr\u00edtica y ventas. En 2014 vio la luz la segunda entrega de la saga, <em>Los hijos de Ad\u00e1n<\/em>, y tambi\u00e9n la novela hist\u00f3rica <em>Pasaje a Tahit\u00ed<\/em>. En 2016 publica <em>El silencio de la ciudad blanca<\/em>, un thriller apasionante ambientado en su ciudad natal que ha supuesto un gran \u00e9xito en nuestro pa\u00eds y ha sido traducido a m\u00e1s de una veintena de idiomas. Con <em>El silencio de la ciudad blanca<\/em> arranc\u00f3 una trilog\u00eda de la que <em>Los ritos del agua<\/em> fue la segunda entrega y <em>Los se\u00f1ores del tiempo<\/em> la tercera y el desenlace. Con ella ha llegado a m\u00e1s de un mill\u00f3n de lectores. Ha sido galardonada con prestigiosos premios, como el Libro de Ficci\u00f3n del A\u00f1o en 2018 y The Golden Bullet (Bala de Oro) a la mejor novela negra extranjera de 2019.<\/p>\n","protected":false},"excerpt":{"rendered":"<p>Cristina Mart\u00ednez Ballestero, formadora en inteligencia emocional y mindfulness. Eva Garc\u00eda S\u00e1enz de Urturi, Premio Planeta 2020<\/p>\n","protected":false},"author":2,"featured_media":986,"comment_status":"closed","ping_status":"closed","sticky":false,"template":"","format":"standard","meta":{"footnotes":""},"categories":[11,18,19,9],"tags":[],"class_list":["post-1005","post","type-post","status-publish","format-standard","has-post-thumbnail","hentry","category-charlas","category-contigoencasa","category-el-arte-de-vivir","category-libros"],"yoast_head":"<!-- This site is optimized with the Yoast SEO plugin v27.2 - https:\/\/yoast.com\/product\/yoast-seo-wordpress\/ -->\n<title>El Arte de Vivir y Aquitania - Santos Ochoa Salamanca<\/title>\n<meta name=\"description\" content=\"Cristina Mart\u00ednez Ballestero, formadora en inteligencia emocional y mindfulness. Eva Garc\u00eda S\u00e1enz de Urturi, Premio Planeta 2020\" \/>\n<meta name=\"robots\" content=\"index, follow, max-snippet:-1, max-image-preview:large, max-video-preview:-1\" \/>\n<link rel=\"canonical\" href=\"https:\/\/blogs.santosochoa.es\/salamanca\/el-arte-de-vivir-y-aquitania\/\" \/>\n<meta property=\"og:locale\" content=\"es_ES\" \/>\n<meta property=\"og:type\" content=\"article\" \/>\n<meta property=\"og:title\" content=\"El Arte de Vivir y Aquitania - Santos Ochoa Salamanca\" \/>\n<meta property=\"og:description\" content=\"Cristina Mart\u00ednez Ballestero, formadora en inteligencia emocional y mindfulness. Eva Garc\u00eda S\u00e1enz de Urturi, Premio Planeta 2020\" \/>\n<meta property=\"og:url\" content=\"https:\/\/blogs.santosochoa.es\/salamanca\/el-arte-de-vivir-y-aquitania\/\" \/>\n<meta property=\"og:site_name\" content=\"Santos Ochoa Salamanca\" \/>\n<meta property=\"article:published_time\" content=\"2021-02-10T12:34:59+00:00\" \/>\n<meta property=\"article:modified_time\" content=\"2021-02-10T12:35:01+00:00\" \/>\n<meta property=\"og:image\" content=\"https:\/\/blogs.santosochoa.es\/salamanca\/wp-content\/uploads\/sites\/3\/2021\/01\/aquitania_eva-garcia-saenz-de-urturi.jpg\" \/>\n\t<meta property=\"og:image:width\" content=\"591\" \/>\n\t<meta property=\"og:image:height\" content=\"903\" \/>\n\t<meta property=\"og:image:type\" content=\"image\/jpeg\" \/>\n<meta name=\"author\" content=\"Santos Ochoa Salamanca\" \/>\n<meta name=\"twitter:card\" content=\"summary_large_image\" \/>\n<meta name=\"twitter:label1\" content=\"Written by\" \/>\n\t<meta name=\"twitter:data1\" content=\"Santos Ochoa Salamanca\" \/>\n\t<meta name=\"twitter:label2\" content=\"Est. reading time\" \/>\n\t<meta name=\"twitter:data2\" content=\"4 minutos\" \/>\n<script type=\"application\/ld+json\" class=\"yoast-schema-graph\">{\"@context\":\"https:\/\/schema.org\",\"@graph\":[{\"@type\":\"Article\",\"@id\":\"https:\/\/blogs.santosochoa.es\/salamanca\/el-arte-de-vivir-y-aquitania\/#article\",\"isPartOf\":{\"@id\":\"https:\/\/blogs.santosochoa.es\/salamanca\/el-arte-de-vivir-y-aquitania\/\"},\"author\":{\"name\":\"Santos Ochoa Salamanca\",\"@id\":\"https:\/\/blogs.santosochoa.es\/salamanca\/#\/schema\/person\/a125e75c96c8702907b25e61f1c0b772\"},\"headline\":\"El Arte de Vivir y Aquitania\",\"datePublished\":\"2021-02-10T12:34:59+00:00\",\"dateModified\":\"2021-02-10T12:35:01+00:00\",\"mainEntityOfPage\":{\"@id\":\"https:\/\/blogs.santosochoa.es\/salamanca\/el-arte-de-vivir-y-aquitania\/\"},\"wordCount\":791,\"image\":{\"@id\":\"https:\/\/blogs.santosochoa.es\/salamanca\/el-arte-de-vivir-y-aquitania\/#primaryimage\"},\"thumbnailUrl\":\"https:\/\/blogs.santosochoa.es\/salamanca\/wp-content\/uploads\/sites\/3\/2021\/01\/aquitania_eva-garcia-saenz-de-urturi.jpg\",\"articleSection\":[\"charlas\",\"contigoencasa\",\"el arte de vivir\",\"libros\"],\"inLanguage\":\"es\"},{\"@type\":\"WebPage\",\"@id\":\"https:\/\/blogs.santosochoa.es\/salamanca\/el-arte-de-vivir-y-aquitania\/\",\"url\":\"https:\/\/blogs.santosochoa.es\/salamanca\/el-arte-de-vivir-y-aquitania\/\",\"name\":\"El Arte de Vivir y Aquitania - Santos Ochoa Salamanca\",\"isPartOf\":{\"@id\":\"https:\/\/blogs.santosochoa.es\/salamanca\/#website\"},\"primaryImageOfPage\":{\"@id\":\"https:\/\/blogs.santosochoa.es\/salamanca\/el-arte-de-vivir-y-aquitania\/#primaryimage\"},\"image\":{\"@id\":\"https:\/\/blogs.santosochoa.es\/salamanca\/el-arte-de-vivir-y-aquitania\/#primaryimage\"},\"thumbnailUrl\":\"https:\/\/blogs.santosochoa.es\/salamanca\/wp-content\/uploads\/sites\/3\/2021\/01\/aquitania_eva-garcia-saenz-de-urturi.jpg\",\"datePublished\":\"2021-02-10T12:34:59+00:00\",\"dateModified\":\"2021-02-10T12:35:01+00:00\",\"author\":{\"@id\":\"https:\/\/blogs.santosochoa.es\/salamanca\/#\/schema\/person\/a125e75c96c8702907b25e61f1c0b772\"},\"description\":\"Cristina Mart\u00ednez Ballestero, formadora en inteligencia emocional y mindfulness. Eva Garc\u00eda S\u00e1enz de Urturi, Premio Planeta 2020\",\"breadcrumb\":{\"@id\":\"https:\/\/blogs.santosochoa.es\/salamanca\/el-arte-de-vivir-y-aquitania\/#breadcrumb\"},\"inLanguage\":\"es\",\"potentialAction\":[{\"@type\":\"ReadAction\",\"target\":[\"https:\/\/blogs.santosochoa.es\/salamanca\/el-arte-de-vivir-y-aquitania\/\"]}]},{\"@type\":\"ImageObject\",\"inLanguage\":\"es\",\"@id\":\"https:\/\/blogs.santosochoa.es\/salamanca\/el-arte-de-vivir-y-aquitania\/#primaryimage\",\"url\":\"https:\/\/blogs.santosochoa.es\/salamanca\/wp-content\/uploads\/sites\/3\/2021\/01\/aquitania_eva-garcia-saenz-de-urturi.jpg\",\"contentUrl\":\"https:\/\/blogs.santosochoa.es\/salamanca\/wp-content\/uploads\/sites\/3\/2021\/01\/aquitania_eva-garcia-saenz-de-urturi.jpg\",\"width\":591,\"height\":903},{\"@type\":\"BreadcrumbList\",\"@id\":\"https:\/\/blogs.santosochoa.es\/salamanca\/el-arte-de-vivir-y-aquitania\/#breadcrumb\",\"itemListElement\":[{\"@type\":\"ListItem\",\"position\":1,\"name\":\"Home\",\"item\":\"https:\/\/blogs.santosochoa.es\/salamanca\/\"},{\"@type\":\"ListItem\",\"position\":2,\"name\":\"El Arte de Vivir y Aquitania\"}]},{\"@type\":\"WebSite\",\"@id\":\"https:\/\/blogs.santosochoa.es\/salamanca\/#website\",\"url\":\"https:\/\/blogs.santosochoa.es\/salamanca\/\",\"name\":\"Santos Ochoa Salamanca\",\"description\":\"Tu Librer\u00eda Online\",\"potentialAction\":[{\"@type\":\"SearchAction\",\"target\":{\"@type\":\"EntryPoint\",\"urlTemplate\":\"https:\/\/blogs.santosochoa.es\/salamanca\/?s={search_term_string}\"},\"query-input\":{\"@type\":\"PropertyValueSpecification\",\"valueRequired\":true,\"valueName\":\"search_term_string\"}}],\"inLanguage\":\"es\"},{\"@type\":\"Person\",\"@id\":\"https:\/\/blogs.santosochoa.es\/salamanca\/#\/schema\/person\/a125e75c96c8702907b25e61f1c0b772\",\"name\":\"Santos Ochoa Salamanca\"}]}<\/script>\n<!-- \/ Yoast SEO plugin. -->","yoast_head_json":{"title":"El Arte de Vivir y Aquitania - Santos Ochoa Salamanca","description":"Cristina Mart\u00ednez Ballestero, formadora en inteligencia emocional y mindfulness. Eva Garc\u00eda S\u00e1enz de Urturi, Premio Planeta 2020","robots":{"index":"index","follow":"follow","max-snippet":"max-snippet:-1","max-image-preview":"max-image-preview:large","max-video-preview":"max-video-preview:-1"},"canonical":"https:\/\/blogs.santosochoa.es\/salamanca\/el-arte-de-vivir-y-aquitania\/","og_locale":"es_ES","og_type":"article","og_title":"El Arte de Vivir y Aquitania - Santos Ochoa Salamanca","og_description":"Cristina Mart\u00ednez Ballestero, formadora en inteligencia emocional y mindfulness. Eva Garc\u00eda S\u00e1enz de Urturi, Premio Planeta 2020","og_url":"https:\/\/blogs.santosochoa.es\/salamanca\/el-arte-de-vivir-y-aquitania\/","og_site_name":"Santos Ochoa Salamanca","article_published_time":"2021-02-10T12:34:59+00:00","article_modified_time":"2021-02-10T12:35:01+00:00","og_image":[{"width":591,"height":903,"url":"https:\/\/blogs.santosochoa.es\/salamanca\/wp-content\/uploads\/sites\/3\/2021\/01\/aquitania_eva-garcia-saenz-de-urturi.jpg","type":"image\/jpeg"}],"author":"Santos Ochoa Salamanca","twitter_card":"summary_large_image","twitter_misc":{"Written by":"Santos Ochoa Salamanca","Est. reading time":"4 minutos"},"schema":{"@context":"https:\/\/schema.org","@graph":[{"@type":"Article","@id":"https:\/\/blogs.santosochoa.es\/salamanca\/el-arte-de-vivir-y-aquitania\/#article","isPartOf":{"@id":"https:\/\/blogs.santosochoa.es\/salamanca\/el-arte-de-vivir-y-aquitania\/"},"author":{"name":"Santos Ochoa Salamanca","@id":"https:\/\/blogs.santosochoa.es\/salamanca\/#\/schema\/person\/a125e75c96c8702907b25e61f1c0b772"},"headline":"El Arte de Vivir y Aquitania","datePublished":"2021-02-10T12:34:59+00:00","dateModified":"2021-02-10T12:35:01+00:00","mainEntityOfPage":{"@id":"https:\/\/blogs.santosochoa.es\/salamanca\/el-arte-de-vivir-y-aquitania\/"},"wordCount":791,"image":{"@id":"https:\/\/blogs.santosochoa.es\/salamanca\/el-arte-de-vivir-y-aquitania\/#primaryimage"},"thumbnailUrl":"https:\/\/blogs.santosochoa.es\/salamanca\/wp-content\/uploads\/sites\/3\/2021\/01\/aquitania_eva-garcia-saenz-de-urturi.jpg","articleSection":["charlas","contigoencasa","el arte de vivir","libros"],"inLanguage":"es"},{"@type":"WebPage","@id":"https:\/\/blogs.santosochoa.es\/salamanca\/el-arte-de-vivir-y-aquitania\/","url":"https:\/\/blogs.santosochoa.es\/salamanca\/el-arte-de-vivir-y-aquitania\/","name":"El Arte de Vivir y Aquitania - Santos Ochoa Salamanca","isPartOf":{"@id":"https:\/\/blogs.santosochoa.es\/salamanca\/#website"},"primaryImageOfPage":{"@id":"https:\/\/blogs.santosochoa.es\/salamanca\/el-arte-de-vivir-y-aquitania\/#primaryimage"},"image":{"@id":"https:\/\/blogs.santosochoa.es\/salamanca\/el-arte-de-vivir-y-aquitania\/#primaryimage"},"thumbnailUrl":"https:\/\/blogs.santosochoa.es\/salamanca\/wp-content\/uploads\/sites\/3\/2021\/01\/aquitania_eva-garcia-saenz-de-urturi.jpg","datePublished":"2021-02-10T12:34:59+00:00","dateModified":"2021-02-10T12:35:01+00:00","author":{"@id":"https:\/\/blogs.santosochoa.es\/salamanca\/#\/schema\/person\/a125e75c96c8702907b25e61f1c0b772"},"description":"Cristina Mart\u00ednez Ballestero, formadora en inteligencia emocional y mindfulness. Eva Garc\u00eda S\u00e1enz de Urturi, Premio Planeta 2020","breadcrumb":{"@id":"https:\/\/blogs.santosochoa.es\/salamanca\/el-arte-de-vivir-y-aquitania\/#breadcrumb"},"inLanguage":"es","potentialAction":[{"@type":"ReadAction","target":["https:\/\/blogs.santosochoa.es\/salamanca\/el-arte-de-vivir-y-aquitania\/"]}]},{"@type":"ImageObject","inLanguage":"es","@id":"https:\/\/blogs.santosochoa.es\/salamanca\/el-arte-de-vivir-y-aquitania\/#primaryimage","url":"https:\/\/blogs.santosochoa.es\/salamanca\/wp-content\/uploads\/sites\/3\/2021\/01\/aquitania_eva-garcia-saenz-de-urturi.jpg","contentUrl":"https:\/\/blogs.santosochoa.es\/salamanca\/wp-content\/uploads\/sites\/3\/2021\/01\/aquitania_eva-garcia-saenz-de-urturi.jpg","width":591,"height":903},{"@type":"BreadcrumbList","@id":"https:\/\/blogs.santosochoa.es\/salamanca\/el-arte-de-vivir-y-aquitania\/#breadcrumb","itemListElement":[{"@type":"ListItem","position":1,"name":"Home","item":"https:\/\/blogs.santosochoa.es\/salamanca\/"},{"@type":"ListItem","position":2,"name":"El Arte de Vivir y Aquitania"}]},{"@type":"WebSite","@id":"https:\/\/blogs.santosochoa.es\/salamanca\/#website","url":"https:\/\/blogs.santosochoa.es\/salamanca\/","name":"Santos Ochoa Salamanca","description":"Tu Librer\u00eda Online","potentialAction":[{"@type":"SearchAction","target":{"@type":"EntryPoint","urlTemplate":"https:\/\/blogs.santosochoa.es\/salamanca\/?s={search_term_string}"},"query-input":{"@type":"PropertyValueSpecification","valueRequired":true,"valueName":"search_term_string"}}],"inLanguage":"es"},{"@type":"Person","@id":"https:\/\/blogs.santosochoa.es\/salamanca\/#\/schema\/person\/a125e75c96c8702907b25e61f1c0b772","name":"Santos Ochoa Salamanca"}]}},"_links":{"self":[{"href":"https:\/\/blogs.santosochoa.es\/salamanca\/wp-json\/wp\/v2\/posts\/1005","targetHints":{"allow":["GET"]}}],"collection":[{"href":"https:\/\/blogs.santosochoa.es\/salamanca\/wp-json\/wp\/v2\/posts"}],"about":[{"href":"https:\/\/blogs.santosochoa.es\/salamanca\/wp-json\/wp\/v2\/types\/post"}],"author":[{"embeddable":true,"href":"https:\/\/blogs.santosochoa.es\/salamanca\/wp-json\/wp\/v2\/users\/2"}],"replies":[{"embeddable":true,"href":"https:\/\/blogs.santosochoa.es\/salamanca\/wp-json\/wp\/v2\/comments?post=1005"}],"version-history":[{"count":1,"href":"https:\/\/blogs.santosochoa.es\/salamanca\/wp-json\/wp\/v2\/posts\/1005\/revisions"}],"predecessor-version":[{"id":1006,"href":"https:\/\/blogs.santosochoa.es\/salamanca\/wp-json\/wp\/v2\/posts\/1005\/revisions\/1006"}],"wp:featuredmedia":[{"embeddable":true,"href":"https:\/\/blogs.santosochoa.es\/salamanca\/wp-json\/wp\/v2\/media\/986"}],"wp:attachment":[{"href":"https:\/\/blogs.santosochoa.es\/salamanca\/wp-json\/wp\/v2\/media?parent=1005"}],"wp:term":[{"taxonomy":"category","embeddable":true,"href":"https:\/\/blogs.santosochoa.es\/salamanca\/wp-json\/wp\/v2\/categories?post=1005"},{"taxonomy":"post_tag","embeddable":true,"href":"https:\/\/blogs.santosochoa.es\/salamanca\/wp-json\/wp\/v2\/tags?post=1005"}],"curies":[{"name":"wp","href":"https:\/\/api.w.org\/{rel}","templated":true}]}}