{"id":5190,"date":"2026-04-29T09:09:00","date_gmt":"2026-04-29T07:09:00","guid":{"rendered":"https:\/\/blogs.santosochoa.es\/logrono\/?p=5190"},"modified":"2026-04-24T16:47:48","modified_gmt":"2026-04-24T14:47:48","slug":"ysa-bermejo-lucia-ramos-aisa-y-francisco-piniella","status":"publish","type":"post","link":"https:\/\/blogs.santosochoa.es\/logrono\/ysa-bermejo-lucia-ramos-aisa-y-francisco-piniella\/","title":{"rendered":"Ysa Bermejo, Luc\u00eda Ramos A\u00edsa y Francisco Piniella"},"content":{"rendered":"\n<h2 class=\"wp-block-heading\"><strong>Ysa Bermejo presenta su primer disco, <em>Gabriela<\/em>, un retrato de identidad que vive y respira m\u00fasica.<\/strong><\/h2>\n\n\n\n<h3 class=\"wp-block-heading\"><strong>\ud83d\udcc5<\/strong><strong>\u200b <\/strong><strong>Jueves 7 de mayo | 19:00 h.<\/strong><\/h3>\n\n\n\n<h4 class=\"wp-block-heading\">\ud83d\udccc\u200b Santos Ochoa (Calvo Sotelo, 19. Logro\u00f1o)<\/h4>\n\n\n\n<p><strong>\u25b6\ufe0f Y en YouTube:<\/strong> <a href=\"https:\/\/www.youtube.com\/c\/SantosOchoaLibros\" target=\"_blank\" rel=\"noreferrer noopener\">youtube.com\/c\/SantosOchoaLibros<\/a><\/p>\n\n\n<div class=\"wp-block-image\">\n<figure class=\"alignright size-full is-resized\"><img loading=\"lazy\" decoding=\"async\" width=\"1000\" height=\"1000\" src=\"https:\/\/blogs.santosochoa.es\/logrono\/wp-content\/uploads\/sites\/2\/2026\/04\/gabriela_Ysa-Bermejo.jpg\" alt=\"\" class=\"wp-image-5159\" style=\"width:300px\" srcset=\"https:\/\/blogs.santosochoa.es\/logrono\/wp-content\/uploads\/sites\/2\/2026\/04\/gabriela_Ysa-Bermejo.jpg 1000w, https:\/\/blogs.santosochoa.es\/logrono\/wp-content\/uploads\/sites\/2\/2026\/04\/gabriela_Ysa-Bermejo-300x300.jpg 300w, https:\/\/blogs.santosochoa.es\/logrono\/wp-content\/uploads\/sites\/2\/2026\/04\/gabriela_Ysa-Bermejo-150x150.jpg 150w, https:\/\/blogs.santosochoa.es\/logrono\/wp-content\/uploads\/sites\/2\/2026\/04\/gabriela_Ysa-Bermejo-768x768.jpg 768w\" sizes=\"auto, (max-width: 1000px) 100vw, 1000px\" \/><\/figure>\n<\/div>\n\n\n<h5 class=\"wp-block-heading\"><strong>Ysa Bermejo llega a Santos Ochoa para presentar su nuevo trabajo, <em>Gabriela<\/em>, un \u00e1lbum que le ha llevado tres a\u00f1os construir. <em>Gabriela<\/em> es un retrato de identidad. Un diario de una artista migrante e independiente, que vive y respira m\u00fasica. Un recorrido por todas las mujeres que habitan en ella: desde la fragilidad hasta la fuerza, la resiliencia y la transformaci\u00f3n. Y, al final, un homenaje a la mujer m\u00e1s importante de su vida: su hija..<\/strong><\/h5>\n\n\n\n<p>Musicalmente es un disco que nace en la pista de baile, pero que tambi\u00e9n recoge la intimidad del pensamiento en su propia habitaci\u00f3n. Bebe de influencias claras de la m\u00fasica latina, mientras dialoga con elementos electr\u00f3nicos e indie, creando actitud, sin etiquetas.<\/p>\n\n\n\n<p><strong>Ysa Bermejo<\/strong> es artista, cantante, compositora y productora originaria de Logro\u00f1o. Hace diez a\u00f1os se mud\u00f3 a Pa\u00edses Bajos para desarrollar una carrera musical. En ese proceso se gradu\u00f3 cum laude en los conservatorios de Maastricht y Codarts Rotterdam, donde tuvo la oportunidad de formarse y colaborar con artistas y proyectos de distintos estilos en Pa\u00edses Bajos, Alemania y B\u00e9lgica.<\/p>\n\n\n\n<p>En 2022 inicia su proyecto en solitario, apostando por sus propias canciones y una identidad art\u00edstica propia. Gracias a su perseverancia y al apoyo de la beca nacional holandesa Podium Kunsten, graba dos EPs y realiza una gira de conciertos por Europa. Esta gira la sit\u00faa en el mapa y le permite empezar a construir un peque\u00f1o following en la ciudad de Rotterdam.<\/p>\n\n\n\n<p>En 2024 comienza la composici\u00f3n de su primer \u00e1lbum de larga duraci\u00f3n, <em>Gabriela<\/em>: un trabajo en\u00e9rgico que recoge sus vivencias e influencias, y marca un paso firme hacia un sonido personal, maduro y sin complejos.<\/p>\n\n\n\n<div style=\"height:50px\" aria-hidden=\"true\" class=\"wp-block-spacer\"><\/div>\n\n\n\n<h2 class=\"wp-block-heading\"><strong>Luc\u00eda Ramos A\u00edsa presenta <em>Tirititando de fr\u00edo<\/em>. El flamenco, un arte vivo y misterioso.<\/strong><\/h2>\n\n\n\n<h3 class=\"wp-block-heading\"><strong>\ud83d\udcc5<\/strong><strong>\u200b <\/strong><strong>Viernes 8 de mayo | 19:00 h.<\/strong><\/h3>\n\n\n\n<h4 class=\"wp-block-heading\">\ud83d\udccc\u200b Santos Ochoa (Calvo Sotelo, 19. Logro\u00f1o)<\/h4>\n\n\n\n<p><strong>\u25b6\ufe0f Y en YouTube:<\/strong> <a href=\"https:\/\/www.youtube.com\/c\/SantosOchoaLibros\" target=\"_blank\" rel=\"noreferrer noopener\">youtube.com\/c\/SantosOchoaLibros<\/a><\/p>\n\n\n\n<p>Con el editor Xabier Fern\u00e1n.<\/p>\n\n\n<div class=\"wp-block-image\">\n<figure class=\"alignleft size-large is-resized\"><a href=\"https:\/\/www.santosochoa.es\/libros\/ramos-aisa-lucia_tirititando-de-frio_9788409840229\" target=\"_blank\" rel=\" noreferrer noopener\"><img loading=\"lazy\" decoding=\"async\" width=\"674\" height=\"1024\" src=\"https:\/\/blogs.santosochoa.es\/logrono\/wp-content\/uploads\/sites\/2\/2026\/04\/tirititando-de-frio_Lucia-Ramos-674x1024.jpg\" alt=\"\" class=\"wp-image-5161\" style=\"width:300px\" srcset=\"https:\/\/blogs.santosochoa.es\/logrono\/wp-content\/uploads\/sites\/2\/2026\/04\/tirititando-de-frio_Lucia-Ramos-674x1024.jpg 674w, https:\/\/blogs.santosochoa.es\/logrono\/wp-content\/uploads\/sites\/2\/2026\/04\/tirititando-de-frio_Lucia-Ramos-197x300.jpg 197w, https:\/\/blogs.santosochoa.es\/logrono\/wp-content\/uploads\/sites\/2\/2026\/04\/tirititando-de-frio_Lucia-Ramos.jpg 700w\" sizes=\"auto, (max-width: 674px) 100vw, 674px\" \/><\/a><\/figure>\n<\/div>\n\n\n<h5 class=\"wp-block-heading\"><strong>La periodista Luc\u00eda Ramos A\u00edsa narra sus vivencias en el flamenco a trav\u00e9s de las ciudades y las personas que le llevan a empaparse de un arte vivo y misterioso. Un viaje en el que su propia mirada y pasi\u00f3n desvela los hilos que hay detr\u00e1s de un arte \u00fanico en el mundo.<\/strong><\/h5>\n\n\n\n<p>En Nueva York, Par\u00eds y Jerez de la Frontera, y en conversaciones con j\u00f3venes promesas, activistas gitanos, leyendas del baile, aficionados del g\u00e9nero o su propia madre, traza un relato sobre la b\u00fasqueda personal de lo bello y lo humano que alberga lo jondo.<\/p>\n\n\n\n<p><strong>Luc\u00eda Ramos A\u00edsa<\/strong> naci\u00f3 en Logro\u00f1o y desde ni\u00f1a mostr\u00f3 inter\u00e9s por la m\u00fasica, la literatura y los viajes. Estudi\u00f3 Periodismo en Madrid. All\u00ed dio sus primeros pasos como periodista en medios como en El Espa\u00f1ol y en El Pa\u00eds. Ha vivido en M\u00e9xico y en Par\u00eds, donde se desarroll\u00f3 como profesional del periodismo audiovisual. Despu\u00e9s de tomar unas clases de cante, decidi\u00f3 mudarse a Barcelona. Actualmente trabaja en comunicaci\u00f3n de varios lugares flamencos de la ciudad, como el Tablao de Carmen o Flamenco de Cerca, y colabora con medios especializados como deflamenco.com o Zoco Flamenco.<\/p>\n\n\n\n<div style=\"height:50px\" aria-hidden=\"true\" class=\"wp-block-spacer\"><\/div>\n\n\n\n<h3 class=\"wp-block-heading\">Charla con el Autor<\/h3>\n\n\n\n<h2 class=\"wp-block-heading\"><strong>Francisco Piniella presenta <em>Las l\u00edneas del silencio.<\/em> Una novela apasionante y conmovedora.<\/strong><\/h2>\n\n\n\n<h3 class=\"wp-block-heading\"><strong>\ud83d\udcc5<\/strong><strong>\u200b <\/strong><strong>S\u00e1bado 9 de mayo | 19:00 h.<\/strong><\/h3>\n\n\n\n<h4 class=\"wp-block-heading\">\ud83d\udccc\u200b Santos Ochoa (Calvo Sotelo, 19. Logro\u00f1o)<\/h4>\n\n\n\n<p><strong>\u25b6\ufe0f <\/strong><strong>Y en YouTube:<\/strong> <a href=\"https:\/\/www.youtube.com\/c\/SantosOchoaLibros\">youtube.com\/c\/SantosOchoaLibros<\/a><\/p>\n\n\n\n<p>El autor conversar\u00e1 con el poeta Enrique Cabez\u00f3n.<\/p>\n\n\n<div class=\"wp-block-image\">\n<figure class=\"alignright size-full is-resized\"><a href=\"https:\/\/www.santosochoa.es\/libros\/piniella-corbacho-francisco_las-lineas-del-silencio_9788419919120\" target=\"_blank\" rel=\" noreferrer noopener\"><img loading=\"lazy\" decoding=\"async\" width=\"700\" height=\"961\" src=\"https:\/\/blogs.santosochoa.es\/logrono\/wp-content\/uploads\/sites\/2\/2026\/04\/las-lineas-del-silencio_Francisco-Piniella.jpg\" alt=\"\" class=\"wp-image-5163\" style=\"width:300px\" srcset=\"https:\/\/blogs.santosochoa.es\/logrono\/wp-content\/uploads\/sites\/2\/2026\/04\/las-lineas-del-silencio_Francisco-Piniella.jpg 700w, https:\/\/blogs.santosochoa.es\/logrono\/wp-content\/uploads\/sites\/2\/2026\/04\/las-lineas-del-silencio_Francisco-Piniella-219x300.jpg 219w\" sizes=\"auto, (max-width: 700px) 100vw, 700px\" \/><\/a><\/figure>\n<\/div>\n\n\n<h5 class=\"wp-block-heading\"><strong>Isabel Gonz\u00e1lez despide en el puerto de C\u00e1diz a su marido, Juan Pellegrini, marinero del Cabo San Agust\u00edn, un gran barco que mantiene l\u00ednea regular con varios puertos americanos. Es el s\u00e1bado 11 de julio de 1936. El viaje que Juan emprende cambiar\u00e1 su vida y la de los suyos para siempre.<\/strong><\/h5>\n\n\n\n<p>&nbsp;<em>Las l\u00edneas del silencio<\/em>&nbsp;relata una odisea que transcurre en diferentes pa\u00edses a trav\u00e9s de varias generaciones de dos familias. Sus protagonistas enfrentan multitud de peripecias, de peligros, retos y tentaciones, hallan refugios inesperados y deben tomar decisiones dif\u00edciles en su incansable lucha por la supervivencia y la dignidad. Guerras y exilios, utop\u00edas y decepciones, amores y p\u00e9rdidas en una novela sorprendente basada en hechos reales que recorre la historia del siglo XX y cuyos ecos llegan hasta nuestros d\u00edas.<\/p>\n\n\n\n<p><em>\u00abPiniella nos lleva de la mano por las peripecias de un marino arrastrado por los vientos de la mar y de la historia. Una lectura apasionante y conmovedora\u00bb.<\/em> Mar\u00eda Due\u00f1as<\/p>\n\n\n\n<p><strong>Francisco Piniella Corbacho<\/strong> naci\u00f3 en C\u00e1diz en 1961. Su formaci\u00f3n es multidisciplinar, empez\u00f3 su vida profesional como piloto de la marina mercante, posteriormente hizo un doctorado en Historia y termin\u00f3 como catedr\u00e1tico de la Universidad de C\u00e1diz, de la que ha sido el rector en los \u00faltimos cuatro a\u00f1os. <em>Las l\u00edneas del silencio<\/em> es su \u00f3pera prima, aunque con anterioridad ha publicado un ensayo, <em>La memoria del \u00e1rbol<\/em> (g\u00e9nesis de esta novela), y numerosos textos t\u00e9cnicos de car\u00e1cter docente e investigador, como profesor de Seguridad Mar\u00edtima. Asimismo, ha firmado diferentes art\u00edculos de opini\u00f3n en El Pa\u00eds, Diario 16, Diario de C\u00e1diz y La Voz del Sur, entre otros medios.<\/p>\n","protected":false},"excerpt":{"rendered":"<p>Ysa Bermejo presenta el disco \u00abGabriela\u00bb | Luc\u00eda Ramos A\u00edsa presenta \u00abTirititando de fr\u00edo\u00bb | Francisco Piniella presenta \u00abLas l\u00edneas del silencio\u00bb<\/p>\n","protected":false},"author":1,"featured_media":5163,"comment_status":"closed","ping_status":"closed","sticky":false,"template":"","format":"standard","meta":{"footnotes":""},"categories":[14,12,13,17],"tags":[],"class_list":["post-5190","post","type-post","status-publish","format-standard","has-post-thumbnail","hentry","category-charla-con-el-autor","category-libros","category-libros-do-rioja","category-musica"],"yoast_head":"<!-- This site is optimized with the Yoast SEO plugin v27.2 - https:\/\/yoast.com\/product\/yoast-seo-wordpress\/ -->\n<title>Ysa Bermejo, Luc\u00eda Ramos A\u00edsa y Francisco Piniella - Santos Ochoa Logro\u00f1o<\/title>\n<meta name=\"description\" content=\"Ysa Bermejo presenta el disco &quot;Gabriela&quot; | Luc\u00eda Ramos A\u00edsa presenta &quot;Tirititando de fr\u00edo&quot; | Francisco Piniella presenta &quot;Las l\u00edneas del silencio&quot;\" \/>\n<meta name=\"robots\" content=\"index, follow, max-snippet:-1, max-image-preview:large, max-video-preview:-1\" \/>\n<link rel=\"canonical\" href=\"https:\/\/blogs.santosochoa.es\/logrono\/ysa-bermejo-lucia-ramos-aisa-y-francisco-piniella\/\" \/>\n<meta property=\"og:locale\" content=\"es_ES\" \/>\n<meta property=\"og:type\" content=\"article\" \/>\n<meta property=\"og:title\" content=\"Ysa Bermejo, Luc\u00eda Ramos A\u00edsa y Francisco Piniella - Santos Ochoa Logro\u00f1o\" \/>\n<meta property=\"og:description\" content=\"Ysa Bermejo presenta el disco &quot;Gabriela&quot; | Luc\u00eda Ramos A\u00edsa presenta &quot;Tirititando de fr\u00edo&quot; | Francisco Piniella presenta &quot;Las l\u00edneas del silencio&quot;\" \/>\n<meta property=\"og:url\" content=\"https:\/\/blogs.santosochoa.es\/logrono\/ysa-bermejo-lucia-ramos-aisa-y-francisco-piniella\/\" \/>\n<meta property=\"og:site_name\" content=\"Santos Ochoa Logro\u00f1o\" \/>\n<meta property=\"article:published_time\" content=\"2026-04-29T07:09:00+00:00\" \/>\n<meta property=\"og:image\" content=\"https:\/\/blogs.santosochoa.es\/logrono\/wp-content\/uploads\/sites\/2\/2026\/04\/las-lineas-del-silencio_Francisco-Piniella.jpg\" \/>\n\t<meta property=\"og:image:width\" content=\"700\" \/>\n\t<meta property=\"og:image:height\" content=\"961\" \/>\n\t<meta property=\"og:image:type\" content=\"image\/jpeg\" \/>\n<meta name=\"author\" content=\"Santos Ochoa\" \/>\n<meta name=\"twitter:card\" content=\"summary_large_image\" \/>\n<meta name=\"twitter:label1\" content=\"Written by\" \/>\n\t<meta name=\"twitter:data1\" content=\"Santos Ochoa\" \/>\n\t<meta name=\"twitter:label2\" content=\"Est. reading time\" \/>\n\t<meta name=\"twitter:data2\" content=\"1 minuto\" \/>\n<script type=\"application\/ld+json\" class=\"yoast-schema-graph\">{\"@context\":\"https:\/\/schema.org\",\"@graph\":[{\"@type\":\"Article\",\"@id\":\"https:\/\/blogs.santosochoa.es\/logrono\/ysa-bermejo-lucia-ramos-aisa-y-francisco-piniella\/#article\",\"isPartOf\":{\"@id\":\"https:\/\/blogs.santosochoa.es\/logrono\/ysa-bermejo-lucia-ramos-aisa-y-francisco-piniella\/\"},\"author\":{\"name\":\"Santos Ochoa\",\"@id\":\"https:\/\/blogs.santosochoa.es\/logrono\/#\/schema\/person\/3f5e2d61f93ad9cf365a301b5320babc\"},\"headline\":\"Ysa Bermejo, Luc\u00eda Ramos A\u00edsa y Francisco Piniella\",\"datePublished\":\"2026-04-29T07:09:00+00:00\",\"mainEntityOfPage\":{\"@id\":\"https:\/\/blogs.santosochoa.es\/logrono\/ysa-bermejo-lucia-ramos-aisa-y-francisco-piniella\/\"},\"wordCount\":933,\"image\":{\"@id\":\"https:\/\/blogs.santosochoa.es\/logrono\/ysa-bermejo-lucia-ramos-aisa-y-francisco-piniella\/#primaryimage\"},\"thumbnailUrl\":\"https:\/\/blogs.santosochoa.es\/logrono\/wp-content\/uploads\/sites\/2\/2026\/04\/las-lineas-del-silencio_Francisco-Piniella.jpg\",\"articleSection\":[\"charla con el autor\",\"libros\",\"libros do rioja\",\"m\u00fasica\"],\"inLanguage\":\"es\"},{\"@type\":\"WebPage\",\"@id\":\"https:\/\/blogs.santosochoa.es\/logrono\/ysa-bermejo-lucia-ramos-aisa-y-francisco-piniella\/\",\"url\":\"https:\/\/blogs.santosochoa.es\/logrono\/ysa-bermejo-lucia-ramos-aisa-y-francisco-piniella\/\",\"name\":\"Ysa Bermejo, Luc\u00eda Ramos A\u00edsa y Francisco Piniella - Santos Ochoa Logro\u00f1o\",\"isPartOf\":{\"@id\":\"https:\/\/blogs.santosochoa.es\/logrono\/#website\"},\"primaryImageOfPage\":{\"@id\":\"https:\/\/blogs.santosochoa.es\/logrono\/ysa-bermejo-lucia-ramos-aisa-y-francisco-piniella\/#primaryimage\"},\"image\":{\"@id\":\"https:\/\/blogs.santosochoa.es\/logrono\/ysa-bermejo-lucia-ramos-aisa-y-francisco-piniella\/#primaryimage\"},\"thumbnailUrl\":\"https:\/\/blogs.santosochoa.es\/logrono\/wp-content\/uploads\/sites\/2\/2026\/04\/las-lineas-del-silencio_Francisco-Piniella.jpg\",\"datePublished\":\"2026-04-29T07:09:00+00:00\",\"author\":{\"@id\":\"https:\/\/blogs.santosochoa.es\/logrono\/#\/schema\/person\/3f5e2d61f93ad9cf365a301b5320babc\"},\"description\":\"Ysa Bermejo presenta el disco \\\"Gabriela\\\" | Luc\u00eda Ramos A\u00edsa presenta \\\"Tirititando de fr\u00edo\\\" | Francisco Piniella presenta \\\"Las l\u00edneas del silencio\\\"\",\"breadcrumb\":{\"@id\":\"https:\/\/blogs.santosochoa.es\/logrono\/ysa-bermejo-lucia-ramos-aisa-y-francisco-piniella\/#breadcrumb\"},\"inLanguage\":\"es\",\"potentialAction\":[{\"@type\":\"ReadAction\",\"target\":[\"https:\/\/blogs.santosochoa.es\/logrono\/ysa-bermejo-lucia-ramos-aisa-y-francisco-piniella\/\"]}]},{\"@type\":\"ImageObject\",\"inLanguage\":\"es\",\"@id\":\"https:\/\/blogs.santosochoa.es\/logrono\/ysa-bermejo-lucia-ramos-aisa-y-francisco-piniella\/#primaryimage\",\"url\":\"https:\/\/blogs.santosochoa.es\/logrono\/wp-content\/uploads\/sites\/2\/2026\/04\/las-lineas-del-silencio_Francisco-Piniella.jpg\",\"contentUrl\":\"https:\/\/blogs.santosochoa.es\/logrono\/wp-content\/uploads\/sites\/2\/2026\/04\/las-lineas-del-silencio_Francisco-Piniella.jpg\",\"width\":700,\"height\":961},{\"@type\":\"BreadcrumbList\",\"@id\":\"https:\/\/blogs.santosochoa.es\/logrono\/ysa-bermejo-lucia-ramos-aisa-y-francisco-piniella\/#breadcrumb\",\"itemListElement\":[{\"@type\":\"ListItem\",\"position\":1,\"name\":\"Home\",\"item\":\"https:\/\/blogs.santosochoa.es\/logrono\/\"},{\"@type\":\"ListItem\",\"position\":2,\"name\":\"Ysa Bermejo, Luc\u00eda Ramos A\u00edsa y Francisco Piniella\"}]},{\"@type\":\"WebSite\",\"@id\":\"https:\/\/blogs.santosochoa.es\/logrono\/#website\",\"url\":\"https:\/\/blogs.santosochoa.es\/logrono\/\",\"name\":\"Santos Ochoa Logro\u00f1o\",\"description\":\"Tu Librer\u00eda Online\",\"potentialAction\":[{\"@type\":\"SearchAction\",\"target\":{\"@type\":\"EntryPoint\",\"urlTemplate\":\"https:\/\/blogs.santosochoa.es\/logrono\/?s={search_term_string}\"},\"query-input\":{\"@type\":\"PropertyValueSpecification\",\"valueRequired\":true,\"valueName\":\"search_term_string\"}}],\"inLanguage\":\"es\"},{\"@type\":\"Person\",\"@id\":\"https:\/\/blogs.santosochoa.es\/logrono\/#\/schema\/person\/3f5e2d61f93ad9cf365a301b5320babc\",\"name\":\"Santos Ochoa\"}]}<\/script>\n<!-- \/ Yoast SEO plugin. -->","yoast_head_json":{"title":"Ysa Bermejo, Luc\u00eda Ramos A\u00edsa y Francisco Piniella - Santos Ochoa Logro\u00f1o","description":"Ysa Bermejo presenta el disco \"Gabriela\" | Luc\u00eda Ramos A\u00edsa presenta \"Tirititando de fr\u00edo\" | Francisco Piniella presenta \"Las l\u00edneas del silencio\"","robots":{"index":"index","follow":"follow","max-snippet":"max-snippet:-1","max-image-preview":"max-image-preview:large","max-video-preview":"max-video-preview:-1"},"canonical":"https:\/\/blogs.santosochoa.es\/logrono\/ysa-bermejo-lucia-ramos-aisa-y-francisco-piniella\/","og_locale":"es_ES","og_type":"article","og_title":"Ysa Bermejo, Luc\u00eda Ramos A\u00edsa y Francisco Piniella - Santos Ochoa Logro\u00f1o","og_description":"Ysa Bermejo presenta el disco \"Gabriela\" | Luc\u00eda Ramos A\u00edsa presenta \"Tirititando de fr\u00edo\" | Francisco Piniella presenta \"Las l\u00edneas del silencio\"","og_url":"https:\/\/blogs.santosochoa.es\/logrono\/ysa-bermejo-lucia-ramos-aisa-y-francisco-piniella\/","og_site_name":"Santos Ochoa Logro\u00f1o","article_published_time":"2026-04-29T07:09:00+00:00","og_image":[{"width":700,"height":961,"url":"https:\/\/blogs.santosochoa.es\/logrono\/wp-content\/uploads\/sites\/2\/2026\/04\/las-lineas-del-silencio_Francisco-Piniella.jpg","type":"image\/jpeg"}],"author":"Santos Ochoa","twitter_card":"summary_large_image","twitter_misc":{"Written by":"Santos Ochoa","Est. reading time":"1 minuto"},"schema":{"@context":"https:\/\/schema.org","@graph":[{"@type":"Article","@id":"https:\/\/blogs.santosochoa.es\/logrono\/ysa-bermejo-lucia-ramos-aisa-y-francisco-piniella\/#article","isPartOf":{"@id":"https:\/\/blogs.santosochoa.es\/logrono\/ysa-bermejo-lucia-ramos-aisa-y-francisco-piniella\/"},"author":{"name":"Santos Ochoa","@id":"https:\/\/blogs.santosochoa.es\/logrono\/#\/schema\/person\/3f5e2d61f93ad9cf365a301b5320babc"},"headline":"Ysa Bermejo, Luc\u00eda Ramos A\u00edsa y Francisco Piniella","datePublished":"2026-04-29T07:09:00+00:00","mainEntityOfPage":{"@id":"https:\/\/blogs.santosochoa.es\/logrono\/ysa-bermejo-lucia-ramos-aisa-y-francisco-piniella\/"},"wordCount":933,"image":{"@id":"https:\/\/blogs.santosochoa.es\/logrono\/ysa-bermejo-lucia-ramos-aisa-y-francisco-piniella\/#primaryimage"},"thumbnailUrl":"https:\/\/blogs.santosochoa.es\/logrono\/wp-content\/uploads\/sites\/2\/2026\/04\/las-lineas-del-silencio_Francisco-Piniella.jpg","articleSection":["charla con el autor","libros","libros do rioja","m\u00fasica"],"inLanguage":"es"},{"@type":"WebPage","@id":"https:\/\/blogs.santosochoa.es\/logrono\/ysa-bermejo-lucia-ramos-aisa-y-francisco-piniella\/","url":"https:\/\/blogs.santosochoa.es\/logrono\/ysa-bermejo-lucia-ramos-aisa-y-francisco-piniella\/","name":"Ysa Bermejo, Luc\u00eda Ramos A\u00edsa y Francisco Piniella - Santos Ochoa Logro\u00f1o","isPartOf":{"@id":"https:\/\/blogs.santosochoa.es\/logrono\/#website"},"primaryImageOfPage":{"@id":"https:\/\/blogs.santosochoa.es\/logrono\/ysa-bermejo-lucia-ramos-aisa-y-francisco-piniella\/#primaryimage"},"image":{"@id":"https:\/\/blogs.santosochoa.es\/logrono\/ysa-bermejo-lucia-ramos-aisa-y-francisco-piniella\/#primaryimage"},"thumbnailUrl":"https:\/\/blogs.santosochoa.es\/logrono\/wp-content\/uploads\/sites\/2\/2026\/04\/las-lineas-del-silencio_Francisco-Piniella.jpg","datePublished":"2026-04-29T07:09:00+00:00","author":{"@id":"https:\/\/blogs.santosochoa.es\/logrono\/#\/schema\/person\/3f5e2d61f93ad9cf365a301b5320babc"},"description":"Ysa Bermejo presenta el disco \"Gabriela\" | Luc\u00eda Ramos A\u00edsa presenta \"Tirititando de fr\u00edo\" | Francisco Piniella presenta \"Las l\u00edneas del silencio\"","breadcrumb":{"@id":"https:\/\/blogs.santosochoa.es\/logrono\/ysa-bermejo-lucia-ramos-aisa-y-francisco-piniella\/#breadcrumb"},"inLanguage":"es","potentialAction":[{"@type":"ReadAction","target":["https:\/\/blogs.santosochoa.es\/logrono\/ysa-bermejo-lucia-ramos-aisa-y-francisco-piniella\/"]}]},{"@type":"ImageObject","inLanguage":"es","@id":"https:\/\/blogs.santosochoa.es\/logrono\/ysa-bermejo-lucia-ramos-aisa-y-francisco-piniella\/#primaryimage","url":"https:\/\/blogs.santosochoa.es\/logrono\/wp-content\/uploads\/sites\/2\/2026\/04\/las-lineas-del-silencio_Francisco-Piniella.jpg","contentUrl":"https:\/\/blogs.santosochoa.es\/logrono\/wp-content\/uploads\/sites\/2\/2026\/04\/las-lineas-del-silencio_Francisco-Piniella.jpg","width":700,"height":961},{"@type":"BreadcrumbList","@id":"https:\/\/blogs.santosochoa.es\/logrono\/ysa-bermejo-lucia-ramos-aisa-y-francisco-piniella\/#breadcrumb","itemListElement":[{"@type":"ListItem","position":1,"name":"Home","item":"https:\/\/blogs.santosochoa.es\/logrono\/"},{"@type":"ListItem","position":2,"name":"Ysa Bermejo, Luc\u00eda Ramos A\u00edsa y Francisco Piniella"}]},{"@type":"WebSite","@id":"https:\/\/blogs.santosochoa.es\/logrono\/#website","url":"https:\/\/blogs.santosochoa.es\/logrono\/","name":"Santos Ochoa Logro\u00f1o","description":"Tu Librer\u00eda Online","potentialAction":[{"@type":"SearchAction","target":{"@type":"EntryPoint","urlTemplate":"https:\/\/blogs.santosochoa.es\/logrono\/?s={search_term_string}"},"query-input":{"@type":"PropertyValueSpecification","valueRequired":true,"valueName":"search_term_string"}}],"inLanguage":"es"},{"@type":"Person","@id":"https:\/\/blogs.santosochoa.es\/logrono\/#\/schema\/person\/3f5e2d61f93ad9cf365a301b5320babc","name":"Santos Ochoa"}]}},"_links":{"self":[{"href":"https:\/\/blogs.santosochoa.es\/logrono\/wp-json\/wp\/v2\/posts\/5190","targetHints":{"allow":["GET"]}}],"collection":[{"href":"https:\/\/blogs.santosochoa.es\/logrono\/wp-json\/wp\/v2\/posts"}],"about":[{"href":"https:\/\/blogs.santosochoa.es\/logrono\/wp-json\/wp\/v2\/types\/post"}],"author":[{"embeddable":true,"href":"https:\/\/blogs.santosochoa.es\/logrono\/wp-json\/wp\/v2\/users\/1"}],"replies":[{"embeddable":true,"href":"https:\/\/blogs.santosochoa.es\/logrono\/wp-json\/wp\/v2\/comments?post=5190"}],"version-history":[{"count":1,"href":"https:\/\/blogs.santosochoa.es\/logrono\/wp-json\/wp\/v2\/posts\/5190\/revisions"}],"predecessor-version":[{"id":5191,"href":"https:\/\/blogs.santosochoa.es\/logrono\/wp-json\/wp\/v2\/posts\/5190\/revisions\/5191"}],"wp:featuredmedia":[{"embeddable":true,"href":"https:\/\/blogs.santosochoa.es\/logrono\/wp-json\/wp\/v2\/media\/5163"}],"wp:attachment":[{"href":"https:\/\/blogs.santosochoa.es\/logrono\/wp-json\/wp\/v2\/media?parent=5190"}],"wp:term":[{"taxonomy":"category","embeddable":true,"href":"https:\/\/blogs.santosochoa.es\/logrono\/wp-json\/wp\/v2\/categories?post=5190"},{"taxonomy":"post_tag","embeddable":true,"href":"https:\/\/blogs.santosochoa.es\/logrono\/wp-json\/wp\/v2\/tags?post=5190"}],"curies":[{"name":"wp","href":"https:\/\/api.w.org\/{rel}","templated":true}]}}